{"id":20759,"date":"2015-09-18T09:07:21","date_gmt":"2015-09-18T07:07:21","guid":{"rendered":"http:\/\/caviar-de-neuvic.com\/testblog\/2017\/08\/01\/dune-rive-a-lautre-caviar-de-neuvic-monte-a-paris\/"},"modified":"2025-10-18T12:07:27","modified_gmt":"2025-10-18T10:07:27","slug":"esprit-saint-germain","status":"publish","type":"post","link":"https:\/\/caviar-de-neuvic.com\/de\/nos-points-de-vente-tourisme\/esprit-saint-germain\/","title":{"rendered":"D&rsquo;une rive \u00e0 l&rsquo;autre Caviar de Neuvic monte \u00e0 Paris"},"content":{"rendered":"<p><strong>D&rsquo;une rive \u00e0 l&rsquo;autre Caviar de Neuvic monte \u00e0 Paris<\/strong><\/p>\n<h3><strong>Esprit Saint Germain<\/strong><\/h3>\n<p>Caviar de Neuvic, producteur de caviar fran\u00e7ais sur la rive gauche de l\u2019Isle au c\u0153ur de la Dordogne. Aujourd&rsquo;hui, il s&rsquo;installe cet automne sur la rive gauche de la Seine au c\u0153ur\u00a0de Saint-Germain-des-Pr\u00e9s.<\/p>\n<h3><strong>Saint Germain Glamour<\/strong><\/h3>\n<p>Une affinit\u00e9 d\u2019esprit \u00e9vidente lie <strong><a href=\"https:\/\/caviar-de-neuvic.com\/de\/content\/24-le-comptoir-de-paris\/\" target=\"_blank\" rel=\"noopener noreferrer\">Saint-Germain-des-Pr\u00e9s et Caviar de Neuvic<\/a><\/strong>. La culture de l\u2019\u00e9l\u00e9gance, l\u2019esprit d\u2019impertinence, ainsi qu&rsquo;\u00e0 la passion des rencontres.\u00a0Entre librairies mythiques, cr\u00e9ateurs branch\u00e9s, galeries contemporaines, commerces de bouche et brasseries glamours, Saint-Germain ne cesse d\u2019\u00e9crire l\u2019histoire et\u00a0les l\u00e9gendes d\u2019un art de vivre. Le luxe y est culture et indissociables.<br \/>\nDans son \u00e9crin de pierre et de bois, la marque \u00e0 la petite bo\u00eete blanche invite\u00a0les parisiens \u00e0 venir faire l\u2019exp\u00e9rience d\u2019une nouvelle approche du caviar. Inspir\u00e9e par l\u2019excellence du go\u00fbt et l\u2019invention de nouveaux rituels.<\/p>\n<h3><strong>L\u2019adresse : 16 rue de\u00a0L\u2019Od\u00e9on 75006 Paris<\/strong><\/h3>\n<p>Entre le Carrefour de l\u2019Od\u00e9on et le th\u00e9\u00e2tre de l\u2019Europe, l\u2019espace de la Boutique\u00a0se veut \u00e0 la fois vitrine et acteur d\u2019un nouvel art de vivre gastronomique.<br \/>\nAussi lieu de vente \u00e0 ses heures et bureau parisien permanent. Le Caviar de Neuvic est aussi un lieu d\u2019\u00e9changes. Le comptoir est d\u00e9di\u00e9 \u00e0 la d\u00e9couverte de nouvelles exp\u00e9riences mais aussi\u00a0de rencontres originales autour et \u00e0 propos du caviar.<\/p>\n\t\t<style>\n\t\t\t.blog_sticker{\n\t\t\t\tmargin-top: 50px !important;\n\t\t\t\tdisplay: flex;\n  \t\t\t\tjustify-content: center;\n\t\t\t\tflex-wrap: wrap;\n\t\t\t}\n\t\t\t.blog_sticker .product-miniature-list.row .span_1_of_3{\n\t\t\t\twidth: 100%!important;\n\t\t\t\tflex: 0 0 100%!important;\n\t\t\t\tmax-width: 400px!important;\n\t\t\t}\n\t\t\t.blog_sticker_right{\n\t\t\t\tmax-width: 400px;\n\t\t\t}\n\t\t\t.product-miniature-list.row {\n\t\t\t\tdisplay: flex;\n\t\t\t\tjustify-content: center;\n\t\t\t\tflex-wrap: wrap;\n\t\t\t}\n\t\t<\/style>\n\t\t<div class=\"blog_sticker d-flex flex-wrap\">\n\t\t\t<div class=\"blog_sticker_left col-sm-12 col-md-6 products-grid\">\n\t\t\t\t<div class=\"product-miniature-list row\">\n\t\t\t\t\t\t\t\t\t<\/div>\n\t\t\t<\/div>\n\t\t\t<div class=\"blog_sticker_right col-sm-12 col-md-6\">\n\t\t\t\t\t\t\t<\/div>\n\t\t<\/div>\n\t\n<h3 style=\"text-align: center;\"><strong>Ouverture : Mi-Octobre 2015<\/strong><br \/>\nHoraires de la boutique\u00a0: du mardi au samedi de 10h \u00e0 13h et de 14h \u00e0 19h<br \/>\nT\u00e9l : 01 42 39 03 73<\/h3>","protected":false},"excerpt":{"rendered":"<p>Caviar de Neuvic, producteur de caviar fran\u00e7ais sur la rive gauche de l\u2019Isle au c\u0153ur de la Dordogne s\u2019installe cet automne sur la rive gauche de la Seine au c\u0153ur de Saint-Germain-des-Pr\u00e9s. <\/p>","protected":false},"author":11896,"featured_media":20888,"comment_status":"open","ping_status":"closed","sticky":false,"template":"","format":"standard","meta":{"_acf_changed":false,"ocean_post_layout":"","ocean_both_sidebars_style":"","ocean_both_sidebars_content_width":0,"ocean_both_sidebars_sidebars_width":0,"ocean_sidebar":"0","ocean_second_sidebar":"0","ocean_disable_margins":"enable","ocean_add_body_class":"","ocean_shortcode_before_top_bar":"","ocean_shortcode_after_top_bar":"","ocean_shortcode_before_header":"","ocean_shortcode_after_header":"","ocean_has_shortcode":"","ocean_shortcode_after_title":"","ocean_shortcode_before_footer_widgets":"","ocean_shortcode_after_footer_widgets":"","ocean_shortcode_before_footer_bottom":"","ocean_shortcode_after_footer_bottom":"","ocean_display_top_bar":"default","ocean_display_header":"default","ocean_header_style":"","ocean_center_header_left_menu":"0","ocean_custom_header_template":"0","ocean_custom_logo":0,"ocean_custom_retina_logo":0,"ocean_custom_logo_max_width":0,"ocean_custom_logo_tablet_max_width":0,"ocean_custom_logo_mobile_max_width":0,"ocean_custom_logo_max_height":0,"ocean_custom_logo_tablet_max_height":0,"ocean_custom_logo_mobile_max_height":0,"ocean_header_custom_menu":"0","ocean_menu_typo_font_family":"0","ocean_menu_typo_font_subset":"","ocean_menu_typo_font_size":0,"ocean_menu_typo_font_size_tablet":0,"ocean_menu_typo_font_size_mobile":0,"ocean_menu_typo_font_size_unit":"px","ocean_menu_typo_font_weight":"","ocean_menu_typo_font_weight_tablet":"","ocean_menu_typo_font_weight_mobile":"","ocean_menu_typo_transform":"","ocean_menu_typo_transform_tablet":"","ocean_menu_typo_transform_mobile":"","ocean_menu_typo_line_height":0,"ocean_menu_typo_line_height_tablet":0,"ocean_menu_typo_line_height_mobile":0,"ocean_menu_typo_line_height_unit":"","ocean_menu_typo_spacing":0,"ocean_menu_typo_spacing_tablet":0,"ocean_menu_typo_spacing_mobile":0,"ocean_menu_typo_spacing_unit":"","ocean_menu_link_color":"","ocean_menu_link_color_hover":"","ocean_menu_link_color_active":"","ocean_menu_link_background":"","ocean_menu_link_hover_background":"","ocean_menu_link_active_background":"","ocean_menu_social_links_bg":"","ocean_menu_social_hover_links_bg":"","ocean_menu_social_links_color":"","ocean_menu_social_hover_links_color":"","ocean_disable_title":"default","ocean_disable_heading":"default","ocean_post_title":"","ocean_post_subheading":"","ocean_post_title_style":"","ocean_post_title_background_color":"","ocean_post_title_background":0,"ocean_post_title_bg_image_position":"","ocean_post_title_bg_image_attachment":"","ocean_post_title_bg_image_repeat":"","ocean_post_title_bg_image_size":"","ocean_post_title_height":0,"ocean_post_title_bg_overlay":0.5,"ocean_post_title_bg_overlay_color":"","ocean_disable_breadcrumbs":"default","ocean_breadcrumbs_color":"","ocean_breadcrumbs_separator_color":"","ocean_breadcrumbs_links_color":"","ocean_breadcrumbs_links_hover_color":"","ocean_display_footer_widgets":"default","ocean_display_footer_bottom":"default","ocean_custom_footer_template":"0","omw_enable_modal_window":"enable","ocean_post_oembed":"","ocean_post_self_hosted_media":"","ocean_post_video_embed":"","ocean_link_format":"","ocean_link_format_target":"self","ocean_quote_format":"","ocean_quote_format_link":"post","ocean_gallery_link_images":"on","ocean_gallery_id":[],"footnotes":""},"categories":[286],"tags":[],"class_list":["post-20759","post","type-post","status-publish","format-standard","has-post-thumbnail","hentry","category-nos-points-de-vente-tourisme","entry","has-media","owp-thumbs-layout-vertical","owp-btn-normal","owp-tabs-layout-horizontal","has-no-thumbnails","has-product-nav"],"acf":[],"yoast_head":"<!-- This site is optimized with the Yoast SEO plugin v27.5 - https:\/\/yoast.com\/product\/yoast-seo-wordpress\/ -->\n<title>Esprit Saint Germain \u00e9l\u00e9gance, impertinence, rencontre<\/title>\n<meta name=\"description\" content=\"Esprit Saint Germain. Une affinit\u00e9 d\u2019esprit \u00e9vidente lie Saint-Germain-des-Pr\u00e9s et Caviar de Neuvic, la culture de l\u2019\u00e9l\u00e9gance\" \/>\n<meta name=\"robots\" content=\"index, follow, max-snippet:-1, max-image-preview:large, max-video-preview:-1\" \/>\n<link rel=\"canonical\" href=\"https:\/\/caviar-de-neuvic.com\/de\/nos-points-de-vente-tourisme\/esprit-saint-germain\/\" \/>\n<meta property=\"og:locale\" content=\"de_DE\" \/>\n<meta property=\"og:type\" content=\"article\" \/>\n<meta property=\"og:title\" content=\"Esprit Saint Germain \u00e9l\u00e9gance, impertinence, rencontre\" \/>\n<meta property=\"og:description\" content=\"Esprit Saint Germain. Une affinit\u00e9 d\u2019esprit \u00e9vidente lie Saint-Germain-des-Pr\u00e9s et Caviar de Neuvic, la culture de l\u2019\u00e9l\u00e9gance\" \/>\n<meta property=\"og:url\" content=\"https:\/\/caviar-de-neuvic.com\/de\/nos-points-de-vente-tourisme\/esprit-saint-germain\/\" \/>\n<meta property=\"og:site_name\" content=\"Producteur Fran\u00e7ais De Caviar\" \/>\n<meta property=\"article:published_time\" content=\"2015-09-18T07:07:21+00:00\" \/>\n<meta property=\"article:modified_time\" content=\"2025-10-18T10:07:27+00:00\" \/>\n<meta property=\"og:image\" content=\"https:\/\/caviar-de-neuvic.com\/wp-content\/uploads\/2015\/09\/Comptoir-CDN-Paris-Odeon-facade.jpg\" \/>\n\t<meta property=\"og:image:width\" content=\"490\" \/>\n\t<meta property=\"og:image:height\" content=\"298\" \/>\n\t<meta property=\"og:image:type\" content=\"image\/jpeg\" \/>\n<meta name=\"author\" content=\"Laurine Gay\" \/>\n<meta name=\"twitter:card\" content=\"summary_large_image\" \/>\n<meta name=\"twitter:label1\" content=\"Verfasst von\" \/>\n\t<meta name=\"twitter:data1\" content=\"Laurine Gay\" \/>\n\t<meta name=\"twitter:label2\" content=\"Gesch\u00e4tzte Lesezeit\" \/>\n\t<meta name=\"twitter:data2\" content=\"2\u00a0Minuten\" \/>\n<script type=\"application\/ld+json\" class=\"yoast-schema-graph\">{\"@context\":\"https:\\\/\\\/schema.org\",\"@graph\":[{\"@type\":\"Article\",\"@id\":\"https:\\\/\\\/caviar-de-neuvic.com\\\/nos-points-de-vente-tourisme\\\/esprit-saint-germain\\\/#article\",\"isPartOf\":{\"@id\":\"https:\\\/\\\/caviar-de-neuvic.com\\\/nos-points-de-vente-tourisme\\\/esprit-saint-germain\\\/\"},\"author\":{\"name\":\"Laurine Gay\",\"@id\":\"http:\\\/\\\/caviar-de-neuvic.com\\\/fr\\\/#\\\/schema\\\/person\\\/89912ad55a5ddd5efeb92f2d32511b03\"},\"headline\":\"D&rsquo;une rive \u00e0 l&rsquo;autre Caviar de Neuvic monte \u00e0 Paris\",\"datePublished\":\"2015-09-18T07:07:21+00:00\",\"dateModified\":\"2025-10-18T10:07:27+00:00\",\"mainEntityOfPage\":{\"@id\":\"https:\\\/\\\/caviar-de-neuvic.com\\\/nos-points-de-vente-tourisme\\\/esprit-saint-germain\\\/\"},\"wordCount\":282,\"commentCount\":0,\"publisher\":{\"@id\":\"http:\\\/\\\/caviar-de-neuvic.com\\\/fr\\\/#organization\"},\"image\":{\"@id\":\"https:\\\/\\\/caviar-de-neuvic.com\\\/nos-points-de-vente-tourisme\\\/esprit-saint-germain\\\/#primaryimage\"},\"thumbnailUrl\":\"https:\\\/\\\/caviar-de-neuvic.com\\\/wp-content\\\/uploads\\\/2015\\\/09\\\/Comptoir-CDN-Paris-Odeon-facade.jpg\",\"articleSection\":[\"Nos Points de Vente + Tourisme\"],\"inLanguage\":\"de\",\"potentialAction\":[{\"@type\":\"CommentAction\",\"name\":\"Comment\",\"target\":[\"https:\\\/\\\/caviar-de-neuvic.com\\\/nos-points-de-vente-tourisme\\\/esprit-saint-germain\\\/#respond\"]}]},{\"@type\":\"WebPage\",\"@id\":\"https:\\\/\\\/caviar-de-neuvic.com\\\/nos-points-de-vente-tourisme\\\/esprit-saint-germain\\\/\",\"url\":\"https:\\\/\\\/caviar-de-neuvic.com\\\/nos-points-de-vente-tourisme\\\/esprit-saint-germain\\\/\",\"name\":\"Esprit Saint Germain \u00e9l\u00e9gance, impertinence, rencontre\",\"isPartOf\":{\"@id\":\"http:\\\/\\\/caviar-de-neuvic.com\\\/fr\\\/#website\"},\"primaryImageOfPage\":{\"@id\":\"https:\\\/\\\/caviar-de-neuvic.com\\\/nos-points-de-vente-tourisme\\\/esprit-saint-germain\\\/#primaryimage\"},\"image\":{\"@id\":\"https:\\\/\\\/caviar-de-neuvic.com\\\/nos-points-de-vente-tourisme\\\/esprit-saint-germain\\\/#primaryimage\"},\"thumbnailUrl\":\"https:\\\/\\\/caviar-de-neuvic.com\\\/wp-content\\\/uploads\\\/2015\\\/09\\\/Comptoir-CDN-Paris-Odeon-facade.jpg\",\"datePublished\":\"2015-09-18T07:07:21+00:00\",\"dateModified\":\"2025-10-18T10:07:27+00:00\",\"description\":\"Esprit Saint Germain. Une affinit\u00e9 d\u2019esprit \u00e9vidente lie Saint-Germain-des-Pr\u00e9s et Caviar de Neuvic, la culture de l\u2019\u00e9l\u00e9gance\",\"breadcrumb\":{\"@id\":\"https:\\\/\\\/caviar-de-neuvic.com\\\/nos-points-de-vente-tourisme\\\/esprit-saint-germain\\\/#breadcrumb\"},\"inLanguage\":\"de\",\"potentialAction\":[{\"@type\":\"ReadAction\",\"target\":[\"https:\\\/\\\/caviar-de-neuvic.com\\\/nos-points-de-vente-tourisme\\\/esprit-saint-germain\\\/\"]}]},{\"@type\":\"ImageObject\",\"inLanguage\":\"de\",\"@id\":\"https:\\\/\\\/caviar-de-neuvic.com\\\/nos-points-de-vente-tourisme\\\/esprit-saint-germain\\\/#primaryimage\",\"url\":\"https:\\\/\\\/caviar-de-neuvic.com\\\/wp-content\\\/uploads\\\/2015\\\/09\\\/Comptoir-CDN-Paris-Odeon-facade.jpg\",\"contentUrl\":\"https:\\\/\\\/caviar-de-neuvic.com\\\/wp-content\\\/uploads\\\/2015\\\/09\\\/Comptoir-CDN-Paris-Odeon-facade.jpg\",\"width\":490,\"height\":298,\"caption\":\"Fa\u00e7ade Boutique Paris Odeon\"},{\"@type\":\"BreadcrumbList\",\"@id\":\"https:\\\/\\\/caviar-de-neuvic.com\\\/nos-points-de-vente-tourisme\\\/esprit-saint-germain\\\/#breadcrumb\",\"itemListElement\":[{\"@type\":\"ListItem\",\"position\":1,\"name\":\"Caviar de Neuvic\",\"item\":\"https:\\\/\\\/caviar-de-neuvic.com\\\/\"},{\"@type\":\"ListItem\",\"position\":2,\"name\":\"Nos Points de Vente + Tourisme\",\"item\":\"https:\\\/\\\/caviar-de-neuvic.com\\\/fr\\\/category\\\/nos-points-de-vente-tourisme\\\/\"},{\"@type\":\"ListItem\",\"position\":3,\"name\":\"D&rsquo;une rive \u00e0 l&rsquo;autre Caviar de Neuvic monte \u00e0 Paris\"}]},{\"@type\":\"WebSite\",\"@id\":\"http:\\\/\\\/caviar-de-neuvic.com\\\/fr\\\/#website\",\"url\":\"http:\\\/\\\/caviar-de-neuvic.com\\\/fr\\\/\",\"name\":\"Producteur Fran\u00e7ais De Caviar\",\"description\":\"\",\"publisher\":{\"@id\":\"http:\\\/\\\/caviar-de-neuvic.com\\\/fr\\\/#organization\"},\"potentialAction\":[{\"@type\":\"SearchAction\",\"target\":{\"@type\":\"EntryPoint\",\"urlTemplate\":\"http:\\\/\\\/caviar-de-neuvic.com\\\/fr\\\/?s={search_term_string}\"},\"query-input\":{\"@type\":\"PropertyValueSpecification\",\"valueRequired\":true,\"valueName\":\"search_term_string\"}}],\"inLanguage\":\"de\"},{\"@type\":\"Organization\",\"@id\":\"http:\\\/\\\/caviar-de-neuvic.com\\\/fr\\\/#organization\",\"name\":\"Producteur Fran\u00e7ais De Caviar\",\"url\":\"http:\\\/\\\/caviar-de-neuvic.com\\\/fr\\\/\",\"logo\":{\"@type\":\"ImageObject\",\"inLanguage\":\"de\",\"@id\":\"http:\\\/\\\/caviar-de-neuvic.com\\\/fr\\\/#\\\/schema\\\/logo\\\/image\\\/\",\"url\":\"\",\"contentUrl\":\"\",\"caption\":\"Producteur Fran\u00e7ais De Caviar\"},\"image\":{\"@id\":\"http:\\\/\\\/caviar-de-neuvic.com\\\/fr\\\/#\\\/schema\\\/logo\\\/image\\\/\"}},{\"@type\":\"Person\",\"@id\":\"http:\\\/\\\/caviar-de-neuvic.com\\\/fr\\\/#\\\/schema\\\/person\\\/89912ad55a5ddd5efeb92f2d32511b03\",\"name\":\"Laurine Gay\",\"url\":\"https:\\\/\\\/caviar-de-neuvic.com\\\/de\\\/author\\\/laurine-gaycaviardeneuvic-com\\\/\"}]}<\/script>\n<!-- \/ Yoast SEO plugin. -->","yoast_head_json":{"title":"Esprit Saint Germain \u00e9l\u00e9gance, impertinence, rencontre","description":"Esprit Saint Germain. Une affinit\u00e9 d\u2019esprit \u00e9vidente lie Saint-Germain-des-Pr\u00e9s et Caviar de Neuvic, la culture de l\u2019\u00e9l\u00e9gance","robots":{"index":"index","follow":"follow","max-snippet":"max-snippet:-1","max-image-preview":"max-image-preview:large","max-video-preview":"max-video-preview:-1"},"canonical":"https:\/\/caviar-de-neuvic.com\/de\/nos-points-de-vente-tourisme\/esprit-saint-germain\/","og_locale":"de_DE","og_type":"article","og_title":"Esprit Saint Germain \u00e9l\u00e9gance, impertinence, rencontre","og_description":"Esprit Saint Germain. Une affinit\u00e9 d\u2019esprit \u00e9vidente lie Saint-Germain-des-Pr\u00e9s et Caviar de Neuvic, la culture de l\u2019\u00e9l\u00e9gance","og_url":"https:\/\/caviar-de-neuvic.com\/de\/nos-points-de-vente-tourisme\/esprit-saint-germain\/","og_site_name":"Producteur Fran\u00e7ais De Caviar","article_published_time":"2015-09-18T07:07:21+00:00","article_modified_time":"2025-10-18T10:07:27+00:00","og_image":[{"width":490,"height":298,"url":"https:\/\/caviar-de-neuvic.com\/wp-content\/uploads\/2015\/09\/Comptoir-CDN-Paris-Odeon-facade.jpg","type":"image\/jpeg"}],"author":"Laurine Gay","twitter_card":"summary_large_image","twitter_misc":{"Verfasst von":"Laurine Gay","Gesch\u00e4tzte Lesezeit":"2\u00a0Minuten"},"schema":{"@context":"https:\/\/schema.org","@graph":[{"@type":"Article","@id":"https:\/\/caviar-de-neuvic.com\/nos-points-de-vente-tourisme\/esprit-saint-germain\/#article","isPartOf":{"@id":"https:\/\/caviar-de-neuvic.com\/nos-points-de-vente-tourisme\/esprit-saint-germain\/"},"author":{"name":"Laurine Gay","@id":"http:\/\/caviar-de-neuvic.com\/fr\/#\/schema\/person\/89912ad55a5ddd5efeb92f2d32511b03"},"headline":"D&rsquo;une rive \u00e0 l&rsquo;autre Caviar de Neuvic monte \u00e0 Paris","datePublished":"2015-09-18T07:07:21+00:00","dateModified":"2025-10-18T10:07:27+00:00","mainEntityOfPage":{"@id":"https:\/\/caviar-de-neuvic.com\/nos-points-de-vente-tourisme\/esprit-saint-germain\/"},"wordCount":282,"commentCount":0,"publisher":{"@id":"http:\/\/caviar-de-neuvic.com\/fr\/#organization"},"image":{"@id":"https:\/\/caviar-de-neuvic.com\/nos-points-de-vente-tourisme\/esprit-saint-germain\/#primaryimage"},"thumbnailUrl":"https:\/\/caviar-de-neuvic.com\/wp-content\/uploads\/2015\/09\/Comptoir-CDN-Paris-Odeon-facade.jpg","articleSection":["Nos Points de Vente + Tourisme"],"inLanguage":"de","potentialAction":[{"@type":"CommentAction","name":"Comment","target":["https:\/\/caviar-de-neuvic.com\/nos-points-de-vente-tourisme\/esprit-saint-germain\/#respond"]}]},{"@type":"WebPage","@id":"https:\/\/caviar-de-neuvic.com\/nos-points-de-vente-tourisme\/esprit-saint-germain\/","url":"https:\/\/caviar-de-neuvic.com\/nos-points-de-vente-tourisme\/esprit-saint-germain\/","name":"Esprit Saint Germain \u00e9l\u00e9gance, impertinence, rencontre","isPartOf":{"@id":"http:\/\/caviar-de-neuvic.com\/fr\/#website"},"primaryImageOfPage":{"@id":"https:\/\/caviar-de-neuvic.com\/nos-points-de-vente-tourisme\/esprit-saint-germain\/#primaryimage"},"image":{"@id":"https:\/\/caviar-de-neuvic.com\/nos-points-de-vente-tourisme\/esprit-saint-germain\/#primaryimage"},"thumbnailUrl":"https:\/\/caviar-de-neuvic.com\/wp-content\/uploads\/2015\/09\/Comptoir-CDN-Paris-Odeon-facade.jpg","datePublished":"2015-09-18T07:07:21+00:00","dateModified":"2025-10-18T10:07:27+00:00","description":"Esprit Saint Germain. Une affinit\u00e9 d\u2019esprit \u00e9vidente lie Saint-Germain-des-Pr\u00e9s et Caviar de Neuvic, la culture de l\u2019\u00e9l\u00e9gance","breadcrumb":{"@id":"https:\/\/caviar-de-neuvic.com\/nos-points-de-vente-tourisme\/esprit-saint-germain\/#breadcrumb"},"inLanguage":"de","potentialAction":[{"@type":"ReadAction","target":["https:\/\/caviar-de-neuvic.com\/nos-points-de-vente-tourisme\/esprit-saint-germain\/"]}]},{"@type":"ImageObject","inLanguage":"de","@id":"https:\/\/caviar-de-neuvic.com\/nos-points-de-vente-tourisme\/esprit-saint-germain\/#primaryimage","url":"https:\/\/caviar-de-neuvic.com\/wp-content\/uploads\/2015\/09\/Comptoir-CDN-Paris-Odeon-facade.jpg","contentUrl":"https:\/\/caviar-de-neuvic.com\/wp-content\/uploads\/2015\/09\/Comptoir-CDN-Paris-Odeon-facade.jpg","width":490,"height":298,"caption":"Fa\u00e7ade Boutique Paris Odeon"},{"@type":"BreadcrumbList","@id":"https:\/\/caviar-de-neuvic.com\/nos-points-de-vente-tourisme\/esprit-saint-germain\/#breadcrumb","itemListElement":[{"@type":"ListItem","position":1,"name":"Caviar de Neuvic","item":"https:\/\/caviar-de-neuvic.com\/"},{"@type":"ListItem","position":2,"name":"Nos Points de Vente + Tourisme","item":"https:\/\/caviar-de-neuvic.com\/fr\/category\/nos-points-de-vente-tourisme\/"},{"@type":"ListItem","position":3,"name":"D&rsquo;une rive \u00e0 l&rsquo;autre Caviar de Neuvic monte \u00e0 Paris"}]},{"@type":"WebSite","@id":"http:\/\/caviar-de-neuvic.com\/fr\/#website","url":"http:\/\/caviar-de-neuvic.com\/fr\/","name":"Producteur Fran\u00e7ais De Caviar","description":"","publisher":{"@id":"http:\/\/caviar-de-neuvic.com\/fr\/#organization"},"potentialAction":[{"@type":"SearchAction","target":{"@type":"EntryPoint","urlTemplate":"http:\/\/caviar-de-neuvic.com\/fr\/?s={search_term_string}"},"query-input":{"@type":"PropertyValueSpecification","valueRequired":true,"valueName":"search_term_string"}}],"inLanguage":"de"},{"@type":"Organization","@id":"http:\/\/caviar-de-neuvic.com\/fr\/#organization","name":"Producteur Fran\u00e7ais De Caviar","url":"http:\/\/caviar-de-neuvic.com\/fr\/","logo":{"@type":"ImageObject","inLanguage":"de","@id":"http:\/\/caviar-de-neuvic.com\/fr\/#\/schema\/logo\/image\/","url":"","contentUrl":"","caption":"Producteur Fran\u00e7ais De Caviar"},"image":{"@id":"http:\/\/caviar-de-neuvic.com\/fr\/#\/schema\/logo\/image\/"}},{"@type":"Person","@id":"http:\/\/caviar-de-neuvic.com\/fr\/#\/schema\/person\/89912ad55a5ddd5efeb92f2d32511b03","name":"Laurine Gay","url":"https:\/\/caviar-de-neuvic.com\/de\/author\/laurine-gaycaviardeneuvic-com\/"}]}},"_links":{"self":[{"href":"https:\/\/caviar-de-neuvic.com\/de\/wp-json\/wp\/v2\/posts\/20759","targetHints":{"allow":["GET"]}}],"collection":[{"href":"https:\/\/caviar-de-neuvic.com\/de\/wp-json\/wp\/v2\/posts"}],"about":[{"href":"https:\/\/caviar-de-neuvic.com\/de\/wp-json\/wp\/v2\/types\/post"}],"author":[{"embeddable":true,"href":"https:\/\/caviar-de-neuvic.com\/de\/wp-json\/wp\/v2\/users\/11896"}],"replies":[{"embeddable":true,"href":"https:\/\/caviar-de-neuvic.com\/de\/wp-json\/wp\/v2\/comments?post=20759"}],"version-history":[{"count":1,"href":"https:\/\/caviar-de-neuvic.com\/de\/wp-json\/wp\/v2\/posts\/20759\/revisions"}],"predecessor-version":[{"id":31371,"href":"https:\/\/caviar-de-neuvic.com\/de\/wp-json\/wp\/v2\/posts\/20759\/revisions\/31371"}],"wp:featuredmedia":[{"embeddable":true,"href":"https:\/\/caviar-de-neuvic.com\/de\/wp-json\/wp\/v2\/media\/20888"}],"wp:attachment":[{"href":"https:\/\/caviar-de-neuvic.com\/de\/wp-json\/wp\/v2\/media?parent=20759"}],"wp:term":[{"taxonomy":"category","embeddable":true,"href":"https:\/\/caviar-de-neuvic.com\/de\/wp-json\/wp\/v2\/categories?post=20759"},{"taxonomy":"post_tag","embeddable":true,"href":"https:\/\/caviar-de-neuvic.com\/de\/wp-json\/wp\/v2\/tags?post=20759"}],"curies":[{"name":"wp","href":"https:\/\/api.w.org\/{rel}","templated":true}]}}