{"id":20762,"date":"2017-06-06T14:51:33","date_gmt":"2017-06-06T12:51:33","guid":{"rendered":"http:\/\/caviar-de-neuvic.com\/testblog\/?p=1596"},"modified":"2025-10-18T12:06:40","modified_gmt":"2025-10-18T10:06:40","slug":"caviar-au-taste-of-paris","status":"publish","type":"post","link":"https:\/\/caviar-de-neuvic.com\/de\/partenariats-evenements\/caviar-au-taste-of-paris\/","title":{"rendered":"Caviar au Taste of Paris, Caviar de Neuvic"},"content":{"rendered":"<p>Caviar au Taste of Paris, Caviar de Neuvic<\/p>\n<h3>Au salon du Taste Of Paris<\/h3>\n<p>Caviar au taste of Paris. Pour la 3\u00e8me fois, le Caviar de Neuvic \u00e9tait pr\u00e9sent sur le salon du Taste of Paris.<br \/>\nCe salon regroupe des Chefs prestigieux mais on y trouve aussi des producteurs de produits gastronomiques fran\u00e7ais, des ateliers de d\u00e9gustations et de d\u00e9monstrations.<\/p>\n\t\t<style>\n\t\t\t.blog_sticker{\n\t\t\t\tmargin-top: 50px !important;\n\t\t\t\tdisplay: flex;\n  \t\t\t\tjustify-content: center;\n\t\t\t\tflex-wrap: wrap;\n\t\t\t}\n\t\t\t.blog_sticker .product-miniature-list.row .span_1_of_3{\n\t\t\t\twidth: 100%!important;\n\t\t\t\tflex: 0 0 100%!important;\n\t\t\t\tmax-width: 400px!important;\n\t\t\t}\n\t\t\t.blog_sticker_right{\n\t\t\t\tmax-width: 400px;\n\t\t\t}\n\t\t\t.product-miniature-list.row {\n\t\t\t\tdisplay: flex;\n\t\t\t\tjustify-content: center;\n\t\t\t\tflex-wrap: wrap;\n\t\t\t}\n\t\t<\/style>\n\t\t<div class=\"blog_sticker d-flex flex-wrap\">\n\t\t\t<div class=\"blog_sticker_left col-sm-12 col-md-6 products-grid\">\n\t\t\t\t<div class=\"product-miniature-list row\">\n\t\t\t\t\t\t\t\t\t<\/div>\n\t\t\t<\/div>\n\t\t\t<div class=\"blog_sticker_right col-sm-12 col-md-6\">\n\t\t\t\t\t\t\t<\/div>\n\t\t<\/div>\n\t\n<p>Pour en savoir plus, suive le lien et vous pourrez lire l&rsquo;<strong><a href=\"http:\/\/lestranchesdeviedelou.com\/le-taste-of-paris\/\" target=\"_blank\" rel=\"noopener noreferrer\">article de Lou\u00a0sur son blog<\/a>.<\/strong><br \/>\nUn extrait ici.<\/p>\n<blockquote><p>Caviar de Neuvic<br \/>\nLe Taste of Paris<br \/>\nLe Taste of Paris, c\u2019est la 3\u00e8me Edition de ce Festival de la Gastronomie dans ce lieu magnifique qu\u2019est le Grand Palais.<br \/>\nDes Chefs prestigieux s\u2019y retrouvent pour cr\u00e9er des restaurants \u00e9ph\u00e9m\u00e8res, mais on y trouve aussi des producteurs de produits gastronomiques fran\u00e7ais, des ateliers de d\u00e9gustations et de d\u00e9monstrations.<br \/>\nPour la 3\u00e8me fois, le Caviar de Neuvic y \u00e9tait pr\u00e9sent du 18 au 21 mai.<br \/>\nLe Casting<br \/>\nPendant ces 4 jours, nous avons pu c\u00f4toyer des Chefs \u00e9toil\u00e9s ou des talent \u00e9mergents.<br \/>\nKei Kobayashi ** (Kei), Fr\u00e9d\u00e9ric Anton *** (Le Pr\u00e9 Catelan), Juan Arbelaez (Nub\u00e9 \u00e0 l\u2019H\u00f4tel Marigna) \u00e9taient tout pr\u00e8s de notre stand Caviar de Neuvic, mais nous avons pu discuter avec Thierry Marx ** ( Mandarin Oriental) et Guy Krenzer (Len\u00f4tre).<br \/>\nNous avons \u00e9galement pu gouter aux petits plats cuisin\u00e9s de Pierre Sang Boyer (Restaurant Pierre Sang), Guy Savoy *** (Restaurant Guy Savoy), Philippe Labb\u00e9 * (La Tour d\u2019Argent), Christophe Adam (L\u2019Eclair de G\u00e9nie) et de ceux cit\u00e9s pr\u00e9c\u00e9demment.<br \/>\nJe ne les ai pas tous nomm\u00e9s, mais il y en avait une vingtaine environ.<br \/>\nTous, se sont pr\u00eat\u00e9s au jeu des selfies, des poign\u00e9es de main et des claquages de bises. Finalement, de vraies stars !<\/p><\/blockquote>","protected":false},"excerpt":{"rendered":"<p>Caviar au Taste of Paris, Caviar de Neuvic Au salon du Taste Of Paris Caviar au taste of Paris. Pour la 3\u00e8me fois, le Caviar de Neuvic \u00e9tait pr\u00e9sent sur le salon du Taste of Paris. Ce salon regroupe des Chefs prestigieux mais on y trouve aussi des producteurs de produits gastronomiques fran\u00e7ais, des ateliers [&hellip;]<\/p>\n","protected":false},"author":11896,"featured_media":20881,"comment_status":"open","ping_status":"closed","sticky":false,"template":"","format":"standard","meta":{"_acf_changed":false,"ocean_post_layout":"","ocean_both_sidebars_style":"","ocean_both_sidebars_content_width":0,"ocean_both_sidebars_sidebars_width":0,"ocean_sidebar":"0","ocean_second_sidebar":"0","ocean_disable_margins":"enable","ocean_add_body_class":"","ocean_shortcode_before_top_bar":"","ocean_shortcode_after_top_bar":"","ocean_shortcode_before_header":"","ocean_shortcode_after_header":"","ocean_has_shortcode":"","ocean_shortcode_after_title":"","ocean_shortcode_before_footer_widgets":"","ocean_shortcode_after_footer_widgets":"","ocean_shortcode_before_footer_bottom":"","ocean_shortcode_after_footer_bottom":"","ocean_display_top_bar":"default","ocean_display_header":"default","ocean_header_style":"","ocean_center_header_left_menu":"0","ocean_custom_header_template":"0","ocean_custom_logo":0,"ocean_custom_retina_logo":0,"ocean_custom_logo_max_width":0,"ocean_custom_logo_tablet_max_width":0,"ocean_custom_logo_mobile_max_width":0,"ocean_custom_logo_max_height":0,"ocean_custom_logo_tablet_max_height":0,"ocean_custom_logo_mobile_max_height":0,"ocean_header_custom_menu":"0","ocean_menu_typo_font_family":"0","ocean_menu_typo_font_subset":"","ocean_menu_typo_font_size":0,"ocean_menu_typo_font_size_tablet":0,"ocean_menu_typo_font_size_mobile":0,"ocean_menu_typo_font_size_unit":"px","ocean_menu_typo_font_weight":"","ocean_menu_typo_font_weight_tablet":"","ocean_menu_typo_font_weight_mobile":"","ocean_menu_typo_transform":"","ocean_menu_typo_transform_tablet":"","ocean_menu_typo_transform_mobile":"","ocean_menu_typo_line_height":0,"ocean_menu_typo_line_height_tablet":0,"ocean_menu_typo_line_height_mobile":0,"ocean_menu_typo_line_height_unit":"","ocean_menu_typo_spacing":0,"ocean_menu_typo_spacing_tablet":0,"ocean_menu_typo_spacing_mobile":0,"ocean_menu_typo_spacing_unit":"","ocean_menu_link_color":"","ocean_menu_link_color_hover":"","ocean_menu_link_color_active":"","ocean_menu_link_background":"","ocean_menu_link_hover_background":"","ocean_menu_link_active_background":"","ocean_menu_social_links_bg":"","ocean_menu_social_hover_links_bg":"","ocean_menu_social_links_color":"","ocean_menu_social_hover_links_color":"","ocean_disable_title":"default","ocean_disable_heading":"default","ocean_post_title":"","ocean_post_subheading":"","ocean_post_title_style":"","ocean_post_title_background_color":"","ocean_post_title_background":0,"ocean_post_title_bg_image_position":"","ocean_post_title_bg_image_attachment":"","ocean_post_title_bg_image_repeat":"","ocean_post_title_bg_image_size":"","ocean_post_title_height":0,"ocean_post_title_bg_overlay":0.5,"ocean_post_title_bg_overlay_color":"","ocean_disable_breadcrumbs":"default","ocean_breadcrumbs_color":"","ocean_breadcrumbs_separator_color":"","ocean_breadcrumbs_links_color":"","ocean_breadcrumbs_links_hover_color":"","ocean_display_footer_widgets":"default","ocean_display_footer_bottom":"default","ocean_custom_footer_template":"0","omw_enable_modal_window":"enable","ocean_post_oembed":"","ocean_post_self_hosted_media":"","ocean_post_video_embed":"","ocean_link_format":"","ocean_link_format_target":"self","ocean_quote_format":"","ocean_quote_format_link":"post","ocean_gallery_link_images":"on","ocean_gallery_id":[],"footnotes":""},"categories":[290],"tags":[],"class_list":["post-20762","post","type-post","status-publish","format-standard","has-post-thumbnail","hentry","category-partenariats-evenements","entry","has-media","owp-thumbs-layout-vertical","owp-btn-normal","owp-tabs-layout-horizontal","has-no-thumbnails","has-product-nav"],"acf":[],"yoast_head":"<!-- This site is optimized with the Yoast SEO plugin v27.4 - https:\/\/yoast.com\/product\/yoast-seo-wordpress\/ -->\n<title>Caviar au taste of Paris pour la 3\u00e8me \u00e9dition de festival<\/title>\n<meta name=\"description\" content=\"Caviar au taste of Paris. Pour la 3\u00e8me \u00e9dition le Caviar de Neuvic \u00e9tait pr\u00e9sent au Grand Palais pour ce grand festival de la gastronomie\" \/>\n<meta name=\"robots\" content=\"index, follow, max-snippet:-1, max-image-preview:large, max-video-preview:-1\" \/>\n<link rel=\"canonical\" href=\"https:\/\/caviar-de-neuvic.com\/de\/partenariats-evenements\/caviar-au-taste-of-paris\/\" \/>\n<meta property=\"og:locale\" content=\"de_DE\" \/>\n<meta property=\"og:type\" content=\"article\" \/>\n<meta property=\"og:title\" content=\"Caviar au taste of Paris pour la 3\u00e8me \u00e9dition de festival\" \/>\n<meta property=\"og:description\" content=\"Caviar au taste of Paris. Pour la 3\u00e8me \u00e9dition le Caviar de Neuvic \u00e9tait pr\u00e9sent au Grand Palais pour ce grand festival de la gastronomie\" \/>\n<meta property=\"og:url\" content=\"https:\/\/caviar-de-neuvic.com\/de\/partenariats-evenements\/caviar-au-taste-of-paris\/\" \/>\n<meta property=\"og:site_name\" content=\"Producteur Fran\u00e7ais De Caviar\" \/>\n<meta property=\"article:published_time\" content=\"2017-06-06T12:51:33+00:00\" \/>\n<meta property=\"article:modified_time\" content=\"2025-10-18T10:06:40+00:00\" \/>\n<meta property=\"og:image\" content=\"https:\/\/caviar-de-neuvic.com\/wp-content\/uploads\/2017\/08\/Caviar-au-taste-of-Paris.jpg\" \/>\n\t<meta property=\"og:image:width\" content=\"1140\" \/>\n\t<meta property=\"og:image:height\" content=\"660\" \/>\n\t<meta property=\"og:image:type\" content=\"image\/jpeg\" \/>\n<meta name=\"author\" content=\"Laurine Gay\" \/>\n<meta name=\"twitter:card\" content=\"summary_large_image\" \/>\n<meta name=\"twitter:label1\" content=\"Verfasst von\" \/>\n\t<meta name=\"twitter:data1\" content=\"Laurine Gay\" \/>\n\t<meta name=\"twitter:label2\" content=\"Gesch\u00e4tzte Lesezeit\" \/>\n\t<meta name=\"twitter:data2\" content=\"1\u00a0Minute\" \/>\n<script type=\"application\/ld+json\" class=\"yoast-schema-graph\">{\"@context\":\"https:\\\/\\\/schema.org\",\"@graph\":[{\"@type\":\"Article\",\"@id\":\"https:\\\/\\\/caviar-de-neuvic.com\\\/partenariats-evenements\\\/caviar-au-taste-of-paris\\\/#article\",\"isPartOf\":{\"@id\":\"https:\\\/\\\/caviar-de-neuvic.com\\\/partenariats-evenements\\\/caviar-au-taste-of-paris\\\/\"},\"author\":{\"name\":\"Laurine Gay\",\"@id\":\"http:\\\/\\\/caviar-de-neuvic.com\\\/fr\\\/#\\\/schema\\\/person\\\/89912ad55a5ddd5efeb92f2d32511b03\"},\"headline\":\"Caviar au Taste of Paris, Caviar de Neuvic\",\"datePublished\":\"2017-06-06T12:51:33+00:00\",\"dateModified\":\"2025-10-18T10:06:40+00:00\",\"mainEntityOfPage\":{\"@id\":\"https:\\\/\\\/caviar-de-neuvic.com\\\/partenariats-evenements\\\/caviar-au-taste-of-paris\\\/\"},\"wordCount\":321,\"commentCount\":0,\"publisher\":{\"@id\":\"http:\\\/\\\/caviar-de-neuvic.com\\\/fr\\\/#organization\"},\"image\":{\"@id\":\"https:\\\/\\\/caviar-de-neuvic.com\\\/partenariats-evenements\\\/caviar-au-taste-of-paris\\\/#primaryimage\"},\"thumbnailUrl\":\"https:\\\/\\\/caviar-de-neuvic.com\\\/wp-content\\\/uploads\\\/2017\\\/08\\\/Caviar-au-taste-of-Paris.jpg\",\"articleSection\":[\"Partenariats &amp; \u00c9v\u00e9nements\"],\"inLanguage\":\"de\",\"potentialAction\":[{\"@type\":\"CommentAction\",\"name\":\"Comment\",\"target\":[\"https:\\\/\\\/caviar-de-neuvic.com\\\/partenariats-evenements\\\/caviar-au-taste-of-paris\\\/#respond\"]}]},{\"@type\":\"WebPage\",\"@id\":\"https:\\\/\\\/caviar-de-neuvic.com\\\/partenariats-evenements\\\/caviar-au-taste-of-paris\\\/\",\"url\":\"https:\\\/\\\/caviar-de-neuvic.com\\\/partenariats-evenements\\\/caviar-au-taste-of-paris\\\/\",\"name\":\"Caviar au taste of Paris pour la 3\u00e8me \u00e9dition de festival\",\"isPartOf\":{\"@id\":\"http:\\\/\\\/caviar-de-neuvic.com\\\/fr\\\/#website\"},\"primaryImageOfPage\":{\"@id\":\"https:\\\/\\\/caviar-de-neuvic.com\\\/partenariats-evenements\\\/caviar-au-taste-of-paris\\\/#primaryimage\"},\"image\":{\"@id\":\"https:\\\/\\\/caviar-de-neuvic.com\\\/partenariats-evenements\\\/caviar-au-taste-of-paris\\\/#primaryimage\"},\"thumbnailUrl\":\"https:\\\/\\\/caviar-de-neuvic.com\\\/wp-content\\\/uploads\\\/2017\\\/08\\\/Caviar-au-taste-of-Paris.jpg\",\"datePublished\":\"2017-06-06T12:51:33+00:00\",\"dateModified\":\"2025-10-18T10:06:40+00:00\",\"description\":\"Caviar au taste of Paris. Pour la 3\u00e8me \u00e9dition le Caviar de Neuvic \u00e9tait pr\u00e9sent au Grand Palais pour ce grand festival de la gastronomie\",\"breadcrumb\":{\"@id\":\"https:\\\/\\\/caviar-de-neuvic.com\\\/partenariats-evenements\\\/caviar-au-taste-of-paris\\\/#breadcrumb\"},\"inLanguage\":\"de\",\"potentialAction\":[{\"@type\":\"ReadAction\",\"target\":[\"https:\\\/\\\/caviar-de-neuvic.com\\\/partenariats-evenements\\\/caviar-au-taste-of-paris\\\/\"]}]},{\"@type\":\"ImageObject\",\"inLanguage\":\"de\",\"@id\":\"https:\\\/\\\/caviar-de-neuvic.com\\\/partenariats-evenements\\\/caviar-au-taste-of-paris\\\/#primaryimage\",\"url\":\"https:\\\/\\\/caviar-de-neuvic.com\\\/wp-content\\\/uploads\\\/2017\\\/08\\\/Caviar-au-taste-of-Paris.jpg\",\"contentUrl\":\"https:\\\/\\\/caviar-de-neuvic.com\\\/wp-content\\\/uploads\\\/2017\\\/08\\\/Caviar-au-taste-of-Paris.jpg\",\"width\":1140,\"height\":660,\"caption\":\"Caviar au taste of Paris\"},{\"@type\":\"BreadcrumbList\",\"@id\":\"https:\\\/\\\/caviar-de-neuvic.com\\\/partenariats-evenements\\\/caviar-au-taste-of-paris\\\/#breadcrumb\",\"itemListElement\":[{\"@type\":\"ListItem\",\"position\":1,\"name\":\"Caviar de Neuvic\",\"item\":\"https:\\\/\\\/caviar-de-neuvic.com\\\/\"},{\"@type\":\"ListItem\",\"position\":2,\"name\":\"Partenariats &amp; \u00c9v\u00e9nements\",\"item\":\"https:\\\/\\\/caviar-de-neuvic.com\\\/fr\\\/category\\\/partenariats-evenements\\\/\"},{\"@type\":\"ListItem\",\"position\":3,\"name\":\"Caviar au Taste of Paris, Caviar de Neuvic\"}]},{\"@type\":\"WebSite\",\"@id\":\"http:\\\/\\\/caviar-de-neuvic.com\\\/fr\\\/#website\",\"url\":\"http:\\\/\\\/caviar-de-neuvic.com\\\/fr\\\/\",\"name\":\"Producteur Fran\u00e7ais De Caviar\",\"description\":\"\",\"publisher\":{\"@id\":\"http:\\\/\\\/caviar-de-neuvic.com\\\/fr\\\/#organization\"},\"potentialAction\":[{\"@type\":\"SearchAction\",\"target\":{\"@type\":\"EntryPoint\",\"urlTemplate\":\"http:\\\/\\\/caviar-de-neuvic.com\\\/fr\\\/?s={search_term_string}\"},\"query-input\":{\"@type\":\"PropertyValueSpecification\",\"valueRequired\":true,\"valueName\":\"search_term_string\"}}],\"inLanguage\":\"de\"},{\"@type\":\"Organization\",\"@id\":\"http:\\\/\\\/caviar-de-neuvic.com\\\/fr\\\/#organization\",\"name\":\"Producteur Fran\u00e7ais De Caviar\",\"url\":\"http:\\\/\\\/caviar-de-neuvic.com\\\/fr\\\/\",\"logo\":{\"@type\":\"ImageObject\",\"inLanguage\":\"de\",\"@id\":\"http:\\\/\\\/caviar-de-neuvic.com\\\/fr\\\/#\\\/schema\\\/logo\\\/image\\\/\",\"url\":\"\",\"contentUrl\":\"\",\"caption\":\"Producteur Fran\u00e7ais De Caviar\"},\"image\":{\"@id\":\"http:\\\/\\\/caviar-de-neuvic.com\\\/fr\\\/#\\\/schema\\\/logo\\\/image\\\/\"}},{\"@type\":\"Person\",\"@id\":\"http:\\\/\\\/caviar-de-neuvic.com\\\/fr\\\/#\\\/schema\\\/person\\\/89912ad55a5ddd5efeb92f2d32511b03\",\"name\":\"Laurine Gay\",\"url\":\"https:\\\/\\\/caviar-de-neuvic.com\\\/de\\\/author\\\/laurine-gaycaviardeneuvic-com\\\/\"}]}<\/script>\n<!-- \/ Yoast SEO plugin. -->","yoast_head_json":{"title":"Caviar au taste of Paris pour la 3\u00e8me \u00e9dition de festival","description":"Caviar au taste of Paris. Pour la 3\u00e8me \u00e9dition le Caviar de Neuvic \u00e9tait pr\u00e9sent au Grand Palais pour ce grand festival de la gastronomie","robots":{"index":"index","follow":"follow","max-snippet":"max-snippet:-1","max-image-preview":"max-image-preview:large","max-video-preview":"max-video-preview:-1"},"canonical":"https:\/\/caviar-de-neuvic.com\/de\/partenariats-evenements\/caviar-au-taste-of-paris\/","og_locale":"de_DE","og_type":"article","og_title":"Caviar au taste of Paris pour la 3\u00e8me \u00e9dition de festival","og_description":"Caviar au taste of Paris. Pour la 3\u00e8me \u00e9dition le Caviar de Neuvic \u00e9tait pr\u00e9sent au Grand Palais pour ce grand festival de la gastronomie","og_url":"https:\/\/caviar-de-neuvic.com\/de\/partenariats-evenements\/caviar-au-taste-of-paris\/","og_site_name":"Producteur Fran\u00e7ais De Caviar","article_published_time":"2017-06-06T12:51:33+00:00","article_modified_time":"2025-10-18T10:06:40+00:00","og_image":[{"width":1140,"height":660,"url":"https:\/\/caviar-de-neuvic.com\/wp-content\/uploads\/2017\/08\/Caviar-au-taste-of-Paris.jpg","type":"image\/jpeg"}],"author":"Laurine Gay","twitter_card":"summary_large_image","twitter_misc":{"Verfasst von":"Laurine Gay","Gesch\u00e4tzte Lesezeit":"1\u00a0Minute"},"schema":{"@context":"https:\/\/schema.org","@graph":[{"@type":"Article","@id":"https:\/\/caviar-de-neuvic.com\/partenariats-evenements\/caviar-au-taste-of-paris\/#article","isPartOf":{"@id":"https:\/\/caviar-de-neuvic.com\/partenariats-evenements\/caviar-au-taste-of-paris\/"},"author":{"name":"Laurine Gay","@id":"http:\/\/caviar-de-neuvic.com\/fr\/#\/schema\/person\/89912ad55a5ddd5efeb92f2d32511b03"},"headline":"Caviar au Taste of Paris, Caviar de Neuvic","datePublished":"2017-06-06T12:51:33+00:00","dateModified":"2025-10-18T10:06:40+00:00","mainEntityOfPage":{"@id":"https:\/\/caviar-de-neuvic.com\/partenariats-evenements\/caviar-au-taste-of-paris\/"},"wordCount":321,"commentCount":0,"publisher":{"@id":"http:\/\/caviar-de-neuvic.com\/fr\/#organization"},"image":{"@id":"https:\/\/caviar-de-neuvic.com\/partenariats-evenements\/caviar-au-taste-of-paris\/#primaryimage"},"thumbnailUrl":"https:\/\/caviar-de-neuvic.com\/wp-content\/uploads\/2017\/08\/Caviar-au-taste-of-Paris.jpg","articleSection":["Partenariats &amp; \u00c9v\u00e9nements"],"inLanguage":"de","potentialAction":[{"@type":"CommentAction","name":"Comment","target":["https:\/\/caviar-de-neuvic.com\/partenariats-evenements\/caviar-au-taste-of-paris\/#respond"]}]},{"@type":"WebPage","@id":"https:\/\/caviar-de-neuvic.com\/partenariats-evenements\/caviar-au-taste-of-paris\/","url":"https:\/\/caviar-de-neuvic.com\/partenariats-evenements\/caviar-au-taste-of-paris\/","name":"Caviar au taste of Paris pour la 3\u00e8me \u00e9dition de festival","isPartOf":{"@id":"http:\/\/caviar-de-neuvic.com\/fr\/#website"},"primaryImageOfPage":{"@id":"https:\/\/caviar-de-neuvic.com\/partenariats-evenements\/caviar-au-taste-of-paris\/#primaryimage"},"image":{"@id":"https:\/\/caviar-de-neuvic.com\/partenariats-evenements\/caviar-au-taste-of-paris\/#primaryimage"},"thumbnailUrl":"https:\/\/caviar-de-neuvic.com\/wp-content\/uploads\/2017\/08\/Caviar-au-taste-of-Paris.jpg","datePublished":"2017-06-06T12:51:33+00:00","dateModified":"2025-10-18T10:06:40+00:00","description":"Caviar au taste of Paris. Pour la 3\u00e8me \u00e9dition le Caviar de Neuvic \u00e9tait pr\u00e9sent au Grand Palais pour ce grand festival de la gastronomie","breadcrumb":{"@id":"https:\/\/caviar-de-neuvic.com\/partenariats-evenements\/caviar-au-taste-of-paris\/#breadcrumb"},"inLanguage":"de","potentialAction":[{"@type":"ReadAction","target":["https:\/\/caviar-de-neuvic.com\/partenariats-evenements\/caviar-au-taste-of-paris\/"]}]},{"@type":"ImageObject","inLanguage":"de","@id":"https:\/\/caviar-de-neuvic.com\/partenariats-evenements\/caviar-au-taste-of-paris\/#primaryimage","url":"https:\/\/caviar-de-neuvic.com\/wp-content\/uploads\/2017\/08\/Caviar-au-taste-of-Paris.jpg","contentUrl":"https:\/\/caviar-de-neuvic.com\/wp-content\/uploads\/2017\/08\/Caviar-au-taste-of-Paris.jpg","width":1140,"height":660,"caption":"Caviar au taste of Paris"},{"@type":"BreadcrumbList","@id":"https:\/\/caviar-de-neuvic.com\/partenariats-evenements\/caviar-au-taste-of-paris\/#breadcrumb","itemListElement":[{"@type":"ListItem","position":1,"name":"Caviar de Neuvic","item":"https:\/\/caviar-de-neuvic.com\/"},{"@type":"ListItem","position":2,"name":"Partenariats &amp; \u00c9v\u00e9nements","item":"https:\/\/caviar-de-neuvic.com\/fr\/category\/partenariats-evenements\/"},{"@type":"ListItem","position":3,"name":"Caviar au Taste of Paris, Caviar de Neuvic"}]},{"@type":"WebSite","@id":"http:\/\/caviar-de-neuvic.com\/fr\/#website","url":"http:\/\/caviar-de-neuvic.com\/fr\/","name":"Producteur Fran\u00e7ais De Caviar","description":"","publisher":{"@id":"http:\/\/caviar-de-neuvic.com\/fr\/#organization"},"potentialAction":[{"@type":"SearchAction","target":{"@type":"EntryPoint","urlTemplate":"http:\/\/caviar-de-neuvic.com\/fr\/?s={search_term_string}"},"query-input":{"@type":"PropertyValueSpecification","valueRequired":true,"valueName":"search_term_string"}}],"inLanguage":"de"},{"@type":"Organization","@id":"http:\/\/caviar-de-neuvic.com\/fr\/#organization","name":"Producteur Fran\u00e7ais De Caviar","url":"http:\/\/caviar-de-neuvic.com\/fr\/","logo":{"@type":"ImageObject","inLanguage":"de","@id":"http:\/\/caviar-de-neuvic.com\/fr\/#\/schema\/logo\/image\/","url":"","contentUrl":"","caption":"Producteur Fran\u00e7ais De Caviar"},"image":{"@id":"http:\/\/caviar-de-neuvic.com\/fr\/#\/schema\/logo\/image\/"}},{"@type":"Person","@id":"http:\/\/caviar-de-neuvic.com\/fr\/#\/schema\/person\/89912ad55a5ddd5efeb92f2d32511b03","name":"Laurine Gay","url":"https:\/\/caviar-de-neuvic.com\/de\/author\/laurine-gaycaviardeneuvic-com\/"}]}},"_links":{"self":[{"href":"https:\/\/caviar-de-neuvic.com\/de\/wp-json\/wp\/v2\/posts\/20762","targetHints":{"allow":["GET"]}}],"collection":[{"href":"https:\/\/caviar-de-neuvic.com\/de\/wp-json\/wp\/v2\/posts"}],"about":[{"href":"https:\/\/caviar-de-neuvic.com\/de\/wp-json\/wp\/v2\/types\/post"}],"author":[{"embeddable":true,"href":"https:\/\/caviar-de-neuvic.com\/de\/wp-json\/wp\/v2\/users\/11896"}],"replies":[{"embeddable":true,"href":"https:\/\/caviar-de-neuvic.com\/de\/wp-json\/wp\/v2\/comments?post=20762"}],"version-history":[{"count":1,"href":"https:\/\/caviar-de-neuvic.com\/de\/wp-json\/wp\/v2\/posts\/20762\/revisions"}],"predecessor-version":[{"id":31368,"href":"https:\/\/caviar-de-neuvic.com\/de\/wp-json\/wp\/v2\/posts\/20762\/revisions\/31368"}],"wp:featuredmedia":[{"embeddable":true,"href":"https:\/\/caviar-de-neuvic.com\/de\/wp-json\/wp\/v2\/media\/20881"}],"wp:attachment":[{"href":"https:\/\/caviar-de-neuvic.com\/de\/wp-json\/wp\/v2\/media?parent=20762"}],"wp:term":[{"taxonomy":"category","embeddable":true,"href":"https:\/\/caviar-de-neuvic.com\/de\/wp-json\/wp\/v2\/categories?post=20762"},{"taxonomy":"post_tag","embeddable":true,"href":"https:\/\/caviar-de-neuvic.com\/de\/wp-json\/wp\/v2\/tags?post=20762"}],"curies":[{"name":"wp","href":"https:\/\/api.w.org\/{rel}","templated":true}]}}