{"id":20800,"date":"2022-05-03T11:13:12","date_gmt":"2022-05-03T09:13:12","guid":{"rendered":"https:\/\/caviar-de-neuvic.com\/parlons-caviar\/?p=6035"},"modified":"2022-05-03T11:13:12","modified_gmt":"2022-05-03T09:13:12","slug":"fete-des-meres-chez-caviar-de-neuvic","status":"publish","type":"post","link":"https:\/\/caviar-de-neuvic.com\/de\/nos-points-de-vente-tourisme\/fete-des-meres-chez-caviar-de-neuvic\/","title":{"rendered":"F\u00eate des m\u00e8res chez Caviar de Neuvic"},"content":{"rendered":"<h3>F\u00eate des m\u00e8res : Chaque Caviar devient unique<\/h3>\n<p>\u00c0 l&rsquo;occasion de la f\u00eate des m\u00e8res, c\u00e9l\u00e9br\u00e9e cette ann\u00e9e le dimanche 29 mai, Caviar de Neuvic vous propose des <a href=\"https:\/\/caviar-de-neuvic.com\/de\/fete-des-meres-un-coffret-caviar-unique-\/172-edition-limitee-fete-des-meres.html\/\" target=\"_blank\" rel=\"noopener\">offres sp\u00e9ciales<\/a> autour de la f\u00eate des m\u00e8res.\u00a0Mais avant de parler cadeaux, revenons sur l\u2019origine et l\u2019histoire de cette c\u00e9l\u00e9bration.<\/p>\n<h3>Origine et histoire de la f\u00eate des m\u00e8res<\/h3>\n<p>La f\u00eate des m\u00e8res a pris ses racines dans la Gr\u00e8ce antique. Pour la petite histoire, les Grecs prenaient l&rsquo;habitude de v\u00e9n\u00e9rer la d\u00e9esse Rh\u00e9a, la m\u00e8re des dieux, chaque printemps. Par la suite, les Etats-Unis ont \u00e9t\u00e9 les premiers \u00e0 c\u00e9l\u00e9brer la f\u00eate des m\u00e8res telle qu\u2019on la conna\u00eet aujourd&rsquo;hui. C\u2019est-\u00e0-dire une f\u00eate en l\u2019honneur de la femme qui nous a donn\u00e9 naissance. En France, la f\u00eate des m\u00e8res est officiellement proclam\u00e9e le 20 avril 1926 et le Mar\u00e9chal P\u00e9tain d\u00e9cr\u00e8te officiellement la \u00ab\u00a0f\u00eate nationale des m\u00e8res\u00a0\u00bb le 25 mai 1941 dans le cadre de sa politique des naissances. Enfin, la f\u00eate des m\u00e8res s\u2019inscrit dans la <a href=\"https:\/\/www.legifrance.gouv.fr\/jorf\/id\/JORFTEXT000000886326\" target=\"_blank\" rel=\"noopener\">loi du 24 mai 1950<\/a> : \u00ab Chaque ann\u00e9e, la R\u00e9publique fran\u00e7aise rend officiellement hommage aux m\u00e8res fran\u00e7aises. \u00bb<\/p>\n<h3>Une id\u00e9e de cadeaux pour la f\u00eate des m\u00e8res : Une boite Caviar de Neuvic<\/h3>\n<p>Pour cette f\u00eate si particuli\u00e8re, la Maison Neuvic vous propose une id\u00e9e de cadeau d\u2019exception qui marquera ce jour \u00e0 coup s\u00fbr : Une bo\u00eete Caviar de Neuvic.\u00a0Le <a href=\"https:\/\/caviar-de-neuvic.com\/de\/parlons-caviar\/universducaviar\/engagement-environnemental\/\" target=\"_blank\" rel=\"noopener\">Caviar de Neuvic<\/a>, c\u2019est un cadeau raffin\u00e9, un monde tout entier qui s\u2019ouvre sur l&rsquo;excellence. Ce cadeau permet de faire plaisir, de se faire plaisir et de jouer la carte de l&rsquo;originalit\u00e9. Optez pour ce pr\u00e9sent qui fait toujours l\u2019unanimit\u00e9.<\/p>\n<h3>Une bo\u00eete en \u00e9dition limit\u00e9e<\/h3>\n<p>Caviar de Neuvic vous propose une <a href=\"https:\/\/caviar-de-neuvic.com\/de\/fete-des-meres-un-coffret-caviar-unique-\/172-edition-limitee-fete-des-meres.html\/\" target=\"_blank\" rel=\"noopener\">bo\u00eete de caviar sp\u00e9ciale \u00ab\u00a0F\u00eate des m\u00e8res<\/a>\u00ab\u00a0. Cette bo\u00eete, au visuel floral et printanier, est disponible en \u00e9dition limit\u00e9e.<\/p>\n\t\t<style>\n\t\t\t.blog_sticker{\n\t\t\t\tmargin-top: 50px !important;\n\t\t\t\tdisplay: flex;\n  \t\t\t\tjustify-content: center;\n\t\t\t\tflex-wrap: wrap;\n\t\t\t}\n\t\t\t.blog_sticker .product-miniature-list.row .span_1_of_3{\n\t\t\t\twidth: 100%!important;\n\t\t\t\tflex: 0 0 100%!important;\n\t\t\t\tmax-width: 400px!important;\n\t\t\t}\n\t\t\t.blog_sticker_right{\n\t\t\t\tmax-width: 400px;\n\t\t\t}\n\t\t\t.product-miniature-list.row {\n\t\t\t\tdisplay: flex;\n\t\t\t\tjustify-content: center;\n\t\t\t\tflex-wrap: wrap;\n\t\t\t}\n\t\t<\/style>\n\t\t<div class=\"blog_sticker d-flex flex-wrap\">\n\t\t\t<div class=\"blog_sticker_left col-sm-12 col-md-6 products-grid\">\n\t\t\t\t<div class=\"product-miniature-list row\">\n\t\t\t\t\t\t\t\t\t<\/div>\n\t\t\t<\/div>\n\t\t\t<div class=\"blog_sticker_right col-sm-12 col-md-6\">\n\t\t\t\t\t\t\t<\/div>\n\t\t<\/div>\n\t\n<h3>L\u2019offre autour de la f\u00eate des m\u00e8res<\/h3>\n<p>A partir d&rsquo;une boite de 50g achet\u00e9, le coffret offert<br \/>\nDieses Set enth\u00e4lt:<br \/>\nun coffret de d\u00e9gustation<br \/>\nune boite de <a href=\"https:\/\/caviar-de-neuvic.com\/de\/15-caviar-oscietre\/\" target=\"_blank\" rel=\"noopener\">Oscietre Kaviar<\/a> Signature 50g ou 100g<br \/>\n2 cuill\u00e8res en nacre 9 cm<\/p>\n<p>Attention, cette \u00e9dition est limit\u00e9e jusqu\u2019au 30 mai 2021.<\/p>","protected":false},"excerpt":{"rendered":"<p>F\u00eate des m\u00e8res : Chaque Caviar devient unique \u00c0 l&rsquo;occasion de la f\u00eate des m\u00e8res, c\u00e9l\u00e9br\u00e9e cette ann\u00e9e le dimanche 29 mai, Caviar de Neuvic vous propose des offres sp\u00e9ciales autour de la f\u00eate des m\u00e8res.\u00a0Mais avant de parler cadeaux, revenons sur l\u2019origine et l\u2019histoire de cette c\u00e9l\u00e9bration. Origine et histoire de la f\u00eate des [&hellip;]<\/p>\n","protected":false},"author":11896,"featured_media":20970,"comment_status":"open","ping_status":"closed","sticky":false,"template":"","format":"standard","meta":{"_acf_changed":false,"ocean_post_layout":"","ocean_both_sidebars_style":"","ocean_both_sidebars_content_width":0,"ocean_both_sidebars_sidebars_width":0,"ocean_sidebar":"","ocean_second_sidebar":"","ocean_disable_margins":"enable","ocean_add_body_class":"","ocean_shortcode_before_top_bar":"","ocean_shortcode_after_top_bar":"","ocean_shortcode_before_header":"","ocean_shortcode_after_header":"","ocean_has_shortcode":"","ocean_shortcode_after_title":"","ocean_shortcode_before_footer_widgets":"","ocean_shortcode_after_footer_widgets":"","ocean_shortcode_before_footer_bottom":"","ocean_shortcode_after_footer_bottom":"","ocean_display_top_bar":"default","ocean_display_header":"default","ocean_header_style":"","ocean_center_header_left_menu":"","ocean_custom_header_template":"","ocean_custom_logo":0,"ocean_custom_retina_logo":0,"ocean_custom_logo_max_width":0,"ocean_custom_logo_tablet_max_width":0,"ocean_custom_logo_mobile_max_width":0,"ocean_custom_logo_max_height":0,"ocean_custom_logo_tablet_max_height":0,"ocean_custom_logo_mobile_max_height":0,"ocean_header_custom_menu":"","ocean_menu_typo_font_family":"","ocean_menu_typo_font_subset":"","ocean_menu_typo_font_size":0,"ocean_menu_typo_font_size_tablet":0,"ocean_menu_typo_font_size_mobile":0,"ocean_menu_typo_font_size_unit":"px","ocean_menu_typo_font_weight":"","ocean_menu_typo_font_weight_tablet":"","ocean_menu_typo_font_weight_mobile":"","ocean_menu_typo_transform":"","ocean_menu_typo_transform_tablet":"","ocean_menu_typo_transform_mobile":"","ocean_menu_typo_line_height":0,"ocean_menu_typo_line_height_tablet":0,"ocean_menu_typo_line_height_mobile":0,"ocean_menu_typo_line_height_unit":"","ocean_menu_typo_spacing":0,"ocean_menu_typo_spacing_tablet":0,"ocean_menu_typo_spacing_mobile":0,"ocean_menu_typo_spacing_unit":"","ocean_menu_link_color":"","ocean_menu_link_color_hover":"","ocean_menu_link_color_active":"","ocean_menu_link_background":"","ocean_menu_link_hover_background":"","ocean_menu_link_active_background":"","ocean_menu_social_links_bg":"","ocean_menu_social_hover_links_bg":"","ocean_menu_social_links_color":"","ocean_menu_social_hover_links_color":"","ocean_disable_title":"default","ocean_disable_heading":"default","ocean_post_title":"","ocean_post_subheading":"","ocean_post_title_style":"","ocean_post_title_background_color":"","ocean_post_title_background":0,"ocean_post_title_bg_image_position":"","ocean_post_title_bg_image_attachment":"","ocean_post_title_bg_image_repeat":"","ocean_post_title_bg_image_size":"","ocean_post_title_height":0,"ocean_post_title_bg_overlay":0.5,"ocean_post_title_bg_overlay_color":"","ocean_disable_breadcrumbs":"default","ocean_breadcrumbs_color":"","ocean_breadcrumbs_separator_color":"","ocean_breadcrumbs_links_color":"","ocean_breadcrumbs_links_hover_color":"","ocean_display_footer_widgets":"default","ocean_display_footer_bottom":"default","ocean_custom_footer_template":"","omw_enable_modal_window":"enable","ocean_post_oembed":"","ocean_post_self_hosted_media":"","ocean_post_video_embed":"","ocean_link_format":"","ocean_link_format_target":"self","ocean_quote_format":"","ocean_quote_format_link":"post","ocean_gallery_link_images":"on","ocean_gallery_id":[],"footnotes":""},"categories":[286],"tags":[],"class_list":["post-20800","post","type-post","status-publish","format-standard","has-post-thumbnail","hentry","category-nos-points-de-vente-tourisme","entry","has-media","owp-thumbs-layout-vertical","owp-btn-normal","owp-tabs-layout-horizontal","has-no-thumbnails","has-product-nav"],"acf":[],"yoast_head":"<!-- This site is optimized with the Yoast SEO plugin v27.5 - https:\/\/yoast.com\/product\/yoast-seo-wordpress\/ -->\n<title>F\u00eate des m\u00e8res chez Caviar de Neuvic<\/title>\n<meta name=\"description\" content=\"F\u00eate des m\u00e8res chez Caviar de Neuvic. Caviar de Neuvic vous propose des offres sp\u00e9ciales autour de la f\u00eate des m\u00e8res.\" \/>\n<meta name=\"robots\" content=\"index, follow, max-snippet:-1, max-image-preview:large, max-video-preview:-1\" \/>\n<link rel=\"canonical\" href=\"https:\/\/caviar-de-neuvic.com\/de\/nos-points-de-vente-tourisme\/fete-des-meres-chez-caviar-de-neuvic\/\" \/>\n<meta property=\"og:locale\" content=\"de_DE\" \/>\n<meta property=\"og:type\" content=\"article\" \/>\n<meta property=\"og:title\" content=\"F\u00eate des m\u00e8res chez Caviar de Neuvic\" \/>\n<meta property=\"og:description\" content=\"F\u00eate des m\u00e8res chez Caviar de Neuvic. Caviar de Neuvic vous propose des offres sp\u00e9ciales autour de la f\u00eate des m\u00e8res.\" \/>\n<meta property=\"og:url\" content=\"https:\/\/caviar-de-neuvic.com\/de\/nos-points-de-vente-tourisme\/fete-des-meres-chez-caviar-de-neuvic\/\" \/>\n<meta property=\"og:site_name\" content=\"Producteur Fran\u00e7ais De Caviar\" \/>\n<meta property=\"article:published_time\" content=\"2022-05-03T09:13:12+00:00\" \/>\n<meta property=\"og:image\" content=\"https:\/\/caviar-de-neuvic.com\/wp-content\/uploads\/2022\/05\/FDM_30.04.21_\u00aeAV-5.jpg\" \/>\n\t<meta property=\"og:image:width\" content=\"1281\" \/>\n\t<meta property=\"og:image:height\" content=\"1920\" \/>\n\t<meta property=\"og:image:type\" content=\"image\/jpeg\" \/>\n<meta name=\"author\" content=\"Laurine Gay\" \/>\n<meta name=\"twitter:card\" content=\"summary_large_image\" \/>\n<meta name=\"twitter:label1\" content=\"Verfasst von\" \/>\n\t<meta name=\"twitter:data1\" content=\"Laurine Gay\" \/>\n\t<meta name=\"twitter:label2\" content=\"Gesch\u00e4tzte Lesezeit\" \/>\n\t<meta name=\"twitter:data2\" content=\"2\u00a0Minuten\" \/>\n<script type=\"application\/ld+json\" class=\"yoast-schema-graph\">{\"@context\":\"https:\\\/\\\/schema.org\",\"@graph\":[{\"@type\":\"Article\",\"@id\":\"https:\\\/\\\/caviar-de-neuvic.com\\\/fr\\\/nos-points-de-vente-tourisme\\\/fete-des-meres-chez-caviar-de-neuvic\\\/#article\",\"isPartOf\":{\"@id\":\"https:\\\/\\\/caviar-de-neuvic.com\\\/fr\\\/nos-points-de-vente-tourisme\\\/fete-des-meres-chez-caviar-de-neuvic\\\/\"},\"author\":{\"name\":\"Laurine Gay\",\"@id\":\"http:\\\/\\\/caviar-de-neuvic.com\\\/fr\\\/#\\\/schema\\\/person\\\/89912ad55a5ddd5efeb92f2d32511b03\"},\"headline\":\"F\u00eate des m\u00e8res chez Caviar de Neuvic\",\"datePublished\":\"2022-05-03T09:13:12+00:00\",\"mainEntityOfPage\":{\"@id\":\"https:\\\/\\\/caviar-de-neuvic.com\\\/fr\\\/nos-points-de-vente-tourisme\\\/fete-des-meres-chez-caviar-de-neuvic\\\/\"},\"wordCount\":426,\"commentCount\":0,\"publisher\":{\"@id\":\"http:\\\/\\\/caviar-de-neuvic.com\\\/fr\\\/#organization\"},\"image\":{\"@id\":\"https:\\\/\\\/caviar-de-neuvic.com\\\/fr\\\/nos-points-de-vente-tourisme\\\/fete-des-meres-chez-caviar-de-neuvic\\\/#primaryimage\"},\"thumbnailUrl\":\"https:\\\/\\\/caviar-de-neuvic.com\\\/wp-content\\\/uploads\\\/2022\\\/05\\\/FDM_30.04.21_\u00aeAV-5.jpg\",\"articleSection\":[\"Nos Points de Vente + Tourisme\"],\"inLanguage\":\"de\",\"potentialAction\":[{\"@type\":\"CommentAction\",\"name\":\"Comment\",\"target\":[\"https:\\\/\\\/caviar-de-neuvic.com\\\/fr\\\/nos-points-de-vente-tourisme\\\/fete-des-meres-chez-caviar-de-neuvic\\\/#respond\"]}]},{\"@type\":\"WebPage\",\"@id\":\"https:\\\/\\\/caviar-de-neuvic.com\\\/fr\\\/nos-points-de-vente-tourisme\\\/fete-des-meres-chez-caviar-de-neuvic\\\/\",\"url\":\"https:\\\/\\\/caviar-de-neuvic.com\\\/fr\\\/nos-points-de-vente-tourisme\\\/fete-des-meres-chez-caviar-de-neuvic\\\/\",\"name\":\"F\u00eate des m\u00e8res chez Caviar de Neuvic\",\"isPartOf\":{\"@id\":\"http:\\\/\\\/caviar-de-neuvic.com\\\/fr\\\/#website\"},\"primaryImageOfPage\":{\"@id\":\"https:\\\/\\\/caviar-de-neuvic.com\\\/fr\\\/nos-points-de-vente-tourisme\\\/fete-des-meres-chez-caviar-de-neuvic\\\/#primaryimage\"},\"image\":{\"@id\":\"https:\\\/\\\/caviar-de-neuvic.com\\\/fr\\\/nos-points-de-vente-tourisme\\\/fete-des-meres-chez-caviar-de-neuvic\\\/#primaryimage\"},\"thumbnailUrl\":\"https:\\\/\\\/caviar-de-neuvic.com\\\/wp-content\\\/uploads\\\/2022\\\/05\\\/FDM_30.04.21_\u00aeAV-5.jpg\",\"datePublished\":\"2022-05-03T09:13:12+00:00\",\"description\":\"F\u00eate des m\u00e8res chez Caviar de Neuvic. Caviar de Neuvic vous propose des offres sp\u00e9ciales autour de la f\u00eate des m\u00e8res.\",\"breadcrumb\":{\"@id\":\"https:\\\/\\\/caviar-de-neuvic.com\\\/fr\\\/nos-points-de-vente-tourisme\\\/fete-des-meres-chez-caviar-de-neuvic\\\/#breadcrumb\"},\"inLanguage\":\"de\",\"potentialAction\":[{\"@type\":\"ReadAction\",\"target\":[\"https:\\\/\\\/caviar-de-neuvic.com\\\/fr\\\/nos-points-de-vente-tourisme\\\/fete-des-meres-chez-caviar-de-neuvic\\\/\"]}]},{\"@type\":\"ImageObject\",\"inLanguage\":\"de\",\"@id\":\"https:\\\/\\\/caviar-de-neuvic.com\\\/fr\\\/nos-points-de-vente-tourisme\\\/fete-des-meres-chez-caviar-de-neuvic\\\/#primaryimage\",\"url\":\"https:\\\/\\\/caviar-de-neuvic.com\\\/wp-content\\\/uploads\\\/2022\\\/05\\\/FDM_30.04.21_\u00aeAV-5.jpg\",\"contentUrl\":\"https:\\\/\\\/caviar-de-neuvic.com\\\/wp-content\\\/uploads\\\/2022\\\/05\\\/FDM_30.04.21_\u00aeAV-5.jpg\",\"width\":1281,\"height\":1920,\"caption\":\"F\u00eate des m\u00e8res chez Caviar de Neuvic\"},{\"@type\":\"BreadcrumbList\",\"@id\":\"https:\\\/\\\/caviar-de-neuvic.com\\\/fr\\\/nos-points-de-vente-tourisme\\\/fete-des-meres-chez-caviar-de-neuvic\\\/#breadcrumb\",\"itemListElement\":[{\"@type\":\"ListItem\",\"position\":1,\"name\":\"Caviar de Neuvic\",\"item\":\"https:\\\/\\\/caviar-de-neuvic.com\\\/\"},{\"@type\":\"ListItem\",\"position\":2,\"name\":\"Nos Points de Vente + Tourisme\",\"item\":\"https:\\\/\\\/caviar-de-neuvic.com\\\/fr\\\/category\\\/nos-points-de-vente-tourisme\\\/\"},{\"@type\":\"ListItem\",\"position\":3,\"name\":\"F\u00eate des m\u00e8res chez Caviar de Neuvic\"}]},{\"@type\":\"WebSite\",\"@id\":\"http:\\\/\\\/caviar-de-neuvic.com\\\/fr\\\/#website\",\"url\":\"http:\\\/\\\/caviar-de-neuvic.com\\\/fr\\\/\",\"name\":\"Producteur Fran\u00e7ais De Caviar\",\"description\":\"\",\"publisher\":{\"@id\":\"http:\\\/\\\/caviar-de-neuvic.com\\\/fr\\\/#organization\"},\"potentialAction\":[{\"@type\":\"SearchAction\",\"target\":{\"@type\":\"EntryPoint\",\"urlTemplate\":\"http:\\\/\\\/caviar-de-neuvic.com\\\/fr\\\/?s={search_term_string}\"},\"query-input\":{\"@type\":\"PropertyValueSpecification\",\"valueRequired\":true,\"valueName\":\"search_term_string\"}}],\"inLanguage\":\"de\"},{\"@type\":\"Organization\",\"@id\":\"http:\\\/\\\/caviar-de-neuvic.com\\\/fr\\\/#organization\",\"name\":\"Producteur Fran\u00e7ais De Caviar\",\"url\":\"http:\\\/\\\/caviar-de-neuvic.com\\\/fr\\\/\",\"logo\":{\"@type\":\"ImageObject\",\"inLanguage\":\"de\",\"@id\":\"http:\\\/\\\/caviar-de-neuvic.com\\\/fr\\\/#\\\/schema\\\/logo\\\/image\\\/\",\"url\":\"\",\"contentUrl\":\"\",\"caption\":\"Producteur Fran\u00e7ais De Caviar\"},\"image\":{\"@id\":\"http:\\\/\\\/caviar-de-neuvic.com\\\/fr\\\/#\\\/schema\\\/logo\\\/image\\\/\"}},{\"@type\":\"Person\",\"@id\":\"http:\\\/\\\/caviar-de-neuvic.com\\\/fr\\\/#\\\/schema\\\/person\\\/89912ad55a5ddd5efeb92f2d32511b03\",\"name\":\"Laurine Gay\",\"url\":\"https:\\\/\\\/caviar-de-neuvic.com\\\/de\\\/author\\\/laurine-gaycaviardeneuvic-com\\\/\"}]}<\/script>\n<!-- \/ Yoast SEO plugin. -->","yoast_head_json":{"title":"F\u00eate des m\u00e8res chez Caviar de Neuvic","description":"F\u00eate des m\u00e8res chez Caviar de Neuvic. Caviar de Neuvic vous propose des offres sp\u00e9ciales autour de la f\u00eate des m\u00e8res.","robots":{"index":"index","follow":"follow","max-snippet":"max-snippet:-1","max-image-preview":"max-image-preview:large","max-video-preview":"max-video-preview:-1"},"canonical":"https:\/\/caviar-de-neuvic.com\/de\/nos-points-de-vente-tourisme\/fete-des-meres-chez-caviar-de-neuvic\/","og_locale":"de_DE","og_type":"article","og_title":"F\u00eate des m\u00e8res chez Caviar de Neuvic","og_description":"F\u00eate des m\u00e8res chez Caviar de Neuvic. Caviar de Neuvic vous propose des offres sp\u00e9ciales autour de la f\u00eate des m\u00e8res.","og_url":"https:\/\/caviar-de-neuvic.com\/de\/nos-points-de-vente-tourisme\/fete-des-meres-chez-caviar-de-neuvic\/","og_site_name":"Producteur Fran\u00e7ais De Caviar","article_published_time":"2022-05-03T09:13:12+00:00","og_image":[{"width":1281,"height":1920,"url":"https:\/\/caviar-de-neuvic.com\/wp-content\/uploads\/2022\/05\/FDM_30.04.21_\u00aeAV-5.jpg","type":"image\/jpeg"}],"author":"Laurine Gay","twitter_card":"summary_large_image","twitter_misc":{"Verfasst von":"Laurine Gay","Gesch\u00e4tzte Lesezeit":"2\u00a0Minuten"},"schema":{"@context":"https:\/\/schema.org","@graph":[{"@type":"Article","@id":"https:\/\/caviar-de-neuvic.com\/fr\/nos-points-de-vente-tourisme\/fete-des-meres-chez-caviar-de-neuvic\/#article","isPartOf":{"@id":"https:\/\/caviar-de-neuvic.com\/fr\/nos-points-de-vente-tourisme\/fete-des-meres-chez-caviar-de-neuvic\/"},"author":{"name":"Laurine Gay","@id":"http:\/\/caviar-de-neuvic.com\/fr\/#\/schema\/person\/89912ad55a5ddd5efeb92f2d32511b03"},"headline":"F\u00eate des m\u00e8res chez Caviar de Neuvic","datePublished":"2022-05-03T09:13:12+00:00","mainEntityOfPage":{"@id":"https:\/\/caviar-de-neuvic.com\/fr\/nos-points-de-vente-tourisme\/fete-des-meres-chez-caviar-de-neuvic\/"},"wordCount":426,"commentCount":0,"publisher":{"@id":"http:\/\/caviar-de-neuvic.com\/fr\/#organization"},"image":{"@id":"https:\/\/caviar-de-neuvic.com\/fr\/nos-points-de-vente-tourisme\/fete-des-meres-chez-caviar-de-neuvic\/#primaryimage"},"thumbnailUrl":"https:\/\/caviar-de-neuvic.com\/wp-content\/uploads\/2022\/05\/FDM_30.04.21_\u00aeAV-5.jpg","articleSection":["Nos Points de Vente + Tourisme"],"inLanguage":"de","potentialAction":[{"@type":"CommentAction","name":"Comment","target":["https:\/\/caviar-de-neuvic.com\/fr\/nos-points-de-vente-tourisme\/fete-des-meres-chez-caviar-de-neuvic\/#respond"]}]},{"@type":"WebPage","@id":"https:\/\/caviar-de-neuvic.com\/fr\/nos-points-de-vente-tourisme\/fete-des-meres-chez-caviar-de-neuvic\/","url":"https:\/\/caviar-de-neuvic.com\/fr\/nos-points-de-vente-tourisme\/fete-des-meres-chez-caviar-de-neuvic\/","name":"F\u00eate des m\u00e8res chez Caviar de Neuvic","isPartOf":{"@id":"http:\/\/caviar-de-neuvic.com\/fr\/#website"},"primaryImageOfPage":{"@id":"https:\/\/caviar-de-neuvic.com\/fr\/nos-points-de-vente-tourisme\/fete-des-meres-chez-caviar-de-neuvic\/#primaryimage"},"image":{"@id":"https:\/\/caviar-de-neuvic.com\/fr\/nos-points-de-vente-tourisme\/fete-des-meres-chez-caviar-de-neuvic\/#primaryimage"},"thumbnailUrl":"https:\/\/caviar-de-neuvic.com\/wp-content\/uploads\/2022\/05\/FDM_30.04.21_\u00aeAV-5.jpg","datePublished":"2022-05-03T09:13:12+00:00","description":"F\u00eate des m\u00e8res chez Caviar de Neuvic. Caviar de Neuvic vous propose des offres sp\u00e9ciales autour de la f\u00eate des m\u00e8res.","breadcrumb":{"@id":"https:\/\/caviar-de-neuvic.com\/fr\/nos-points-de-vente-tourisme\/fete-des-meres-chez-caviar-de-neuvic\/#breadcrumb"},"inLanguage":"de","potentialAction":[{"@type":"ReadAction","target":["https:\/\/caviar-de-neuvic.com\/fr\/nos-points-de-vente-tourisme\/fete-des-meres-chez-caviar-de-neuvic\/"]}]},{"@type":"ImageObject","inLanguage":"de","@id":"https:\/\/caviar-de-neuvic.com\/fr\/nos-points-de-vente-tourisme\/fete-des-meres-chez-caviar-de-neuvic\/#primaryimage","url":"https:\/\/caviar-de-neuvic.com\/wp-content\/uploads\/2022\/05\/FDM_30.04.21_\u00aeAV-5.jpg","contentUrl":"https:\/\/caviar-de-neuvic.com\/wp-content\/uploads\/2022\/05\/FDM_30.04.21_\u00aeAV-5.jpg","width":1281,"height":1920,"caption":"F\u00eate des m\u00e8res chez Caviar de Neuvic"},{"@type":"BreadcrumbList","@id":"https:\/\/caviar-de-neuvic.com\/fr\/nos-points-de-vente-tourisme\/fete-des-meres-chez-caviar-de-neuvic\/#breadcrumb","itemListElement":[{"@type":"ListItem","position":1,"name":"Caviar de Neuvic","item":"https:\/\/caviar-de-neuvic.com\/"},{"@type":"ListItem","position":2,"name":"Nos Points de Vente + Tourisme","item":"https:\/\/caviar-de-neuvic.com\/fr\/category\/nos-points-de-vente-tourisme\/"},{"@type":"ListItem","position":3,"name":"F\u00eate des m\u00e8res chez Caviar de Neuvic"}]},{"@type":"WebSite","@id":"http:\/\/caviar-de-neuvic.com\/fr\/#website","url":"http:\/\/caviar-de-neuvic.com\/fr\/","name":"Producteur Fran\u00e7ais De Caviar","description":"","publisher":{"@id":"http:\/\/caviar-de-neuvic.com\/fr\/#organization"},"potentialAction":[{"@type":"SearchAction","target":{"@type":"EntryPoint","urlTemplate":"http:\/\/caviar-de-neuvic.com\/fr\/?s={search_term_string}"},"query-input":{"@type":"PropertyValueSpecification","valueRequired":true,"valueName":"search_term_string"}}],"inLanguage":"de"},{"@type":"Organization","@id":"http:\/\/caviar-de-neuvic.com\/fr\/#organization","name":"Producteur Fran\u00e7ais De Caviar","url":"http:\/\/caviar-de-neuvic.com\/fr\/","logo":{"@type":"ImageObject","inLanguage":"de","@id":"http:\/\/caviar-de-neuvic.com\/fr\/#\/schema\/logo\/image\/","url":"","contentUrl":"","caption":"Producteur Fran\u00e7ais De Caviar"},"image":{"@id":"http:\/\/caviar-de-neuvic.com\/fr\/#\/schema\/logo\/image\/"}},{"@type":"Person","@id":"http:\/\/caviar-de-neuvic.com\/fr\/#\/schema\/person\/89912ad55a5ddd5efeb92f2d32511b03","name":"Laurine Gay","url":"https:\/\/caviar-de-neuvic.com\/de\/author\/laurine-gaycaviardeneuvic-com\/"}]}},"_links":{"self":[{"href":"https:\/\/caviar-de-neuvic.com\/de\/wp-json\/wp\/v2\/posts\/20800","targetHints":{"allow":["GET"]}}],"collection":[{"href":"https:\/\/caviar-de-neuvic.com\/de\/wp-json\/wp\/v2\/posts"}],"about":[{"href":"https:\/\/caviar-de-neuvic.com\/de\/wp-json\/wp\/v2\/types\/post"}],"author":[{"embeddable":true,"href":"https:\/\/caviar-de-neuvic.com\/de\/wp-json\/wp\/v2\/users\/11896"}],"replies":[{"embeddable":true,"href":"https:\/\/caviar-de-neuvic.com\/de\/wp-json\/wp\/v2\/comments?post=20800"}],"version-history":[{"count":0,"href":"https:\/\/caviar-de-neuvic.com\/de\/wp-json\/wp\/v2\/posts\/20800\/revisions"}],"wp:featuredmedia":[{"embeddable":true,"href":"https:\/\/caviar-de-neuvic.com\/de\/wp-json\/wp\/v2\/media\/20970"}],"wp:attachment":[{"href":"https:\/\/caviar-de-neuvic.com\/de\/wp-json\/wp\/v2\/media?parent=20800"}],"wp:term":[{"taxonomy":"category","embeddable":true,"href":"https:\/\/caviar-de-neuvic.com\/de\/wp-json\/wp\/v2\/categories?post=20800"},{"taxonomy":"post_tag","embeddable":true,"href":"https:\/\/caviar-de-neuvic.com\/de\/wp-json\/wp\/v2\/tags?post=20800"}],"curies":[{"name":"wp","href":"https:\/\/api.w.org\/{rel}","templated":true}]}}