{"id":20810,"date":"2022-09-01T09:00:40","date_gmt":"2022-09-01T07:00:40","guid":{"rendered":"https:\/\/caviar-de-neuvic.com\/parlons-caviar\/?p=6167"},"modified":"2022-09-01T09:00:40","modified_gmt":"2022-09-01T07:00:40","slug":"caviar-de-neuvic-experience-soiree-jazz-caviar","status":"publish","type":"post","link":"https:\/\/caviar-de-neuvic.com\/de\/partenariats-evenements\/caviar-de-neuvic-experience-soiree-jazz-caviar\/","title":{"rendered":"Caviar de Neuvic Exp\u00e9rience : Soir\u00e9e Jazz &#038; Caviar"},"content":{"rendered":"<p>Caviar de Neuvic Exp\u00e9rience : Soir\u00e9e JAZZ &amp; CAVIAR.\u00a0<span style=\"font-weight: 400;\">Caviar de Neuvic a le plaisir de vous inviter \u00e0 son \u00e9v\u00e9nement Jazz &amp; Caviar le <strong>jeudi 15 Septembre 2022<\/strong> \u00e0 19h30 \u00e0 Bordeaux.\u00a0<\/span><\/p>\n<h3><b>Caviar de l\u2019entr\u00e9e au dessert !\u00a0<\/b><\/h3>\n<p><span style=\"font-weight: 400;\">Vous aurez le plaisir de d\u00e9guster un menu caviar enti\u00e8rement concoct\u00e9 par <a href=\"https:\/\/caviar-de-neuvic.com\/de\/parlons-caviar\/chef\/cheffe-martha-serrano\/\" target=\"_blank\" rel=\"noopener\">Martha Serrano<\/a> la Cheffe attitr\u00e9e du restaurant <a href=\"https:\/\/bordeaux.caviar-de-neuvic.com\" target=\"_blank\" rel=\"noopener\">Caviar de Neuvic \u00e0 Bordeaux.\u00a0<\/a><\/span><\/p>\n<p><span style=\"font-weight: 400;\">Au c\u0153ur du triangle d\u2019or, dans le passage Sarget, un trio de Jazz viendra sublimer votre exp\u00e9rience Caviar de Neuvic. Le groupe sera men\u00e9 par Pierre Gachot au piano \u00e0 queue. Pierre est c\u00e9l\u00e8bre dans notre profession puisqu\u2019il dirige la soci\u00e9t\u00e9 <a href=\"https:\/\/www.desjardin.fr\" target=\"_blank\" rel=\"noopener\">Desjardin<\/a>, leader mondial incontest\u00e9 dans la fourniture des bo\u00eetes de caviar.\u00a0<\/span><\/p>\n<h3><b>Au menu\u00a0<\/b><\/h3>\n<p style=\"text-align: center;\"><span style=\"font-weight: 400;\"><strong>Entr\u00e9e<\/strong> : Oeuf \u00e0 la coque ou cocotte (avec beurre de caviar) et Caviar<\/span><\/p>\n<p style=\"text-align: center;\"><span style=\"font-weight: 400;\"><strong>Plat<\/strong> : Spaghetti ou Tartare au Caviar<\/span><\/p>\n<p style=\"text-align: center;\"><span style=\"font-weight: 400;\"><strong>Dessert<\/strong> : Cheesecake au Caviar<\/span><\/p>\n\t\t<style>\n\t\t\t.blog_sticker{\n\t\t\t\tmargin-top: 50px !important;\n\t\t\t\tdisplay: flex;\n  \t\t\t\tjustify-content: center;\n\t\t\t\tflex-wrap: wrap;\n\t\t\t}\n\t\t\t.blog_sticker .product-miniature-list.row .span_1_of_3{\n\t\t\t\twidth: 100%!important;\n\t\t\t\tflex: 0 0 100%!important;\n\t\t\t\tmax-width: 400px!important;\n\t\t\t}\n\t\t\t.blog_sticker_right{\n\t\t\t\tmax-width: 400px;\n\t\t\t}\n\t\t\t.product-miniature-list.row {\n\t\t\t\tdisplay: flex;\n\t\t\t\tjustify-content: center;\n\t\t\t\tflex-wrap: wrap;\n\t\t\t}\n\t\t<\/style>\n\t\t<div class=\"blog_sticker d-flex flex-wrap\">\n\t\t\t<div class=\"blog_sticker_left col-sm-12 col-md-6 products-grid\">\n\t\t\t\t<div class=\"product-miniature-list row\">\n\t\t\t\t\t\t\t\t\t<\/div>\n\t\t\t<\/div>\n\t\t\t<div class=\"blog_sticker_right col-sm-12 col-md-6\">\n\t\t\t\t\t\t\t<\/div>\n\t\t<\/div>\n\t\n<h3><b>Infos pratiques<\/b><\/h3>\n<ul>\n<li><span style=\"font-weight: 400;\"><strong>Adresse<\/strong> : 14 Passage Sarget 33000 Bordeaux<\/span><\/li>\n<li><span style=\"font-weight: 400;\"><strong>Acc\u00e8s<\/strong> : Tram B Grand th\u00e9\u00e2tre<\/span><\/li>\n<li><span style=\"font-weight: 400;\"><strong>Tarif<\/strong> : 29 euros par personne (menu + hors boisson)\u00a0<\/span><span style=\"color: #3a3a3a; font-family: Karla, sans-serif;\">Ou 39 euros par personne (menu + coupe de champagne)<\/span><\/li>\n<\/ul>\n<h3><\/h3>\n<h3><b>R\u00e9servations\u00a0<\/b><\/h3>\n<ol>\n<li><span style=\"font-weight: 400;\"><strong>Par t\u00e9l\u00e9phone<\/strong> : 05.57.59.54.86<\/span><\/li>\n<li><span style=\"font-weight: 400;\"><strong>Par mail<\/strong> : <\/span><span style=\"font-weight: 400;\">bordeaux@caviardeneuvic.com<\/span><\/li>\n<li><span style=\"font-weight: 400;\"><strong>Sur notre site internet<\/strong> : https:\/\/caviar-de-neuvic.com\/fr\/experience-caviar-de-neuvic\/416-jazz-et-caviar.html<\/span><\/li>\n<\/ol>\n<p>Alors qu&rsquo;attendez-vous pour venir vivre \u00ab\u00a0Caviar de Neuvic Exp\u00e9rience : Soir\u00e9e JAZZ &amp; CAVIAR\u00a0\u00bb ?<\/p>","protected":false},"excerpt":{"rendered":"<p>Caviar de Neuvic Exp\u00e9rience : Soir\u00e9e JAZZ &amp; CAVIAR.\u00a0Caviar de Neuvic a le plaisir de vous inviter \u00e0 son \u00e9v\u00e9nement Jazz &amp; Caviar le jeudi 15 Septembre 2022 \u00e0 19h30 \u00e0 Bordeaux.\u00a0 Caviar de l\u2019entr\u00e9e au dessert !\u00a0 Vous aurez le plaisir de d\u00e9guster un menu caviar enti\u00e8rement concoct\u00e9 par Martha Serrano la Cheffe attitr\u00e9e [&hellip;]<\/p>\n","protected":false},"author":11896,"featured_media":20986,"comment_status":"open","ping_status":"closed","sticky":false,"template":"","format":"standard","meta":{"_acf_changed":false,"ocean_post_layout":"","ocean_both_sidebars_style":"","ocean_both_sidebars_content_width":0,"ocean_both_sidebars_sidebars_width":0,"ocean_sidebar":"","ocean_second_sidebar":"","ocean_disable_margins":"enable","ocean_add_body_class":"","ocean_shortcode_before_top_bar":"","ocean_shortcode_after_top_bar":"","ocean_shortcode_before_header":"","ocean_shortcode_after_header":"","ocean_has_shortcode":"","ocean_shortcode_after_title":"","ocean_shortcode_before_footer_widgets":"","ocean_shortcode_after_footer_widgets":"","ocean_shortcode_before_footer_bottom":"","ocean_shortcode_after_footer_bottom":"","ocean_display_top_bar":"default","ocean_display_header":"default","ocean_header_style":"","ocean_center_header_left_menu":"","ocean_custom_header_template":"","ocean_custom_logo":0,"ocean_custom_retina_logo":0,"ocean_custom_logo_max_width":0,"ocean_custom_logo_tablet_max_width":0,"ocean_custom_logo_mobile_max_width":0,"ocean_custom_logo_max_height":0,"ocean_custom_logo_tablet_max_height":0,"ocean_custom_logo_mobile_max_height":0,"ocean_header_custom_menu":"","ocean_menu_typo_font_family":"","ocean_menu_typo_font_subset":"","ocean_menu_typo_font_size":0,"ocean_menu_typo_font_size_tablet":0,"ocean_menu_typo_font_size_mobile":0,"ocean_menu_typo_font_size_unit":"px","ocean_menu_typo_font_weight":"","ocean_menu_typo_font_weight_tablet":"","ocean_menu_typo_font_weight_mobile":"","ocean_menu_typo_transform":"","ocean_menu_typo_transform_tablet":"","ocean_menu_typo_transform_mobile":"","ocean_menu_typo_line_height":0,"ocean_menu_typo_line_height_tablet":0,"ocean_menu_typo_line_height_mobile":0,"ocean_menu_typo_line_height_unit":"","ocean_menu_typo_spacing":0,"ocean_menu_typo_spacing_tablet":0,"ocean_menu_typo_spacing_mobile":0,"ocean_menu_typo_spacing_unit":"","ocean_menu_link_color":"","ocean_menu_link_color_hover":"","ocean_menu_link_color_active":"","ocean_menu_link_background":"","ocean_menu_link_hover_background":"","ocean_menu_link_active_background":"","ocean_menu_social_links_bg":"","ocean_menu_social_hover_links_bg":"","ocean_menu_social_links_color":"","ocean_menu_social_hover_links_color":"","ocean_disable_title":"default","ocean_disable_heading":"default","ocean_post_title":"","ocean_post_subheading":"","ocean_post_title_style":"","ocean_post_title_background_color":"","ocean_post_title_background":0,"ocean_post_title_bg_image_position":"","ocean_post_title_bg_image_attachment":"","ocean_post_title_bg_image_repeat":"","ocean_post_title_bg_image_size":"","ocean_post_title_height":0,"ocean_post_title_bg_overlay":0.5,"ocean_post_title_bg_overlay_color":"","ocean_disable_breadcrumbs":"default","ocean_breadcrumbs_color":"","ocean_breadcrumbs_separator_color":"","ocean_breadcrumbs_links_color":"","ocean_breadcrumbs_links_hover_color":"","ocean_display_footer_widgets":"default","ocean_display_footer_bottom":"default","ocean_custom_footer_template":"","omw_enable_modal_window":"enable","ocean_post_oembed":"","ocean_post_self_hosted_media":"","ocean_post_video_embed":"","ocean_link_format":"","ocean_link_format_target":"self","ocean_quote_format":"","ocean_quote_format_link":"post","ocean_gallery_link_images":"on","ocean_gallery_id":[],"footnotes":""},"categories":[290],"tags":[],"class_list":["post-20810","post","type-post","status-publish","format-standard","has-post-thumbnail","hentry","category-partenariats-evenements","entry","has-media","owp-thumbs-layout-vertical","owp-btn-normal","owp-tabs-layout-horizontal","has-no-thumbnails","has-product-nav"],"acf":[],"yoast_head":"<!-- This site is optimized with the Yoast SEO plugin v27.5 - https:\/\/yoast.com\/product\/yoast-seo-wordpress\/ -->\n<title>Caviar de Neuvic Exp\u00e9rience : Soir\u00e9e JAZZ &amp; CAVIAR<\/title>\n<meta name=\"description\" content=\"Caviar de Neuvic Exp\u00e9rience : Soir\u00e9e JAZZ &amp; CAVIAR. Caviar de Neuvic a le plaisir de vous inviter jeudi 15 Septembre 2022 \u00e0 19h30 \u00e0 Bordeaux\" \/>\n<meta name=\"robots\" content=\"index, follow, max-snippet:-1, max-image-preview:large, max-video-preview:-1\" \/>\n<link rel=\"canonical\" href=\"https:\/\/caviar-de-neuvic.com\/de\/partenariats-evenements\/caviar-de-neuvic-experience-soiree-jazz-caviar\/\" \/>\n<meta property=\"og:locale\" content=\"de_DE\" \/>\n<meta property=\"og:type\" content=\"article\" \/>\n<meta property=\"og:title\" content=\"Caviar de Neuvic Exp\u00e9rience : Soir\u00e9e JAZZ &amp; CAVIAR\" \/>\n<meta property=\"og:description\" content=\"Caviar de Neuvic Exp\u00e9rience : Soir\u00e9e JAZZ &amp; CAVIAR. Caviar de Neuvic a le plaisir de vous inviter jeudi 15 Septembre 2022 \u00e0 19h30 \u00e0 Bordeaux\" \/>\n<meta property=\"og:url\" content=\"https:\/\/caviar-de-neuvic.com\/de\/partenariats-evenements\/caviar-de-neuvic-experience-soiree-jazz-caviar\/\" \/>\n<meta property=\"og:site_name\" content=\"Producteur Fran\u00e7ais De Caviar\" \/>\n<meta property=\"article:published_time\" content=\"2022-09-01T07:00:40+00:00\" \/>\n<meta property=\"og:image\" content=\"https:\/\/caviar-de-neuvic.com\/wp-content\/uploads\/2022\/08\/JAZZ-CAVIAR-150922-1.png\" \/>\n\t<meta property=\"og:image:width\" content=\"1653\" \/>\n\t<meta property=\"og:image:height\" content=\"2339\" \/>\n\t<meta property=\"og:image:type\" content=\"image\/png\" \/>\n<meta name=\"author\" content=\"Laurine Gay\" \/>\n<meta name=\"twitter:card\" content=\"summary_large_image\" \/>\n<meta name=\"twitter:label1\" content=\"Verfasst von\" \/>\n\t<meta name=\"twitter:data1\" content=\"Laurine Gay\" \/>\n\t<meta name=\"twitter:label2\" content=\"Gesch\u00e4tzte Lesezeit\" \/>\n\t<meta name=\"twitter:data2\" content=\"2\u00a0Minuten\" \/>\n<script type=\"application\/ld+json\" class=\"yoast-schema-graph\">{\"@context\":\"https:\\\/\\\/schema.org\",\"@graph\":[{\"@type\":\"Article\",\"@id\":\"https:\\\/\\\/caviar-de-neuvic.com\\\/fr\\\/partenariats-evenements\\\/caviar-de-neuvic-experience-soiree-jazz-caviar\\\/#article\",\"isPartOf\":{\"@id\":\"https:\\\/\\\/caviar-de-neuvic.com\\\/fr\\\/partenariats-evenements\\\/caviar-de-neuvic-experience-soiree-jazz-caviar\\\/\"},\"author\":{\"name\":\"Laurine Gay\",\"@id\":\"http:\\\/\\\/caviar-de-neuvic.com\\\/fr\\\/#\\\/schema\\\/person\\\/89912ad55a5ddd5efeb92f2d32511b03\"},\"headline\":\"Caviar de Neuvic Exp\u00e9rience : Soir\u00e9e Jazz &#038; Caviar\",\"datePublished\":\"2022-09-01T07:00:40+00:00\",\"mainEntityOfPage\":{\"@id\":\"https:\\\/\\\/caviar-de-neuvic.com\\\/fr\\\/partenariats-evenements\\\/caviar-de-neuvic-experience-soiree-jazz-caviar\\\/\"},\"wordCount\":226,\"commentCount\":0,\"publisher\":{\"@id\":\"http:\\\/\\\/caviar-de-neuvic.com\\\/fr\\\/#organization\"},\"image\":{\"@id\":\"https:\\\/\\\/caviar-de-neuvic.com\\\/fr\\\/partenariats-evenements\\\/caviar-de-neuvic-experience-soiree-jazz-caviar\\\/#primaryimage\"},\"thumbnailUrl\":\"https:\\\/\\\/caviar-de-neuvic.com\\\/wp-content\\\/uploads\\\/2022\\\/08\\\/JAZZ-CAVIAR-150922-1.png\",\"articleSection\":[\"Partenariats &amp; \u00c9v\u00e9nements\"],\"inLanguage\":\"de\",\"potentialAction\":[{\"@type\":\"CommentAction\",\"name\":\"Comment\",\"target\":[\"https:\\\/\\\/caviar-de-neuvic.com\\\/fr\\\/partenariats-evenements\\\/caviar-de-neuvic-experience-soiree-jazz-caviar\\\/#respond\"]}]},{\"@type\":\"WebPage\",\"@id\":\"https:\\\/\\\/caviar-de-neuvic.com\\\/fr\\\/partenariats-evenements\\\/caviar-de-neuvic-experience-soiree-jazz-caviar\\\/\",\"url\":\"https:\\\/\\\/caviar-de-neuvic.com\\\/fr\\\/partenariats-evenements\\\/caviar-de-neuvic-experience-soiree-jazz-caviar\\\/\",\"name\":\"Caviar de Neuvic Exp\u00e9rience : Soir\u00e9e JAZZ & CAVIAR\",\"isPartOf\":{\"@id\":\"http:\\\/\\\/caviar-de-neuvic.com\\\/fr\\\/#website\"},\"primaryImageOfPage\":{\"@id\":\"https:\\\/\\\/caviar-de-neuvic.com\\\/fr\\\/partenariats-evenements\\\/caviar-de-neuvic-experience-soiree-jazz-caviar\\\/#primaryimage\"},\"image\":{\"@id\":\"https:\\\/\\\/caviar-de-neuvic.com\\\/fr\\\/partenariats-evenements\\\/caviar-de-neuvic-experience-soiree-jazz-caviar\\\/#primaryimage\"},\"thumbnailUrl\":\"https:\\\/\\\/caviar-de-neuvic.com\\\/wp-content\\\/uploads\\\/2022\\\/08\\\/JAZZ-CAVIAR-150922-1.png\",\"datePublished\":\"2022-09-01T07:00:40+00:00\",\"description\":\"Caviar de Neuvic Exp\u00e9rience : Soir\u00e9e JAZZ & CAVIAR. Caviar de Neuvic a le plaisir de vous inviter jeudi 15 Septembre 2022 \u00e0 19h30 \u00e0 Bordeaux\",\"breadcrumb\":{\"@id\":\"https:\\\/\\\/caviar-de-neuvic.com\\\/fr\\\/partenariats-evenements\\\/caviar-de-neuvic-experience-soiree-jazz-caviar\\\/#breadcrumb\"},\"inLanguage\":\"de\",\"potentialAction\":[{\"@type\":\"ReadAction\",\"target\":[\"https:\\\/\\\/caviar-de-neuvic.com\\\/fr\\\/partenariats-evenements\\\/caviar-de-neuvic-experience-soiree-jazz-caviar\\\/\"]}]},{\"@type\":\"ImageObject\",\"inLanguage\":\"de\",\"@id\":\"https:\\\/\\\/caviar-de-neuvic.com\\\/fr\\\/partenariats-evenements\\\/caviar-de-neuvic-experience-soiree-jazz-caviar\\\/#primaryimage\",\"url\":\"https:\\\/\\\/caviar-de-neuvic.com\\\/wp-content\\\/uploads\\\/2022\\\/08\\\/JAZZ-CAVIAR-150922-1.png\",\"contentUrl\":\"https:\\\/\\\/caviar-de-neuvic.com\\\/wp-content\\\/uploads\\\/2022\\\/08\\\/JAZZ-CAVIAR-150922-1.png\",\"width\":1653,\"height\":2339,\"caption\":\"Caviar de Neuvic Exp\u00e9rience : Soir\u00e9e JAZZ & CAVIAR\"},{\"@type\":\"BreadcrumbList\",\"@id\":\"https:\\\/\\\/caviar-de-neuvic.com\\\/fr\\\/partenariats-evenements\\\/caviar-de-neuvic-experience-soiree-jazz-caviar\\\/#breadcrumb\",\"itemListElement\":[{\"@type\":\"ListItem\",\"position\":1,\"name\":\"Caviar de Neuvic\",\"item\":\"https:\\\/\\\/caviar-de-neuvic.com\\\/\"},{\"@type\":\"ListItem\",\"position\":2,\"name\":\"Partenariats &amp; \u00c9v\u00e9nements\",\"item\":\"https:\\\/\\\/caviar-de-neuvic.com\\\/fr\\\/category\\\/partenariats-evenements\\\/\"},{\"@type\":\"ListItem\",\"position\":3,\"name\":\"Caviar de Neuvic Exp\u00e9rience : Soir\u00e9e Jazz &#038; Caviar\"}]},{\"@type\":\"WebSite\",\"@id\":\"http:\\\/\\\/caviar-de-neuvic.com\\\/fr\\\/#website\",\"url\":\"http:\\\/\\\/caviar-de-neuvic.com\\\/fr\\\/\",\"name\":\"Producteur Fran\u00e7ais De Caviar\",\"description\":\"\",\"publisher\":{\"@id\":\"http:\\\/\\\/caviar-de-neuvic.com\\\/fr\\\/#organization\"},\"potentialAction\":[{\"@type\":\"SearchAction\",\"target\":{\"@type\":\"EntryPoint\",\"urlTemplate\":\"http:\\\/\\\/caviar-de-neuvic.com\\\/fr\\\/?s={search_term_string}\"},\"query-input\":{\"@type\":\"PropertyValueSpecification\",\"valueRequired\":true,\"valueName\":\"search_term_string\"}}],\"inLanguage\":\"de\"},{\"@type\":\"Organization\",\"@id\":\"http:\\\/\\\/caviar-de-neuvic.com\\\/fr\\\/#organization\",\"name\":\"Producteur Fran\u00e7ais De Caviar\",\"url\":\"http:\\\/\\\/caviar-de-neuvic.com\\\/fr\\\/\",\"logo\":{\"@type\":\"ImageObject\",\"inLanguage\":\"de\",\"@id\":\"http:\\\/\\\/caviar-de-neuvic.com\\\/fr\\\/#\\\/schema\\\/logo\\\/image\\\/\",\"url\":\"\",\"contentUrl\":\"\",\"caption\":\"Producteur Fran\u00e7ais De Caviar\"},\"image\":{\"@id\":\"http:\\\/\\\/caviar-de-neuvic.com\\\/fr\\\/#\\\/schema\\\/logo\\\/image\\\/\"}},{\"@type\":\"Person\",\"@id\":\"http:\\\/\\\/caviar-de-neuvic.com\\\/fr\\\/#\\\/schema\\\/person\\\/89912ad55a5ddd5efeb92f2d32511b03\",\"name\":\"Laurine Gay\",\"url\":\"https:\\\/\\\/caviar-de-neuvic.com\\\/de\\\/author\\\/laurine-gaycaviardeneuvic-com\\\/\"}]}<\/script>\n<!-- \/ Yoast SEO plugin. -->","yoast_head_json":{"title":"Caviar de Neuvic Exp\u00e9rience : Soir\u00e9e JAZZ & CAVIAR","description":"Caviar de Neuvic Exp\u00e9rience : Soir\u00e9e JAZZ & CAVIAR. Caviar de Neuvic a le plaisir de vous inviter jeudi 15 Septembre 2022 \u00e0 19h30 \u00e0 Bordeaux","robots":{"index":"index","follow":"follow","max-snippet":"max-snippet:-1","max-image-preview":"max-image-preview:large","max-video-preview":"max-video-preview:-1"},"canonical":"https:\/\/caviar-de-neuvic.com\/de\/partenariats-evenements\/caviar-de-neuvic-experience-soiree-jazz-caviar\/","og_locale":"de_DE","og_type":"article","og_title":"Caviar de Neuvic Exp\u00e9rience : Soir\u00e9e JAZZ & CAVIAR","og_description":"Caviar de Neuvic Exp\u00e9rience : Soir\u00e9e JAZZ & CAVIAR. Caviar de Neuvic a le plaisir de vous inviter jeudi 15 Septembre 2022 \u00e0 19h30 \u00e0 Bordeaux","og_url":"https:\/\/caviar-de-neuvic.com\/de\/partenariats-evenements\/caviar-de-neuvic-experience-soiree-jazz-caviar\/","og_site_name":"Producteur Fran\u00e7ais De Caviar","article_published_time":"2022-09-01T07:00:40+00:00","og_image":[{"width":1653,"height":2339,"url":"https:\/\/caviar-de-neuvic.com\/wp-content\/uploads\/2022\/08\/JAZZ-CAVIAR-150922-1.png","type":"image\/png"}],"author":"Laurine Gay","twitter_card":"summary_large_image","twitter_misc":{"Verfasst von":"Laurine Gay","Gesch\u00e4tzte Lesezeit":"2\u00a0Minuten"},"schema":{"@context":"https:\/\/schema.org","@graph":[{"@type":"Article","@id":"https:\/\/caviar-de-neuvic.com\/fr\/partenariats-evenements\/caviar-de-neuvic-experience-soiree-jazz-caviar\/#article","isPartOf":{"@id":"https:\/\/caviar-de-neuvic.com\/fr\/partenariats-evenements\/caviar-de-neuvic-experience-soiree-jazz-caviar\/"},"author":{"name":"Laurine Gay","@id":"http:\/\/caviar-de-neuvic.com\/fr\/#\/schema\/person\/89912ad55a5ddd5efeb92f2d32511b03"},"headline":"Caviar de Neuvic Exp\u00e9rience : Soir\u00e9e Jazz &#038; Caviar","datePublished":"2022-09-01T07:00:40+00:00","mainEntityOfPage":{"@id":"https:\/\/caviar-de-neuvic.com\/fr\/partenariats-evenements\/caviar-de-neuvic-experience-soiree-jazz-caviar\/"},"wordCount":226,"commentCount":0,"publisher":{"@id":"http:\/\/caviar-de-neuvic.com\/fr\/#organization"},"image":{"@id":"https:\/\/caviar-de-neuvic.com\/fr\/partenariats-evenements\/caviar-de-neuvic-experience-soiree-jazz-caviar\/#primaryimage"},"thumbnailUrl":"https:\/\/caviar-de-neuvic.com\/wp-content\/uploads\/2022\/08\/JAZZ-CAVIAR-150922-1.png","articleSection":["Partenariats &amp; \u00c9v\u00e9nements"],"inLanguage":"de","potentialAction":[{"@type":"CommentAction","name":"Comment","target":["https:\/\/caviar-de-neuvic.com\/fr\/partenariats-evenements\/caviar-de-neuvic-experience-soiree-jazz-caviar\/#respond"]}]},{"@type":"WebPage","@id":"https:\/\/caviar-de-neuvic.com\/fr\/partenariats-evenements\/caviar-de-neuvic-experience-soiree-jazz-caviar\/","url":"https:\/\/caviar-de-neuvic.com\/fr\/partenariats-evenements\/caviar-de-neuvic-experience-soiree-jazz-caviar\/","name":"Caviar de Neuvic Exp\u00e9rience : Soir\u00e9e JAZZ & CAVIAR","isPartOf":{"@id":"http:\/\/caviar-de-neuvic.com\/fr\/#website"},"primaryImageOfPage":{"@id":"https:\/\/caviar-de-neuvic.com\/fr\/partenariats-evenements\/caviar-de-neuvic-experience-soiree-jazz-caviar\/#primaryimage"},"image":{"@id":"https:\/\/caviar-de-neuvic.com\/fr\/partenariats-evenements\/caviar-de-neuvic-experience-soiree-jazz-caviar\/#primaryimage"},"thumbnailUrl":"https:\/\/caviar-de-neuvic.com\/wp-content\/uploads\/2022\/08\/JAZZ-CAVIAR-150922-1.png","datePublished":"2022-09-01T07:00:40+00:00","description":"Caviar de Neuvic Exp\u00e9rience : Soir\u00e9e JAZZ & CAVIAR. Caviar de Neuvic a le plaisir de vous inviter jeudi 15 Septembre 2022 \u00e0 19h30 \u00e0 Bordeaux","breadcrumb":{"@id":"https:\/\/caviar-de-neuvic.com\/fr\/partenariats-evenements\/caviar-de-neuvic-experience-soiree-jazz-caviar\/#breadcrumb"},"inLanguage":"de","potentialAction":[{"@type":"ReadAction","target":["https:\/\/caviar-de-neuvic.com\/fr\/partenariats-evenements\/caviar-de-neuvic-experience-soiree-jazz-caviar\/"]}]},{"@type":"ImageObject","inLanguage":"de","@id":"https:\/\/caviar-de-neuvic.com\/fr\/partenariats-evenements\/caviar-de-neuvic-experience-soiree-jazz-caviar\/#primaryimage","url":"https:\/\/caviar-de-neuvic.com\/wp-content\/uploads\/2022\/08\/JAZZ-CAVIAR-150922-1.png","contentUrl":"https:\/\/caviar-de-neuvic.com\/wp-content\/uploads\/2022\/08\/JAZZ-CAVIAR-150922-1.png","width":1653,"height":2339,"caption":"Caviar de Neuvic Exp\u00e9rience : Soir\u00e9e JAZZ & CAVIAR"},{"@type":"BreadcrumbList","@id":"https:\/\/caviar-de-neuvic.com\/fr\/partenariats-evenements\/caviar-de-neuvic-experience-soiree-jazz-caviar\/#breadcrumb","itemListElement":[{"@type":"ListItem","position":1,"name":"Caviar de Neuvic","item":"https:\/\/caviar-de-neuvic.com\/"},{"@type":"ListItem","position":2,"name":"Partenariats &amp; \u00c9v\u00e9nements","item":"https:\/\/caviar-de-neuvic.com\/fr\/category\/partenariats-evenements\/"},{"@type":"ListItem","position":3,"name":"Caviar de Neuvic Exp\u00e9rience : Soir\u00e9e Jazz &#038; Caviar"}]},{"@type":"WebSite","@id":"http:\/\/caviar-de-neuvic.com\/fr\/#website","url":"http:\/\/caviar-de-neuvic.com\/fr\/","name":"Producteur Fran\u00e7ais De Caviar","description":"","publisher":{"@id":"http:\/\/caviar-de-neuvic.com\/fr\/#organization"},"potentialAction":[{"@type":"SearchAction","target":{"@type":"EntryPoint","urlTemplate":"http:\/\/caviar-de-neuvic.com\/fr\/?s={search_term_string}"},"query-input":{"@type":"PropertyValueSpecification","valueRequired":true,"valueName":"search_term_string"}}],"inLanguage":"de"},{"@type":"Organization","@id":"http:\/\/caviar-de-neuvic.com\/fr\/#organization","name":"Producteur Fran\u00e7ais De Caviar","url":"http:\/\/caviar-de-neuvic.com\/fr\/","logo":{"@type":"ImageObject","inLanguage":"de","@id":"http:\/\/caviar-de-neuvic.com\/fr\/#\/schema\/logo\/image\/","url":"","contentUrl":"","caption":"Producteur Fran\u00e7ais De Caviar"},"image":{"@id":"http:\/\/caviar-de-neuvic.com\/fr\/#\/schema\/logo\/image\/"}},{"@type":"Person","@id":"http:\/\/caviar-de-neuvic.com\/fr\/#\/schema\/person\/89912ad55a5ddd5efeb92f2d32511b03","name":"Laurine Gay","url":"https:\/\/caviar-de-neuvic.com\/de\/author\/laurine-gaycaviardeneuvic-com\/"}]}},"_links":{"self":[{"href":"https:\/\/caviar-de-neuvic.com\/de\/wp-json\/wp\/v2\/posts\/20810","targetHints":{"allow":["GET"]}}],"collection":[{"href":"https:\/\/caviar-de-neuvic.com\/de\/wp-json\/wp\/v2\/posts"}],"about":[{"href":"https:\/\/caviar-de-neuvic.com\/de\/wp-json\/wp\/v2\/types\/post"}],"author":[{"embeddable":true,"href":"https:\/\/caviar-de-neuvic.com\/de\/wp-json\/wp\/v2\/users\/11896"}],"replies":[{"embeddable":true,"href":"https:\/\/caviar-de-neuvic.com\/de\/wp-json\/wp\/v2\/comments?post=20810"}],"version-history":[{"count":0,"href":"https:\/\/caviar-de-neuvic.com\/de\/wp-json\/wp\/v2\/posts\/20810\/revisions"}],"wp:featuredmedia":[{"embeddable":true,"href":"https:\/\/caviar-de-neuvic.com\/de\/wp-json\/wp\/v2\/media\/20986"}],"wp:attachment":[{"href":"https:\/\/caviar-de-neuvic.com\/de\/wp-json\/wp\/v2\/media?parent=20810"}],"wp:term":[{"taxonomy":"category","embeddable":true,"href":"https:\/\/caviar-de-neuvic.com\/de\/wp-json\/wp\/v2\/categories?post=20810"},{"taxonomy":"post_tag","embeddable":true,"href":"https:\/\/caviar-de-neuvic.com\/de\/wp-json\/wp\/v2\/tags?post=20810"}],"curies":[{"name":"wp","href":"https:\/\/api.w.org\/{rel}","templated":true}]}}