{"id":20827,"date":"2023-06-22T09:00:12","date_gmt":"2023-06-22T07:00:12","guid":{"rendered":"https:\/\/caviar-de-neuvic.com\/parlons-caviar\/?p=6674"},"modified":"2023-06-22T09:00:12","modified_gmt":"2023-06-22T07:00:12","slug":"caviar-de-neuvic-lance-tous-les-jeudis-des-aperos-chic","status":"publish","type":"post","link":"https:\/\/caviar-de-neuvic.com\/de\/partenariats-evenements\/caviar-de-neuvic-lance-tous-les-jeudis-des-aperos-chic\/","title":{"rendered":"Caviar de Neuvic lance tous les jeudis des Ap\u00e9ros Chic"},"content":{"rendered":"<p><b>Caviar de Neuvic lance tous les jeudis des Ap\u00e9ros Chic\u00a0<\/b><b>dans ses boutiques \u00e0 Paris, Bordeaux et Lyon.<\/b><\/p>\n<p><span style=\"font-weight: 400;\"><a href=\"https:\/\/caviar-de-neuvic.com\/de\/\" target=\"_blank\" rel=\"noopener\">Nous sommes <\/a>ravi d&rsquo;annoncer le lancement de notre nouvel \u00e9v\u00e9nement estival : \u00ab\u00a0Ap\u00e9ro Chic\u00a0\u00bb. \u00c0 partir du 20 juillet 2023, tous les amateurs et connaisseurs de gastronomie auront l&rsquo;occasion de venir passer un moment de pure d\u00e9tente dans nos boutiques \u00e0 <a href=\"https:\/\/caviar-de-neuvic.com\/de\/parlons-caviar\/caviar-a-paris\/\" target=\"_blank\" rel=\"noopener\">Paris<\/a>, <a href=\"https:\/\/caviar-de-neuvic.com\/de\/parlons-caviar\/comptoir-caviar-de-neuvic-bordeaux-un-lieu-de-vie\/\" target=\"_blank\" rel=\"noopener\">Bordeaux<\/a> et <a href=\"https:\/\/caviar-de-neuvic.com\/de\/parlons-caviar\/caviar-de-neuvic-ouvre-sa-4eme-boutique-a-lyon\/\" target=\"_blank\" rel=\"noopener\">Lyon<\/a>, et ce, tous les jeudis jusqu&rsquo;\u00e0 la fin du mois d&rsquo;ao\u00fbt.<\/span><\/p>\n<p><span style=\"font-weight: 400;\">Durant ces \u00e9v\u00e9nements, nous proposons aux participants une d\u00e9gustation exclusive de<a href=\"https:\/\/caviar-de-neuvic.com\/de\/caviar-baeri\/6-caviar-baeri-nano-six-boites.html\/\" target=\"_blank\" rel=\"noopener\"> Caviar Baeri Signature 10 g<\/a> accompagn\u00e9e de 3 cocktails raffin\u00e9s.<\/span><\/p>\n\t\t<style>\n\t\t\t.blog_sticker{\n\t\t\t\tmargin-top: 50px !important;\n\t\t\t\tdisplay: flex;\n  \t\t\t\tjustify-content: center;\n\t\t\t\tflex-wrap: wrap;\n\t\t\t}\n\t\t\t.blog_sticker .product-miniature-list.row .span_1_of_3{\n\t\t\t\twidth: 100%!important;\n\t\t\t\tflex: 0 0 100%!important;\n\t\t\t\tmax-width: 400px!important;\n\t\t\t}\n\t\t\t.blog_sticker_right{\n\t\t\t\tmax-width: 400px;\n\t\t\t}\n\t\t\t.product-miniature-list.row {\n\t\t\t\tdisplay: flex;\n\t\t\t\tjustify-content: center;\n\t\t\t\tflex-wrap: wrap;\n\t\t\t}\n\t\t<\/style>\n\t\t<div class=\"blog_sticker d-flex flex-wrap\">\n\t\t\t<div class=\"blog_sticker_left col-sm-12 col-md-6 products-grid\">\n\t\t\t\t<div class=\"product-miniature-list row\">\n\t\t\t\t\t\t\t\t\t<\/div>\n\t\t\t<\/div>\n\t\t\t<div class=\"blog_sticker_right col-sm-12 col-md-6\">\n\t\t\t\t\t\t\t<\/div>\n\t\t<\/div>\n\t\n<p><span style=\"font-weight: 400;\">Les \u00e9v\u00e9nements \u00ab\u00a0Ap\u00e9ro Chic\u00a0\u00bb sont une occasion unique de vivre une exp\u00e9rience gustative hors du commun. Nous associons l&rsquo;excellence du caviar \u00e0 des cocktails \u00e9l\u00e9gants et savoureux. Le tarif exceptionnel de 34 euros par personne garantit un moment de plaisir et de d\u00e9couverte accessible \u00e0 tous les gourmets.<\/span><\/p>\n<h3><b>D\u00e9gustation exquise d&rsquo;un caviar d&rsquo;exception dans une atmosph\u00e8re \u00e9l\u00e9gante.<\/b><\/h3>\n<p><span style=\"font-weight: 400;\">Chaque participant de l&rsquo;\u00e9v\u00e9nement aura le plaisir de d\u00e9guster une bo\u00eete nano de 10 g du c\u00e9l\u00e8bre <a href=\"https:\/\/caviar-de-neuvic.com\/de\/parlons-caviar\/la-roue-aromatique-du-caviar\/\" target=\"_blank\" rel=\"noopener\">Caviar Baeri signature<\/a>. Issu d&rsquo;un savoir-faire artisanal unique et d&rsquo;un engagement envers la qualit\u00e9, ce caviar d&rsquo;exception ravira les palais les plus fins. En effet il d\u00e9voilera ses saveurs d\u00e9licates, sa texture velout\u00e9e et son ar\u00f4me subtil. Ces d\u00e9gustations se d\u00e9rouleront dans un cadre raffin\u00e9 et convivial. Que cela soit sur une terrasse ensoleill\u00e9e au c\u0153ur de Paris ou dans un espace \u00e9l\u00e9gamment am\u00e9nag\u00e9 dans nos boutiques. Les participants profiteront d&rsquo;une atmosph\u00e8re estivale tout en d\u00e9couvrant de nouvelles sensations gustatives.<\/span><\/p>\n<p><img fetchpriority=\"high\" decoding=\"async\" class=\"alignnone size-medium wp-image-6690\" src=\"http:\/\/caviar-de-neuvic.com\/wp-content\/uploads\/2023\/06\/CDN_APERO_CHIC_050623_\u00aeAV-3-300x300.jpg\" alt=\"\" width=\"300\" height=\"300\" \/> <img decoding=\"async\" class=\"alignnone size-medium wp-image-6691\" src=\"http:\/\/caviar-de-neuvic.com\/wp-content\/uploads\/2023\/06\/CDN_APERO_CHIC_050623_\u00aeAV-9-300x300.jpg\" alt=\"\" width=\"300\" height=\"300\" \/> <img decoding=\"async\" class=\"alignnone size-medium wp-image-6692\" src=\"http:\/\/caviar-de-neuvic.com\/wp-content\/uploads\/2023\/06\/CDN_APERO_CHIC_050623_\u00aeAV-11-300x300.jpg\" alt=\"\" width=\"300\" height=\"300\" \/><\/p>\n<h3><b>Des cocktails fra\u00eecheur associ\u00e9s \u00e0 un met divin pour une d\u00e9gustation d&rsquo;exception<\/b><span style=\"font-weight: 400;\">.<\/span><\/h3>\n<p><span style=\"font-weight: 400;\">Nous vous proposons trois cocktails sophistiqu\u00e9s cr\u00e9\u00e9s express\u00e9ment pour l&rsquo;\u00e9v\u00e9nement. Un sans alcool, un p\u00e9tillant et un contenant la fameuse Vodka Neuvik. Chaque cocktail a \u00e9t\u00e9 sp\u00e9cialement con\u00e7u afin de compl\u00e9ter et d&rsquo;enrichir la d\u00e9gustation du caviar Baeri signature. Ils mettent en valeur les saveurs d\u00e9licates et les nuances subtiles de notre caviar, offrant ainsi une exp\u00e9rience culinaire unique et exquise.<\/span><\/p>\n<p><b>OZCO TONIC &#8211; SANS ALCOOL<\/b><span style=\"font-weight: 400;\"> : Pour ceux qui pr\u00e9f\u00e8rent les boissons sans alcool, l&rsquo;Ozco Tonic, un cocktail rafra\u00eechissant et \u00e9quilibr\u00e9, sera propos\u00e9.<\/span><\/p>\n<p><b>SAINT GERMAIN &#8211; LE P\u00c9TILLANT<\/b><span style=\"font-weight: 400;\"> : Les amateurs de p\u00e9tillant seront s\u00e9duits par le \u00ab\u00a0Saint Germain\u00a0\u00bb, un cocktail d\u00e9licat et \u00e9l\u00e9gant.<\/span><\/p>\n<p><b>MOSCOW MULE &#8211; LA VODKA NEUVIK<\/b><span style=\"font-weight: 400;\"> : Enfin, les amateurs de vodka pourront savourer le \u00ab\u00a0Moscow Mule\u00a0\u00bb, qui associe habilement la Vodka Neuvik \u00e0 des ingr\u00e9dients soigneusement s\u00e9lectionn\u00e9s.<\/span><\/p>\n<p><img loading=\"lazy\" decoding=\"async\" class=\"alignnone size-medium wp-image-6687\" src=\"http:\/\/caviar-de-neuvic.com\/wp-content\/uploads\/2023\/06\/CDN_APERO_CHIC_050623_\u00aeAV-17-200x300.jpg\" alt=\"\" width=\"200\" height=\"300\" \/> <img loading=\"lazy\" decoding=\"async\" class=\"alignnone size-medium wp-image-6688\" src=\"http:\/\/caviar-de-neuvic.com\/wp-content\/uploads\/2023\/06\/CDN_APERO_CHIC_050623_\u00aeAV-18-200x300.jpg\" alt=\"\" width=\"200\" height=\"300\" \/> <img loading=\"lazy\" decoding=\"async\" class=\"alignnone size-medium wp-image-6689\" src=\"http:\/\/caviar-de-neuvic.com\/wp-content\/uploads\/2023\/06\/CDN_APERO_CHIC_050623_\u00aeAV-19-200x300.jpg\" alt=\"\" width=\"200\" height=\"300\" \/><\/p>\n<h3><b>Une r\u00e9servation facile en ligne gr\u00e2ce \u00e0 Fever Up.<\/b><\/h3>\n<p><span style=\"font-weight: 400;\">Afin de faciliter l&rsquo;acc\u00e8s \u00e0 l&rsquo;\u00e9v\u00e9nement, les participants auront la possibilit\u00e9 de r\u00e9server leur place en ligne via la plateforme de billetterie <a href=\"https:\/\/feverup.com\/fr\" target=\"_blank\" rel=\"noopener\">\u00ab\u00a0Fever Up\u00a0\u00bb<\/a>. Cette plateforme de r\u00e9servation en ligne offre une solution pratique et s\u00e9curis\u00e9e pour r\u00e9server sa participation \u00e0 l&rsquo;\u00e9v\u00e9nement. Ainsi, les participants pourront acc\u00e9der \u00e0 un processus de r\u00e9servation simple et convivial, tout en b\u00e9n\u00e9ficiant d&rsquo;une exp\u00e9rience 100% s\u00e9curis\u00e9e.<\/span><\/p>\n<h3><b>Informations pratiques :<\/b><\/h3>\n<ul>\n<li style=\"font-weight: 400;\" aria-level=\"1\"><span style=\"font-weight: 400;\">Date : \u00c0 partir du 20 juillet puis tous les jeudis jusqu&rsquo;\u00e0 la fin du mois d&rsquo;ao\u00fbt<\/span><\/li>\n<li style=\"font-weight: 400;\" aria-level=\"1\"><span style=\"font-weight: 400;\">Lieu : 16 Rue de l&rsquo;Od\u00e9on, 75006 Paris ; 14 Passage Sarget, 33000 Bordeaux ; 84 Rue du Pr\u00e9sident \u00c9douard Herriot, 69002 Lyon<\/span><\/li>\n<li style=\"font-weight: 400;\" aria-level=\"1\"><span style=\"font-weight: 400;\">Tarifs : 34 euros<\/span><\/li>\n<li style=\"font-weight: 400;\" aria-level=\"1\"><span style=\"font-weight: 400;\">R\u00e9servation : \u201cFever Up\u00a0\u00bb<\/span><\/li>\n<\/ul>","protected":false},"excerpt":{"rendered":"<p>Caviar de Neuvic lance tous les jeudis des Ap\u00e9ros Chic\u00a0dans ses boutiques \u00e0 Paris, Bordeaux et Lyon. Nous sommes ravi d&rsquo;annoncer le lancement de notre nouvel \u00e9v\u00e9nement estival : \u00ab\u00a0Ap\u00e9ro Chic\u00a0\u00bb. \u00c0 partir du 20 juillet 2023, tous les amateurs et connaisseurs de gastronomie auront l&rsquo;occasion de venir passer un moment de pure d\u00e9tente dans [&hellip;]<\/p>\n","protected":false},"author":11896,"featured_media":21050,"comment_status":"open","ping_status":"closed","sticky":false,"template":"","format":"standard","meta":{"_acf_changed":false,"ocean_post_layout":"","ocean_both_sidebars_style":"","ocean_both_sidebars_content_width":0,"ocean_both_sidebars_sidebars_width":0,"ocean_sidebar":"","ocean_second_sidebar":"","ocean_disable_margins":"enable","ocean_add_body_class":"","ocean_shortcode_before_top_bar":"","ocean_shortcode_after_top_bar":"","ocean_shortcode_before_header":"","ocean_shortcode_after_header":"","ocean_has_shortcode":"","ocean_shortcode_after_title":"","ocean_shortcode_before_footer_widgets":"","ocean_shortcode_after_footer_widgets":"","ocean_shortcode_before_footer_bottom":"","ocean_shortcode_after_footer_bottom":"","ocean_display_top_bar":"default","ocean_display_header":"default","ocean_header_style":"","ocean_center_header_left_menu":"","ocean_custom_header_template":"","ocean_custom_logo":0,"ocean_custom_retina_logo":0,"ocean_custom_logo_max_width":0,"ocean_custom_logo_tablet_max_width":0,"ocean_custom_logo_mobile_max_width":0,"ocean_custom_logo_max_height":0,"ocean_custom_logo_tablet_max_height":0,"ocean_custom_logo_mobile_max_height":0,"ocean_header_custom_menu":"","ocean_menu_typo_font_family":"","ocean_menu_typo_font_subset":"","ocean_menu_typo_font_size":0,"ocean_menu_typo_font_size_tablet":0,"ocean_menu_typo_font_size_mobile":0,"ocean_menu_typo_font_size_unit":"px","ocean_menu_typo_font_weight":"","ocean_menu_typo_font_weight_tablet":"","ocean_menu_typo_font_weight_mobile":"","ocean_menu_typo_transform":"","ocean_menu_typo_transform_tablet":"","ocean_menu_typo_transform_mobile":"","ocean_menu_typo_line_height":0,"ocean_menu_typo_line_height_tablet":0,"ocean_menu_typo_line_height_mobile":0,"ocean_menu_typo_line_height_unit":"","ocean_menu_typo_spacing":0,"ocean_menu_typo_spacing_tablet":0,"ocean_menu_typo_spacing_mobile":0,"ocean_menu_typo_spacing_unit":"","ocean_menu_link_color":"","ocean_menu_link_color_hover":"","ocean_menu_link_color_active":"","ocean_menu_link_background":"","ocean_menu_link_hover_background":"","ocean_menu_link_active_background":"","ocean_menu_social_links_bg":"","ocean_menu_social_hover_links_bg":"","ocean_menu_social_links_color":"","ocean_menu_social_hover_links_color":"","ocean_disable_title":"default","ocean_disable_heading":"default","ocean_post_title":"","ocean_post_subheading":"","ocean_post_title_style":"","ocean_post_title_background_color":"","ocean_post_title_background":0,"ocean_post_title_bg_image_position":"","ocean_post_title_bg_image_attachment":"","ocean_post_title_bg_image_repeat":"","ocean_post_title_bg_image_size":"","ocean_post_title_height":0,"ocean_post_title_bg_overlay":0.5,"ocean_post_title_bg_overlay_color":"","ocean_disable_breadcrumbs":"default","ocean_breadcrumbs_color":"","ocean_breadcrumbs_separator_color":"","ocean_breadcrumbs_links_color":"","ocean_breadcrumbs_links_hover_color":"","ocean_display_footer_widgets":"default","ocean_display_footer_bottom":"default","ocean_custom_footer_template":"","omw_enable_modal_window":"enable","ocean_post_oembed":"","ocean_post_self_hosted_media":"","ocean_post_video_embed":"","ocean_link_format":"","ocean_link_format_target":"self","ocean_quote_format":"","ocean_quote_format_link":"post","ocean_gallery_link_images":"on","ocean_gallery_id":[],"footnotes":""},"categories":[290],"tags":[],"class_list":["post-20827","post","type-post","status-publish","format-standard","has-post-thumbnail","hentry","category-partenariats-evenements","entry","has-media","owp-thumbs-layout-vertical","owp-btn-normal","owp-tabs-layout-horizontal","has-no-thumbnails","has-product-nav"],"acf":[],"yoast_head":"<!-- This site is optimized with the Yoast SEO plugin v27.5 - https:\/\/yoast.com\/product\/yoast-seo-wordpress\/ -->\n<title>Caviar de Neuvic lance tous les jeudis des Ap\u00e9ros Chic - Producteur Fran\u00e7ais De Caviar<\/title>\n<meta name=\"description\" content=\"Caviar de Neuvic lance tous les jeudis des Ap\u00e9ros Chic dans ses boutiques \u00e0 Paris Bordeaux et Lyon \u00e0 partir du 20 juillet 2023.\" \/>\n<meta name=\"robots\" content=\"index, follow, max-snippet:-1, max-image-preview:large, max-video-preview:-1\" \/>\n<link rel=\"canonical\" href=\"https:\/\/caviar-de-neuvic.com\/de\/partenariats-evenements\/caviar-de-neuvic-lance-tous-les-jeudis-des-aperos-chic\/\" \/>\n<meta property=\"og:locale\" content=\"de_DE\" \/>\n<meta property=\"og:type\" content=\"article\" \/>\n<meta property=\"og:title\" content=\"Caviar de Neuvic lance tous les jeudis des Ap\u00e9ros Chic - Producteur Fran\u00e7ais De Caviar\" \/>\n<meta property=\"og:description\" content=\"Caviar de Neuvic lance tous les jeudis des Ap\u00e9ros Chic dans ses boutiques \u00e0 Paris Bordeaux et Lyon \u00e0 partir du 20 juillet 2023.\" \/>\n<meta property=\"og:url\" content=\"https:\/\/caviar-de-neuvic.com\/de\/partenariats-evenements\/caviar-de-neuvic-lance-tous-les-jeudis-des-aperos-chic\/\" \/>\n<meta property=\"og:site_name\" content=\"Producteur Fran\u00e7ais De Caviar\" \/>\n<meta property=\"article:published_time\" content=\"2023-06-22T07:00:12+00:00\" \/>\n<meta property=\"og:image\" content=\"https:\/\/caviar-de-neuvic.com\/wp-content\/uploads\/2023\/06\/CDN_APERO_CHIC_050623_\u00aeAV-13.jpg\" \/>\n\t<meta property=\"og:image:width\" content=\"1920\" \/>\n\t<meta property=\"og:image:height\" content=\"1281\" \/>\n\t<meta property=\"og:image:type\" content=\"image\/jpeg\" \/>\n<meta name=\"author\" content=\"Laurine Gay\" \/>\n<meta name=\"twitter:card\" content=\"summary_large_image\" \/>\n<meta name=\"twitter:label1\" content=\"Verfasst von\" \/>\n\t<meta name=\"twitter:data1\" content=\"Laurine Gay\" \/>\n\t<meta name=\"twitter:label2\" content=\"Gesch\u00e4tzte Lesezeit\" \/>\n\t<meta name=\"twitter:data2\" content=\"4\u00a0Minuten\" \/>\n<script type=\"application\/ld+json\" class=\"yoast-schema-graph\">{\"@context\":\"https:\\\/\\\/schema.org\",\"@graph\":[{\"@type\":\"Article\",\"@id\":\"https:\\\/\\\/caviar-de-neuvic.com\\\/fr\\\/partenariats-evenements\\\/caviar-de-neuvic-lance-tous-les-jeudis-des-aperos-chic\\\/#article\",\"isPartOf\":{\"@id\":\"https:\\\/\\\/caviar-de-neuvic.com\\\/fr\\\/partenariats-evenements\\\/caviar-de-neuvic-lance-tous-les-jeudis-des-aperos-chic\\\/\"},\"author\":{\"name\":\"Laurine Gay\",\"@id\":\"http:\\\/\\\/caviar-de-neuvic.com\\\/fr\\\/#\\\/schema\\\/person\\\/89912ad55a5ddd5efeb92f2d32511b03\"},\"headline\":\"Caviar de Neuvic lance tous les jeudis des Ap\u00e9ros Chic\",\"datePublished\":\"2023-06-22T07:00:12+00:00\",\"mainEntityOfPage\":{\"@id\":\"https:\\\/\\\/caviar-de-neuvic.com\\\/fr\\\/partenariats-evenements\\\/caviar-de-neuvic-lance-tous-les-jeudis-des-aperos-chic\\\/\"},\"wordCount\":594,\"commentCount\":0,\"publisher\":{\"@id\":\"http:\\\/\\\/caviar-de-neuvic.com\\\/fr\\\/#organization\"},\"image\":{\"@id\":\"https:\\\/\\\/caviar-de-neuvic.com\\\/fr\\\/partenariats-evenements\\\/caviar-de-neuvic-lance-tous-les-jeudis-des-aperos-chic\\\/#primaryimage\"},\"thumbnailUrl\":\"https:\\\/\\\/caviar-de-neuvic.com\\\/wp-content\\\/uploads\\\/2023\\\/06\\\/CDN_APERO_CHIC_050623_\u00aeAV-13.jpg\",\"articleSection\":[\"Partenariats &amp; \u00c9v\u00e9nements\"],\"inLanguage\":\"de\",\"potentialAction\":[{\"@type\":\"CommentAction\",\"name\":\"Comment\",\"target\":[\"https:\\\/\\\/caviar-de-neuvic.com\\\/fr\\\/partenariats-evenements\\\/caviar-de-neuvic-lance-tous-les-jeudis-des-aperos-chic\\\/#respond\"]}]},{\"@type\":\"WebPage\",\"@id\":\"https:\\\/\\\/caviar-de-neuvic.com\\\/fr\\\/partenariats-evenements\\\/caviar-de-neuvic-lance-tous-les-jeudis-des-aperos-chic\\\/\",\"url\":\"https:\\\/\\\/caviar-de-neuvic.com\\\/fr\\\/partenariats-evenements\\\/caviar-de-neuvic-lance-tous-les-jeudis-des-aperos-chic\\\/\",\"name\":\"Caviar de Neuvic lance tous les jeudis des Ap\u00e9ros Chic - Producteur Fran\u00e7ais De Caviar\",\"isPartOf\":{\"@id\":\"http:\\\/\\\/caviar-de-neuvic.com\\\/fr\\\/#website\"},\"primaryImageOfPage\":{\"@id\":\"https:\\\/\\\/caviar-de-neuvic.com\\\/fr\\\/partenariats-evenements\\\/caviar-de-neuvic-lance-tous-les-jeudis-des-aperos-chic\\\/#primaryimage\"},\"image\":{\"@id\":\"https:\\\/\\\/caviar-de-neuvic.com\\\/fr\\\/partenariats-evenements\\\/caviar-de-neuvic-lance-tous-les-jeudis-des-aperos-chic\\\/#primaryimage\"},\"thumbnailUrl\":\"https:\\\/\\\/caviar-de-neuvic.com\\\/wp-content\\\/uploads\\\/2023\\\/06\\\/CDN_APERO_CHIC_050623_\u00aeAV-13.jpg\",\"datePublished\":\"2023-06-22T07:00:12+00:00\",\"description\":\"Caviar de Neuvic lance tous les jeudis des Ap\u00e9ros Chic dans ses boutiques \u00e0 Paris Bordeaux et Lyon \u00e0 partir du 20 juillet 2023.\",\"breadcrumb\":{\"@id\":\"https:\\\/\\\/caviar-de-neuvic.com\\\/fr\\\/partenariats-evenements\\\/caviar-de-neuvic-lance-tous-les-jeudis-des-aperos-chic\\\/#breadcrumb\"},\"inLanguage\":\"de\",\"potentialAction\":[{\"@type\":\"ReadAction\",\"target\":[\"https:\\\/\\\/caviar-de-neuvic.com\\\/fr\\\/partenariats-evenements\\\/caviar-de-neuvic-lance-tous-les-jeudis-des-aperos-chic\\\/\"]}]},{\"@type\":\"ImageObject\",\"inLanguage\":\"de\",\"@id\":\"https:\\\/\\\/caviar-de-neuvic.com\\\/fr\\\/partenariats-evenements\\\/caviar-de-neuvic-lance-tous-les-jeudis-des-aperos-chic\\\/#primaryimage\",\"url\":\"https:\\\/\\\/caviar-de-neuvic.com\\\/wp-content\\\/uploads\\\/2023\\\/06\\\/CDN_APERO_CHIC_050623_\u00aeAV-13.jpg\",\"contentUrl\":\"https:\\\/\\\/caviar-de-neuvic.com\\\/wp-content\\\/uploads\\\/2023\\\/06\\\/CDN_APERO_CHIC_050623_\u00aeAV-13.jpg\",\"width\":1920,\"height\":1281,\"caption\":\"Caviar de Neuvic lance tous les jeudis des Ap\u00e9ros Chic\"},{\"@type\":\"BreadcrumbList\",\"@id\":\"https:\\\/\\\/caviar-de-neuvic.com\\\/fr\\\/partenariats-evenements\\\/caviar-de-neuvic-lance-tous-les-jeudis-des-aperos-chic\\\/#breadcrumb\",\"itemListElement\":[{\"@type\":\"ListItem\",\"position\":1,\"name\":\"Caviar de Neuvic\",\"item\":\"https:\\\/\\\/caviar-de-neuvic.com\\\/\"},{\"@type\":\"ListItem\",\"position\":2,\"name\":\"Partenariats &amp; \u00c9v\u00e9nements\",\"item\":\"https:\\\/\\\/caviar-de-neuvic.com\\\/fr\\\/category\\\/partenariats-evenements\\\/\"},{\"@type\":\"ListItem\",\"position\":3,\"name\":\"Caviar de Neuvic lance tous les jeudis des Ap\u00e9ros Chic\"}]},{\"@type\":\"WebSite\",\"@id\":\"http:\\\/\\\/caviar-de-neuvic.com\\\/fr\\\/#website\",\"url\":\"http:\\\/\\\/caviar-de-neuvic.com\\\/fr\\\/\",\"name\":\"Producteur Fran\u00e7ais De Caviar\",\"description\":\"\",\"publisher\":{\"@id\":\"http:\\\/\\\/caviar-de-neuvic.com\\\/fr\\\/#organization\"},\"potentialAction\":[{\"@type\":\"SearchAction\",\"target\":{\"@type\":\"EntryPoint\",\"urlTemplate\":\"http:\\\/\\\/caviar-de-neuvic.com\\\/fr\\\/?s={search_term_string}\"},\"query-input\":{\"@type\":\"PropertyValueSpecification\",\"valueRequired\":true,\"valueName\":\"search_term_string\"}}],\"inLanguage\":\"de\"},{\"@type\":\"Organization\",\"@id\":\"http:\\\/\\\/caviar-de-neuvic.com\\\/fr\\\/#organization\",\"name\":\"Producteur Fran\u00e7ais De Caviar\",\"url\":\"http:\\\/\\\/caviar-de-neuvic.com\\\/fr\\\/\",\"logo\":{\"@type\":\"ImageObject\",\"inLanguage\":\"de\",\"@id\":\"http:\\\/\\\/caviar-de-neuvic.com\\\/fr\\\/#\\\/schema\\\/logo\\\/image\\\/\",\"url\":\"\",\"contentUrl\":\"\",\"caption\":\"Producteur Fran\u00e7ais De Caviar\"},\"image\":{\"@id\":\"http:\\\/\\\/caviar-de-neuvic.com\\\/fr\\\/#\\\/schema\\\/logo\\\/image\\\/\"}},{\"@type\":\"Person\",\"@id\":\"http:\\\/\\\/caviar-de-neuvic.com\\\/fr\\\/#\\\/schema\\\/person\\\/89912ad55a5ddd5efeb92f2d32511b03\",\"name\":\"Laurine Gay\",\"url\":\"https:\\\/\\\/caviar-de-neuvic.com\\\/de\\\/author\\\/laurine-gaycaviardeneuvic-com\\\/\"}]}<\/script>\n<!-- \/ Yoast SEO plugin. -->","yoast_head_json":{"title":"Caviar de Neuvic lance tous les jeudis des Ap\u00e9ros Chic - Producteur Fran\u00e7ais De Caviar","description":"Caviar de Neuvic lance tous les jeudis des Ap\u00e9ros Chic dans ses boutiques \u00e0 Paris Bordeaux et Lyon \u00e0 partir du 20 juillet 2023.","robots":{"index":"index","follow":"follow","max-snippet":"max-snippet:-1","max-image-preview":"max-image-preview:large","max-video-preview":"max-video-preview:-1"},"canonical":"https:\/\/caviar-de-neuvic.com\/de\/partenariats-evenements\/caviar-de-neuvic-lance-tous-les-jeudis-des-aperos-chic\/","og_locale":"de_DE","og_type":"article","og_title":"Caviar de Neuvic lance tous les jeudis des Ap\u00e9ros Chic - Producteur Fran\u00e7ais De Caviar","og_description":"Caviar de Neuvic lance tous les jeudis des Ap\u00e9ros Chic dans ses boutiques \u00e0 Paris Bordeaux et Lyon \u00e0 partir du 20 juillet 2023.","og_url":"https:\/\/caviar-de-neuvic.com\/de\/partenariats-evenements\/caviar-de-neuvic-lance-tous-les-jeudis-des-aperos-chic\/","og_site_name":"Producteur Fran\u00e7ais De Caviar","article_published_time":"2023-06-22T07:00:12+00:00","og_image":[{"width":1920,"height":1281,"url":"https:\/\/caviar-de-neuvic.com\/wp-content\/uploads\/2023\/06\/CDN_APERO_CHIC_050623_\u00aeAV-13.jpg","type":"image\/jpeg"}],"author":"Laurine Gay","twitter_card":"summary_large_image","twitter_misc":{"Verfasst von":"Laurine Gay","Gesch\u00e4tzte Lesezeit":"4\u00a0Minuten"},"schema":{"@context":"https:\/\/schema.org","@graph":[{"@type":"Article","@id":"https:\/\/caviar-de-neuvic.com\/fr\/partenariats-evenements\/caviar-de-neuvic-lance-tous-les-jeudis-des-aperos-chic\/#article","isPartOf":{"@id":"https:\/\/caviar-de-neuvic.com\/fr\/partenariats-evenements\/caviar-de-neuvic-lance-tous-les-jeudis-des-aperos-chic\/"},"author":{"name":"Laurine Gay","@id":"http:\/\/caviar-de-neuvic.com\/fr\/#\/schema\/person\/89912ad55a5ddd5efeb92f2d32511b03"},"headline":"Caviar de Neuvic lance tous les jeudis des Ap\u00e9ros Chic","datePublished":"2023-06-22T07:00:12+00:00","mainEntityOfPage":{"@id":"https:\/\/caviar-de-neuvic.com\/fr\/partenariats-evenements\/caviar-de-neuvic-lance-tous-les-jeudis-des-aperos-chic\/"},"wordCount":594,"commentCount":0,"publisher":{"@id":"http:\/\/caviar-de-neuvic.com\/fr\/#organization"},"image":{"@id":"https:\/\/caviar-de-neuvic.com\/fr\/partenariats-evenements\/caviar-de-neuvic-lance-tous-les-jeudis-des-aperos-chic\/#primaryimage"},"thumbnailUrl":"https:\/\/caviar-de-neuvic.com\/wp-content\/uploads\/2023\/06\/CDN_APERO_CHIC_050623_\u00aeAV-13.jpg","articleSection":["Partenariats &amp; \u00c9v\u00e9nements"],"inLanguage":"de","potentialAction":[{"@type":"CommentAction","name":"Comment","target":["https:\/\/caviar-de-neuvic.com\/fr\/partenariats-evenements\/caviar-de-neuvic-lance-tous-les-jeudis-des-aperos-chic\/#respond"]}]},{"@type":"WebPage","@id":"https:\/\/caviar-de-neuvic.com\/fr\/partenariats-evenements\/caviar-de-neuvic-lance-tous-les-jeudis-des-aperos-chic\/","url":"https:\/\/caviar-de-neuvic.com\/fr\/partenariats-evenements\/caviar-de-neuvic-lance-tous-les-jeudis-des-aperos-chic\/","name":"Caviar de Neuvic lance tous les jeudis des Ap\u00e9ros Chic - Producteur Fran\u00e7ais De Caviar","isPartOf":{"@id":"http:\/\/caviar-de-neuvic.com\/fr\/#website"},"primaryImageOfPage":{"@id":"https:\/\/caviar-de-neuvic.com\/fr\/partenariats-evenements\/caviar-de-neuvic-lance-tous-les-jeudis-des-aperos-chic\/#primaryimage"},"image":{"@id":"https:\/\/caviar-de-neuvic.com\/fr\/partenariats-evenements\/caviar-de-neuvic-lance-tous-les-jeudis-des-aperos-chic\/#primaryimage"},"thumbnailUrl":"https:\/\/caviar-de-neuvic.com\/wp-content\/uploads\/2023\/06\/CDN_APERO_CHIC_050623_\u00aeAV-13.jpg","datePublished":"2023-06-22T07:00:12+00:00","description":"Caviar de Neuvic lance tous les jeudis des Ap\u00e9ros Chic dans ses boutiques \u00e0 Paris Bordeaux et Lyon \u00e0 partir du 20 juillet 2023.","breadcrumb":{"@id":"https:\/\/caviar-de-neuvic.com\/fr\/partenariats-evenements\/caviar-de-neuvic-lance-tous-les-jeudis-des-aperos-chic\/#breadcrumb"},"inLanguage":"de","potentialAction":[{"@type":"ReadAction","target":["https:\/\/caviar-de-neuvic.com\/fr\/partenariats-evenements\/caviar-de-neuvic-lance-tous-les-jeudis-des-aperos-chic\/"]}]},{"@type":"ImageObject","inLanguage":"de","@id":"https:\/\/caviar-de-neuvic.com\/fr\/partenariats-evenements\/caviar-de-neuvic-lance-tous-les-jeudis-des-aperos-chic\/#primaryimage","url":"https:\/\/caviar-de-neuvic.com\/wp-content\/uploads\/2023\/06\/CDN_APERO_CHIC_050623_\u00aeAV-13.jpg","contentUrl":"https:\/\/caviar-de-neuvic.com\/wp-content\/uploads\/2023\/06\/CDN_APERO_CHIC_050623_\u00aeAV-13.jpg","width":1920,"height":1281,"caption":"Caviar de Neuvic lance tous les jeudis des Ap\u00e9ros Chic"},{"@type":"BreadcrumbList","@id":"https:\/\/caviar-de-neuvic.com\/fr\/partenariats-evenements\/caviar-de-neuvic-lance-tous-les-jeudis-des-aperos-chic\/#breadcrumb","itemListElement":[{"@type":"ListItem","position":1,"name":"Caviar de Neuvic","item":"https:\/\/caviar-de-neuvic.com\/"},{"@type":"ListItem","position":2,"name":"Partenariats &amp; \u00c9v\u00e9nements","item":"https:\/\/caviar-de-neuvic.com\/fr\/category\/partenariats-evenements\/"},{"@type":"ListItem","position":3,"name":"Caviar de Neuvic lance tous les jeudis des Ap\u00e9ros Chic"}]},{"@type":"WebSite","@id":"http:\/\/caviar-de-neuvic.com\/fr\/#website","url":"http:\/\/caviar-de-neuvic.com\/fr\/","name":"Producteur Fran\u00e7ais De Caviar","description":"","publisher":{"@id":"http:\/\/caviar-de-neuvic.com\/fr\/#organization"},"potentialAction":[{"@type":"SearchAction","target":{"@type":"EntryPoint","urlTemplate":"http:\/\/caviar-de-neuvic.com\/fr\/?s={search_term_string}"},"query-input":{"@type":"PropertyValueSpecification","valueRequired":true,"valueName":"search_term_string"}}],"inLanguage":"de"},{"@type":"Organization","@id":"http:\/\/caviar-de-neuvic.com\/fr\/#organization","name":"Producteur Fran\u00e7ais De Caviar","url":"http:\/\/caviar-de-neuvic.com\/fr\/","logo":{"@type":"ImageObject","inLanguage":"de","@id":"http:\/\/caviar-de-neuvic.com\/fr\/#\/schema\/logo\/image\/","url":"","contentUrl":"","caption":"Producteur Fran\u00e7ais De Caviar"},"image":{"@id":"http:\/\/caviar-de-neuvic.com\/fr\/#\/schema\/logo\/image\/"}},{"@type":"Person","@id":"http:\/\/caviar-de-neuvic.com\/fr\/#\/schema\/person\/89912ad55a5ddd5efeb92f2d32511b03","name":"Laurine Gay","url":"https:\/\/caviar-de-neuvic.com\/de\/author\/laurine-gaycaviardeneuvic-com\/"}]}},"_links":{"self":[{"href":"https:\/\/caviar-de-neuvic.com\/de\/wp-json\/wp\/v2\/posts\/20827","targetHints":{"allow":["GET"]}}],"collection":[{"href":"https:\/\/caviar-de-neuvic.com\/de\/wp-json\/wp\/v2\/posts"}],"about":[{"href":"https:\/\/caviar-de-neuvic.com\/de\/wp-json\/wp\/v2\/types\/post"}],"author":[{"embeddable":true,"href":"https:\/\/caviar-de-neuvic.com\/de\/wp-json\/wp\/v2\/users\/11896"}],"replies":[{"embeddable":true,"href":"https:\/\/caviar-de-neuvic.com\/de\/wp-json\/wp\/v2\/comments?post=20827"}],"version-history":[{"count":0,"href":"https:\/\/caviar-de-neuvic.com\/de\/wp-json\/wp\/v2\/posts\/20827\/revisions"}],"wp:featuredmedia":[{"embeddable":true,"href":"https:\/\/caviar-de-neuvic.com\/de\/wp-json\/wp\/v2\/media\/21050"}],"wp:attachment":[{"href":"https:\/\/caviar-de-neuvic.com\/de\/wp-json\/wp\/v2\/media?parent=20827"}],"wp:term":[{"taxonomy":"category","embeddable":true,"href":"https:\/\/caviar-de-neuvic.com\/de\/wp-json\/wp\/v2\/categories?post=20827"},{"taxonomy":"post_tag","embeddable":true,"href":"https:\/\/caviar-de-neuvic.com\/de\/wp-json\/wp\/v2\/tags?post=20827"}],"curies":[{"name":"wp","href":"https:\/\/api.w.org\/{rel}","templated":true}]}}