{"id":20861,"date":"2024-09-19T09:00:24","date_gmt":"2024-09-19T07:00:24","guid":{"rendered":"https:\/\/caviar-de-neuvic.com\/parlons-caviar-old\/?p=7923"},"modified":"2024-09-19T09:00:24","modified_gmt":"2024-09-19T07:00:24","slug":"menu-dautomne-restaurant-caviar-de-neuvic","status":"publish","type":"post","link":"https:\/\/caviar-de-neuvic.com\/de\/nos-points-de-vente-tourisme\/menu-dautomne-restaurant-caviar-de-neuvic\/","title":{"rendered":"Menu d&rsquo;Automne Restaurant Caviar de Neuvic"},"content":{"rendered":"<h3><strong>Nouveau Menu d&rsquo;Automne au Restaurant du Domaine<\/strong><\/h3>\n<p><span style=\"font-weight: 400;\">Menu d&rsquo;Automne Restaurant Caviar de Neuvic &#x1f341; D\u00e9couvrez les saveurs d&rsquo;automne au Domaine de Neuvic &#x1f342;<\/span><\/p>\n<p><span style=\"font-weight: 400;\">\u00c0 l&rsquo;approche de l\u2019automne, notre chef talentueux, <a href=\"https:\/\/caviar-de-neuvic.com\/de\/parlons-caviar-old\/chef\/chef-julien-haj-restaurant-caviar-de-neuvic\/\" target=\"_blank\" rel=\"noopener\">Julien Haj,<\/a> a imagin\u00e9 un tout nouveau menu de saison qui saura ravir vos papilles et \u00e9veiller vos sens. Au c\u0153ur de ce menu automnal, les produits du Domaine sont mis \u00e0 l\u2019honneur, notamment notre fameux <a href=\"https:\/\/caviar-de-neuvic.com\/de\/13-caviar\/\" target=\"_blank\" rel=\"noopener\">Caviar de Neuvic<\/a> et les ingr\u00e9dients locaux soigneusement s\u00e9lectionn\u00e9s.<\/span><\/p>\n<h3><strong>Le menu<\/strong><\/h3>\n<h4 style=\"text-align: center;\"><span style=\"font-weight: 400;\"><strong>Entr\u00e9e<\/strong><\/span><\/h4>\n<p style=\"text-align: center;\"><span style=\"font-weight: 400;\">&#x1f449; Poireau accompagn\u00e9 de <a href=\"https:\/\/caviar-de-neuvic.com\/de\/\" target=\"_blank\" rel=\"noopener\">Caviar de Neuvic<\/a> et sa vinaigrette d\u00e9licate.<\/span><\/p>\n\t\t<style>\n\t\t\t.blog_sticker{\n\t\t\t\tmargin-top: 50px !important;\n\t\t\t\tdisplay: flex;\n  \t\t\t\tjustify-content: center;\n\t\t\t\tflex-wrap: wrap;\n\t\t\t}\n\t\t\t.blog_sticker .product-miniature-list.row .span_1_of_3{\n\t\t\t\twidth: 100%!important;\n\t\t\t\tflex: 0 0 100%!important;\n\t\t\t\tmax-width: 400px!important;\n\t\t\t}\n\t\t\t.blog_sticker_right{\n\t\t\t\tmax-width: 400px;\n\t\t\t}\n\t\t\t.product-miniature-list.row {\n\t\t\t\tdisplay: flex;\n\t\t\t\tjustify-content: center;\n\t\t\t\tflex-wrap: wrap;\n\t\t\t}\n\t\t<\/style>\n\t\t<div class=\"blog_sticker d-flex flex-wrap\">\n\t\t\t<div class=\"blog_sticker_left col-sm-12 col-md-6 products-grid\">\n\t\t\t\t<div class=\"product-miniature-list row\">\n\t\t\t\t\t\t\t\t\t<\/div>\n\t\t\t<\/div>\n\t\t\t<div class=\"blog_sticker_right col-sm-12 col-md-6\">\n\t\t\t\t\t\t\t<\/div>\n\t\t<\/div>\n\t\n<h4 style=\"text-align: center;\"><strong>Plat<\/strong><\/h4>\n<p style=\"text-align: center;\"><span style=\"font-weight: 400;\">&#x1f449; Esturgeon confit, courges saut\u00e9es \u00e0 la truffe noire du P\u00e9rigord, embeurr\u00e9 de chou et esturgeon confit \u00e0 l\u2019huile de noisettes<\/span><\/p>\n\t\t<style>\n\t\t\t.blog_sticker{\n\t\t\t\tmargin-top: 50px !important;\n\t\t\t\tdisplay: flex;\n  \t\t\t\tjustify-content: center;\n\t\t\t\tflex-wrap: wrap;\n\t\t\t}\n\t\t\t.blog_sticker .product-miniature-list.row .span_1_of_3{\n\t\t\t\twidth: 100%!important;\n\t\t\t\tflex: 0 0 100%!important;\n\t\t\t\tmax-width: 400px!important;\n\t\t\t}\n\t\t\t.blog_sticker_right{\n\t\t\t\tmax-width: 400px;\n\t\t\t}\n\t\t\t.product-miniature-list.row {\n\t\t\t\tdisplay: flex;\n\t\t\t\tjustify-content: center;\n\t\t\t\tflex-wrap: wrap;\n\t\t\t}\n\t\t<\/style>\n\t\t<div class=\"blog_sticker d-flex flex-wrap\">\n\t\t\t<div class=\"blog_sticker_left col-sm-12 col-md-6 products-grid\">\n\t\t\t\t<div class=\"product-miniature-list row\">\n\t\t\t\t\t\t\t\t\t<\/div>\n\t\t\t<\/div>\n\t\t\t<div class=\"blog_sticker_right col-sm-12 col-md-6\">\n\t\t\t\t\t\t\t<\/div>\n\t\t<\/div>\n\t\n<h4 style=\"text-align: center;\"><strong>Dessert<\/strong><\/h4>\n<p style=\"text-align: center;\"><span style=\"font-weight: 400;\">&#x1f449; Poire, mousse de lait \u00e0 la lavande, mousse au chocolat, crumble, et pralin\u00e9 noisette.<\/span><\/p>\n<p><span style=\"font-weight: 400;\">Ce menu a \u00e9t\u00e9 con\u00e7u pour vous faire d\u00e9couvrir des associations in\u00e9dites et savoureuses, alliant la finesse du caviar \u00e0 la richesse des produits de saison. Chaque plat refl\u00e8te l\u2019excellence de notre terroir et de notre \u00e9picerie Neuvic, avec des produits frais issus directement de notre Domaine.<\/span><\/p>\n<p><img fetchpriority=\"high\" decoding=\"async\" class=\"alignnone size-medium wp-image-7957\" src=\"http:\/\/caviar-de-neuvic.com\/wp-content\/uploads\/2024\/09\/CDN_RESTAURATION-AUTOMNE_230924_\u00aeAV-11-300x200.jpg\" alt=\"\" width=\"300\" height=\"200\" \/> <img decoding=\"async\" class=\"alignnone size-medium wp-image-7958\" src=\"http:\/\/caviar-de-neuvic.com\/wp-content\/uploads\/2024\/09\/CDN_RESTAURATION-AUTOMNE_230924_\u00aeAV-24-300x200.jpg\" alt=\"\" width=\"300\" height=\"200\" \/> <img decoding=\"async\" class=\"alignnone size-medium wp-image-7959\" src=\"http:\/\/caviar-de-neuvic.com\/wp-content\/uploads\/2024\/09\/CDN_RESTAURATION-AUTOMNE_230924_\u00aeAV-32-300x200.jpg\" alt=\"\" width=\"300\" height=\"200\" \/><\/p>\n<h3><strong>Informations pratiques<\/strong><\/h3>\n<p><span style=\"font-weight: 400;\">Notre restaurant est ouvert pour le d\u00e9jeuner, du mardi au samedi, sur r\u00e9servation uniquement, avec un pr\u00e9avis de 24 heures. Que vous soyez de passage dans la r\u00e9gion ou amateur de gastronomie, venez vivre une exp\u00e9rience culinaire unique dans un cadre apaisant et authentique.<\/span><\/p>\n<ul>\n<li><span style=\"font-weight: 400;\">Tarif du menu : 25\u20ac<\/span><\/li>\n<li><span style=\"font-weight: 400;\">Adresse : 430 route de la Veyssi\u00e8re, 24190 Neuvic<\/span><\/li>\n<li><span style=\"font-weight: 400;\">Horaires : D\u00e9jeuners du mardi au samedi<\/span><\/li>\n<li><span style=\"font-weight: 400;\">R\u00e9servation : 05 53 80 89 55 ou <\/span><a href=\"https:\/\/visites.caviar-de-neuvic.com\/fr\/\"><span style=\"font-weight: 400;\">r\u00e9servez directement sur notre site<\/span><\/a><\/li>\n<\/ul>\n<p><span style=\"font-weight: 400;\">Nous vous attendons pour un moment gourmand au c\u0153ur de la Dordogne ! &#x1f37d;&#xfe0f;<\/span><\/p>","protected":false},"excerpt":{"rendered":"<p>Nouveau Menu d&rsquo;Automne au Restaurant du Domaine Menu d&rsquo;Automne Restaurant Caviar de Neuvic &#x1f341; D\u00e9couvrez les saveurs d&rsquo;automne au Domaine de Neuvic &#x1f342; \u00c0 l&rsquo;approche de l\u2019automne, notre chef talentueux, Julien Haj, a imagin\u00e9 un tout nouveau menu de saison qui saura ravir vos papilles et \u00e9veiller vos sens. Au c\u0153ur de ce menu automnal, [&hellip;]<\/p>\n","protected":false},"author":11896,"featured_media":21163,"comment_status":"open","ping_status":"closed","sticky":false,"template":"","format":"standard","meta":{"_acf_changed":false,"ocean_post_layout":"","ocean_both_sidebars_style":"","ocean_both_sidebars_content_width":0,"ocean_both_sidebars_sidebars_width":0,"ocean_sidebar":"","ocean_second_sidebar":"","ocean_disable_margins":"enable","ocean_add_body_class":"","ocean_shortcode_before_top_bar":"","ocean_shortcode_after_top_bar":"","ocean_shortcode_before_header":"","ocean_shortcode_after_header":"","ocean_has_shortcode":"","ocean_shortcode_after_title":"","ocean_shortcode_before_footer_widgets":"","ocean_shortcode_after_footer_widgets":"","ocean_shortcode_before_footer_bottom":"","ocean_shortcode_after_footer_bottom":"","ocean_display_top_bar":"default","ocean_display_header":"default","ocean_header_style":"","ocean_center_header_left_menu":"","ocean_custom_header_template":"","ocean_custom_logo":0,"ocean_custom_retina_logo":0,"ocean_custom_logo_max_width":0,"ocean_custom_logo_tablet_max_width":0,"ocean_custom_logo_mobile_max_width":0,"ocean_custom_logo_max_height":0,"ocean_custom_logo_tablet_max_height":0,"ocean_custom_logo_mobile_max_height":0,"ocean_header_custom_menu":"","ocean_menu_typo_font_family":"","ocean_menu_typo_font_subset":"","ocean_menu_typo_font_size":0,"ocean_menu_typo_font_size_tablet":0,"ocean_menu_typo_font_size_mobile":0,"ocean_menu_typo_font_size_unit":"px","ocean_menu_typo_font_weight":"","ocean_menu_typo_font_weight_tablet":"","ocean_menu_typo_font_weight_mobile":"","ocean_menu_typo_transform":"","ocean_menu_typo_transform_tablet":"","ocean_menu_typo_transform_mobile":"","ocean_menu_typo_line_height":0,"ocean_menu_typo_line_height_tablet":0,"ocean_menu_typo_line_height_mobile":0,"ocean_menu_typo_line_height_unit":"","ocean_menu_typo_spacing":0,"ocean_menu_typo_spacing_tablet":0,"ocean_menu_typo_spacing_mobile":0,"ocean_menu_typo_spacing_unit":"","ocean_menu_link_color":"","ocean_menu_link_color_hover":"","ocean_menu_link_color_active":"","ocean_menu_link_background":"","ocean_menu_link_hover_background":"","ocean_menu_link_active_background":"","ocean_menu_social_links_bg":"","ocean_menu_social_hover_links_bg":"","ocean_menu_social_links_color":"","ocean_menu_social_hover_links_color":"","ocean_disable_title":"default","ocean_disable_heading":"default","ocean_post_title":"","ocean_post_subheading":"","ocean_post_title_style":"","ocean_post_title_background_color":"","ocean_post_title_background":0,"ocean_post_title_bg_image_position":"","ocean_post_title_bg_image_attachment":"","ocean_post_title_bg_image_repeat":"","ocean_post_title_bg_image_size":"","ocean_post_title_height":0,"ocean_post_title_bg_overlay":0.5,"ocean_post_title_bg_overlay_color":"","ocean_disable_breadcrumbs":"default","ocean_breadcrumbs_color":"","ocean_breadcrumbs_separator_color":"","ocean_breadcrumbs_links_color":"","ocean_breadcrumbs_links_hover_color":"","ocean_display_footer_widgets":"default","ocean_display_footer_bottom":"default","ocean_custom_footer_template":"","omw_enable_modal_window":"enable","ocean_post_oembed":"","ocean_post_self_hosted_media":"","ocean_post_video_embed":"","ocean_link_format":"","ocean_link_format_target":"self","ocean_quote_format":"","ocean_quote_format_link":"post","ocean_gallery_link_images":"on","ocean_gallery_id":[],"footnotes":""},"categories":[286],"tags":[],"class_list":["post-20861","post","type-post","status-publish","format-standard","has-post-thumbnail","hentry","category-nos-points-de-vente-tourisme","entry","has-media","owp-thumbs-layout-vertical","owp-btn-normal","owp-tabs-layout-horizontal","has-no-thumbnails","has-product-nav"],"acf":[],"yoast_head":"<!-- This site is optimized with the Yoast SEO plugin v27.5 - https:\/\/yoast.com\/product\/yoast-seo-wordpress\/ -->\n<title>Menu d&#039;Automne Restaurant Caviar de Neuvic - Producteur Fran\u00e7ais De Caviar<\/title>\n<meta name=\"description\" content=\"Menu d&#039;Automne Restaurant Caviar de Neuvic. Au c\u0153ur de ce menu automnal, les produits du Domaine sont mis \u00e0 l\u2019honneur.\" \/>\n<meta name=\"robots\" content=\"index, follow, max-snippet:-1, max-image-preview:large, max-video-preview:-1\" \/>\n<link rel=\"canonical\" href=\"https:\/\/caviar-de-neuvic.com\/de\/nos-points-de-vente-tourisme\/menu-dautomne-restaurant-caviar-de-neuvic\/\" \/>\n<meta property=\"og:locale\" content=\"de_DE\" \/>\n<meta property=\"og:type\" content=\"article\" \/>\n<meta property=\"og:title\" content=\"Menu d&#039;Automne Restaurant Caviar de Neuvic - Producteur Fran\u00e7ais De Caviar\" \/>\n<meta property=\"og:description\" content=\"Menu d&#039;Automne Restaurant Caviar de Neuvic. Au c\u0153ur de ce menu automnal, les produits du Domaine sont mis \u00e0 l\u2019honneur.\" \/>\n<meta property=\"og:url\" content=\"https:\/\/caviar-de-neuvic.com\/de\/nos-points-de-vente-tourisme\/menu-dautomne-restaurant-caviar-de-neuvic\/\" \/>\n<meta property=\"og:site_name\" content=\"Producteur Fran\u00e7ais De Caviar\" \/>\n<meta property=\"article:published_time\" content=\"2024-09-19T07:00:24+00:00\" \/>\n<meta property=\"og:image\" content=\"https:\/\/caviar-de-neuvic.com\/wp-content\/uploads\/2024\/09\/CDN_RESTAURATION-AUTOMNE_230924_\u00aeAV-37.jpg\" \/>\n\t<meta property=\"og:image:width\" content=\"1920\" \/>\n\t<meta property=\"og:image:height\" content=\"1280\" \/>\n\t<meta property=\"og:image:type\" content=\"image\/jpeg\" \/>\n<meta name=\"author\" content=\"Laurine Gay\" \/>\n<meta name=\"twitter:card\" content=\"summary_large_image\" \/>\n<meta name=\"twitter:label1\" content=\"Verfasst von\" \/>\n\t<meta name=\"twitter:data1\" content=\"Laurine Gay\" \/>\n\t<meta name=\"twitter:label2\" content=\"Gesch\u00e4tzte Lesezeit\" \/>\n\t<meta name=\"twitter:data2\" content=\"3\u00a0Minuten\" \/>\n<script type=\"application\/ld+json\" class=\"yoast-schema-graph\">{\"@context\":\"https:\\\/\\\/schema.org\",\"@graph\":[{\"@type\":\"Article\",\"@id\":\"https:\\\/\\\/caviar-de-neuvic.com\\\/fr\\\/nos-points-de-vente-tourisme\\\/menu-dautomne-restaurant-caviar-de-neuvic\\\/#article\",\"isPartOf\":{\"@id\":\"https:\\\/\\\/caviar-de-neuvic.com\\\/fr\\\/nos-points-de-vente-tourisme\\\/menu-dautomne-restaurant-caviar-de-neuvic\\\/\"},\"author\":{\"name\":\"Laurine Gay\",\"@id\":\"http:\\\/\\\/caviar-de-neuvic.com\\\/fr\\\/#\\\/schema\\\/person\\\/89912ad55a5ddd5efeb92f2d32511b03\"},\"headline\":\"Menu d&rsquo;Automne Restaurant Caviar de Neuvic\",\"datePublished\":\"2024-09-19T07:00:24+00:00\",\"mainEntityOfPage\":{\"@id\":\"https:\\\/\\\/caviar-de-neuvic.com\\\/fr\\\/nos-points-de-vente-tourisme\\\/menu-dautomne-restaurant-caviar-de-neuvic\\\/\"},\"wordCount\":303,\"commentCount\":0,\"publisher\":{\"@id\":\"http:\\\/\\\/caviar-de-neuvic.com\\\/fr\\\/#organization\"},\"image\":{\"@id\":\"https:\\\/\\\/caviar-de-neuvic.com\\\/fr\\\/nos-points-de-vente-tourisme\\\/menu-dautomne-restaurant-caviar-de-neuvic\\\/#primaryimage\"},\"thumbnailUrl\":\"https:\\\/\\\/caviar-de-neuvic.com\\\/wp-content\\\/uploads\\\/2024\\\/09\\\/CDN_RESTAURATION-AUTOMNE_230924_\u00aeAV-37.jpg\",\"articleSection\":[\"Nos Points de Vente + Tourisme\"],\"inLanguage\":\"de\",\"potentialAction\":[{\"@type\":\"CommentAction\",\"name\":\"Comment\",\"target\":[\"https:\\\/\\\/caviar-de-neuvic.com\\\/fr\\\/nos-points-de-vente-tourisme\\\/menu-dautomne-restaurant-caviar-de-neuvic\\\/#respond\"]}]},{\"@type\":\"WebPage\",\"@id\":\"https:\\\/\\\/caviar-de-neuvic.com\\\/fr\\\/nos-points-de-vente-tourisme\\\/menu-dautomne-restaurant-caviar-de-neuvic\\\/\",\"url\":\"https:\\\/\\\/caviar-de-neuvic.com\\\/fr\\\/nos-points-de-vente-tourisme\\\/menu-dautomne-restaurant-caviar-de-neuvic\\\/\",\"name\":\"Menu d'Automne Restaurant Caviar de Neuvic - Producteur Fran\u00e7ais De Caviar\",\"isPartOf\":{\"@id\":\"http:\\\/\\\/caviar-de-neuvic.com\\\/fr\\\/#website\"},\"primaryImageOfPage\":{\"@id\":\"https:\\\/\\\/caviar-de-neuvic.com\\\/fr\\\/nos-points-de-vente-tourisme\\\/menu-dautomne-restaurant-caviar-de-neuvic\\\/#primaryimage\"},\"image\":{\"@id\":\"https:\\\/\\\/caviar-de-neuvic.com\\\/fr\\\/nos-points-de-vente-tourisme\\\/menu-dautomne-restaurant-caviar-de-neuvic\\\/#primaryimage\"},\"thumbnailUrl\":\"https:\\\/\\\/caviar-de-neuvic.com\\\/wp-content\\\/uploads\\\/2024\\\/09\\\/CDN_RESTAURATION-AUTOMNE_230924_\u00aeAV-37.jpg\",\"datePublished\":\"2024-09-19T07:00:24+00:00\",\"description\":\"Menu d'Automne Restaurant Caviar de Neuvic. Au c\u0153ur de ce menu automnal, les produits du Domaine sont mis \u00e0 l\u2019honneur.\",\"breadcrumb\":{\"@id\":\"https:\\\/\\\/caviar-de-neuvic.com\\\/fr\\\/nos-points-de-vente-tourisme\\\/menu-dautomne-restaurant-caviar-de-neuvic\\\/#breadcrumb\"},\"inLanguage\":\"de\",\"potentialAction\":[{\"@type\":\"ReadAction\",\"target\":[\"https:\\\/\\\/caviar-de-neuvic.com\\\/fr\\\/nos-points-de-vente-tourisme\\\/menu-dautomne-restaurant-caviar-de-neuvic\\\/\"]}]},{\"@type\":\"ImageObject\",\"inLanguage\":\"de\",\"@id\":\"https:\\\/\\\/caviar-de-neuvic.com\\\/fr\\\/nos-points-de-vente-tourisme\\\/menu-dautomne-restaurant-caviar-de-neuvic\\\/#primaryimage\",\"url\":\"https:\\\/\\\/caviar-de-neuvic.com\\\/wp-content\\\/uploads\\\/2024\\\/09\\\/CDN_RESTAURATION-AUTOMNE_230924_\u00aeAV-37.jpg\",\"contentUrl\":\"https:\\\/\\\/caviar-de-neuvic.com\\\/wp-content\\\/uploads\\\/2024\\\/09\\\/CDN_RESTAURATION-AUTOMNE_230924_\u00aeAV-37.jpg\",\"width\":1920,\"height\":1280,\"caption\":\"Menu d'Automne Restaurant Caviar de Neuvic\"},{\"@type\":\"BreadcrumbList\",\"@id\":\"https:\\\/\\\/caviar-de-neuvic.com\\\/fr\\\/nos-points-de-vente-tourisme\\\/menu-dautomne-restaurant-caviar-de-neuvic\\\/#breadcrumb\",\"itemListElement\":[{\"@type\":\"ListItem\",\"position\":1,\"name\":\"Caviar de Neuvic\",\"item\":\"https:\\\/\\\/caviar-de-neuvic.com\\\/\"},{\"@type\":\"ListItem\",\"position\":2,\"name\":\"Nos Points de Vente + Tourisme\",\"item\":\"https:\\\/\\\/caviar-de-neuvic.com\\\/fr\\\/category\\\/nos-points-de-vente-tourisme\\\/\"},{\"@type\":\"ListItem\",\"position\":3,\"name\":\"Menu d&rsquo;Automne Restaurant Caviar de Neuvic\"}]},{\"@type\":\"WebSite\",\"@id\":\"http:\\\/\\\/caviar-de-neuvic.com\\\/fr\\\/#website\",\"url\":\"http:\\\/\\\/caviar-de-neuvic.com\\\/fr\\\/\",\"name\":\"Producteur Fran\u00e7ais De Caviar\",\"description\":\"\",\"publisher\":{\"@id\":\"http:\\\/\\\/caviar-de-neuvic.com\\\/fr\\\/#organization\"},\"potentialAction\":[{\"@type\":\"SearchAction\",\"target\":{\"@type\":\"EntryPoint\",\"urlTemplate\":\"http:\\\/\\\/caviar-de-neuvic.com\\\/fr\\\/?s={search_term_string}\"},\"query-input\":{\"@type\":\"PropertyValueSpecification\",\"valueRequired\":true,\"valueName\":\"search_term_string\"}}],\"inLanguage\":\"de\"},{\"@type\":\"Organization\",\"@id\":\"http:\\\/\\\/caviar-de-neuvic.com\\\/fr\\\/#organization\",\"name\":\"Producteur Fran\u00e7ais De Caviar\",\"url\":\"http:\\\/\\\/caviar-de-neuvic.com\\\/fr\\\/\",\"logo\":{\"@type\":\"ImageObject\",\"inLanguage\":\"de\",\"@id\":\"http:\\\/\\\/caviar-de-neuvic.com\\\/fr\\\/#\\\/schema\\\/logo\\\/image\\\/\",\"url\":\"\",\"contentUrl\":\"\",\"caption\":\"Producteur Fran\u00e7ais De Caviar\"},\"image\":{\"@id\":\"http:\\\/\\\/caviar-de-neuvic.com\\\/fr\\\/#\\\/schema\\\/logo\\\/image\\\/\"}},{\"@type\":\"Person\",\"@id\":\"http:\\\/\\\/caviar-de-neuvic.com\\\/fr\\\/#\\\/schema\\\/person\\\/89912ad55a5ddd5efeb92f2d32511b03\",\"name\":\"Laurine Gay\",\"url\":\"https:\\\/\\\/caviar-de-neuvic.com\\\/de\\\/author\\\/laurine-gaycaviardeneuvic-com\\\/\"}]}<\/script>\n<!-- \/ Yoast SEO plugin. -->","yoast_head_json":{"title":"Menu d'Automne Restaurant Caviar de Neuvic - Producteur Fran\u00e7ais De Caviar","description":"Menu d'Automne Restaurant Caviar de Neuvic. Au c\u0153ur de ce menu automnal, les produits du Domaine sont mis \u00e0 l\u2019honneur.","robots":{"index":"index","follow":"follow","max-snippet":"max-snippet:-1","max-image-preview":"max-image-preview:large","max-video-preview":"max-video-preview:-1"},"canonical":"https:\/\/caviar-de-neuvic.com\/de\/nos-points-de-vente-tourisme\/menu-dautomne-restaurant-caviar-de-neuvic\/","og_locale":"de_DE","og_type":"article","og_title":"Menu d'Automne Restaurant Caviar de Neuvic - Producteur Fran\u00e7ais De Caviar","og_description":"Menu d'Automne Restaurant Caviar de Neuvic. Au c\u0153ur de ce menu automnal, les produits du Domaine sont mis \u00e0 l\u2019honneur.","og_url":"https:\/\/caviar-de-neuvic.com\/de\/nos-points-de-vente-tourisme\/menu-dautomne-restaurant-caviar-de-neuvic\/","og_site_name":"Producteur Fran\u00e7ais De Caviar","article_published_time":"2024-09-19T07:00:24+00:00","og_image":[{"width":1920,"height":1280,"url":"https:\/\/caviar-de-neuvic.com\/wp-content\/uploads\/2024\/09\/CDN_RESTAURATION-AUTOMNE_230924_\u00aeAV-37.jpg","type":"image\/jpeg"}],"author":"Laurine Gay","twitter_card":"summary_large_image","twitter_misc":{"Verfasst von":"Laurine Gay","Gesch\u00e4tzte Lesezeit":"3\u00a0Minuten"},"schema":{"@context":"https:\/\/schema.org","@graph":[{"@type":"Article","@id":"https:\/\/caviar-de-neuvic.com\/fr\/nos-points-de-vente-tourisme\/menu-dautomne-restaurant-caviar-de-neuvic\/#article","isPartOf":{"@id":"https:\/\/caviar-de-neuvic.com\/fr\/nos-points-de-vente-tourisme\/menu-dautomne-restaurant-caviar-de-neuvic\/"},"author":{"name":"Laurine Gay","@id":"http:\/\/caviar-de-neuvic.com\/fr\/#\/schema\/person\/89912ad55a5ddd5efeb92f2d32511b03"},"headline":"Menu d&rsquo;Automne Restaurant Caviar de Neuvic","datePublished":"2024-09-19T07:00:24+00:00","mainEntityOfPage":{"@id":"https:\/\/caviar-de-neuvic.com\/fr\/nos-points-de-vente-tourisme\/menu-dautomne-restaurant-caviar-de-neuvic\/"},"wordCount":303,"commentCount":0,"publisher":{"@id":"http:\/\/caviar-de-neuvic.com\/fr\/#organization"},"image":{"@id":"https:\/\/caviar-de-neuvic.com\/fr\/nos-points-de-vente-tourisme\/menu-dautomne-restaurant-caviar-de-neuvic\/#primaryimage"},"thumbnailUrl":"https:\/\/caviar-de-neuvic.com\/wp-content\/uploads\/2024\/09\/CDN_RESTAURATION-AUTOMNE_230924_\u00aeAV-37.jpg","articleSection":["Nos Points de Vente + Tourisme"],"inLanguage":"de","potentialAction":[{"@type":"CommentAction","name":"Comment","target":["https:\/\/caviar-de-neuvic.com\/fr\/nos-points-de-vente-tourisme\/menu-dautomne-restaurant-caviar-de-neuvic\/#respond"]}]},{"@type":"WebPage","@id":"https:\/\/caviar-de-neuvic.com\/fr\/nos-points-de-vente-tourisme\/menu-dautomne-restaurant-caviar-de-neuvic\/","url":"https:\/\/caviar-de-neuvic.com\/fr\/nos-points-de-vente-tourisme\/menu-dautomne-restaurant-caviar-de-neuvic\/","name":"Menu d'Automne Restaurant Caviar de Neuvic - Producteur Fran\u00e7ais De Caviar","isPartOf":{"@id":"http:\/\/caviar-de-neuvic.com\/fr\/#website"},"primaryImageOfPage":{"@id":"https:\/\/caviar-de-neuvic.com\/fr\/nos-points-de-vente-tourisme\/menu-dautomne-restaurant-caviar-de-neuvic\/#primaryimage"},"image":{"@id":"https:\/\/caviar-de-neuvic.com\/fr\/nos-points-de-vente-tourisme\/menu-dautomne-restaurant-caviar-de-neuvic\/#primaryimage"},"thumbnailUrl":"https:\/\/caviar-de-neuvic.com\/wp-content\/uploads\/2024\/09\/CDN_RESTAURATION-AUTOMNE_230924_\u00aeAV-37.jpg","datePublished":"2024-09-19T07:00:24+00:00","description":"Menu d'Automne Restaurant Caviar de Neuvic. Au c\u0153ur de ce menu automnal, les produits du Domaine sont mis \u00e0 l\u2019honneur.","breadcrumb":{"@id":"https:\/\/caviar-de-neuvic.com\/fr\/nos-points-de-vente-tourisme\/menu-dautomne-restaurant-caviar-de-neuvic\/#breadcrumb"},"inLanguage":"de","potentialAction":[{"@type":"ReadAction","target":["https:\/\/caviar-de-neuvic.com\/fr\/nos-points-de-vente-tourisme\/menu-dautomne-restaurant-caviar-de-neuvic\/"]}]},{"@type":"ImageObject","inLanguage":"de","@id":"https:\/\/caviar-de-neuvic.com\/fr\/nos-points-de-vente-tourisme\/menu-dautomne-restaurant-caviar-de-neuvic\/#primaryimage","url":"https:\/\/caviar-de-neuvic.com\/wp-content\/uploads\/2024\/09\/CDN_RESTAURATION-AUTOMNE_230924_\u00aeAV-37.jpg","contentUrl":"https:\/\/caviar-de-neuvic.com\/wp-content\/uploads\/2024\/09\/CDN_RESTAURATION-AUTOMNE_230924_\u00aeAV-37.jpg","width":1920,"height":1280,"caption":"Menu d'Automne Restaurant Caviar de Neuvic"},{"@type":"BreadcrumbList","@id":"https:\/\/caviar-de-neuvic.com\/fr\/nos-points-de-vente-tourisme\/menu-dautomne-restaurant-caviar-de-neuvic\/#breadcrumb","itemListElement":[{"@type":"ListItem","position":1,"name":"Caviar de Neuvic","item":"https:\/\/caviar-de-neuvic.com\/"},{"@type":"ListItem","position":2,"name":"Nos Points de Vente + Tourisme","item":"https:\/\/caviar-de-neuvic.com\/fr\/category\/nos-points-de-vente-tourisme\/"},{"@type":"ListItem","position":3,"name":"Menu d&rsquo;Automne Restaurant Caviar de Neuvic"}]},{"@type":"WebSite","@id":"http:\/\/caviar-de-neuvic.com\/fr\/#website","url":"http:\/\/caviar-de-neuvic.com\/fr\/","name":"Producteur Fran\u00e7ais De Caviar","description":"","publisher":{"@id":"http:\/\/caviar-de-neuvic.com\/fr\/#organization"},"potentialAction":[{"@type":"SearchAction","target":{"@type":"EntryPoint","urlTemplate":"http:\/\/caviar-de-neuvic.com\/fr\/?s={search_term_string}"},"query-input":{"@type":"PropertyValueSpecification","valueRequired":true,"valueName":"search_term_string"}}],"inLanguage":"de"},{"@type":"Organization","@id":"http:\/\/caviar-de-neuvic.com\/fr\/#organization","name":"Producteur Fran\u00e7ais De Caviar","url":"http:\/\/caviar-de-neuvic.com\/fr\/","logo":{"@type":"ImageObject","inLanguage":"de","@id":"http:\/\/caviar-de-neuvic.com\/fr\/#\/schema\/logo\/image\/","url":"","contentUrl":"","caption":"Producteur Fran\u00e7ais De Caviar"},"image":{"@id":"http:\/\/caviar-de-neuvic.com\/fr\/#\/schema\/logo\/image\/"}},{"@type":"Person","@id":"http:\/\/caviar-de-neuvic.com\/fr\/#\/schema\/person\/89912ad55a5ddd5efeb92f2d32511b03","name":"Laurine Gay","url":"https:\/\/caviar-de-neuvic.com\/de\/author\/laurine-gaycaviardeneuvic-com\/"}]}},"_links":{"self":[{"href":"https:\/\/caviar-de-neuvic.com\/de\/wp-json\/wp\/v2\/posts\/20861","targetHints":{"allow":["GET"]}}],"collection":[{"href":"https:\/\/caviar-de-neuvic.com\/de\/wp-json\/wp\/v2\/posts"}],"about":[{"href":"https:\/\/caviar-de-neuvic.com\/de\/wp-json\/wp\/v2\/types\/post"}],"author":[{"embeddable":true,"href":"https:\/\/caviar-de-neuvic.com\/de\/wp-json\/wp\/v2\/users\/11896"}],"replies":[{"embeddable":true,"href":"https:\/\/caviar-de-neuvic.com\/de\/wp-json\/wp\/v2\/comments?post=20861"}],"version-history":[{"count":0,"href":"https:\/\/caviar-de-neuvic.com\/de\/wp-json\/wp\/v2\/posts\/20861\/revisions"}],"wp:featuredmedia":[{"embeddable":true,"href":"https:\/\/caviar-de-neuvic.com\/de\/wp-json\/wp\/v2\/media\/21163"}],"wp:attachment":[{"href":"https:\/\/caviar-de-neuvic.com\/de\/wp-json\/wp\/v2\/media?parent=20861"}],"wp:term":[{"taxonomy":"category","embeddable":true,"href":"https:\/\/caviar-de-neuvic.com\/de\/wp-json\/wp\/v2\/categories?post=20861"},{"taxonomy":"post_tag","embeddable":true,"href":"https:\/\/caviar-de-neuvic.com\/de\/wp-json\/wp\/v2\/tags?post=20861"}],"curies":[{"name":"wp","href":"https:\/\/api.w.org\/{rel}","templated":true}]}}