{"id":20822,"date":"2023-04-15T09:00:07","date_gmt":"2023-04-15T07:00:07","guid":{"rendered":"https:\/\/caviar-de-neuvic.com\/parlons-caviar\/?p=6611"},"modified":"2023-04-15T09:00:07","modified_gmt":"2023-04-15T07:00:07","slug":"caviar-de-neuvic-lance-son-premier-service-de-restauration","status":"publish","type":"post","link":"https:\/\/caviar-de-neuvic.com\/de_be\/nos-points-de-vente-tourisme\/caviar-de-neuvic-lance-son-premier-service-de-restauration\/","title":{"rendered":"Caviar de Neuvic lance son premier service de restauration"},"content":{"rendered":"<p><span style=\"font-weight: 400;\">Caviar de Neuvic lance son premier service de restauration.<\/span><\/p>\n<p><span style=\"font-weight: 400;\"><a href=\"https:\/\/caviar-de-neuvic.com\/de_be\/\" target=\"_blank\" rel=\"noopener\">Caviar de Neuvic<\/a>, producteur fran\u00e7ais de caviar d&rsquo;exception, est heureux d&rsquo;annoncer l&rsquo;ouverture de son tout premier service de restauration au c\u0153ur de son domaine: \u201cLe Repas du Producteur\u201d. Cette initiative marque une \u00e9tape importante pour l&rsquo;entreprise et renforce son engagement en faveur de la gastronomie fran\u00e7aise.<\/span><\/p>\n<h3>Une exp\u00e9rience culinaire unique<\/h3>\n<p><span style=\"font-weight: 400;\">Situ\u00e9 dans le village de Neuvic, dans le d\u00e9partement de la Dordogne, le nouveau restaurant offre une exp\u00e9rience culinaire unique dans un cadre exceptionnel. Les clients peuvent d\u00e9guster des plats savoureux \u00e0 base de <a href=\"https:\/\/caviar-de-neuvic.com\/de_be\/13-caviar\/\" target=\"_blank\" rel=\"noopener\">caviar<\/a> ou de <a href=\"https:\/\/caviar-de-neuvic.com\/de_be\/66-l-epicerie-neuvic\/\" target=\"_blank\" rel=\"noopener\">produits de l\u2019\u00e9picerie<\/a>, pr\u00e9par\u00e9s par une cheffe talentueuse.<\/span><\/p>\n<h3><strong>Un cadre exceptionnel<\/strong><\/h3>\n<p><span style=\"font-weight: 400;\">Le restaurant dispose d&rsquo;un d\u00e9cor \u00e9l\u00e9gant et contemporain, avec des touches de bois et de pierre pour cr\u00e9er une ambiance chaleureuse et conviviale. Les grandes baies vitr\u00e9es laissent traverser une lumi\u00e8re douce sur la grange, tandis que les tables sont dispos\u00e9es de mani\u00e8re \u00e0 offrir une intimit\u00e9 totale aux clients.<\/span><\/p>\n<h3>Une visite inoubliable<\/h3>\n<p><span style=\"font-weight: 400;\">Le menu du restaurant est cr\u00e9atif et innovant, avec une vari\u00e9t\u00e9 de plats \u00e0 base de caviar (10g de caviar baeri signature par plat), d\u2019esturgeon, mais aussi d&rsquo;autres ingr\u00e9dients locaux de qualit\u00e9 sup\u00e9rieure. Les plats sont soigneusement pr\u00e9par\u00e9s pour mettre en valeur les saveurs et les textures uniques des produits Caviar de Neuvic. Les clients peuvent \u00e9galement profiter d&rsquo;une s\u00e9lection de vins et de champagnes pour accompagner leur repas.<\/span><\/p>\n\t\t<style>\n\t\t\t.blog_sticker{\n\t\t\t\tmargin-top: 50px !important;\n\t\t\t\tdisplay: flex;\n  \t\t\t\tjustify-content: center;\n\t\t\t\tflex-wrap: wrap;\n\t\t\t}\n\t\t\t.blog_sticker .product-miniature-list.row .span_1_of_3{\n\t\t\t\twidth: 100%!important;\n\t\t\t\tflex: 0 0 100%!important;\n\t\t\t\tmax-width: 400px!important;\n\t\t\t}\n\t\t\t.blog_sticker_right{\n\t\t\t\tmax-width: 400px;\n\t\t\t}\n\t\t\t.product-miniature-list.row {\n\t\t\t\tdisplay: flex;\n\t\t\t\tjustify-content: center;\n\t\t\t\tflex-wrap: wrap;\n\t\t\t}\n\t\t<\/style>\n\t\t<div class=\"blog_sticker d-flex flex-wrap\">\n\t\t\t<div class=\"blog_sticker_left col-sm-12 col-md-6 products-grid\">\n\t\t\t\t<div class=\"product-miniature-list row\">\n\t\t\t\t\t\t\t\t\t<\/div>\n\t\t\t<\/div>\n\t\t\t<div class=\"blog_sticker_right col-sm-12 col-md-6\">\n\t\t\t\t\t\t\t<\/div>\n\t\t<\/div>\n\t\n<h3>Une passion pour la gastronomie fran\u00e7aise<\/h3>\n<p><span style=\"font-weight: 400;\">L&rsquo;ouverture de ce service de restauration est une \u00e9tape importante pour Caviar de Neuvic, qui a toujours \u00e9t\u00e9 engag\u00e9 dans la promotion de la gastronomie fran\u00e7aise et la mise en valeur de la <a href=\"https:\/\/fr.wikipedia.org\/wiki\/Dordogne_(d\u00e9partement)\" target=\"_blank\" rel=\"noopener\">r\u00e9gion de la Dordogne<\/a>. En proposant une exp\u00e9rience culinaire de qualit\u00e9 sup\u00e9rieure, l&rsquo;entreprise contribue \u00e0 renforcer la r\u00e9putation de la France en mati\u00e8re de gastronomie et de produits alimentaires de haute qualit\u00e9.<\/span><\/p>\n<h3><span style=\"font-weight: 400;\"><strong>Information pratiques\u00a0<\/strong><\/span><\/h3>\n<p><span style=\"font-weight: 400;\">Le nouveau service de restauration est ouvert du lundi au samedi pour le d\u00e9jeuner. Les r\u00e9servations sont obligatoires 48h \u00e0 l\u2019avance. Les clients sont invit\u00e9s \u00e0 venir d\u00e9couvrir le Caviar de Neuvic dans toute sa splendeur ! Ainsi, profiter d&rsquo;une exp\u00e9rience culinaire inoubliable dans un cadre exceptionnel.<\/span><span style=\"font-weight: 400;\">\u00a0<\/span><\/p>\n<p><span style=\"font-weight: 400;\"><strong>R\u00e9servation<\/strong> : 48h \u00e0 l\u2019avance<\/span><\/p>\n<p><span style=\"font-weight: 400;\"><strong>Dates et horaires<\/strong> : Du lundi au samedi \u00e0 partir de 12h\u00a0<\/span><\/p>\n<p><span style=\"font-weight: 400;\"><strong>Tarifs adultes<\/strong> : 25 euros par personne (repas complet)\u00a0<\/span><\/p>\n<p><strong>Tarifs enfants<\/strong> : 12,50 euros par personne (plat sans caviar et dessert)<\/p>\n<p><span style=\"font-weight: 400;\"><strong>Adresse<\/strong> : La Grande Veyssi\u00e8re, 24190 Neuvic\u00a0<\/span><\/p>\n<p><span style=\"font-weight: 400;\"><strong>T\u00e9l\u00e9phone<\/strong> : 05.03.80.89.57<\/span><\/p>\n<p><span style=\"font-weight: 400;\"><strong>Site Internet<\/strong> :\u00a0<\/span><\/p>\n<p><span style=\"font-weight: 400;\"><em><strong>Le menu est compos\u00e9 de :<\/strong>\u00a0<\/em><\/span><\/p>\n<ul>\n<li style=\"font-weight: 400;\" aria-level=\"1\"><span style=\"font-weight: 400;\">Une entr\u00e9e\u00a0<\/span><\/li>\n<li style=\"font-weight: 400;\" aria-level=\"1\"><span style=\"font-weight: 400;\">Un plat\u00a0<\/span><\/li>\n<li style=\"font-weight: 400;\" aria-level=\"1\"><span style=\"font-weight: 400;\">Un dessert<\/span><\/li>\n<li style=\"font-weight: 400;\" aria-level=\"1\"><span style=\"font-weight: 400;\">Verre de cr\u00e9mant\u00a0<\/span><\/li>\n<li style=\"font-weight: 400;\" aria-level=\"1\"><span style=\"font-weight: 400;\">Caf\u00e9\u00a0<\/span><\/li>\n<li style=\"font-weight: 400;\" aria-level=\"1\"><span style=\"font-weight: 400;\">Eau\u00a0<\/span><\/li>\n<\/ul>\n<p><img fetchpriority=\"high\" decoding=\"async\" class=\"alignnone size-medium wp-image-6614\" src=\"http:\/\/caviar-de-neuvic.com\/wp-content\/uploads\/2023\/04\/CDN_REPASDOMAINE-_220323_\u00aeAV-6-2-300x300.jpg\" alt=\"\" width=\"300\" height=\"300\" \/> <img decoding=\"async\" class=\"alignnone size-medium wp-image-6615\" src=\"http:\/\/caviar-de-neuvic.com\/wp-content\/uploads\/2023\/04\/CDN_REPASDOMAINE-_220323_\u00aeAV-24-2-300x300.jpg\" alt=\"\" width=\"300\" height=\"300\" \/><img decoding=\"async\" class=\"alignnone size-medium wp-image-6616\" src=\"http:\/\/caviar-de-neuvic.com\/wp-content\/uploads\/2023\/04\/CDN_REPASDOMAINE-_220323_\u00aeAV-29-2-300x300.jpg\" alt=\"\" width=\"300\" height=\"300\" \/> <img loading=\"lazy\" decoding=\"async\" class=\"alignnone size-medium wp-image-6617\" src=\"http:\/\/caviar-de-neuvic.com\/wp-content\/uploads\/2023\/04\/CDN_REPASDOMAINE-_220323_\u00aeAV-31-2-300x300.jpg\" alt=\"\" width=\"300\" height=\"300\" \/> <img loading=\"lazy\" decoding=\"async\" class=\"alignnone size-medium wp-image-6618\" src=\"http:\/\/caviar-de-neuvic.com\/wp-content\/uploads\/2023\/04\/CDN_REPASDOMAINE-_220323_\u00aeAV-33-2-300x300.jpg\" alt=\"\" width=\"300\" height=\"300\" \/><img loading=\"lazy\" decoding=\"async\" class=\"alignnone size-medium wp-image-6619\" src=\"http:\/\/caviar-de-neuvic.com\/wp-content\/uploads\/2023\/04\/CDN_REPASDOMAINE-_220323_\u00aeAV-48-2-300x300.jpg\" alt=\"\" width=\"300\" height=\"300\" \/><\/p>","protected":false},"excerpt":{"rendered":"<p>Caviar de Neuvic lance son premier service de restauration. Caviar de Neuvic, producteur fran\u00e7ais de caviar d&rsquo;exception, est heureux d&rsquo;annoncer l&rsquo;ouverture de son tout premier service de restauration au c\u0153ur de son domaine: \u201cLe Repas du Producteur\u201d. Cette initiative marque une \u00e9tape importante pour l&rsquo;entreprise et renforce son engagement en faveur de la gastronomie fran\u00e7aise. [&hellip;]<\/p>\n","protected":false},"author":11896,"featured_media":21037,"comment_status":"open","ping_status":"closed","sticky":false,"template":"","format":"standard","meta":{"_acf_changed":false,"ocean_post_layout":"","ocean_both_sidebars_style":"","ocean_both_sidebars_content_width":0,"ocean_both_sidebars_sidebars_width":0,"ocean_sidebar":"","ocean_second_sidebar":"","ocean_disable_margins":"enable","ocean_add_body_class":"","ocean_shortcode_before_top_bar":"","ocean_shortcode_after_top_bar":"","ocean_shortcode_before_header":"","ocean_shortcode_after_header":"","ocean_has_shortcode":"","ocean_shortcode_after_title":"","ocean_shortcode_before_footer_widgets":"","ocean_shortcode_after_footer_widgets":"","ocean_shortcode_before_footer_bottom":"","ocean_shortcode_after_footer_bottom":"","ocean_display_top_bar":"default","ocean_display_header":"default","ocean_header_style":"","ocean_center_header_left_menu":"","ocean_custom_header_template":"","ocean_custom_logo":0,"ocean_custom_retina_logo":0,"ocean_custom_logo_max_width":0,"ocean_custom_logo_tablet_max_width":0,"ocean_custom_logo_mobile_max_width":0,"ocean_custom_logo_max_height":0,"ocean_custom_logo_tablet_max_height":0,"ocean_custom_logo_mobile_max_height":0,"ocean_header_custom_menu":"","ocean_menu_typo_font_family":"","ocean_menu_typo_font_subset":"","ocean_menu_typo_font_size":0,"ocean_menu_typo_font_size_tablet":0,"ocean_menu_typo_font_size_mobile":0,"ocean_menu_typo_font_size_unit":"px","ocean_menu_typo_font_weight":"","ocean_menu_typo_font_weight_tablet":"","ocean_menu_typo_font_weight_mobile":"","ocean_menu_typo_transform":"","ocean_menu_typo_transform_tablet":"","ocean_menu_typo_transform_mobile":"","ocean_menu_typo_line_height":0,"ocean_menu_typo_line_height_tablet":0,"ocean_menu_typo_line_height_mobile":0,"ocean_menu_typo_line_height_unit":"","ocean_menu_typo_spacing":0,"ocean_menu_typo_spacing_tablet":0,"ocean_menu_typo_spacing_mobile":0,"ocean_menu_typo_spacing_unit":"","ocean_menu_link_color":"","ocean_menu_link_color_hover":"","ocean_menu_link_color_active":"","ocean_menu_link_background":"","ocean_menu_link_hover_background":"","ocean_menu_link_active_background":"","ocean_menu_social_links_bg":"","ocean_menu_social_hover_links_bg":"","ocean_menu_social_links_color":"","ocean_menu_social_hover_links_color":"","ocean_disable_title":"default","ocean_disable_heading":"default","ocean_post_title":"","ocean_post_subheading":"","ocean_post_title_style":"","ocean_post_title_background_color":"","ocean_post_title_background":0,"ocean_post_title_bg_image_position":"","ocean_post_title_bg_image_attachment":"","ocean_post_title_bg_image_repeat":"","ocean_post_title_bg_image_size":"","ocean_post_title_height":0,"ocean_post_title_bg_overlay":0.5,"ocean_post_title_bg_overlay_color":"","ocean_disable_breadcrumbs":"default","ocean_breadcrumbs_color":"","ocean_breadcrumbs_separator_color":"","ocean_breadcrumbs_links_color":"","ocean_breadcrumbs_links_hover_color":"","ocean_display_footer_widgets":"default","ocean_display_footer_bottom":"default","ocean_custom_footer_template":"","omw_enable_modal_window":"enable","ocean_post_oembed":"","ocean_post_self_hosted_media":"","ocean_post_video_embed":"","ocean_link_format":"","ocean_link_format_target":"self","ocean_quote_format":"","ocean_quote_format_link":"post","ocean_gallery_link_images":"on","ocean_gallery_id":[],"footnotes":""},"categories":[286],"tags":[],"class_list":["post-20822","post","type-post","status-publish","format-standard","has-post-thumbnail","hentry","category-nos-points-de-vente-tourisme","entry","has-media","owp-thumbs-layout-vertical","owp-btn-normal","owp-tabs-layout-horizontal","has-no-thumbnails","has-product-nav"],"acf":[],"yoast_head":"<!-- This site is optimized with the Yoast SEO plugin v27.5 - https:\/\/yoast.com\/product\/yoast-seo-wordpress\/ -->\n<title>Caviar de Neuvic lance son premier service de restauration<\/title>\n<meta name=\"description\" content=\"Caviar de Neuvic lance son premier service de restauration au c\u0153ur de son domaine : \u201cLe Repas du Producteur\u201d.\" \/>\n<meta name=\"robots\" content=\"index, follow, max-snippet:-1, max-image-preview:large, max-video-preview:-1\" \/>\n<link rel=\"canonical\" href=\"https:\/\/caviar-de-neuvic.com\/de_be\/nos-points-de-vente-tourisme\/caviar-de-neuvic-lance-son-premier-service-de-restauration\/\" \/>\n<meta property=\"og:locale\" content=\"de_DE\" \/>\n<meta property=\"og:type\" content=\"article\" \/>\n<meta property=\"og:title\" content=\"Caviar de Neuvic lance son premier service de restauration\" \/>\n<meta property=\"og:description\" content=\"Caviar de Neuvic lance son premier service de restauration au c\u0153ur de son domaine : \u201cLe Repas du Producteur\u201d.\" \/>\n<meta property=\"og:url\" content=\"https:\/\/caviar-de-neuvic.com\/de_be\/nos-points-de-vente-tourisme\/caviar-de-neuvic-lance-son-premier-service-de-restauration\/\" \/>\n<meta property=\"og:site_name\" content=\"Producteur Fran\u00e7ais De Caviar\" \/>\n<meta property=\"article:published_time\" content=\"2023-04-15T07:00:07+00:00\" \/>\n<meta property=\"og:image\" content=\"https:\/\/caviar-de-neuvic.com\/wp-content\/uploads\/2023\/04\/CDN_REPASDOMAINE-_220323_\u00aeAV-42-2.jpg\" \/>\n\t<meta property=\"og:image:width\" content=\"1920\" \/>\n\t<meta property=\"og:image:height\" content=\"1281\" \/>\n\t<meta property=\"og:image:type\" content=\"image\/jpeg\" \/>\n<meta name=\"author\" content=\"Laurine Gay\" \/>\n<meta name=\"twitter:card\" content=\"summary_large_image\" \/>\n<meta name=\"twitter:label1\" content=\"Written by\" \/>\n\t<meta name=\"twitter:data1\" content=\"Laurine Gay\" \/>\n\t<meta name=\"twitter:label2\" content=\"Est. reading time\" \/>\n\t<meta name=\"twitter:data2\" content=\"4 minutes\" \/>\n<script type=\"application\/ld+json\" class=\"yoast-schema-graph\">{\"@context\":\"https:\\\/\\\/schema.org\",\"@graph\":[{\"@type\":\"Article\",\"@id\":\"https:\\\/\\\/caviar-de-neuvic.com\\\/fr\\\/nos-points-de-vente-tourisme\\\/caviar-de-neuvic-lance-son-premier-service-de-restauration\\\/#article\",\"isPartOf\":{\"@id\":\"https:\\\/\\\/caviar-de-neuvic.com\\\/fr\\\/nos-points-de-vente-tourisme\\\/caviar-de-neuvic-lance-son-premier-service-de-restauration\\\/\"},\"author\":{\"name\":\"Laurine Gay\",\"@id\":\"http:\\\/\\\/caviar-de-neuvic.com\\\/fr\\\/#\\\/schema\\\/person\\\/89912ad55a5ddd5efeb92f2d32511b03\"},\"headline\":\"Caviar de Neuvic lance son premier service de restauration\",\"datePublished\":\"2023-04-15T07:00:07+00:00\",\"mainEntityOfPage\":{\"@id\":\"https:\\\/\\\/caviar-de-neuvic.com\\\/fr\\\/nos-points-de-vente-tourisme\\\/caviar-de-neuvic-lance-son-premier-service-de-restauration\\\/\"},\"wordCount\":464,\"commentCount\":0,\"publisher\":{\"@id\":\"http:\\\/\\\/caviar-de-neuvic.com\\\/fr\\\/#organization\"},\"image\":{\"@id\":\"https:\\\/\\\/caviar-de-neuvic.com\\\/fr\\\/nos-points-de-vente-tourisme\\\/caviar-de-neuvic-lance-son-premier-service-de-restauration\\\/#primaryimage\"},\"thumbnailUrl\":\"https:\\\/\\\/caviar-de-neuvic.com\\\/wp-content\\\/uploads\\\/2023\\\/04\\\/CDN_REPASDOMAINE-_220323_\u00aeAV-42-2.jpg\",\"articleSection\":[\"Nos Points de Vente + Tourisme\"],\"inLanguage\":\"de-BE\",\"potentialAction\":[{\"@type\":\"CommentAction\",\"name\":\"Comment\",\"target\":[\"https:\\\/\\\/caviar-de-neuvic.com\\\/fr\\\/nos-points-de-vente-tourisme\\\/caviar-de-neuvic-lance-son-premier-service-de-restauration\\\/#respond\"]}]},{\"@type\":\"WebPage\",\"@id\":\"https:\\\/\\\/caviar-de-neuvic.com\\\/fr\\\/nos-points-de-vente-tourisme\\\/caviar-de-neuvic-lance-son-premier-service-de-restauration\\\/\",\"url\":\"https:\\\/\\\/caviar-de-neuvic.com\\\/fr\\\/nos-points-de-vente-tourisme\\\/caviar-de-neuvic-lance-son-premier-service-de-restauration\\\/\",\"name\":\"Caviar de Neuvic lance son premier service de restauration\",\"isPartOf\":{\"@id\":\"http:\\\/\\\/caviar-de-neuvic.com\\\/fr\\\/#website\"},\"primaryImageOfPage\":{\"@id\":\"https:\\\/\\\/caviar-de-neuvic.com\\\/fr\\\/nos-points-de-vente-tourisme\\\/caviar-de-neuvic-lance-son-premier-service-de-restauration\\\/#primaryimage\"},\"image\":{\"@id\":\"https:\\\/\\\/caviar-de-neuvic.com\\\/fr\\\/nos-points-de-vente-tourisme\\\/caviar-de-neuvic-lance-son-premier-service-de-restauration\\\/#primaryimage\"},\"thumbnailUrl\":\"https:\\\/\\\/caviar-de-neuvic.com\\\/wp-content\\\/uploads\\\/2023\\\/04\\\/CDN_REPASDOMAINE-_220323_\u00aeAV-42-2.jpg\",\"datePublished\":\"2023-04-15T07:00:07+00:00\",\"description\":\"Caviar de Neuvic lance son premier service de restauration au c\u0153ur de son domaine : \u201cLe Repas du Producteur\u201d.\",\"breadcrumb\":{\"@id\":\"https:\\\/\\\/caviar-de-neuvic.com\\\/fr\\\/nos-points-de-vente-tourisme\\\/caviar-de-neuvic-lance-son-premier-service-de-restauration\\\/#breadcrumb\"},\"inLanguage\":\"de-BE\",\"potentialAction\":[{\"@type\":\"ReadAction\",\"target\":[\"https:\\\/\\\/caviar-de-neuvic.com\\\/fr\\\/nos-points-de-vente-tourisme\\\/caviar-de-neuvic-lance-son-premier-service-de-restauration\\\/\"]}]},{\"@type\":\"ImageObject\",\"inLanguage\":\"de-BE\",\"@id\":\"https:\\\/\\\/caviar-de-neuvic.com\\\/fr\\\/nos-points-de-vente-tourisme\\\/caviar-de-neuvic-lance-son-premier-service-de-restauration\\\/#primaryimage\",\"url\":\"https:\\\/\\\/caviar-de-neuvic.com\\\/wp-content\\\/uploads\\\/2023\\\/04\\\/CDN_REPASDOMAINE-_220323_\u00aeAV-42-2.jpg\",\"contentUrl\":\"https:\\\/\\\/caviar-de-neuvic.com\\\/wp-content\\\/uploads\\\/2023\\\/04\\\/CDN_REPASDOMAINE-_220323_\u00aeAV-42-2.jpg\",\"width\":1920,\"height\":1281,\"caption\":\"Caviar de Neuvic lance son premier service de restauration\"},{\"@type\":\"BreadcrumbList\",\"@id\":\"https:\\\/\\\/caviar-de-neuvic.com\\\/fr\\\/nos-points-de-vente-tourisme\\\/caviar-de-neuvic-lance-son-premier-service-de-restauration\\\/#breadcrumb\",\"itemListElement\":[{\"@type\":\"ListItem\",\"position\":1,\"name\":\"Caviar de Neuvic\",\"item\":\"https:\\\/\\\/caviar-de-neuvic.com\\\/\"},{\"@type\":\"ListItem\",\"position\":2,\"name\":\"Nos Points de Vente + Tourisme\",\"item\":\"https:\\\/\\\/caviar-de-neuvic.com\\\/fr\\\/category\\\/nos-points-de-vente-tourisme\\\/\"},{\"@type\":\"ListItem\",\"position\":3,\"name\":\"Caviar de Neuvic lance son premier service de restauration\"}]},{\"@type\":\"WebSite\",\"@id\":\"http:\\\/\\\/caviar-de-neuvic.com\\\/fr\\\/#website\",\"url\":\"http:\\\/\\\/caviar-de-neuvic.com\\\/fr\\\/\",\"name\":\"Producteur Fran\u00e7ais De Caviar\",\"description\":\"\",\"publisher\":{\"@id\":\"http:\\\/\\\/caviar-de-neuvic.com\\\/fr\\\/#organization\"},\"potentialAction\":[{\"@type\":\"SearchAction\",\"target\":{\"@type\":\"EntryPoint\",\"urlTemplate\":\"http:\\\/\\\/caviar-de-neuvic.com\\\/fr\\\/?s={search_term_string}\"},\"query-input\":{\"@type\":\"PropertyValueSpecification\",\"valueRequired\":true,\"valueName\":\"search_term_string\"}}],\"inLanguage\":\"de-BE\"},{\"@type\":\"Organization\",\"@id\":\"http:\\\/\\\/caviar-de-neuvic.com\\\/fr\\\/#organization\",\"name\":\"Producteur Fran\u00e7ais De Caviar\",\"url\":\"http:\\\/\\\/caviar-de-neuvic.com\\\/fr\\\/\",\"logo\":{\"@type\":\"ImageObject\",\"inLanguage\":\"de-BE\",\"@id\":\"http:\\\/\\\/caviar-de-neuvic.com\\\/fr\\\/#\\\/schema\\\/logo\\\/image\\\/\",\"url\":\"\",\"contentUrl\":\"\",\"caption\":\"Producteur Fran\u00e7ais De Caviar\"},\"image\":{\"@id\":\"http:\\\/\\\/caviar-de-neuvic.com\\\/fr\\\/#\\\/schema\\\/logo\\\/image\\\/\"}},{\"@type\":\"Person\",\"@id\":\"http:\\\/\\\/caviar-de-neuvic.com\\\/fr\\\/#\\\/schema\\\/person\\\/89912ad55a5ddd5efeb92f2d32511b03\",\"name\":\"Laurine Gay\",\"url\":\"https:\\\/\\\/caviar-de-neuvic.com\\\/de_be\\\/author\\\/laurine-gaycaviardeneuvic-com\\\/\"}]}<\/script>\n<!-- \/ Yoast SEO plugin. -->","yoast_head_json":{"title":"Caviar de Neuvic lance son premier service de restauration","description":"Caviar de Neuvic lance son premier service de restauration au c\u0153ur de son domaine : \u201cLe Repas du Producteur\u201d.","robots":{"index":"index","follow":"follow","max-snippet":"max-snippet:-1","max-image-preview":"max-image-preview:large","max-video-preview":"max-video-preview:-1"},"canonical":"https:\/\/caviar-de-neuvic.com\/de_be\/nos-points-de-vente-tourisme\/caviar-de-neuvic-lance-son-premier-service-de-restauration\/","og_locale":"de_DE","og_type":"article","og_title":"Caviar de Neuvic lance son premier service de restauration","og_description":"Caviar de Neuvic lance son premier service de restauration au c\u0153ur de son domaine : \u201cLe Repas du Producteur\u201d.","og_url":"https:\/\/caviar-de-neuvic.com\/de_be\/nos-points-de-vente-tourisme\/caviar-de-neuvic-lance-son-premier-service-de-restauration\/","og_site_name":"Producteur Fran\u00e7ais De Caviar","article_published_time":"2023-04-15T07:00:07+00:00","og_image":[{"width":1920,"height":1281,"url":"https:\/\/caviar-de-neuvic.com\/wp-content\/uploads\/2023\/04\/CDN_REPASDOMAINE-_220323_\u00aeAV-42-2.jpg","type":"image\/jpeg"}],"author":"Laurine Gay","twitter_card":"summary_large_image","twitter_misc":{"Written by":"Laurine Gay","Est. reading time":"4 minutes"},"schema":{"@context":"https:\/\/schema.org","@graph":[{"@type":"Article","@id":"https:\/\/caviar-de-neuvic.com\/fr\/nos-points-de-vente-tourisme\/caviar-de-neuvic-lance-son-premier-service-de-restauration\/#article","isPartOf":{"@id":"https:\/\/caviar-de-neuvic.com\/fr\/nos-points-de-vente-tourisme\/caviar-de-neuvic-lance-son-premier-service-de-restauration\/"},"author":{"name":"Laurine Gay","@id":"http:\/\/caviar-de-neuvic.com\/fr\/#\/schema\/person\/89912ad55a5ddd5efeb92f2d32511b03"},"headline":"Caviar de Neuvic lance son premier service de restauration","datePublished":"2023-04-15T07:00:07+00:00","mainEntityOfPage":{"@id":"https:\/\/caviar-de-neuvic.com\/fr\/nos-points-de-vente-tourisme\/caviar-de-neuvic-lance-son-premier-service-de-restauration\/"},"wordCount":464,"commentCount":0,"publisher":{"@id":"http:\/\/caviar-de-neuvic.com\/fr\/#organization"},"image":{"@id":"https:\/\/caviar-de-neuvic.com\/fr\/nos-points-de-vente-tourisme\/caviar-de-neuvic-lance-son-premier-service-de-restauration\/#primaryimage"},"thumbnailUrl":"https:\/\/caviar-de-neuvic.com\/wp-content\/uploads\/2023\/04\/CDN_REPASDOMAINE-_220323_\u00aeAV-42-2.jpg","articleSection":["Nos Points de Vente + Tourisme"],"inLanguage":"de-BE","potentialAction":[{"@type":"CommentAction","name":"Comment","target":["https:\/\/caviar-de-neuvic.com\/fr\/nos-points-de-vente-tourisme\/caviar-de-neuvic-lance-son-premier-service-de-restauration\/#respond"]}]},{"@type":"WebPage","@id":"https:\/\/caviar-de-neuvic.com\/fr\/nos-points-de-vente-tourisme\/caviar-de-neuvic-lance-son-premier-service-de-restauration\/","url":"https:\/\/caviar-de-neuvic.com\/fr\/nos-points-de-vente-tourisme\/caviar-de-neuvic-lance-son-premier-service-de-restauration\/","name":"Caviar de Neuvic lance son premier service de restauration","isPartOf":{"@id":"http:\/\/caviar-de-neuvic.com\/fr\/#website"},"primaryImageOfPage":{"@id":"https:\/\/caviar-de-neuvic.com\/fr\/nos-points-de-vente-tourisme\/caviar-de-neuvic-lance-son-premier-service-de-restauration\/#primaryimage"},"image":{"@id":"https:\/\/caviar-de-neuvic.com\/fr\/nos-points-de-vente-tourisme\/caviar-de-neuvic-lance-son-premier-service-de-restauration\/#primaryimage"},"thumbnailUrl":"https:\/\/caviar-de-neuvic.com\/wp-content\/uploads\/2023\/04\/CDN_REPASDOMAINE-_220323_\u00aeAV-42-2.jpg","datePublished":"2023-04-15T07:00:07+00:00","description":"Caviar de Neuvic lance son premier service de restauration au c\u0153ur de son domaine : \u201cLe Repas du Producteur\u201d.","breadcrumb":{"@id":"https:\/\/caviar-de-neuvic.com\/fr\/nos-points-de-vente-tourisme\/caviar-de-neuvic-lance-son-premier-service-de-restauration\/#breadcrumb"},"inLanguage":"de-BE","potentialAction":[{"@type":"ReadAction","target":["https:\/\/caviar-de-neuvic.com\/fr\/nos-points-de-vente-tourisme\/caviar-de-neuvic-lance-son-premier-service-de-restauration\/"]}]},{"@type":"ImageObject","inLanguage":"de-BE","@id":"https:\/\/caviar-de-neuvic.com\/fr\/nos-points-de-vente-tourisme\/caviar-de-neuvic-lance-son-premier-service-de-restauration\/#primaryimage","url":"https:\/\/caviar-de-neuvic.com\/wp-content\/uploads\/2023\/04\/CDN_REPASDOMAINE-_220323_\u00aeAV-42-2.jpg","contentUrl":"https:\/\/caviar-de-neuvic.com\/wp-content\/uploads\/2023\/04\/CDN_REPASDOMAINE-_220323_\u00aeAV-42-2.jpg","width":1920,"height":1281,"caption":"Caviar de Neuvic lance son premier service de restauration"},{"@type":"BreadcrumbList","@id":"https:\/\/caviar-de-neuvic.com\/fr\/nos-points-de-vente-tourisme\/caviar-de-neuvic-lance-son-premier-service-de-restauration\/#breadcrumb","itemListElement":[{"@type":"ListItem","position":1,"name":"Caviar de Neuvic","item":"https:\/\/caviar-de-neuvic.com\/"},{"@type":"ListItem","position":2,"name":"Nos Points de Vente + Tourisme","item":"https:\/\/caviar-de-neuvic.com\/fr\/category\/nos-points-de-vente-tourisme\/"},{"@type":"ListItem","position":3,"name":"Caviar de Neuvic lance son premier service de restauration"}]},{"@type":"WebSite","@id":"http:\/\/caviar-de-neuvic.com\/fr\/#website","url":"http:\/\/caviar-de-neuvic.com\/fr\/","name":"Producteur Fran\u00e7ais De Caviar","description":"","publisher":{"@id":"http:\/\/caviar-de-neuvic.com\/fr\/#organization"},"potentialAction":[{"@type":"SearchAction","target":{"@type":"EntryPoint","urlTemplate":"http:\/\/caviar-de-neuvic.com\/fr\/?s={search_term_string}"},"query-input":{"@type":"PropertyValueSpecification","valueRequired":true,"valueName":"search_term_string"}}],"inLanguage":"de-BE"},{"@type":"Organization","@id":"http:\/\/caviar-de-neuvic.com\/fr\/#organization","name":"Producteur Fran\u00e7ais De Caviar","url":"http:\/\/caviar-de-neuvic.com\/fr\/","logo":{"@type":"ImageObject","inLanguage":"de-BE","@id":"http:\/\/caviar-de-neuvic.com\/fr\/#\/schema\/logo\/image\/","url":"","contentUrl":"","caption":"Producteur Fran\u00e7ais De Caviar"},"image":{"@id":"http:\/\/caviar-de-neuvic.com\/fr\/#\/schema\/logo\/image\/"}},{"@type":"Person","@id":"http:\/\/caviar-de-neuvic.com\/fr\/#\/schema\/person\/89912ad55a5ddd5efeb92f2d32511b03","name":"Laurine Gay","url":"https:\/\/caviar-de-neuvic.com\/de_be\/author\/laurine-gaycaviardeneuvic-com\/"}]}},"_links":{"self":[{"href":"https:\/\/caviar-de-neuvic.com\/de_be\/wp-json\/wp\/v2\/posts\/20822","targetHints":{"allow":["GET"]}}],"collection":[{"href":"https:\/\/caviar-de-neuvic.com\/de_be\/wp-json\/wp\/v2\/posts"}],"about":[{"href":"https:\/\/caviar-de-neuvic.com\/de_be\/wp-json\/wp\/v2\/types\/post"}],"author":[{"embeddable":true,"href":"https:\/\/caviar-de-neuvic.com\/de_be\/wp-json\/wp\/v2\/users\/11896"}],"replies":[{"embeddable":true,"href":"https:\/\/caviar-de-neuvic.com\/de_be\/wp-json\/wp\/v2\/comments?post=20822"}],"version-history":[{"count":0,"href":"https:\/\/caviar-de-neuvic.com\/de_be\/wp-json\/wp\/v2\/posts\/20822\/revisions"}],"wp:featuredmedia":[{"embeddable":true,"href":"https:\/\/caviar-de-neuvic.com\/de_be\/wp-json\/wp\/v2\/media\/21037"}],"wp:attachment":[{"href":"https:\/\/caviar-de-neuvic.com\/de_be\/wp-json\/wp\/v2\/media?parent=20822"}],"wp:term":[{"taxonomy":"category","embeddable":true,"href":"https:\/\/caviar-de-neuvic.com\/de_be\/wp-json\/wp\/v2\/categories?post=20822"},{"taxonomy":"post_tag","embeddable":true,"href":"https:\/\/caviar-de-neuvic.com\/de_be\/wp-json\/wp\/v2\/tags?post=20822"}],"curies":[{"name":"wp","href":"https:\/\/api.w.org\/{rel}","templated":true}]}}