{"id":20862,"date":"2024-09-18T13:59:00","date_gmt":"2024-09-18T11:59:00","guid":{"rendered":"https:\/\/caviar-de-neuvic.com\/parlons-caviar-old\/?p=7928"},"modified":"2024-09-18T13:59:00","modified_gmt":"2024-09-18T11:59:00","slug":"recyclage-des-boites-origine-en-bougies-locales","status":"publish","type":"post","link":"https:\/\/caviar-de-neuvic.com\/de_be\/mots-gestes\/recyclage-des-boites-origine-en-bougies-locales\/","title":{"rendered":"Recyclage des bo\u00eetes Origine en bougies locales"},"content":{"rendered":"<p><b>Recyclage des bo\u00eetes Origine en bougies locales. Caviar de Neuvic : Un recyclage innovant des bo\u00eetes \u00ab\u00a0Origine\u00a0\u00bb pour cr\u00e9er des bougies parfum\u00e9es 100% locales.<\/b><\/p>\n<h3><b>Des bougies \u00e9coresponsables et authentiques<\/b><\/h3>\n<p><span style=\"font-weight: 400;\"><a href=\"https:\/\/caviar-de-neuvic.com\/de_be\/\" target=\"_blank\" rel=\"noopener\">Caviar de Neuvic<\/a> poursuit son engagement en faveur de l&rsquo;innovation durable. Cela gr\u00e2ce au lancement de ses bougies parfum\u00e9es, cr\u00e9\u00e9es \u00e0 partir de bo\u00eetes \u00ab\u00a0Origine\u00a0\u00bb recycl\u00e9es de 500g. Fabriqu\u00e9es \u00e0 base de cire v\u00e9g\u00e9tale et d&rsquo;huile essentielle biologique d&rsquo;ylang-ylang, ces bougies incarnent un v\u00e9ritable art de vivre, respectueux de l&rsquo;environnement et 100% local.<\/span><\/p>\n<p><img fetchpriority=\"high\" decoding=\"async\" class=\"alignnone size-medium wp-image-7930\" src=\"http:\/\/caviar-de-neuvic.com\/wp-content\/uploads\/2024\/09\/df34363d-1de3-d45f-762b-f50ac3d652b3-225x300.jpg\" alt=\"\" width=\"225\" height=\"300\" \/> <img decoding=\"async\" class=\"alignnone size-medium wp-image-7931\" src=\"http:\/\/caviar-de-neuvic.com\/wp-content\/uploads\/2024\/09\/ecbc4584-1252-38ad-3b19-68b0e873baa1-225x300.jpg\" alt=\"\" width=\"225\" height=\"300\" \/><\/p>\n<h3><b>Un contenant original et recyclable<\/b><\/h3>\n<p><span style=\"font-weight: 400;\">Les bo\u00eetes \u00ab\u00a0Origine\u00a0\u00bb, plus connues sous le nom de \u00ab\u00a0bo\u00eetes bleues\u00a0\u00bb ou \u00ab\u00a0bo\u00eetes m\u00e8res\u00a0\u00bb, conditionnent et permettent la maturation traditionnelle du caviar. \u00c0 la diff\u00e9rence des \u00ab\u00a0Bo\u00eetes Fille\u00a0\u00bb, qui sont herm\u00e9tiques et sous vide, on remplit les \u00ab\u00a0<a href=\"https:\/\/caviar-de-neuvic.com\/de_be\/parlons-caviar-old\/universducaviar\/lhistoire-de-la-boite-origine\/\" target=\"_blank\" rel=\"noopener\">Bo\u00eetes Origine<\/a>\u00a0\u00bb en volume sous simple pression.\u00a0Ce proc\u00e9d\u00e9 unique permet aux \u0153ufs de caviar d\u2019absorber le sel, entra\u00eenant la lib\u00e9ration d&rsquo;un exsudat (m\u00e9lange de prot\u00e9ines et de sel) pouvant repr\u00e9senter jusqu&rsquo;\u00e0 5% de leur poids. Au fil des semaines, les bo\u00eetes sont retourn\u00e9es pour favoriser l\u2019\u00e9coulement de cet exsudat, une \u00e9tape cruciale dans l&rsquo;affinage qui conf\u00e8re au caviar son go\u00fbt si particulier.<\/span><\/p>\n\t\t<style>\n\t\t\t.blog_sticker{\n\t\t\t\tmargin-top: 50px !important;\n\t\t\t\tdisplay: flex;\n  \t\t\t\tjustify-content: center;\n\t\t\t\tflex-wrap: wrap;\n\t\t\t}\n\t\t\t.blog_sticker .product-miniature-list.row .span_1_of_3{\n\t\t\t\twidth: 100%!important;\n\t\t\t\tflex: 0 0 100%!important;\n\t\t\t\tmax-width: 400px!important;\n\t\t\t}\n\t\t\t.blog_sticker_right{\n\t\t\t\tmax-width: 400px;\n\t\t\t}\n\t\t\t.product-miniature-list.row {\n\t\t\t\tdisplay: flex;\n\t\t\t\tjustify-content: center;\n\t\t\t\tflex-wrap: wrap;\n\t\t\t}\n\t\t<\/style>\n\t\t<div class=\"blog_sticker d-flex flex-wrap\">\n\t\t\t<div class=\"blog_sticker_left col-sm-12 col-md-6 products-grid\">\n\t\t\t\t<div class=\"product-miniature-list row\">\n\t\t\t\t\t\t\t\t\t<\/div>\n\t\t\t<\/div>\n\t\t\t<div class=\"blog_sticker_right col-sm-12 col-md-6\">\n\t\t\t\t\t\t\t<\/div>\n\t\t<\/div>\n\t\n<h3><b>Un projet n\u00e9 d&rsquo;une initiative interne<\/b><\/h3>\n<p><span style=\"font-weight: 400;\">Ce projet de recyclage a \u00e9t\u00e9 propos\u00e9 par l&rsquo;\u00e9quipe RSE \u00e0 Laurent Deverlanges, PDG et fondateur de l&rsquo;entreprise. L&rsquo;id\u00e9e \u00e9tait de donner une seconde vie aux embl\u00e9matiques bo\u00eetes en m\u00e9tal bleu, habituellement vendues apr\u00e8s usage. Avec ce projet, l\u2019\u00e9quipe a souhait\u00e9 trouver une mani\u00e8re originale et respectueuse de l\u2019environnement pour valoriser ces contenants uniques.<\/span><\/p>\n<h3><b>Disponibilit\u00e9 et points de vente<\/b><\/h3>\n<p><span style=\"font-weight: 400;\">Les bougies seront disponibles au prix de 19 euros dans nos boutiques situ\u00e9es \u00e0 Paris, Neuvic, Lyon et Bordeaux.<\/span><\/p>\n<ul>\n<li style=\"font-weight: 400;\" aria-level=\"1\"><span style=\"font-weight: 400;\">Paris : 16 Rue de l&rsquo;Od\u00e9on, 75006 &#8211; 01 42 39 03 73<\/span><\/li>\n<li style=\"font-weight: 400;\" aria-level=\"1\"><span style=\"font-weight: 400;\">Bordeaux : 14 passage Sarget, 33000 &#8211; 05 57 59 54 86<\/span><\/li>\n<li style=\"font-weight: 400;\" aria-level=\"1\"><span style=\"font-weight: 400;\">Lyon : 84, rue du Pr\u00e9sident Edouard Herriot, 69002 &#8211; 04 78 82 34 17<\/span><\/li>\n<li style=\"font-weight: 400;\" aria-level=\"1\"><span style=\"font-weight: 400;\">Neuvic : 430 route de la Veyssi\u00e8re, 24190 &#8211; 05 53 80 89 57<\/span><\/li>\n<\/ul>","protected":false},"excerpt":{"rendered":"<p>Recyclage des bo\u00eetes Origine en bougies locales. Caviar de Neuvic : Un recyclage innovant des bo\u00eetes \u00ab\u00a0Origine\u00a0\u00bb pour cr\u00e9er des bougies parfum\u00e9es 100% locales. Des bougies \u00e9coresponsables et authentiques Caviar de Neuvic poursuit son engagement en faveur de l&rsquo;innovation durable. Cela gr\u00e2ce au lancement de ses bougies parfum\u00e9es, cr\u00e9\u00e9es \u00e0 partir de bo\u00eetes \u00ab\u00a0Origine\u00a0\u00bb recycl\u00e9es [&hellip;]<\/p>\n","protected":false},"author":11896,"featured_media":21160,"comment_status":"open","ping_status":"closed","sticky":false,"template":"","format":"standard","meta":{"_acf_changed":false,"ocean_post_layout":"","ocean_both_sidebars_style":"","ocean_both_sidebars_content_width":0,"ocean_both_sidebars_sidebars_width":0,"ocean_sidebar":"","ocean_second_sidebar":"","ocean_disable_margins":"enable","ocean_add_body_class":"","ocean_shortcode_before_top_bar":"","ocean_shortcode_after_top_bar":"","ocean_shortcode_before_header":"","ocean_shortcode_after_header":"","ocean_has_shortcode":"","ocean_shortcode_after_title":"","ocean_shortcode_before_footer_widgets":"","ocean_shortcode_after_footer_widgets":"","ocean_shortcode_before_footer_bottom":"","ocean_shortcode_after_footer_bottom":"","ocean_display_top_bar":"default","ocean_display_header":"default","ocean_header_style":"","ocean_center_header_left_menu":"","ocean_custom_header_template":"","ocean_custom_logo":0,"ocean_custom_retina_logo":0,"ocean_custom_logo_max_width":0,"ocean_custom_logo_tablet_max_width":0,"ocean_custom_logo_mobile_max_width":0,"ocean_custom_logo_max_height":0,"ocean_custom_logo_tablet_max_height":0,"ocean_custom_logo_mobile_max_height":0,"ocean_header_custom_menu":"","ocean_menu_typo_font_family":"","ocean_menu_typo_font_subset":"","ocean_menu_typo_font_size":0,"ocean_menu_typo_font_size_tablet":0,"ocean_menu_typo_font_size_mobile":0,"ocean_menu_typo_font_size_unit":"px","ocean_menu_typo_font_weight":"","ocean_menu_typo_font_weight_tablet":"","ocean_menu_typo_font_weight_mobile":"","ocean_menu_typo_transform":"","ocean_menu_typo_transform_tablet":"","ocean_menu_typo_transform_mobile":"","ocean_menu_typo_line_height":0,"ocean_menu_typo_line_height_tablet":0,"ocean_menu_typo_line_height_mobile":0,"ocean_menu_typo_line_height_unit":"","ocean_menu_typo_spacing":0,"ocean_menu_typo_spacing_tablet":0,"ocean_menu_typo_spacing_mobile":0,"ocean_menu_typo_spacing_unit":"","ocean_menu_link_color":"","ocean_menu_link_color_hover":"","ocean_menu_link_color_active":"","ocean_menu_link_background":"","ocean_menu_link_hover_background":"","ocean_menu_link_active_background":"","ocean_menu_social_links_bg":"","ocean_menu_social_hover_links_bg":"","ocean_menu_social_links_color":"","ocean_menu_social_hover_links_color":"","ocean_disable_title":"default","ocean_disable_heading":"default","ocean_post_title":"","ocean_post_subheading":"","ocean_post_title_style":"","ocean_post_title_background_color":"","ocean_post_title_background":0,"ocean_post_title_bg_image_position":"","ocean_post_title_bg_image_attachment":"","ocean_post_title_bg_image_repeat":"","ocean_post_title_bg_image_size":"","ocean_post_title_height":0,"ocean_post_title_bg_overlay":0.5,"ocean_post_title_bg_overlay_color":"","ocean_disable_breadcrumbs":"default","ocean_breadcrumbs_color":"","ocean_breadcrumbs_separator_color":"","ocean_breadcrumbs_links_color":"","ocean_breadcrumbs_links_hover_color":"","ocean_display_footer_widgets":"default","ocean_display_footer_bottom":"default","ocean_custom_footer_template":"","omw_enable_modal_window":"enable","ocean_post_oembed":"","ocean_post_self_hosted_media":"","ocean_post_video_embed":"","ocean_link_format":"","ocean_link_format_target":"self","ocean_quote_format":"","ocean_quote_format_link":"post","ocean_gallery_link_images":"on","ocean_gallery_id":[],"footnotes":""},"categories":[300,285],"tags":[],"class_list":["post-20862","post","type-post","status-publish","format-standard","has-post-thumbnail","hentry","category-actualites","category-mots-gestes","entry","has-media","owp-thumbs-layout-vertical","owp-btn-normal","owp-tabs-layout-horizontal","has-no-thumbnails","has-product-nav"],"acf":[],"yoast_head":"<!-- This site is optimized with the Yoast SEO plugin v27.5 - https:\/\/yoast.com\/product\/yoast-seo-wordpress\/ -->\n<title>Recyclage des bo\u00eetes Origine en bougies locales - Producteur Fran\u00e7ais De Caviar<\/title>\n<meta name=\"description\" content=\"Recyclage des bo\u00eetes Origine en bougies locales. Fabriqu\u00e9es \u00e0 base de cire v\u00e9g\u00e9tale et d&#039;huile essentielle biologique d&#039;ylang-ylang.\" \/>\n<meta name=\"robots\" content=\"index, follow, max-snippet:-1, max-image-preview:large, max-video-preview:-1\" \/>\n<link rel=\"canonical\" href=\"https:\/\/caviar-de-neuvic.com\/de_be\/mots-gestes\/recyclage-des-boites-origine-en-bougies-locales\/\" \/>\n<meta property=\"og:locale\" content=\"de_DE\" \/>\n<meta property=\"og:type\" content=\"article\" \/>\n<meta property=\"og:title\" content=\"Recyclage des bo\u00eetes Origine en bougies locales - Producteur Fran\u00e7ais De Caviar\" \/>\n<meta property=\"og:description\" content=\"Recyclage des bo\u00eetes Origine en bougies locales. Fabriqu\u00e9es \u00e0 base de cire v\u00e9g\u00e9tale et d&#039;huile essentielle biologique d&#039;ylang-ylang.\" \/>\n<meta property=\"og:url\" content=\"https:\/\/caviar-de-neuvic.com\/de_be\/mots-gestes\/recyclage-des-boites-origine-en-bougies-locales\/\" \/>\n<meta property=\"og:site_name\" content=\"Producteur Fran\u00e7ais De Caviar\" \/>\n<meta property=\"article:published_time\" content=\"2024-09-18T11:59:00+00:00\" \/>\n<meta property=\"og:image\" content=\"https:\/\/caviar-de-neuvic.com\/wp-content\/uploads\/2024\/09\/814c805f-e5c0-3154-d6f3-4719b00ca385.jpg\" \/>\n\t<meta property=\"og:image:width\" content=\"1920\" \/>\n\t<meta property=\"og:image:height\" content=\"1339\" \/>\n\t<meta property=\"og:image:type\" content=\"image\/jpeg\" \/>\n<meta name=\"author\" content=\"Laurine Gay\" \/>\n<meta name=\"twitter:card\" content=\"summary_large_image\" \/>\n<meta name=\"twitter:label1\" content=\"Written by\" \/>\n\t<meta name=\"twitter:data1\" content=\"Laurine Gay\" \/>\n\t<meta name=\"twitter:label2\" content=\"Est. reading time\" \/>\n\t<meta name=\"twitter:data2\" content=\"3 minutes\" \/>\n<script type=\"application\/ld+json\" class=\"yoast-schema-graph\">{\"@context\":\"https:\\\/\\\/schema.org\",\"@graph\":[{\"@type\":\"Article\",\"@id\":\"https:\\\/\\\/caviar-de-neuvic.com\\\/fr\\\/mots-gestes\\\/recyclage-des-boites-origine-en-bougies-locales\\\/#article\",\"isPartOf\":{\"@id\":\"https:\\\/\\\/caviar-de-neuvic.com\\\/fr\\\/mots-gestes\\\/recyclage-des-boites-origine-en-bougies-locales\\\/\"},\"author\":{\"name\":\"Laurine Gay\",\"@id\":\"http:\\\/\\\/caviar-de-neuvic.com\\\/fr\\\/#\\\/schema\\\/person\\\/89912ad55a5ddd5efeb92f2d32511b03\"},\"headline\":\"Recyclage des bo\u00eetes Origine en bougies locales\",\"datePublished\":\"2024-09-18T11:59:00+00:00\",\"mainEntityOfPage\":{\"@id\":\"https:\\\/\\\/caviar-de-neuvic.com\\\/fr\\\/mots-gestes\\\/recyclage-des-boites-origine-en-bougies-locales\\\/\"},\"wordCount\":351,\"commentCount\":0,\"publisher\":{\"@id\":\"http:\\\/\\\/caviar-de-neuvic.com\\\/fr\\\/#organization\"},\"image\":{\"@id\":\"https:\\\/\\\/caviar-de-neuvic.com\\\/fr\\\/mots-gestes\\\/recyclage-des-boites-origine-en-bougies-locales\\\/#primaryimage\"},\"thumbnailUrl\":\"https:\\\/\\\/caviar-de-neuvic.com\\\/wp-content\\\/uploads\\\/2024\\\/09\\\/814c805f-e5c0-3154-d6f3-4719b00ca385.jpg\",\"articleSection\":[\"Actualit\u00e9s\",\"Mots &amp; Gestes\"],\"inLanguage\":\"de-BE\",\"potentialAction\":[{\"@type\":\"CommentAction\",\"name\":\"Comment\",\"target\":[\"https:\\\/\\\/caviar-de-neuvic.com\\\/fr\\\/mots-gestes\\\/recyclage-des-boites-origine-en-bougies-locales\\\/#respond\"]}]},{\"@type\":\"WebPage\",\"@id\":\"https:\\\/\\\/caviar-de-neuvic.com\\\/fr\\\/mots-gestes\\\/recyclage-des-boites-origine-en-bougies-locales\\\/\",\"url\":\"https:\\\/\\\/caviar-de-neuvic.com\\\/fr\\\/mots-gestes\\\/recyclage-des-boites-origine-en-bougies-locales\\\/\",\"name\":\"Recyclage des bo\u00eetes Origine en bougies locales - Producteur Fran\u00e7ais De Caviar\",\"isPartOf\":{\"@id\":\"http:\\\/\\\/caviar-de-neuvic.com\\\/fr\\\/#website\"},\"primaryImageOfPage\":{\"@id\":\"https:\\\/\\\/caviar-de-neuvic.com\\\/fr\\\/mots-gestes\\\/recyclage-des-boites-origine-en-bougies-locales\\\/#primaryimage\"},\"image\":{\"@id\":\"https:\\\/\\\/caviar-de-neuvic.com\\\/fr\\\/mots-gestes\\\/recyclage-des-boites-origine-en-bougies-locales\\\/#primaryimage\"},\"thumbnailUrl\":\"https:\\\/\\\/caviar-de-neuvic.com\\\/wp-content\\\/uploads\\\/2024\\\/09\\\/814c805f-e5c0-3154-d6f3-4719b00ca385.jpg\",\"datePublished\":\"2024-09-18T11:59:00+00:00\",\"description\":\"Recyclage des bo\u00eetes Origine en bougies locales. Fabriqu\u00e9es \u00e0 base de cire v\u00e9g\u00e9tale et d'huile essentielle biologique d'ylang-ylang.\",\"breadcrumb\":{\"@id\":\"https:\\\/\\\/caviar-de-neuvic.com\\\/fr\\\/mots-gestes\\\/recyclage-des-boites-origine-en-bougies-locales\\\/#breadcrumb\"},\"inLanguage\":\"de-BE\",\"potentialAction\":[{\"@type\":\"ReadAction\",\"target\":[\"https:\\\/\\\/caviar-de-neuvic.com\\\/fr\\\/mots-gestes\\\/recyclage-des-boites-origine-en-bougies-locales\\\/\"]}]},{\"@type\":\"ImageObject\",\"inLanguage\":\"de-BE\",\"@id\":\"https:\\\/\\\/caviar-de-neuvic.com\\\/fr\\\/mots-gestes\\\/recyclage-des-boites-origine-en-bougies-locales\\\/#primaryimage\",\"url\":\"https:\\\/\\\/caviar-de-neuvic.com\\\/wp-content\\\/uploads\\\/2024\\\/09\\\/814c805f-e5c0-3154-d6f3-4719b00ca385.jpg\",\"contentUrl\":\"https:\\\/\\\/caviar-de-neuvic.com\\\/wp-content\\\/uploads\\\/2024\\\/09\\\/814c805f-e5c0-3154-d6f3-4719b00ca385.jpg\",\"width\":1920,\"height\":1339,\"caption\":\"Recyclage des bo\u00eetes Origine en bougies locales\"},{\"@type\":\"BreadcrumbList\",\"@id\":\"https:\\\/\\\/caviar-de-neuvic.com\\\/fr\\\/mots-gestes\\\/recyclage-des-boites-origine-en-bougies-locales\\\/#breadcrumb\",\"itemListElement\":[{\"@type\":\"ListItem\",\"position\":1,\"name\":\"Caviar de Neuvic\",\"item\":\"https:\\\/\\\/caviar-de-neuvic.com\\\/\"},{\"@type\":\"ListItem\",\"position\":2,\"name\":\"Recyclage des bo\u00eetes Origine en bougies locales\"}]},{\"@type\":\"WebSite\",\"@id\":\"http:\\\/\\\/caviar-de-neuvic.com\\\/fr\\\/#website\",\"url\":\"http:\\\/\\\/caviar-de-neuvic.com\\\/fr\\\/\",\"name\":\"Producteur Fran\u00e7ais De Caviar\",\"description\":\"\",\"publisher\":{\"@id\":\"http:\\\/\\\/caviar-de-neuvic.com\\\/fr\\\/#organization\"},\"potentialAction\":[{\"@type\":\"SearchAction\",\"target\":{\"@type\":\"EntryPoint\",\"urlTemplate\":\"http:\\\/\\\/caviar-de-neuvic.com\\\/fr\\\/?s={search_term_string}\"},\"query-input\":{\"@type\":\"PropertyValueSpecification\",\"valueRequired\":true,\"valueName\":\"search_term_string\"}}],\"inLanguage\":\"de-BE\"},{\"@type\":\"Organization\",\"@id\":\"http:\\\/\\\/caviar-de-neuvic.com\\\/fr\\\/#organization\",\"name\":\"Producteur Fran\u00e7ais De Caviar\",\"url\":\"http:\\\/\\\/caviar-de-neuvic.com\\\/fr\\\/\",\"logo\":{\"@type\":\"ImageObject\",\"inLanguage\":\"de-BE\",\"@id\":\"http:\\\/\\\/caviar-de-neuvic.com\\\/fr\\\/#\\\/schema\\\/logo\\\/image\\\/\",\"url\":\"\",\"contentUrl\":\"\",\"caption\":\"Producteur Fran\u00e7ais De Caviar\"},\"image\":{\"@id\":\"http:\\\/\\\/caviar-de-neuvic.com\\\/fr\\\/#\\\/schema\\\/logo\\\/image\\\/\"}},{\"@type\":\"Person\",\"@id\":\"http:\\\/\\\/caviar-de-neuvic.com\\\/fr\\\/#\\\/schema\\\/person\\\/89912ad55a5ddd5efeb92f2d32511b03\",\"name\":\"Laurine Gay\",\"url\":\"https:\\\/\\\/caviar-de-neuvic.com\\\/de_be\\\/author\\\/laurine-gaycaviardeneuvic-com\\\/\"}]}<\/script>\n<!-- \/ Yoast SEO plugin. -->","yoast_head_json":{"title":"Recyclage des bo\u00eetes Origine en bougies locales - Producteur Fran\u00e7ais De Caviar","description":"Recyclage des bo\u00eetes Origine en bougies locales. Fabriqu\u00e9es \u00e0 base de cire v\u00e9g\u00e9tale et d'huile essentielle biologique d'ylang-ylang.","robots":{"index":"index","follow":"follow","max-snippet":"max-snippet:-1","max-image-preview":"max-image-preview:large","max-video-preview":"max-video-preview:-1"},"canonical":"https:\/\/caviar-de-neuvic.com\/de_be\/mots-gestes\/recyclage-des-boites-origine-en-bougies-locales\/","og_locale":"de_DE","og_type":"article","og_title":"Recyclage des bo\u00eetes Origine en bougies locales - Producteur Fran\u00e7ais De Caviar","og_description":"Recyclage des bo\u00eetes Origine en bougies locales. Fabriqu\u00e9es \u00e0 base de cire v\u00e9g\u00e9tale et d'huile essentielle biologique d'ylang-ylang.","og_url":"https:\/\/caviar-de-neuvic.com\/de_be\/mots-gestes\/recyclage-des-boites-origine-en-bougies-locales\/","og_site_name":"Producteur Fran\u00e7ais De Caviar","article_published_time":"2024-09-18T11:59:00+00:00","og_image":[{"width":1920,"height":1339,"url":"https:\/\/caviar-de-neuvic.com\/wp-content\/uploads\/2024\/09\/814c805f-e5c0-3154-d6f3-4719b00ca385.jpg","type":"image\/jpeg"}],"author":"Laurine Gay","twitter_card":"summary_large_image","twitter_misc":{"Written by":"Laurine Gay","Est. reading time":"3 minutes"},"schema":{"@context":"https:\/\/schema.org","@graph":[{"@type":"Article","@id":"https:\/\/caviar-de-neuvic.com\/fr\/mots-gestes\/recyclage-des-boites-origine-en-bougies-locales\/#article","isPartOf":{"@id":"https:\/\/caviar-de-neuvic.com\/fr\/mots-gestes\/recyclage-des-boites-origine-en-bougies-locales\/"},"author":{"name":"Laurine Gay","@id":"http:\/\/caviar-de-neuvic.com\/fr\/#\/schema\/person\/89912ad55a5ddd5efeb92f2d32511b03"},"headline":"Recyclage des bo\u00eetes Origine en bougies locales","datePublished":"2024-09-18T11:59:00+00:00","mainEntityOfPage":{"@id":"https:\/\/caviar-de-neuvic.com\/fr\/mots-gestes\/recyclage-des-boites-origine-en-bougies-locales\/"},"wordCount":351,"commentCount":0,"publisher":{"@id":"http:\/\/caviar-de-neuvic.com\/fr\/#organization"},"image":{"@id":"https:\/\/caviar-de-neuvic.com\/fr\/mots-gestes\/recyclage-des-boites-origine-en-bougies-locales\/#primaryimage"},"thumbnailUrl":"https:\/\/caviar-de-neuvic.com\/wp-content\/uploads\/2024\/09\/814c805f-e5c0-3154-d6f3-4719b00ca385.jpg","articleSection":["Actualit\u00e9s","Mots &amp; Gestes"],"inLanguage":"de-BE","potentialAction":[{"@type":"CommentAction","name":"Comment","target":["https:\/\/caviar-de-neuvic.com\/fr\/mots-gestes\/recyclage-des-boites-origine-en-bougies-locales\/#respond"]}]},{"@type":"WebPage","@id":"https:\/\/caviar-de-neuvic.com\/fr\/mots-gestes\/recyclage-des-boites-origine-en-bougies-locales\/","url":"https:\/\/caviar-de-neuvic.com\/fr\/mots-gestes\/recyclage-des-boites-origine-en-bougies-locales\/","name":"Recyclage des bo\u00eetes Origine en bougies locales - Producteur Fran\u00e7ais De Caviar","isPartOf":{"@id":"http:\/\/caviar-de-neuvic.com\/fr\/#website"},"primaryImageOfPage":{"@id":"https:\/\/caviar-de-neuvic.com\/fr\/mots-gestes\/recyclage-des-boites-origine-en-bougies-locales\/#primaryimage"},"image":{"@id":"https:\/\/caviar-de-neuvic.com\/fr\/mots-gestes\/recyclage-des-boites-origine-en-bougies-locales\/#primaryimage"},"thumbnailUrl":"https:\/\/caviar-de-neuvic.com\/wp-content\/uploads\/2024\/09\/814c805f-e5c0-3154-d6f3-4719b00ca385.jpg","datePublished":"2024-09-18T11:59:00+00:00","description":"Recyclage des bo\u00eetes Origine en bougies locales. Fabriqu\u00e9es \u00e0 base de cire v\u00e9g\u00e9tale et d'huile essentielle biologique d'ylang-ylang.","breadcrumb":{"@id":"https:\/\/caviar-de-neuvic.com\/fr\/mots-gestes\/recyclage-des-boites-origine-en-bougies-locales\/#breadcrumb"},"inLanguage":"de-BE","potentialAction":[{"@type":"ReadAction","target":["https:\/\/caviar-de-neuvic.com\/fr\/mots-gestes\/recyclage-des-boites-origine-en-bougies-locales\/"]}]},{"@type":"ImageObject","inLanguage":"de-BE","@id":"https:\/\/caviar-de-neuvic.com\/fr\/mots-gestes\/recyclage-des-boites-origine-en-bougies-locales\/#primaryimage","url":"https:\/\/caviar-de-neuvic.com\/wp-content\/uploads\/2024\/09\/814c805f-e5c0-3154-d6f3-4719b00ca385.jpg","contentUrl":"https:\/\/caviar-de-neuvic.com\/wp-content\/uploads\/2024\/09\/814c805f-e5c0-3154-d6f3-4719b00ca385.jpg","width":1920,"height":1339,"caption":"Recyclage des bo\u00eetes Origine en bougies locales"},{"@type":"BreadcrumbList","@id":"https:\/\/caviar-de-neuvic.com\/fr\/mots-gestes\/recyclage-des-boites-origine-en-bougies-locales\/#breadcrumb","itemListElement":[{"@type":"ListItem","position":1,"name":"Caviar de Neuvic","item":"https:\/\/caviar-de-neuvic.com\/"},{"@type":"ListItem","position":2,"name":"Recyclage des bo\u00eetes Origine en bougies locales"}]},{"@type":"WebSite","@id":"http:\/\/caviar-de-neuvic.com\/fr\/#website","url":"http:\/\/caviar-de-neuvic.com\/fr\/","name":"Producteur Fran\u00e7ais De Caviar","description":"","publisher":{"@id":"http:\/\/caviar-de-neuvic.com\/fr\/#organization"},"potentialAction":[{"@type":"SearchAction","target":{"@type":"EntryPoint","urlTemplate":"http:\/\/caviar-de-neuvic.com\/fr\/?s={search_term_string}"},"query-input":{"@type":"PropertyValueSpecification","valueRequired":true,"valueName":"search_term_string"}}],"inLanguage":"de-BE"},{"@type":"Organization","@id":"http:\/\/caviar-de-neuvic.com\/fr\/#organization","name":"Producteur Fran\u00e7ais De Caviar","url":"http:\/\/caviar-de-neuvic.com\/fr\/","logo":{"@type":"ImageObject","inLanguage":"de-BE","@id":"http:\/\/caviar-de-neuvic.com\/fr\/#\/schema\/logo\/image\/","url":"","contentUrl":"","caption":"Producteur Fran\u00e7ais De Caviar"},"image":{"@id":"http:\/\/caviar-de-neuvic.com\/fr\/#\/schema\/logo\/image\/"}},{"@type":"Person","@id":"http:\/\/caviar-de-neuvic.com\/fr\/#\/schema\/person\/89912ad55a5ddd5efeb92f2d32511b03","name":"Laurine Gay","url":"https:\/\/caviar-de-neuvic.com\/de_be\/author\/laurine-gaycaviardeneuvic-com\/"}]}},"_links":{"self":[{"href":"https:\/\/caviar-de-neuvic.com\/de_be\/wp-json\/wp\/v2\/posts\/20862","targetHints":{"allow":["GET"]}}],"collection":[{"href":"https:\/\/caviar-de-neuvic.com\/de_be\/wp-json\/wp\/v2\/posts"}],"about":[{"href":"https:\/\/caviar-de-neuvic.com\/de_be\/wp-json\/wp\/v2\/types\/post"}],"author":[{"embeddable":true,"href":"https:\/\/caviar-de-neuvic.com\/de_be\/wp-json\/wp\/v2\/users\/11896"}],"replies":[{"embeddable":true,"href":"https:\/\/caviar-de-neuvic.com\/de_be\/wp-json\/wp\/v2\/comments?post=20862"}],"version-history":[{"count":0,"href":"https:\/\/caviar-de-neuvic.com\/de_be\/wp-json\/wp\/v2\/posts\/20862\/revisions"}],"wp:featuredmedia":[{"embeddable":true,"href":"https:\/\/caviar-de-neuvic.com\/de_be\/wp-json\/wp\/v2\/media\/21160"}],"wp:attachment":[{"href":"https:\/\/caviar-de-neuvic.com\/de_be\/wp-json\/wp\/v2\/media?parent=20862"}],"wp:term":[{"taxonomy":"category","embeddable":true,"href":"https:\/\/caviar-de-neuvic.com\/de_be\/wp-json\/wp\/v2\/categories?post=20862"},{"taxonomy":"post_tag","embeddable":true,"href":"https:\/\/caviar-de-neuvic.com\/de_be\/wp-json\/wp\/v2\/tags?post=20862"}],"curies":[{"name":"wp","href":"https:\/\/api.w.org\/{rel}","templated":true}]}}