{"id":20867,"date":"2025-01-06T10:33:19","date_gmt":"2025-01-06T09:33:19","guid":{"rendered":"https:\/\/caviar-de-neuvic.com\/parlons-caviar-old\/?p=8464"},"modified":"2025-11-19T14:24:39","modified_gmt":"2025-11-19T13:24:39","slug":"caviar-de-neuvic-lyon-demenage-aux-halles-de-limonest","status":"publish","type":"post","link":"https:\/\/caviar-de-neuvic.com\/de_be\/actualites\/caviar-de-neuvic-lyon-demenage-aux-halles-de-limonest\/","title":{"rendered":"Caviar de Neuvic Lyon d\u00e9m\u00e9nage aux Halles de Limonest"},"content":{"rendered":"<h1 style=\"text-align: justify\">Caviar de Neuvic Lyon d\u00e9m\u00e9nage aux Halles de Limonest<\/h1>\n<p style=\"text-align: justify\"><span style=\"font-weight: 400\">Le Comptoir <a href=\"https:\/\/caviar-de-neuvic.com\/de_be\/parlons-caviar-old\/caviar-de-neuvic-ouvre-sa-4eme-boutique-a-lyon\/\" target=\"_blank\" rel=\"noopener\">Caviar de Neuvic \u00e0 Lyon<\/a> quitte son emplacement historique du 84 rue du Pr\u00e9sident \u00c9douard Herriot, dans le 2\u00e8me arrondissement de Lyon, pour s\u2019installer au sein des prestigieuses<a href=\"https:\/\/hallesdelimonest.com\" target=\"_blank\" rel=\"noopener\"> Halles de Limonest<\/a>. Cette d\u00e9marche marque une nouvelle \u00e9tape dans le d\u00e9veloppement de la Maison.<\/span><\/p>\n<h3 style=\"text-align: justify\"><b>Un nouveau lieu pour une exp\u00e9rience unique<\/b><\/h3>\n<p style=\"text-align: justify\"><span style=\"font-weight: 400\">Situ\u00e9es au 188 avenue G\u00e9n\u00e9ral de Gaulle \u00e0 Limonest, les Halles de Limonest offrent un cadre exceptionnel r\u00e9unissant artisans, producteurs et professionnels du go\u00fbt. Le Corner Caviar de Neuvic y proposera toute sa gamme de produits d\u2019excellence, des caviars embl\u00e9matiques de la maison aux produits d\u2019\u00e9picerie fine et nouveaut\u00e9s. Les visiteurs pourront profiter de conseils personnalis\u00e9s et vivre des moments gourmands gr\u00e2ce aux sessions de d\u00e9gustation organis\u00e9es sur place.<\/span><\/p>\n<h3 style=\"text-align: justify\"><b>Des halles conviviales m\u00ealant gastronomie fran\u00e7aise et produits bruts<\/b><\/h3>\n<p style=\"text-align: justify\"><span style=\"font-weight: 400\">Ouvertes tous les jours. Les Halles de Limonest offrent une exp\u00e9rience compl\u00e8te : faire ses courses ou d\u00e9guster un repas sur place devient un v\u00e9ritable plaisir, gr\u00e2ce \u00e0 une vari\u00e9t\u00e9 de produits de qualit\u00e9. De plus, un parking de 100 places situ\u00e9 \u00e0 l\u2019arri\u00e8re des Halles facilite l\u2019acc\u00e8s aux commerces.<\/span><\/p>\n<h3 style=\"text-align: justify\"><b>Une localisation strat\u00e9gique et conviviale<\/b><\/h3>\n<p style=\"text-align: justify\"><span style=\"font-weight: 400\">Cette nouvelle implantation refl\u00e8te l\u2019engagement de Caviar de Neuvic \u00e0 \u00e9tablir un contact direct avec ses clients et \u00e0 valoriser la proximit\u00e9. Facilement accessible, ce lieu dynamique rassemble une client\u00e8le vari\u00e9e, allant des amateurs de gastronomie aux professionnels du secteur.<\/span><\/p>\n<h3 style=\"text-align: justify\"><b>Informations pratiques<\/b><\/h3>\n<ul>\n<li style=\"font-weight: 400;text-align: justify\"><b>Adresse<\/b><span style=\"font-weight: 400\"> : 188 avenue G\u00e9n\u00e9ral de Gaulle, 69760 Limonest<\/span><\/li>\n<li style=\"font-weight: 400;text-align: justify\"><b>T\u00e9l\u00e9phone<\/b><span style=\"font-weight: 400\"> : 04 51 26 02 26<\/span><\/li>\n<li style=\"font-weight: 400\"><b>Horaires des commerces<\/b><span style=\"font-weight: 400\"> :<\/span>\n<ul>\n<li style=\"font-weight: 400;text-align: justify\"><span style=\"font-weight: 400\">Lundi au Samedi : 9h \u00e0 19h30<\/span><\/li>\n<li style=\"font-weight: 400;text-align: justify\"><span style=\"font-weight: 400\">Dimanche : 9h \u00e0 15h<\/span><\/li>\n<\/ul>\n<\/li>\n<\/ul>","protected":false},"excerpt":{"rendered":"<p>Caviar de Neuvic Lyon d\u00e9m\u00e9nage aux Halles de Limonest Le Comptoir Caviar de Neuvic \u00e0 Lyon quitte son emplacement historique du 84 rue du Pr\u00e9sident \u00c9douard Herriot, dans le 2\u00e8me arrondissement de Lyon, pour s\u2019installer au sein des prestigieuses Halles de Limonest. Cette d\u00e9marche marque une nouvelle \u00e9tape dans le d\u00e9veloppement de la Maison. Un [&hellip;]<\/p>\n","protected":false},"author":11896,"featured_media":21199,"comment_status":"open","ping_status":"closed","sticky":false,"template":"","format":"standard","meta":{"_acf_changed":false,"ocean_post_layout":"","ocean_both_sidebars_style":"","ocean_both_sidebars_content_width":0,"ocean_both_sidebars_sidebars_width":0,"ocean_sidebar":"0","ocean_second_sidebar":"0","ocean_disable_margins":"enable","ocean_add_body_class":"","ocean_shortcode_before_top_bar":"","ocean_shortcode_after_top_bar":"","ocean_shortcode_before_header":"","ocean_shortcode_after_header":"","ocean_has_shortcode":"","ocean_shortcode_after_title":"","ocean_shortcode_before_footer_widgets":"","ocean_shortcode_after_footer_widgets":"","ocean_shortcode_before_footer_bottom":"","ocean_shortcode_after_footer_bottom":"","ocean_display_top_bar":"default","ocean_display_header":"default","ocean_header_style":"","ocean_center_header_left_menu":"0","ocean_custom_header_template":"0","ocean_custom_logo":0,"ocean_custom_retina_logo":0,"ocean_custom_logo_max_width":0,"ocean_custom_logo_tablet_max_width":0,"ocean_custom_logo_mobile_max_width":0,"ocean_custom_logo_max_height":0,"ocean_custom_logo_tablet_max_height":0,"ocean_custom_logo_mobile_max_height":0,"ocean_header_custom_menu":"0","ocean_menu_typo_font_family":"0","ocean_menu_typo_font_subset":"","ocean_menu_typo_font_size":0,"ocean_menu_typo_font_size_tablet":0,"ocean_menu_typo_font_size_mobile":0,"ocean_menu_typo_font_size_unit":"px","ocean_menu_typo_font_weight":"","ocean_menu_typo_font_weight_tablet":"","ocean_menu_typo_font_weight_mobile":"","ocean_menu_typo_transform":"","ocean_menu_typo_transform_tablet":"","ocean_menu_typo_transform_mobile":"","ocean_menu_typo_line_height":0,"ocean_menu_typo_line_height_tablet":0,"ocean_menu_typo_line_height_mobile":0,"ocean_menu_typo_line_height_unit":"","ocean_menu_typo_spacing":0,"ocean_menu_typo_spacing_tablet":0,"ocean_menu_typo_spacing_mobile":0,"ocean_menu_typo_spacing_unit":"","ocean_menu_link_color":"","ocean_menu_link_color_hover":"","ocean_menu_link_color_active":"","ocean_menu_link_background":"","ocean_menu_link_hover_background":"","ocean_menu_link_active_background":"","ocean_menu_social_links_bg":"","ocean_menu_social_hover_links_bg":"","ocean_menu_social_links_color":"","ocean_menu_social_hover_links_color":"","ocean_disable_title":"default","ocean_disable_heading":"default","ocean_post_title":"","ocean_post_subheading":"","ocean_post_title_style":"","ocean_post_title_background_color":"","ocean_post_title_background":0,"ocean_post_title_bg_image_position":"","ocean_post_title_bg_image_attachment":"","ocean_post_title_bg_image_repeat":"","ocean_post_title_bg_image_size":"","ocean_post_title_height":0,"ocean_post_title_bg_overlay":0.5,"ocean_post_title_bg_overlay_color":"","ocean_disable_breadcrumbs":"default","ocean_breadcrumbs_color":"","ocean_breadcrumbs_separator_color":"","ocean_breadcrumbs_links_color":"","ocean_breadcrumbs_links_hover_color":"","ocean_display_footer_widgets":"default","ocean_display_footer_bottom":"default","ocean_custom_footer_template":"0","omw_enable_modal_window":"enable","ocean_post_oembed":"","ocean_post_self_hosted_media":"","ocean_post_video_embed":"","ocean_link_format":"","ocean_link_format_target":"self","ocean_quote_format":"","ocean_quote_format_link":"post","ocean_gallery_link_images":"on","ocean_gallery_id":[],"footnotes":""},"categories":[300],"tags":[504,502,503],"class_list":["post-20867","post","type-post","status-publish","format-standard","has-post-thumbnail","hentry","category-actualites","tag-corner-caviar-de-neuvic","tag-halles-de-limonest","tag-nouvelle-implantation","entry","has-media","owp-thumbs-layout-vertical","owp-btn-normal","owp-tabs-layout-horizontal","has-no-thumbnails","has-product-nav"],"acf":[],"yoast_head":"<!-- This site is optimized with the Yoast SEO plugin v27.5 - https:\/\/yoast.com\/product\/yoast-seo-wordpress\/ -->\n<title>Caviar de Neuvic Lyon d\u00e9m\u00e9nage aux Halles de Limonest - Producteur Fran\u00e7ais De Caviar<\/title>\n<meta name=\"description\" content=\"Caviar de Neuvic Lyon d\u00e9m\u00e9nage aux Halles de Limonest. Caviar de Neuvic \u00e0 Lyon quitte son emplacement 84 rue du Pr\u00e9sident \u00c9douard Herriot.\" \/>\n<meta name=\"robots\" content=\"index, follow, max-snippet:-1, max-image-preview:large, max-video-preview:-1\" \/>\n<link rel=\"canonical\" href=\"https:\/\/caviar-de-neuvic.com\/de_be\/actualites\/caviar-de-neuvic-lyon-demenage-aux-halles-de-limonest\/\" \/>\n<meta property=\"og:locale\" content=\"de_DE\" \/>\n<meta property=\"og:type\" content=\"article\" \/>\n<meta property=\"og:title\" content=\"Caviar de Neuvic Lyon d\u00e9m\u00e9nage aux Halles de Limonest - Producteur Fran\u00e7ais De Caviar\" \/>\n<meta property=\"og:description\" content=\"Caviar de Neuvic Lyon d\u00e9m\u00e9nage aux Halles de Limonest. Caviar de Neuvic \u00e0 Lyon quitte son emplacement 84 rue du Pr\u00e9sident \u00c9douard Herriot.\" \/>\n<meta property=\"og:url\" content=\"https:\/\/caviar-de-neuvic.com\/de_be\/actualites\/caviar-de-neuvic-lyon-demenage-aux-halles-de-limonest\/\" \/>\n<meta property=\"og:site_name\" content=\"Producteur Fran\u00e7ais De Caviar\" \/>\n<meta property=\"article:published_time\" content=\"2025-01-06T09:33:19+00:00\" \/>\n<meta property=\"article:modified_time\" content=\"2025-11-19T13:24:39+00:00\" \/>\n<meta property=\"og:image\" content=\"https:\/\/caviar-de-neuvic.com\/wp-content\/uploads\/2025\/01\/03-Halles-de-Limonest-580x392-1.jpg\" \/>\n\t<meta property=\"og:image:width\" content=\"580\" \/>\n\t<meta property=\"og:image:height\" content=\"392\" \/>\n\t<meta property=\"og:image:type\" content=\"image\/jpeg\" \/>\n<meta name=\"author\" content=\"Laurine Gay\" \/>\n<meta name=\"twitter:card\" content=\"summary_large_image\" \/>\n<meta name=\"twitter:label1\" content=\"Written by\" \/>\n\t<meta name=\"twitter:data1\" content=\"Laurine Gay\" \/>\n\t<meta name=\"twitter:label2\" content=\"Est. reading time\" \/>\n\t<meta name=\"twitter:data2\" content=\"2 minutes\" \/>\n<script type=\"application\/ld+json\" class=\"yoast-schema-graph\">{\"@context\":\"https:\\\/\\\/schema.org\",\"@graph\":[{\"@type\":\"Article\",\"@id\":\"https:\\\/\\\/caviar-de-neuvic.com\\\/actualites\\\/caviar-de-neuvic-lyon-demenage-aux-halles-de-limonest\\\/#article\",\"isPartOf\":{\"@id\":\"https:\\\/\\\/caviar-de-neuvic.com\\\/actualites\\\/caviar-de-neuvic-lyon-demenage-aux-halles-de-limonest\\\/\"},\"author\":{\"name\":\"Laurine Gay\",\"@id\":\"http:\\\/\\\/caviar-de-neuvic.com\\\/fr\\\/#\\\/schema\\\/person\\\/89912ad55a5ddd5efeb92f2d32511b03\"},\"headline\":\"Caviar de Neuvic Lyon d\u00e9m\u00e9nage aux Halles de Limonest\",\"datePublished\":\"2025-01-06T09:33:19+00:00\",\"dateModified\":\"2025-11-19T13:24:39+00:00\",\"mainEntityOfPage\":{\"@id\":\"https:\\\/\\\/caviar-de-neuvic.com\\\/actualites\\\/caviar-de-neuvic-lyon-demenage-aux-halles-de-limonest\\\/\"},\"wordCount\":296,\"commentCount\":0,\"publisher\":{\"@id\":\"http:\\\/\\\/caviar-de-neuvic.com\\\/fr\\\/#organization\"},\"image\":{\"@id\":\"https:\\\/\\\/caviar-de-neuvic.com\\\/actualites\\\/caviar-de-neuvic-lyon-demenage-aux-halles-de-limonest\\\/#primaryimage\"},\"thumbnailUrl\":\"https:\\\/\\\/caviar-de-neuvic.com\\\/wp-content\\\/uploads\\\/2025\\\/01\\\/03-Halles-de-Limonest-580x392-1.jpg\",\"keywords\":[\"Corner Caviar de Neuvic\",\"Halles de Limonest\",\"Nouvelle implantation\"],\"articleSection\":[\"Actualit\u00e9s\"],\"inLanguage\":\"de-BE\",\"potentialAction\":[{\"@type\":\"CommentAction\",\"name\":\"Comment\",\"target\":[\"https:\\\/\\\/caviar-de-neuvic.com\\\/actualites\\\/caviar-de-neuvic-lyon-demenage-aux-halles-de-limonest\\\/#respond\"]}]},{\"@type\":\"WebPage\",\"@id\":\"https:\\\/\\\/caviar-de-neuvic.com\\\/actualites\\\/caviar-de-neuvic-lyon-demenage-aux-halles-de-limonest\\\/\",\"url\":\"https:\\\/\\\/caviar-de-neuvic.com\\\/actualites\\\/caviar-de-neuvic-lyon-demenage-aux-halles-de-limonest\\\/\",\"name\":\"Caviar de Neuvic Lyon d\u00e9m\u00e9nage aux Halles de Limonest - Producteur Fran\u00e7ais De Caviar\",\"isPartOf\":{\"@id\":\"http:\\\/\\\/caviar-de-neuvic.com\\\/fr\\\/#website\"},\"primaryImageOfPage\":{\"@id\":\"https:\\\/\\\/caviar-de-neuvic.com\\\/actualites\\\/caviar-de-neuvic-lyon-demenage-aux-halles-de-limonest\\\/#primaryimage\"},\"image\":{\"@id\":\"https:\\\/\\\/caviar-de-neuvic.com\\\/actualites\\\/caviar-de-neuvic-lyon-demenage-aux-halles-de-limonest\\\/#primaryimage\"},\"thumbnailUrl\":\"https:\\\/\\\/caviar-de-neuvic.com\\\/wp-content\\\/uploads\\\/2025\\\/01\\\/03-Halles-de-Limonest-580x392-1.jpg\",\"datePublished\":\"2025-01-06T09:33:19+00:00\",\"dateModified\":\"2025-11-19T13:24:39+00:00\",\"description\":\"Caviar de Neuvic Lyon d\u00e9m\u00e9nage aux Halles de Limonest. Caviar de Neuvic \u00e0 Lyon quitte son emplacement 84 rue du Pr\u00e9sident \u00c9douard Herriot.\",\"breadcrumb\":{\"@id\":\"https:\\\/\\\/caviar-de-neuvic.com\\\/actualites\\\/caviar-de-neuvic-lyon-demenage-aux-halles-de-limonest\\\/#breadcrumb\"},\"inLanguage\":\"de-BE\",\"potentialAction\":[{\"@type\":\"ReadAction\",\"target\":[\"https:\\\/\\\/caviar-de-neuvic.com\\\/actualites\\\/caviar-de-neuvic-lyon-demenage-aux-halles-de-limonest\\\/\"]}]},{\"@type\":\"ImageObject\",\"inLanguage\":\"de-BE\",\"@id\":\"https:\\\/\\\/caviar-de-neuvic.com\\\/actualites\\\/caviar-de-neuvic-lyon-demenage-aux-halles-de-limonest\\\/#primaryimage\",\"url\":\"https:\\\/\\\/caviar-de-neuvic.com\\\/wp-content\\\/uploads\\\/2025\\\/01\\\/03-Halles-de-Limonest-580x392-1.jpg\",\"contentUrl\":\"https:\\\/\\\/caviar-de-neuvic.com\\\/wp-content\\\/uploads\\\/2025\\\/01\\\/03-Halles-de-Limonest-580x392-1.jpg\",\"width\":580,\"height\":392,\"caption\":\"Caviar de Neuvic Lyon d\u00e9m\u00e9nage aux Halles de Limonest\"},{\"@type\":\"BreadcrumbList\",\"@id\":\"https:\\\/\\\/caviar-de-neuvic.com\\\/actualites\\\/caviar-de-neuvic-lyon-demenage-aux-halles-de-limonest\\\/#breadcrumb\",\"itemListElement\":[{\"@type\":\"ListItem\",\"position\":1,\"name\":\"Caviar de Neuvic\",\"item\":\"https:\\\/\\\/caviar-de-neuvic.com\\\/\"},{\"@type\":\"ListItem\",\"position\":2,\"name\":\"Actualit\u00e9s\",\"item\":\"https:\\\/\\\/caviar-de-neuvic.com\\\/fr\\\/category\\\/actualites\\\/\"},{\"@type\":\"ListItem\",\"position\":3,\"name\":\"Caviar de Neuvic Lyon d\u00e9m\u00e9nage aux Halles de Limonest\"}]},{\"@type\":\"WebSite\",\"@id\":\"http:\\\/\\\/caviar-de-neuvic.com\\\/fr\\\/#website\",\"url\":\"http:\\\/\\\/caviar-de-neuvic.com\\\/fr\\\/\",\"name\":\"Producteur Fran\u00e7ais De Caviar\",\"description\":\"\",\"publisher\":{\"@id\":\"http:\\\/\\\/caviar-de-neuvic.com\\\/fr\\\/#organization\"},\"potentialAction\":[{\"@type\":\"SearchAction\",\"target\":{\"@type\":\"EntryPoint\",\"urlTemplate\":\"http:\\\/\\\/caviar-de-neuvic.com\\\/fr\\\/?s={search_term_string}\"},\"query-input\":{\"@type\":\"PropertyValueSpecification\",\"valueRequired\":true,\"valueName\":\"search_term_string\"}}],\"inLanguage\":\"de-BE\"},{\"@type\":\"Organization\",\"@id\":\"http:\\\/\\\/caviar-de-neuvic.com\\\/fr\\\/#organization\",\"name\":\"Producteur Fran\u00e7ais De Caviar\",\"url\":\"http:\\\/\\\/caviar-de-neuvic.com\\\/fr\\\/\",\"logo\":{\"@type\":\"ImageObject\",\"inLanguage\":\"de-BE\",\"@id\":\"http:\\\/\\\/caviar-de-neuvic.com\\\/fr\\\/#\\\/schema\\\/logo\\\/image\\\/\",\"url\":\"\",\"contentUrl\":\"\",\"caption\":\"Producteur Fran\u00e7ais De Caviar\"},\"image\":{\"@id\":\"http:\\\/\\\/caviar-de-neuvic.com\\\/fr\\\/#\\\/schema\\\/logo\\\/image\\\/\"}},{\"@type\":\"Person\",\"@id\":\"http:\\\/\\\/caviar-de-neuvic.com\\\/fr\\\/#\\\/schema\\\/person\\\/89912ad55a5ddd5efeb92f2d32511b03\",\"name\":\"Laurine Gay\",\"url\":\"https:\\\/\\\/caviar-de-neuvic.com\\\/de_be\\\/author\\\/laurine-gaycaviardeneuvic-com\\\/\"}]}<\/script>\n<!-- \/ Yoast SEO plugin. -->","yoast_head_json":{"title":"Caviar de Neuvic Lyon d\u00e9m\u00e9nage aux Halles de Limonest - Producteur Fran\u00e7ais De Caviar","description":"Caviar de Neuvic Lyon d\u00e9m\u00e9nage aux Halles de Limonest. Caviar de Neuvic \u00e0 Lyon quitte son emplacement 84 rue du Pr\u00e9sident \u00c9douard Herriot.","robots":{"index":"index","follow":"follow","max-snippet":"max-snippet:-1","max-image-preview":"max-image-preview:large","max-video-preview":"max-video-preview:-1"},"canonical":"https:\/\/caviar-de-neuvic.com\/de_be\/actualites\/caviar-de-neuvic-lyon-demenage-aux-halles-de-limonest\/","og_locale":"de_DE","og_type":"article","og_title":"Caviar de Neuvic Lyon d\u00e9m\u00e9nage aux Halles de Limonest - Producteur Fran\u00e7ais De Caviar","og_description":"Caviar de Neuvic Lyon d\u00e9m\u00e9nage aux Halles de Limonest. Caviar de Neuvic \u00e0 Lyon quitte son emplacement 84 rue du Pr\u00e9sident \u00c9douard Herriot.","og_url":"https:\/\/caviar-de-neuvic.com\/de_be\/actualites\/caviar-de-neuvic-lyon-demenage-aux-halles-de-limonest\/","og_site_name":"Producteur Fran\u00e7ais De Caviar","article_published_time":"2025-01-06T09:33:19+00:00","article_modified_time":"2025-11-19T13:24:39+00:00","og_image":[{"width":580,"height":392,"url":"https:\/\/caviar-de-neuvic.com\/wp-content\/uploads\/2025\/01\/03-Halles-de-Limonest-580x392-1.jpg","type":"image\/jpeg"}],"author":"Laurine Gay","twitter_card":"summary_large_image","twitter_misc":{"Written by":"Laurine Gay","Est. reading time":"2 minutes"},"schema":{"@context":"https:\/\/schema.org","@graph":[{"@type":"Article","@id":"https:\/\/caviar-de-neuvic.com\/actualites\/caviar-de-neuvic-lyon-demenage-aux-halles-de-limonest\/#article","isPartOf":{"@id":"https:\/\/caviar-de-neuvic.com\/actualites\/caviar-de-neuvic-lyon-demenage-aux-halles-de-limonest\/"},"author":{"name":"Laurine Gay","@id":"http:\/\/caviar-de-neuvic.com\/fr\/#\/schema\/person\/89912ad55a5ddd5efeb92f2d32511b03"},"headline":"Caviar de Neuvic Lyon d\u00e9m\u00e9nage aux Halles de Limonest","datePublished":"2025-01-06T09:33:19+00:00","dateModified":"2025-11-19T13:24:39+00:00","mainEntityOfPage":{"@id":"https:\/\/caviar-de-neuvic.com\/actualites\/caviar-de-neuvic-lyon-demenage-aux-halles-de-limonest\/"},"wordCount":296,"commentCount":0,"publisher":{"@id":"http:\/\/caviar-de-neuvic.com\/fr\/#organization"},"image":{"@id":"https:\/\/caviar-de-neuvic.com\/actualites\/caviar-de-neuvic-lyon-demenage-aux-halles-de-limonest\/#primaryimage"},"thumbnailUrl":"https:\/\/caviar-de-neuvic.com\/wp-content\/uploads\/2025\/01\/03-Halles-de-Limonest-580x392-1.jpg","keywords":["Corner Caviar de Neuvic","Halles de Limonest","Nouvelle implantation"],"articleSection":["Actualit\u00e9s"],"inLanguage":"de-BE","potentialAction":[{"@type":"CommentAction","name":"Comment","target":["https:\/\/caviar-de-neuvic.com\/actualites\/caviar-de-neuvic-lyon-demenage-aux-halles-de-limonest\/#respond"]}]},{"@type":"WebPage","@id":"https:\/\/caviar-de-neuvic.com\/actualites\/caviar-de-neuvic-lyon-demenage-aux-halles-de-limonest\/","url":"https:\/\/caviar-de-neuvic.com\/actualites\/caviar-de-neuvic-lyon-demenage-aux-halles-de-limonest\/","name":"Caviar de Neuvic Lyon d\u00e9m\u00e9nage aux Halles de Limonest - Producteur Fran\u00e7ais De Caviar","isPartOf":{"@id":"http:\/\/caviar-de-neuvic.com\/fr\/#website"},"primaryImageOfPage":{"@id":"https:\/\/caviar-de-neuvic.com\/actualites\/caviar-de-neuvic-lyon-demenage-aux-halles-de-limonest\/#primaryimage"},"image":{"@id":"https:\/\/caviar-de-neuvic.com\/actualites\/caviar-de-neuvic-lyon-demenage-aux-halles-de-limonest\/#primaryimage"},"thumbnailUrl":"https:\/\/caviar-de-neuvic.com\/wp-content\/uploads\/2025\/01\/03-Halles-de-Limonest-580x392-1.jpg","datePublished":"2025-01-06T09:33:19+00:00","dateModified":"2025-11-19T13:24:39+00:00","description":"Caviar de Neuvic Lyon d\u00e9m\u00e9nage aux Halles de Limonest. Caviar de Neuvic \u00e0 Lyon quitte son emplacement 84 rue du Pr\u00e9sident \u00c9douard Herriot.","breadcrumb":{"@id":"https:\/\/caviar-de-neuvic.com\/actualites\/caviar-de-neuvic-lyon-demenage-aux-halles-de-limonest\/#breadcrumb"},"inLanguage":"de-BE","potentialAction":[{"@type":"ReadAction","target":["https:\/\/caviar-de-neuvic.com\/actualites\/caviar-de-neuvic-lyon-demenage-aux-halles-de-limonest\/"]}]},{"@type":"ImageObject","inLanguage":"de-BE","@id":"https:\/\/caviar-de-neuvic.com\/actualites\/caviar-de-neuvic-lyon-demenage-aux-halles-de-limonest\/#primaryimage","url":"https:\/\/caviar-de-neuvic.com\/wp-content\/uploads\/2025\/01\/03-Halles-de-Limonest-580x392-1.jpg","contentUrl":"https:\/\/caviar-de-neuvic.com\/wp-content\/uploads\/2025\/01\/03-Halles-de-Limonest-580x392-1.jpg","width":580,"height":392,"caption":"Caviar de Neuvic Lyon d\u00e9m\u00e9nage aux Halles de Limonest"},{"@type":"BreadcrumbList","@id":"https:\/\/caviar-de-neuvic.com\/actualites\/caviar-de-neuvic-lyon-demenage-aux-halles-de-limonest\/#breadcrumb","itemListElement":[{"@type":"ListItem","position":1,"name":"Caviar de Neuvic","item":"https:\/\/caviar-de-neuvic.com\/"},{"@type":"ListItem","position":2,"name":"Actualit\u00e9s","item":"https:\/\/caviar-de-neuvic.com\/fr\/category\/actualites\/"},{"@type":"ListItem","position":3,"name":"Caviar de Neuvic Lyon d\u00e9m\u00e9nage aux Halles de Limonest"}]},{"@type":"WebSite","@id":"http:\/\/caviar-de-neuvic.com\/fr\/#website","url":"http:\/\/caviar-de-neuvic.com\/fr\/","name":"Producteur Fran\u00e7ais De Caviar","description":"","publisher":{"@id":"http:\/\/caviar-de-neuvic.com\/fr\/#organization"},"potentialAction":[{"@type":"SearchAction","target":{"@type":"EntryPoint","urlTemplate":"http:\/\/caviar-de-neuvic.com\/fr\/?s={search_term_string}"},"query-input":{"@type":"PropertyValueSpecification","valueRequired":true,"valueName":"search_term_string"}}],"inLanguage":"de-BE"},{"@type":"Organization","@id":"http:\/\/caviar-de-neuvic.com\/fr\/#organization","name":"Producteur Fran\u00e7ais De Caviar","url":"http:\/\/caviar-de-neuvic.com\/fr\/","logo":{"@type":"ImageObject","inLanguage":"de-BE","@id":"http:\/\/caviar-de-neuvic.com\/fr\/#\/schema\/logo\/image\/","url":"","contentUrl":"","caption":"Producteur Fran\u00e7ais De Caviar"},"image":{"@id":"http:\/\/caviar-de-neuvic.com\/fr\/#\/schema\/logo\/image\/"}},{"@type":"Person","@id":"http:\/\/caviar-de-neuvic.com\/fr\/#\/schema\/person\/89912ad55a5ddd5efeb92f2d32511b03","name":"Laurine Gay","url":"https:\/\/caviar-de-neuvic.com\/de_be\/author\/laurine-gaycaviardeneuvic-com\/"}]}},"_links":{"self":[{"href":"https:\/\/caviar-de-neuvic.com\/de_be\/wp-json\/wp\/v2\/posts\/20867","targetHints":{"allow":["GET"]}}],"collection":[{"href":"https:\/\/caviar-de-neuvic.com\/de_be\/wp-json\/wp\/v2\/posts"}],"about":[{"href":"https:\/\/caviar-de-neuvic.com\/de_be\/wp-json\/wp\/v2\/types\/post"}],"author":[{"embeddable":true,"href":"https:\/\/caviar-de-neuvic.com\/de_be\/wp-json\/wp\/v2\/users\/11896"}],"replies":[{"embeddable":true,"href":"https:\/\/caviar-de-neuvic.com\/de_be\/wp-json\/wp\/v2\/comments?post=20867"}],"version-history":[{"count":1,"href":"https:\/\/caviar-de-neuvic.com\/de_be\/wp-json\/wp\/v2\/posts\/20867\/revisions"}],"predecessor-version":[{"id":32196,"href":"https:\/\/caviar-de-neuvic.com\/de_be\/wp-json\/wp\/v2\/posts\/20867\/revisions\/32196"}],"wp:featuredmedia":[{"embeddable":true,"href":"https:\/\/caviar-de-neuvic.com\/de_be\/wp-json\/wp\/v2\/media\/21199"}],"wp:attachment":[{"href":"https:\/\/caviar-de-neuvic.com\/de_be\/wp-json\/wp\/v2\/media?parent=20867"}],"wp:term":[{"taxonomy":"category","embeddable":true,"href":"https:\/\/caviar-de-neuvic.com\/de_be\/wp-json\/wp\/v2\/categories?post=20867"},{"taxonomy":"post_tag","embeddable":true,"href":"https:\/\/caviar-de-neuvic.com\/de_be\/wp-json\/wp\/v2\/tags?post=20867"}],"curies":[{"name":"wp","href":"https:\/\/api.w.org\/{rel}","templated":true}]}}