{"id":20868,"date":"2025-01-07T09:24:23","date_gmt":"2025-01-07T08:24:23","guid":{"rendered":"https:\/\/caviar-de-neuvic.com\/parlons-caviar-old\/?p=8471"},"modified":"2025-11-19T14:22:50","modified_gmt":"2025-11-19T13:22:50","slug":"caviar-de-neuvic-sera-present-au-sirha-a-lyon","status":"publish","type":"post","link":"https:\/\/caviar-de-neuvic.com\/de_be\/evenements\/caviar-de-neuvic-sera-present-au-sirha-a-lyon\/","title":{"rendered":"Caviar de Neuvic sera pr\u00e9sent au Sirha \u00e0 Lyon"},"content":{"rendered":"<p><span style=\"font-weight: 400\">Caviar de Neuvic sera pr\u00e9sent au Sirha \u00e0 Lyon. Caviar de Neuvic sera pr\u00e9sent du<\/span><span style=\"font-weight: 400\"> 23 au 27 janvier 2025 pour cette 23 \u00e9dition du <a href=\"https:\/\/www.sirha-lyon.com\/fr\" target=\"_blank\" rel=\"noopener\">Sirha \u00e0 Lyon<\/a> !\u00a0<\/span><\/p>\n<p><span style=\"font-weight: 400\">Pendant 5 jours, de 9h \u00e0 18h, venez rencontrer notre \u00e9quipe commerciale et export au <\/span><span style=\"font-weight: 400\">STAND N\u00b02.1J57 dans le pavillon Fran\u00e7ais. Lors de cet \u00e9v\u00e9nement, notre \u00e9quipe de professionnels vous pr\u00e9sentera tous les produits et les savoir-faire de la marque. En passant par nos incontournables, <a href=\"https:\/\/caviar-de-neuvic.com\/de_be\/parlons-caviar\/extension-de-la-gamme-epicerie-pour-caviar-de-neuvic\/\" target=\"_blank\" rel=\"noopener\">nos nouveaut\u00e9s<\/a> et notre sp\u00e9cialit\u00e9 : <a href=\"https:\/\/caviar-de-neuvic.com\/de_be\/13-caviar\/\" target=\"_blank\" rel=\"noopener\">le caviar<\/a>.\u00a0<\/span><\/p>\n<p><span style=\"font-weight: 400\">Ce salon est l&rsquo;occasion pour <a href=\"https:\/\/caviar-de-neuvic.com\/de_be\/\" target=\"_blank\" rel=\"noopener\">Caviar de Neuvic<\/a> de partir \u00e0 la rencontre de nouveaux clients et d&rsquo;\u00e9largir son r\u00e9seau de distributeurs et fournisseurs. Pour les visiteurs et exposants, c\u2019est l&rsquo;opportunit\u00e9 de d\u00e9couvrir des produits d\u2019exception d\u2019un producteur fran\u00e7ais de Caviar.\u00a0<\/span><\/p>\n<h3><b>Qu\u2019est ce que le Sirha ?<\/b><span style=\"font-weight: 400\">\u00a0<\/span><\/h3>\n<p><span style=\"font-weight: 400\">Le Sirha est LE rendez-vous incontournable de la restauration et de l&rsquo;h\u00f4tellerie. C&rsquo;est un point de rencontre international entre innovations, exposants et acheteurs.<\/span><\/p>\n<p><span style=\"font-weight: 400\">Au programme : la plus grande offre globale du Food Service en termes de produits, d\u2019e\u0301quipements et de services pour la restauration commerciale et inde\u0301pendante.<\/span><\/p>\n<h3><b>Sirha en quelques chiffres<\/b><span style=\"font-weight: 400\">\u00a0<\/span><\/h3>\n<ul>\n<li style=\"font-weight: 400\"><b>4 000 exposants et marques <\/b><span style=\"font-weight: 400\">sont attendus\u00a0<\/span><\/li>\n<li style=\"font-weight: 400\"><b>150 000 visiteurs<\/b><span style=\"font-weight: 400\"> professionnels<\/span><\/li>\n<li style=\"font-weight: 400\"><b>13 789m2 <\/b><span style=\"font-weight: 400\">d\u2019exposants internationaux, pre\u0300s de 300 stands et 14 pavillons (Italie, Espagne, Belgique, Gre\u0300ce, Japon, Outre-Mer) pour un total de <\/span><b>27 pays <\/b><span style=\"font-weight: 400\">repre\u0301sente\u0301s.\u00a0<\/span><\/li>\n<li style=\"font-weight: 400\"><span style=\"font-weight: 400\">Parmi les visiteurs : <\/span><b>52% sont des de\u0301cideurs*<\/b><a style=\"font-family: Karla, sans-serif\" href=\"https:\/\/www.sirha-lyon.com\/fr\/presse\/espace\" target=\"_blank\" rel=\"noopener\">\u00a0<\/a><\/li>\n<\/ul>\n<p><span style=\"font-weight: 400\">*chiffre Sirha Lyon 2021<\/span><\/p>\n<p><span style=\"font-weight: 400\">*Source : <a href=\"https:\/\/www.sirha-lyon.com\/fr\/presse\/espace\" target=\"_blank\" rel=\"noopener\">Sirha<\/a><\/span><\/p>\n<h3><b>Infos pratiques\u00a0<\/b><\/h3>\n<ul>\n<li style=\"font-weight: 400\"><span style=\"font-weight: 400\">Du 23 au 27 Janvier 2025\u00a0<\/span><\/li>\n<li style=\"font-weight: 400\"><span style=\"font-weight: 400\">De 9h \u00e0 18h\u00a0<\/span><\/li>\n<li style=\"font-weight: 400\"><span style=\"font-weight: 400\">EUREXPO LYON<\/span><\/li>\n<li style=\"font-weight: 400\"><span style=\"font-weight: 400\">Stand N\u00b02.1J57 dans le pavillon Fran\u00e7ais<\/span><\/li>\n<\/ul>","protected":false},"excerpt":{"rendered":"<p>Caviar de Neuvic sera pr\u00e9sent au Sirha \u00e0 Lyon. Caviar de Neuvic sera pr\u00e9sent du 23 au 27 janvier 2025 pour cette 23 \u00e9dition du Sirha \u00e0 Lyon !\u00a0 Pendant 5 jours, de 9h \u00e0 18h, venez rencontrer notre \u00e9quipe commerciale et export au STAND N\u00b02.1J57 dans le pavillon Fran\u00e7ais. Lors de cet \u00e9v\u00e9nement, notre [&hellip;]<\/p>\n","protected":false},"author":11896,"featured_media":21200,"comment_status":"open","ping_status":"closed","sticky":false,"template":"","format":"standard","meta":{"_acf_changed":false,"ocean_post_layout":"","ocean_both_sidebars_style":"","ocean_both_sidebars_content_width":0,"ocean_both_sidebars_sidebars_width":0,"ocean_sidebar":"0","ocean_second_sidebar":"0","ocean_disable_margins":"enable","ocean_add_body_class":"","ocean_shortcode_before_top_bar":"","ocean_shortcode_after_top_bar":"","ocean_shortcode_before_header":"","ocean_shortcode_after_header":"","ocean_has_shortcode":"","ocean_shortcode_after_title":"","ocean_shortcode_before_footer_widgets":"","ocean_shortcode_after_footer_widgets":"","ocean_shortcode_before_footer_bottom":"","ocean_shortcode_after_footer_bottom":"","ocean_display_top_bar":"default","ocean_display_header":"default","ocean_header_style":"","ocean_center_header_left_menu":"0","ocean_custom_header_template":"0","ocean_custom_logo":0,"ocean_custom_retina_logo":0,"ocean_custom_logo_max_width":0,"ocean_custom_logo_tablet_max_width":0,"ocean_custom_logo_mobile_max_width":0,"ocean_custom_logo_max_height":0,"ocean_custom_logo_tablet_max_height":0,"ocean_custom_logo_mobile_max_height":0,"ocean_header_custom_menu":"0","ocean_menu_typo_font_family":"0","ocean_menu_typo_font_subset":"","ocean_menu_typo_font_size":0,"ocean_menu_typo_font_size_tablet":0,"ocean_menu_typo_font_size_mobile":0,"ocean_menu_typo_font_size_unit":"px","ocean_menu_typo_font_weight":"","ocean_menu_typo_font_weight_tablet":"","ocean_menu_typo_font_weight_mobile":"","ocean_menu_typo_transform":"","ocean_menu_typo_transform_tablet":"","ocean_menu_typo_transform_mobile":"","ocean_menu_typo_line_height":0,"ocean_menu_typo_line_height_tablet":0,"ocean_menu_typo_line_height_mobile":0,"ocean_menu_typo_line_height_unit":"","ocean_menu_typo_spacing":0,"ocean_menu_typo_spacing_tablet":0,"ocean_menu_typo_spacing_mobile":0,"ocean_menu_typo_spacing_unit":"","ocean_menu_link_color":"","ocean_menu_link_color_hover":"","ocean_menu_link_color_active":"","ocean_menu_link_background":"","ocean_menu_link_hover_background":"","ocean_menu_link_active_background":"","ocean_menu_social_links_bg":"","ocean_menu_social_hover_links_bg":"","ocean_menu_social_links_color":"","ocean_menu_social_hover_links_color":"","ocean_disable_title":"default","ocean_disable_heading":"default","ocean_post_title":"","ocean_post_subheading":"","ocean_post_title_style":"","ocean_post_title_background_color":"","ocean_post_title_background":0,"ocean_post_title_bg_image_position":"","ocean_post_title_bg_image_attachment":"","ocean_post_title_bg_image_repeat":"","ocean_post_title_bg_image_size":"","ocean_post_title_height":0,"ocean_post_title_bg_overlay":0.5,"ocean_post_title_bg_overlay_color":"","ocean_disable_breadcrumbs":"default","ocean_breadcrumbs_color":"","ocean_breadcrumbs_separator_color":"","ocean_breadcrumbs_links_color":"","ocean_breadcrumbs_links_hover_color":"","ocean_display_footer_widgets":"default","ocean_display_footer_bottom":"default","ocean_custom_footer_template":"0","omw_enable_modal_window":"enable","ocean_post_oembed":"","ocean_post_self_hosted_media":"","ocean_post_video_embed":"","ocean_link_format":"","ocean_link_format_target":"self","ocean_quote_format":"","ocean_quote_format_link":"post","ocean_gallery_link_images":"on","ocean_gallery_id":[],"footnotes":""},"categories":[300,295],"tags":[500,501,499],"class_list":["post-20868","post","type-post","status-publish","format-standard","has-post-thumbnail","hentry","category-actualites","category-evenements","tag-lyon","tag-salon-a-lyon","tag-sirha-a-lyon","entry","has-media","owp-thumbs-layout-vertical","owp-btn-normal","owp-tabs-layout-horizontal","has-no-thumbnails","has-product-nav"],"acf":[],"yoast_head":"<!-- This site is optimized with the Yoast SEO plugin v27.5 - https:\/\/yoast.com\/product\/yoast-seo-wordpress\/ -->\n<title>Caviar de Neuvic sera pr\u00e9sent au Sirha \u00e0 Lyon - Producteur Fran\u00e7ais De Caviar<\/title>\n<meta name=\"description\" content=\"Caviar de Neuvic sera pr\u00e9sent au Sirha \u00e0 Lyon. De 9h \u00e0 18h, venez rencontrer notre \u00e9quipe au STAND N\u00b02.1J57 dans le pavillon Fran\u00e7ais.\" \/>\n<meta name=\"robots\" content=\"index, follow, max-snippet:-1, max-image-preview:large, max-video-preview:-1\" \/>\n<link rel=\"canonical\" href=\"https:\/\/caviar-de-neuvic.com\/de_be\/evenements\/caviar-de-neuvic-sera-present-au-sirha-a-lyon\/\" \/>\n<meta property=\"og:locale\" content=\"de_DE\" \/>\n<meta property=\"og:type\" content=\"article\" \/>\n<meta property=\"og:title\" content=\"Caviar de Neuvic sera pr\u00e9sent au Sirha \u00e0 Lyon - Producteur Fran\u00e7ais De Caviar\" \/>\n<meta property=\"og:description\" content=\"Caviar de Neuvic sera pr\u00e9sent au Sirha \u00e0 Lyon. De 9h \u00e0 18h, venez rencontrer notre \u00e9quipe au STAND N\u00b02.1J57 dans le pavillon Fran\u00e7ais.\" \/>\n<meta property=\"og:url\" content=\"https:\/\/caviar-de-neuvic.com\/de_be\/evenements\/caviar-de-neuvic-sera-present-au-sirha-a-lyon\/\" \/>\n<meta property=\"og:site_name\" content=\"Producteur Fran\u00e7ais De Caviar\" \/>\n<meta property=\"article:published_time\" content=\"2025-01-07T08:24:23+00:00\" \/>\n<meta property=\"article:modified_time\" content=\"2025-11-19T13:22:50+00:00\" \/>\n<meta property=\"og:image\" content=\"https:\/\/caviar-de-neuvic.com\/wp-content\/uploads\/2025\/01\/Signature-mail-Sirha.png\" \/>\n\t<meta property=\"og:image:width\" content=\"900\" \/>\n\t<meta property=\"og:image:height\" content=\"300\" \/>\n\t<meta property=\"og:image:type\" content=\"image\/png\" \/>\n<meta name=\"author\" content=\"Laurine Gay\" \/>\n<meta name=\"twitter:card\" content=\"summary_large_image\" \/>\n<meta name=\"twitter:label1\" content=\"Written by\" \/>\n\t<meta name=\"twitter:data1\" content=\"Laurine Gay\" \/>\n\t<meta name=\"twitter:label2\" content=\"Est. reading time\" \/>\n\t<meta name=\"twitter:data2\" content=\"2 minutes\" \/>\n<script type=\"application\/ld+json\" class=\"yoast-schema-graph\">{\"@context\":\"https:\\\/\\\/schema.org\",\"@graph\":[{\"@type\":\"Article\",\"@id\":\"https:\\\/\\\/caviar-de-neuvic.com\\\/evenements\\\/caviar-de-neuvic-sera-present-au-sirha-a-lyon\\\/#article\",\"isPartOf\":{\"@id\":\"https:\\\/\\\/caviar-de-neuvic.com\\\/evenements\\\/caviar-de-neuvic-sera-present-au-sirha-a-lyon\\\/\"},\"author\":{\"name\":\"Laurine Gay\",\"@id\":\"http:\\\/\\\/caviar-de-neuvic.com\\\/fr\\\/#\\\/schema\\\/person\\\/89912ad55a5ddd5efeb92f2d32511b03\"},\"headline\":\"Caviar de Neuvic sera pr\u00e9sent au Sirha \u00e0 Lyon\",\"datePublished\":\"2025-01-07T08:24:23+00:00\",\"dateModified\":\"2025-11-19T13:22:50+00:00\",\"mainEntityOfPage\":{\"@id\":\"https:\\\/\\\/caviar-de-neuvic.com\\\/evenements\\\/caviar-de-neuvic-sera-present-au-sirha-a-lyon\\\/\"},\"wordCount\":263,\"commentCount\":0,\"publisher\":{\"@id\":\"http:\\\/\\\/caviar-de-neuvic.com\\\/fr\\\/#organization\"},\"image\":{\"@id\":\"https:\\\/\\\/caviar-de-neuvic.com\\\/evenements\\\/caviar-de-neuvic-sera-present-au-sirha-a-lyon\\\/#primaryimage\"},\"thumbnailUrl\":\"https:\\\/\\\/caviar-de-neuvic.com\\\/wp-content\\\/uploads\\\/2025\\\/01\\\/Signature-mail-Sirha.png\",\"keywords\":[\"Lyon\",\"Salon \u00e0 Lyon\",\"Sirha \u00e0 Lyon\"],\"articleSection\":[\"Actualit\u00e9s\",\"\u00c9venements\"],\"inLanguage\":\"de-BE\",\"potentialAction\":[{\"@type\":\"CommentAction\",\"name\":\"Comment\",\"target\":[\"https:\\\/\\\/caviar-de-neuvic.com\\\/evenements\\\/caviar-de-neuvic-sera-present-au-sirha-a-lyon\\\/#respond\"]}]},{\"@type\":\"WebPage\",\"@id\":\"https:\\\/\\\/caviar-de-neuvic.com\\\/evenements\\\/caviar-de-neuvic-sera-present-au-sirha-a-lyon\\\/\",\"url\":\"https:\\\/\\\/caviar-de-neuvic.com\\\/evenements\\\/caviar-de-neuvic-sera-present-au-sirha-a-lyon\\\/\",\"name\":\"Caviar de Neuvic sera pr\u00e9sent au Sirha \u00e0 Lyon - Producteur Fran\u00e7ais De Caviar\",\"isPartOf\":{\"@id\":\"http:\\\/\\\/caviar-de-neuvic.com\\\/fr\\\/#website\"},\"primaryImageOfPage\":{\"@id\":\"https:\\\/\\\/caviar-de-neuvic.com\\\/evenements\\\/caviar-de-neuvic-sera-present-au-sirha-a-lyon\\\/#primaryimage\"},\"image\":{\"@id\":\"https:\\\/\\\/caviar-de-neuvic.com\\\/evenements\\\/caviar-de-neuvic-sera-present-au-sirha-a-lyon\\\/#primaryimage\"},\"thumbnailUrl\":\"https:\\\/\\\/caviar-de-neuvic.com\\\/wp-content\\\/uploads\\\/2025\\\/01\\\/Signature-mail-Sirha.png\",\"datePublished\":\"2025-01-07T08:24:23+00:00\",\"dateModified\":\"2025-11-19T13:22:50+00:00\",\"description\":\"Caviar de Neuvic sera pr\u00e9sent au Sirha \u00e0 Lyon. De 9h \u00e0 18h, venez rencontrer notre \u00e9quipe au STAND N\u00b02.1J57 dans le pavillon Fran\u00e7ais.\",\"breadcrumb\":{\"@id\":\"https:\\\/\\\/caviar-de-neuvic.com\\\/evenements\\\/caviar-de-neuvic-sera-present-au-sirha-a-lyon\\\/#breadcrumb\"},\"inLanguage\":\"de-BE\",\"potentialAction\":[{\"@type\":\"ReadAction\",\"target\":[\"https:\\\/\\\/caviar-de-neuvic.com\\\/evenements\\\/caviar-de-neuvic-sera-present-au-sirha-a-lyon\\\/\"]}]},{\"@type\":\"ImageObject\",\"inLanguage\":\"de-BE\",\"@id\":\"https:\\\/\\\/caviar-de-neuvic.com\\\/evenements\\\/caviar-de-neuvic-sera-present-au-sirha-a-lyon\\\/#primaryimage\",\"url\":\"https:\\\/\\\/caviar-de-neuvic.com\\\/wp-content\\\/uploads\\\/2025\\\/01\\\/Signature-mail-Sirha.png\",\"contentUrl\":\"https:\\\/\\\/caviar-de-neuvic.com\\\/wp-content\\\/uploads\\\/2025\\\/01\\\/Signature-mail-Sirha.png\",\"width\":900,\"height\":300},{\"@type\":\"BreadcrumbList\",\"@id\":\"https:\\\/\\\/caviar-de-neuvic.com\\\/evenements\\\/caviar-de-neuvic-sera-present-au-sirha-a-lyon\\\/#breadcrumb\",\"itemListElement\":[{\"@type\":\"ListItem\",\"position\":1,\"name\":\"Caviar de Neuvic\",\"item\":\"https:\\\/\\\/caviar-de-neuvic.com\\\/\"},{\"@type\":\"ListItem\",\"position\":2,\"name\":\"Actualit\u00e9s\",\"item\":\"https:\\\/\\\/caviar-de-neuvic.com\\\/fr\\\/category\\\/actualites\\\/\"},{\"@type\":\"ListItem\",\"position\":3,\"name\":\"Caviar de Neuvic sera pr\u00e9sent au Sirha \u00e0 Lyon\"}]},{\"@type\":\"WebSite\",\"@id\":\"http:\\\/\\\/caviar-de-neuvic.com\\\/fr\\\/#website\",\"url\":\"http:\\\/\\\/caviar-de-neuvic.com\\\/fr\\\/\",\"name\":\"Producteur Fran\u00e7ais De Caviar\",\"description\":\"\",\"publisher\":{\"@id\":\"http:\\\/\\\/caviar-de-neuvic.com\\\/fr\\\/#organization\"},\"potentialAction\":[{\"@type\":\"SearchAction\",\"target\":{\"@type\":\"EntryPoint\",\"urlTemplate\":\"http:\\\/\\\/caviar-de-neuvic.com\\\/fr\\\/?s={search_term_string}\"},\"query-input\":{\"@type\":\"PropertyValueSpecification\",\"valueRequired\":true,\"valueName\":\"search_term_string\"}}],\"inLanguage\":\"de-BE\"},{\"@type\":\"Organization\",\"@id\":\"http:\\\/\\\/caviar-de-neuvic.com\\\/fr\\\/#organization\",\"name\":\"Producteur Fran\u00e7ais De Caviar\",\"url\":\"http:\\\/\\\/caviar-de-neuvic.com\\\/fr\\\/\",\"logo\":{\"@type\":\"ImageObject\",\"inLanguage\":\"de-BE\",\"@id\":\"http:\\\/\\\/caviar-de-neuvic.com\\\/fr\\\/#\\\/schema\\\/logo\\\/image\\\/\",\"url\":\"\",\"contentUrl\":\"\",\"caption\":\"Producteur Fran\u00e7ais De Caviar\"},\"image\":{\"@id\":\"http:\\\/\\\/caviar-de-neuvic.com\\\/fr\\\/#\\\/schema\\\/logo\\\/image\\\/\"}},{\"@type\":\"Person\",\"@id\":\"http:\\\/\\\/caviar-de-neuvic.com\\\/fr\\\/#\\\/schema\\\/person\\\/89912ad55a5ddd5efeb92f2d32511b03\",\"name\":\"Laurine Gay\",\"url\":\"https:\\\/\\\/caviar-de-neuvic.com\\\/de_be\\\/author\\\/laurine-gaycaviardeneuvic-com\\\/\"}]}<\/script>\n<!-- \/ Yoast SEO plugin. -->","yoast_head_json":{"title":"Caviar de Neuvic sera pr\u00e9sent au Sirha \u00e0 Lyon - Producteur Fran\u00e7ais De Caviar","description":"Caviar de Neuvic sera pr\u00e9sent au Sirha \u00e0 Lyon. De 9h \u00e0 18h, venez rencontrer notre \u00e9quipe au STAND N\u00b02.1J57 dans le pavillon Fran\u00e7ais.","robots":{"index":"index","follow":"follow","max-snippet":"max-snippet:-1","max-image-preview":"max-image-preview:large","max-video-preview":"max-video-preview:-1"},"canonical":"https:\/\/caviar-de-neuvic.com\/de_be\/evenements\/caviar-de-neuvic-sera-present-au-sirha-a-lyon\/","og_locale":"de_DE","og_type":"article","og_title":"Caviar de Neuvic sera pr\u00e9sent au Sirha \u00e0 Lyon - Producteur Fran\u00e7ais De Caviar","og_description":"Caviar de Neuvic sera pr\u00e9sent au Sirha \u00e0 Lyon. De 9h \u00e0 18h, venez rencontrer notre \u00e9quipe au STAND N\u00b02.1J57 dans le pavillon Fran\u00e7ais.","og_url":"https:\/\/caviar-de-neuvic.com\/de_be\/evenements\/caviar-de-neuvic-sera-present-au-sirha-a-lyon\/","og_site_name":"Producteur Fran\u00e7ais De Caviar","article_published_time":"2025-01-07T08:24:23+00:00","article_modified_time":"2025-11-19T13:22:50+00:00","og_image":[{"width":900,"height":300,"url":"https:\/\/caviar-de-neuvic.com\/wp-content\/uploads\/2025\/01\/Signature-mail-Sirha.png","type":"image\/png"}],"author":"Laurine Gay","twitter_card":"summary_large_image","twitter_misc":{"Written by":"Laurine Gay","Est. reading time":"2 minutes"},"schema":{"@context":"https:\/\/schema.org","@graph":[{"@type":"Article","@id":"https:\/\/caviar-de-neuvic.com\/evenements\/caviar-de-neuvic-sera-present-au-sirha-a-lyon\/#article","isPartOf":{"@id":"https:\/\/caviar-de-neuvic.com\/evenements\/caviar-de-neuvic-sera-present-au-sirha-a-lyon\/"},"author":{"name":"Laurine Gay","@id":"http:\/\/caviar-de-neuvic.com\/fr\/#\/schema\/person\/89912ad55a5ddd5efeb92f2d32511b03"},"headline":"Caviar de Neuvic sera pr\u00e9sent au Sirha \u00e0 Lyon","datePublished":"2025-01-07T08:24:23+00:00","dateModified":"2025-11-19T13:22:50+00:00","mainEntityOfPage":{"@id":"https:\/\/caviar-de-neuvic.com\/evenements\/caviar-de-neuvic-sera-present-au-sirha-a-lyon\/"},"wordCount":263,"commentCount":0,"publisher":{"@id":"http:\/\/caviar-de-neuvic.com\/fr\/#organization"},"image":{"@id":"https:\/\/caviar-de-neuvic.com\/evenements\/caviar-de-neuvic-sera-present-au-sirha-a-lyon\/#primaryimage"},"thumbnailUrl":"https:\/\/caviar-de-neuvic.com\/wp-content\/uploads\/2025\/01\/Signature-mail-Sirha.png","keywords":["Lyon","Salon \u00e0 Lyon","Sirha \u00e0 Lyon"],"articleSection":["Actualit\u00e9s","\u00c9venements"],"inLanguage":"de-BE","potentialAction":[{"@type":"CommentAction","name":"Comment","target":["https:\/\/caviar-de-neuvic.com\/evenements\/caviar-de-neuvic-sera-present-au-sirha-a-lyon\/#respond"]}]},{"@type":"WebPage","@id":"https:\/\/caviar-de-neuvic.com\/evenements\/caviar-de-neuvic-sera-present-au-sirha-a-lyon\/","url":"https:\/\/caviar-de-neuvic.com\/evenements\/caviar-de-neuvic-sera-present-au-sirha-a-lyon\/","name":"Caviar de Neuvic sera pr\u00e9sent au Sirha \u00e0 Lyon - Producteur Fran\u00e7ais De Caviar","isPartOf":{"@id":"http:\/\/caviar-de-neuvic.com\/fr\/#website"},"primaryImageOfPage":{"@id":"https:\/\/caviar-de-neuvic.com\/evenements\/caviar-de-neuvic-sera-present-au-sirha-a-lyon\/#primaryimage"},"image":{"@id":"https:\/\/caviar-de-neuvic.com\/evenements\/caviar-de-neuvic-sera-present-au-sirha-a-lyon\/#primaryimage"},"thumbnailUrl":"https:\/\/caviar-de-neuvic.com\/wp-content\/uploads\/2025\/01\/Signature-mail-Sirha.png","datePublished":"2025-01-07T08:24:23+00:00","dateModified":"2025-11-19T13:22:50+00:00","description":"Caviar de Neuvic sera pr\u00e9sent au Sirha \u00e0 Lyon. De 9h \u00e0 18h, venez rencontrer notre \u00e9quipe au STAND N\u00b02.1J57 dans le pavillon Fran\u00e7ais.","breadcrumb":{"@id":"https:\/\/caviar-de-neuvic.com\/evenements\/caviar-de-neuvic-sera-present-au-sirha-a-lyon\/#breadcrumb"},"inLanguage":"de-BE","potentialAction":[{"@type":"ReadAction","target":["https:\/\/caviar-de-neuvic.com\/evenements\/caviar-de-neuvic-sera-present-au-sirha-a-lyon\/"]}]},{"@type":"ImageObject","inLanguage":"de-BE","@id":"https:\/\/caviar-de-neuvic.com\/evenements\/caviar-de-neuvic-sera-present-au-sirha-a-lyon\/#primaryimage","url":"https:\/\/caviar-de-neuvic.com\/wp-content\/uploads\/2025\/01\/Signature-mail-Sirha.png","contentUrl":"https:\/\/caviar-de-neuvic.com\/wp-content\/uploads\/2025\/01\/Signature-mail-Sirha.png","width":900,"height":300},{"@type":"BreadcrumbList","@id":"https:\/\/caviar-de-neuvic.com\/evenements\/caviar-de-neuvic-sera-present-au-sirha-a-lyon\/#breadcrumb","itemListElement":[{"@type":"ListItem","position":1,"name":"Caviar de Neuvic","item":"https:\/\/caviar-de-neuvic.com\/"},{"@type":"ListItem","position":2,"name":"Actualit\u00e9s","item":"https:\/\/caviar-de-neuvic.com\/fr\/category\/actualites\/"},{"@type":"ListItem","position":3,"name":"Caviar de Neuvic sera pr\u00e9sent au Sirha \u00e0 Lyon"}]},{"@type":"WebSite","@id":"http:\/\/caviar-de-neuvic.com\/fr\/#website","url":"http:\/\/caviar-de-neuvic.com\/fr\/","name":"Producteur Fran\u00e7ais De Caviar","description":"","publisher":{"@id":"http:\/\/caviar-de-neuvic.com\/fr\/#organization"},"potentialAction":[{"@type":"SearchAction","target":{"@type":"EntryPoint","urlTemplate":"http:\/\/caviar-de-neuvic.com\/fr\/?s={search_term_string}"},"query-input":{"@type":"PropertyValueSpecification","valueRequired":true,"valueName":"search_term_string"}}],"inLanguage":"de-BE"},{"@type":"Organization","@id":"http:\/\/caviar-de-neuvic.com\/fr\/#organization","name":"Producteur Fran\u00e7ais De Caviar","url":"http:\/\/caviar-de-neuvic.com\/fr\/","logo":{"@type":"ImageObject","inLanguage":"de-BE","@id":"http:\/\/caviar-de-neuvic.com\/fr\/#\/schema\/logo\/image\/","url":"","contentUrl":"","caption":"Producteur Fran\u00e7ais De Caviar"},"image":{"@id":"http:\/\/caviar-de-neuvic.com\/fr\/#\/schema\/logo\/image\/"}},{"@type":"Person","@id":"http:\/\/caviar-de-neuvic.com\/fr\/#\/schema\/person\/89912ad55a5ddd5efeb92f2d32511b03","name":"Laurine Gay","url":"https:\/\/caviar-de-neuvic.com\/de_be\/author\/laurine-gaycaviardeneuvic-com\/"}]}},"_links":{"self":[{"href":"https:\/\/caviar-de-neuvic.com\/de_be\/wp-json\/wp\/v2\/posts\/20868","targetHints":{"allow":["GET"]}}],"collection":[{"href":"https:\/\/caviar-de-neuvic.com\/de_be\/wp-json\/wp\/v2\/posts"}],"about":[{"href":"https:\/\/caviar-de-neuvic.com\/de_be\/wp-json\/wp\/v2\/types\/post"}],"author":[{"embeddable":true,"href":"https:\/\/caviar-de-neuvic.com\/de_be\/wp-json\/wp\/v2\/users\/11896"}],"replies":[{"embeddable":true,"href":"https:\/\/caviar-de-neuvic.com\/de_be\/wp-json\/wp\/v2\/comments?post=20868"}],"version-history":[{"count":1,"href":"https:\/\/caviar-de-neuvic.com\/de_be\/wp-json\/wp\/v2\/posts\/20868\/revisions"}],"predecessor-version":[{"id":32195,"href":"https:\/\/caviar-de-neuvic.com\/de_be\/wp-json\/wp\/v2\/posts\/20868\/revisions\/32195"}],"wp:featuredmedia":[{"embeddable":true,"href":"https:\/\/caviar-de-neuvic.com\/de_be\/wp-json\/wp\/v2\/media\/21200"}],"wp:attachment":[{"href":"https:\/\/caviar-de-neuvic.com\/de_be\/wp-json\/wp\/v2\/media?parent=20868"}],"wp:term":[{"taxonomy":"category","embeddable":true,"href":"https:\/\/caviar-de-neuvic.com\/de_be\/wp-json\/wp\/v2\/categories?post=20868"},{"taxonomy":"post_tag","embeddable":true,"href":"https:\/\/caviar-de-neuvic.com\/de_be\/wp-json\/wp\/v2\/tags?post=20868"}],"curies":[{"name":"wp","href":"https:\/\/api.w.org\/{rel}","templated":true}]}}