{"id":20870,"date":"2025-03-28T14:45:02","date_gmt":"2025-03-28T13:45:02","guid":{"rendered":"https:\/\/caviar-de-neuvic.com\/parlons-caviar-old\/?p=8529"},"modified":"2025-11-19T14:17:53","modified_gmt":"2025-11-19T13:17:53","slug":"menu-printemps-au-restaurant-du-domaine","status":"publish","type":"post","link":"https:\/\/caviar-de-neuvic.com\/de_be\/nos-points-de-vente-tourisme\/menu-printemps-au-restaurant-du-domaine\/","title":{"rendered":"Menu printemps au restaurant du Domaine"},"content":{"rendered":"<h3><strong>Menu PRINTEMPS au Restaurant du Domaine<\/strong><\/h3>\n<p><span style=\"font-weight: 400\">Notre chef talentueux, <a href=\"https:\/\/caviar-de-neuvic.com\/de_be\/parlons-caviar-old\/chef\/chef-julien-haj-restaurant-caviar-de-neuvic\/\" target=\"_blank\" rel=\"noopener\">Julien Haj,<\/a> a imagin\u00e9 un tout nouveau menu de saison qui saura ravir vos papilles et \u00e9veiller vos sens. Au c\u0153ur de ce menu printanier, les produits du Domaine sont mis \u00e0 l\u2019honneur, notamment notre fameux <a href=\"https:\/\/caviar-de-neuvic.com\/de_be\/13-caviar\/\" target=\"_blank\" rel=\"noopener\">Caviar de Neuvic<\/a> et les ingr\u00e9dients locaux soigneusement s\u00e9lectionn\u00e9s.<\/span><\/p>\n<h3><strong>Le menu<\/strong><\/h3>\n<h4 style=\"text-align: center\"><span style=\"font-weight: 400\"><strong>Entr\u00e9e<\/strong><\/span><\/h4>\n<p style=\"text-align: center\"><span style=\"font-weight: 400\">\ud83d\udc49 Asperges blanches et Caviar Baeri Signature <a href=\"https:\/\/caviar-de-neuvic.com\/de_be\/\" target=\"_blank\" rel=\"noopener\">Caviar de Neuvic<\/a>.<\/span><\/p>\n<p style=\"text-align: center\"><strong>OU<\/strong><\/p>\n<p style=\"text-align: center\"><span style=\"font-weight: 400\">\ud83d\udc49 <\/span>Velout\u00e9 d&rsquo;esturgeon et sa tartine croustillante<\/p>\n<h4 style=\"text-align: center\"><strong>Plat<\/strong><\/h4>\n<p style=\"text-align: center\"><span style=\"font-weight: 400\">\ud83d\udc49 Esturgeon beurre blanc, pur\u00e9e de c\u00e9leri et fenouil r\u00f4ti<\/span><\/p>\n<h4 style=\"text-align: center\"><strong>Dessert<\/strong><\/h4>\n<p style=\"text-align: center\"><span style=\"font-weight: 400\">\ud83d\udc49 Banoffee : S\u00e9culos, bana flamb\u00e9e, caramel et cr\u00e8me onctueuse.<\/span><\/p>\n<p style=\"text-align: center\"><strong>OU<\/strong><\/p>\n<p style=\"text-align: center\"><span style=\"font-weight: 400\">\ud83d\udc49 <\/span>Brioche perdue et chantilly mascarpone<\/p>\n<p style=\"text-align: center\"><strong>OU<\/strong><\/p>\n<p style=\"text-align: center\"><span style=\"font-weight: 400\">\ud83d\udc49 <\/span>Neuvic-Javerzac (suppl +4euros) : Glace au yaourt de Javerzac et Caviar Oscietre Signature<\/p>\n<p><img fetchpriority=\"high\" decoding=\"async\" class=\"alignnone size-medium wp-image-8530\" src=\"http:\/\/caviar-de-neuvic.com\/wp-content\/uploads\/2025\/03\/CDN_MENUDOMAINE_PRINTEMPS_140325_\u00aeAV-3-200x300.jpg\" alt=\"\" width=\"200\" height=\"300\" \/> <img decoding=\"async\" class=\"alignnone size-medium wp-image-8531\" src=\"http:\/\/caviar-de-neuvic.com\/wp-content\/uploads\/2025\/03\/CDN_MENUDOMAINE_PRINTEMPS_140325_\u00aeAV-16-200x300.jpg\" alt=\"\" width=\"200\" height=\"300\" \/> <img decoding=\"async\" class=\"alignnone size-medium wp-image-8532\" src=\"http:\/\/caviar-de-neuvic.com\/wp-content\/uploads\/2025\/03\/CDN_MENUDOMAINE_PRINTEMPS_140325_\u00aeAV-17-200x300.jpg\" alt=\"\" width=\"200\" height=\"300\" \/><img loading=\"lazy\" decoding=\"async\" class=\"alignnone size-medium wp-image-8540\" src=\"http:\/\/caviar-de-neuvic.com\/wp-content\/uploads\/2025\/03\/CDN_MENUDOMAINE_PRINTEMPS_140325_\u00aeAV-23-200x300.jpg\" alt=\"\" width=\"200\" height=\"300\" \/><\/p>\n<p>\t\t<style>\n\t\t\t.blog_sticker{\n\t\t\t\tmargin-top: 50px !important;\n\t\t\t\tdisplay: flex;\n  \t\t\t\tjustify-content: center;\n\t\t\t\tflex-wrap: wrap;\n\t\t\t}\n\t\t\t.blog_sticker .product-miniature-list.row .span_1_of_3{\n\t\t\t\twidth: 100%!important;\n\t\t\t\tflex: 0 0 100%!important;\n\t\t\t\tmax-width: 400px!important;\n\t\t\t}\n\t\t\t.blog_sticker_right{\n\t\t\t\tmax-width: 400px;\n\t\t\t}\n\t\t\t.product-miniature-list.row {\n\t\t\t\tdisplay: flex;\n\t\t\t\tjustify-content: center;\n\t\t\t\tflex-wrap: wrap;\n\t\t\t}\n\t\t<\/style>\n\t\t<div class=\"blog_sticker d-flex flex-wrap\">\n\t\t\t<div class=\"blog_sticker_left col-sm-12 col-md-6 products-grid\">\n\t\t\t\t<div class=\"product-miniature-list row\">\n\t\t\t\t\t\t\t\t\t<\/div>\n\t\t\t<\/div>\n\t\t\t<div class=\"blog_sticker_right col-sm-12 col-md-6\">\n\t\t\t\t \t\t\t<\/div>\n\t\t<\/div>\n\t \u00a0\t\t<style>\n\t\t\t.blog_sticker{\n\t\t\t\tmargin-top: 50px !important;\n\t\t\t\tdisplay: flex;\n  \t\t\t\tjustify-content: center;\n\t\t\t\tflex-wrap: wrap;\n\t\t\t}\n\t\t\t.blog_sticker .product-miniature-list.row .span_1_of_3{\n\t\t\t\twidth: 100%!important;\n\t\t\t\tflex: 0 0 100%!important;\n\t\t\t\tmax-width: 400px!important;\n\t\t\t}\n\t\t\t.blog_sticker_right{\n\t\t\t\tmax-width: 400px;\n\t\t\t}\n\t\t\t.product-miniature-list.row {\n\t\t\t\tdisplay: flex;\n\t\t\t\tjustify-content: center;\n\t\t\t\tflex-wrap: wrap;\n\t\t\t}\n\t\t<\/style>\n\t\t<div class=\"blog_sticker d-flex flex-wrap\">\n\t\t\t<div class=\"blog_sticker_left col-sm-12 col-md-6 products-grid\">\n\t\t\t\t<div class=\"product-miniature-list row\">\n\t\t\t\t\t\t\t\t\t<\/div>\n\t\t\t<\/div>\n\t\t\t<div class=\"blog_sticker_right col-sm-12 col-md-6\">\n\t\t\t\t\t\t\t<\/div>\n\t\t<\/div>\n\t<\/p>\n<p><span style=\"font-weight: 400\">Ce menu a \u00e9t\u00e9 con\u00e7u pour vous faire d\u00e9couvrir des associations in\u00e9dites et savoureuses, alliant la finesse du caviar \u00e0 la richesse des produits de saison. Chaque plat refl\u00e8te l\u2019excellence de notre terroir et de notre \u00e9picerie Neuvic, avec des produits frais issus directement de notre Domaine.<\/span><\/p>\n<p><strong>Informations pratiques<\/strong><\/p>\n<p><span style=\"font-weight: 400\">Notre restaurant est ouvert pour le d\u00e9jeuner, du mardi au samedi, sur r\u00e9servation uniquement, avec un pr\u00e9avis de 24 heures. Que vous soyez de passage dans la r\u00e9gion ou amateur de gastronomie, venez vivre une exp\u00e9rience culinaire unique dans un cadre apaisant et authentique.<\/span><\/p>\n<ul>\n<li><span style=\"font-weight: 400\">Tarif du menu : A partir de 25\u20ac<\/span><\/li>\n<li><span style=\"font-weight: 400\">Adresse : 430 route de la Veyssi\u00e8re, 24190 Neuvic<\/span><\/li>\n<li><span style=\"font-weight: 400\">Horaires : D\u00e9jeuners du mardi au samedi<\/span><\/li>\n<li><span style=\"font-weight: 400\">R\u00e9servation : 05 53 80 89 55 ou <\/span><a href=\"https:\/\/visites.caviar-de-neuvic.com\/fr\/\"><span style=\"font-weight: 400\">r\u00e9servez directement sur notre site<\/span><\/a><\/li>\n<\/ul>\n<p><span style=\"font-weight: 400\">Nous vous attendons pour un moment gourmand au c\u0153ur de la Dordogne ! \ud83c\udf7d\ufe0f<\/span><\/p>\n<h6><a href=\"https:\/\/avstudio.fr\/\" target=\"_blank\" rel=\"noopener\"><em>Photo Adrien Viller\u00a0<\/em><\/a><\/h6>","protected":false},"excerpt":{"rendered":"<p>Menu PRINTEMPS au Restaurant du Domaine Notre chef talentueux, Julien Haj, a imagin\u00e9 un tout nouveau menu de saison qui saura ravir vos papilles et \u00e9veiller vos sens. Au c\u0153ur de ce menu printanier, les produits du Domaine sont mis \u00e0 l\u2019honneur, notamment notre fameux Caviar de Neuvic et les ingr\u00e9dients locaux soigneusement s\u00e9lectionn\u00e9s. Le [&hellip;]<\/p>\n","protected":false},"author":11896,"featured_media":21214,"comment_status":"open","ping_status":"closed","sticky":false,"template":"","format":"standard","meta":{"_acf_changed":false,"ocean_post_layout":"","ocean_both_sidebars_style":"","ocean_both_sidebars_content_width":0,"ocean_both_sidebars_sidebars_width":0,"ocean_sidebar":"0","ocean_second_sidebar":"0","ocean_disable_margins":"enable","ocean_add_body_class":"","ocean_shortcode_before_top_bar":"","ocean_shortcode_after_top_bar":"","ocean_shortcode_before_header":"","ocean_shortcode_after_header":"","ocean_has_shortcode":"","ocean_shortcode_after_title":"","ocean_shortcode_before_footer_widgets":"","ocean_shortcode_after_footer_widgets":"","ocean_shortcode_before_footer_bottom":"","ocean_shortcode_after_footer_bottom":"","ocean_display_top_bar":"default","ocean_display_header":"default","ocean_header_style":"","ocean_center_header_left_menu":"0","ocean_custom_header_template":"0","ocean_custom_logo":0,"ocean_custom_retina_logo":0,"ocean_custom_logo_max_width":0,"ocean_custom_logo_tablet_max_width":0,"ocean_custom_logo_mobile_max_width":0,"ocean_custom_logo_max_height":0,"ocean_custom_logo_tablet_max_height":0,"ocean_custom_logo_mobile_max_height":0,"ocean_header_custom_menu":"0","ocean_menu_typo_font_family":"0","ocean_menu_typo_font_subset":"","ocean_menu_typo_font_size":0,"ocean_menu_typo_font_size_tablet":0,"ocean_menu_typo_font_size_mobile":0,"ocean_menu_typo_font_size_unit":"px","ocean_menu_typo_font_weight":"","ocean_menu_typo_font_weight_tablet":"","ocean_menu_typo_font_weight_mobile":"","ocean_menu_typo_transform":"","ocean_menu_typo_transform_tablet":"","ocean_menu_typo_transform_mobile":"","ocean_menu_typo_line_height":0,"ocean_menu_typo_line_height_tablet":0,"ocean_menu_typo_line_height_mobile":0,"ocean_menu_typo_line_height_unit":"","ocean_menu_typo_spacing":0,"ocean_menu_typo_spacing_tablet":0,"ocean_menu_typo_spacing_mobile":0,"ocean_menu_typo_spacing_unit":"","ocean_menu_link_color":"","ocean_menu_link_color_hover":"","ocean_menu_link_color_active":"","ocean_menu_link_background":"","ocean_menu_link_hover_background":"","ocean_menu_link_active_background":"","ocean_menu_social_links_bg":"","ocean_menu_social_hover_links_bg":"","ocean_menu_social_links_color":"","ocean_menu_social_hover_links_color":"","ocean_disable_title":"default","ocean_disable_heading":"default","ocean_post_title":"","ocean_post_subheading":"","ocean_post_title_style":"","ocean_post_title_background_color":"","ocean_post_title_background":0,"ocean_post_title_bg_image_position":"","ocean_post_title_bg_image_attachment":"","ocean_post_title_bg_image_repeat":"","ocean_post_title_bg_image_size":"","ocean_post_title_height":0,"ocean_post_title_bg_overlay":0.5,"ocean_post_title_bg_overlay_color":"","ocean_disable_breadcrumbs":"default","ocean_breadcrumbs_color":"","ocean_breadcrumbs_separator_color":"","ocean_breadcrumbs_links_color":"","ocean_breadcrumbs_links_hover_color":"","ocean_display_footer_widgets":"default","ocean_display_footer_bottom":"default","ocean_custom_footer_template":"0","omw_enable_modal_window":"enable","ocean_post_oembed":"","ocean_post_self_hosted_media":"","ocean_post_video_embed":"","ocean_link_format":"","ocean_link_format_target":"self","ocean_quote_format":"","ocean_quote_format_link":"post","ocean_gallery_link_images":"on","ocean_gallery_id":[],"footnotes":""},"categories":[300,286],"tags":[495,483,484],"class_list":["post-20870","post","type-post","status-publish","format-standard","has-post-thumbnail","hentry","category-actualites","category-nos-points-de-vente-tourisme","tag-menu-printemps","tag-restaurant-caviar-de-neuvic","tag-restaurant-domaine","entry","has-media","owp-thumbs-layout-vertical","owp-btn-normal","owp-tabs-layout-horizontal","has-no-thumbnails","has-product-nav"],"acf":[],"yoast_head":"<!-- This site is optimized with the Yoast SEO plugin v27.4 - https:\/\/yoast.com\/product\/yoast-seo-wordpress\/ -->\n<title>Menu printemps au restaurant du Domaine - Producteur Fran\u00e7ais De Caviar<\/title>\n<meta name=\"description\" content=\"Menu printemps au restaurant du Domaine. Les produits du Domaine sont mis \u00e0 l\u2019honneur, notamment notre fameux Caviar de Neuvic.\" \/>\n<meta name=\"robots\" content=\"index, follow, max-snippet:-1, max-image-preview:large, max-video-preview:-1\" \/>\n<link rel=\"canonical\" href=\"https:\/\/caviar-de-neuvic.com\/de_be\/nos-points-de-vente-tourisme\/menu-printemps-au-restaurant-du-domaine\/\" \/>\n<meta property=\"og:locale\" content=\"de_DE\" \/>\n<meta property=\"og:type\" content=\"article\" \/>\n<meta property=\"og:title\" content=\"Menu printemps au restaurant du Domaine - Producteur Fran\u00e7ais De Caviar\" \/>\n<meta property=\"og:description\" content=\"Menu printemps au restaurant du Domaine. Les produits du Domaine sont mis \u00e0 l\u2019honneur, notamment notre fameux Caviar de Neuvic.\" \/>\n<meta property=\"og:url\" content=\"https:\/\/caviar-de-neuvic.com\/de_be\/nos-points-de-vente-tourisme\/menu-printemps-au-restaurant-du-domaine\/\" \/>\n<meta property=\"og:site_name\" content=\"Producteur Fran\u00e7ais De Caviar\" \/>\n<meta property=\"article:published_time\" content=\"2025-03-28T13:45:02+00:00\" \/>\n<meta property=\"article:modified_time\" content=\"2025-11-19T13:17:53+00:00\" \/>\n<meta property=\"og:image\" content=\"https:\/\/caviar-de-neuvic.com\/wp-content\/uploads\/2025\/03\/CDN_MENUDOMAINE_PRINTEMPS_140325_\u00aeAV-24.jpg\" \/>\n\t<meta property=\"og:image:width\" content=\"1920\" \/>\n\t<meta property=\"og:image:height\" content=\"1280\" \/>\n\t<meta property=\"og:image:type\" content=\"image\/jpeg\" \/>\n<meta name=\"author\" content=\"Laurine Gay\" \/>\n<meta name=\"twitter:card\" content=\"summary_large_image\" \/>\n<meta name=\"twitter:label1\" content=\"Written by\" \/>\n\t<meta name=\"twitter:data1\" content=\"Laurine Gay\" \/>\n\t<meta name=\"twitter:label2\" content=\"Est. reading time\" \/>\n\t<meta name=\"twitter:data2\" content=\"3 minutes\" \/>\n<script type=\"application\/ld+json\" class=\"yoast-schema-graph\">{\"@context\":\"https:\\\/\\\/schema.org\",\"@graph\":[{\"@type\":\"Article\",\"@id\":\"https:\\\/\\\/caviar-de-neuvic.com\\\/nos-points-de-vente-tourisme\\\/menu-printemps-au-restaurant-du-domaine\\\/#article\",\"isPartOf\":{\"@id\":\"https:\\\/\\\/caviar-de-neuvic.com\\\/nos-points-de-vente-tourisme\\\/menu-printemps-au-restaurant-du-domaine\\\/\"},\"author\":{\"name\":\"Laurine Gay\",\"@id\":\"http:\\\/\\\/caviar-de-neuvic.com\\\/fr\\\/#\\\/schema\\\/person\\\/89912ad55a5ddd5efeb92f2d32511b03\"},\"headline\":\"Menu printemps au restaurant du Domaine\",\"datePublished\":\"2025-03-28T13:45:02+00:00\",\"dateModified\":\"2025-11-19T13:17:53+00:00\",\"mainEntityOfPage\":{\"@id\":\"https:\\\/\\\/caviar-de-neuvic.com\\\/nos-points-de-vente-tourisme\\\/menu-printemps-au-restaurant-du-domaine\\\/\"},\"wordCount\":283,\"commentCount\":0,\"publisher\":{\"@id\":\"http:\\\/\\\/caviar-de-neuvic.com\\\/fr\\\/#organization\"},\"image\":{\"@id\":\"https:\\\/\\\/caviar-de-neuvic.com\\\/nos-points-de-vente-tourisme\\\/menu-printemps-au-restaurant-du-domaine\\\/#primaryimage\"},\"thumbnailUrl\":\"https:\\\/\\\/caviar-de-neuvic.com\\\/wp-content\\\/uploads\\\/2025\\\/03\\\/CDN_MENUDOMAINE_PRINTEMPS_140325_\u00aeAV-24.jpg\",\"keywords\":[\"Menu printemps\",\"Restaurant Caviar de Neuvic\",\"Restaurant Domaine\"],\"articleSection\":[\"Actualit\u00e9s\",\"Nos Points de Vente + Tourisme\"],\"inLanguage\":\"de-BE\",\"potentialAction\":[{\"@type\":\"CommentAction\",\"name\":\"Comment\",\"target\":[\"https:\\\/\\\/caviar-de-neuvic.com\\\/nos-points-de-vente-tourisme\\\/menu-printemps-au-restaurant-du-domaine\\\/#respond\"]}]},{\"@type\":\"WebPage\",\"@id\":\"https:\\\/\\\/caviar-de-neuvic.com\\\/nos-points-de-vente-tourisme\\\/menu-printemps-au-restaurant-du-domaine\\\/\",\"url\":\"https:\\\/\\\/caviar-de-neuvic.com\\\/nos-points-de-vente-tourisme\\\/menu-printemps-au-restaurant-du-domaine\\\/\",\"name\":\"Menu printemps au restaurant du Domaine - Producteur Fran\u00e7ais De Caviar\",\"isPartOf\":{\"@id\":\"http:\\\/\\\/caviar-de-neuvic.com\\\/fr\\\/#website\"},\"primaryImageOfPage\":{\"@id\":\"https:\\\/\\\/caviar-de-neuvic.com\\\/nos-points-de-vente-tourisme\\\/menu-printemps-au-restaurant-du-domaine\\\/#primaryimage\"},\"image\":{\"@id\":\"https:\\\/\\\/caviar-de-neuvic.com\\\/nos-points-de-vente-tourisme\\\/menu-printemps-au-restaurant-du-domaine\\\/#primaryimage\"},\"thumbnailUrl\":\"https:\\\/\\\/caviar-de-neuvic.com\\\/wp-content\\\/uploads\\\/2025\\\/03\\\/CDN_MENUDOMAINE_PRINTEMPS_140325_\u00aeAV-24.jpg\",\"datePublished\":\"2025-03-28T13:45:02+00:00\",\"dateModified\":\"2025-11-19T13:17:53+00:00\",\"description\":\"Menu printemps au restaurant du Domaine. Les produits du Domaine sont mis \u00e0 l\u2019honneur, notamment notre fameux Caviar de Neuvic.\",\"breadcrumb\":{\"@id\":\"https:\\\/\\\/caviar-de-neuvic.com\\\/nos-points-de-vente-tourisme\\\/menu-printemps-au-restaurant-du-domaine\\\/#breadcrumb\"},\"inLanguage\":\"de-BE\",\"potentialAction\":[{\"@type\":\"ReadAction\",\"target\":[\"https:\\\/\\\/caviar-de-neuvic.com\\\/nos-points-de-vente-tourisme\\\/menu-printemps-au-restaurant-du-domaine\\\/\"]}]},{\"@type\":\"ImageObject\",\"inLanguage\":\"de-BE\",\"@id\":\"https:\\\/\\\/caviar-de-neuvic.com\\\/nos-points-de-vente-tourisme\\\/menu-printemps-au-restaurant-du-domaine\\\/#primaryimage\",\"url\":\"https:\\\/\\\/caviar-de-neuvic.com\\\/wp-content\\\/uploads\\\/2025\\\/03\\\/CDN_MENUDOMAINE_PRINTEMPS_140325_\u00aeAV-24.jpg\",\"contentUrl\":\"https:\\\/\\\/caviar-de-neuvic.com\\\/wp-content\\\/uploads\\\/2025\\\/03\\\/CDN_MENUDOMAINE_PRINTEMPS_140325_\u00aeAV-24.jpg\",\"width\":1920,\"height\":1280,\"caption\":\"Menu printemps au restaurant du Domaine\"},{\"@type\":\"BreadcrumbList\",\"@id\":\"https:\\\/\\\/caviar-de-neuvic.com\\\/nos-points-de-vente-tourisme\\\/menu-printemps-au-restaurant-du-domaine\\\/#breadcrumb\",\"itemListElement\":[{\"@type\":\"ListItem\",\"position\":1,\"name\":\"Caviar de Neuvic\",\"item\":\"https:\\\/\\\/caviar-de-neuvic.com\\\/\"},{\"@type\":\"ListItem\",\"position\":2,\"name\":\"Actualit\u00e9s\",\"item\":\"https:\\\/\\\/caviar-de-neuvic.com\\\/fr\\\/category\\\/actualites\\\/\"},{\"@type\":\"ListItem\",\"position\":3,\"name\":\"Menu printemps au restaurant du Domaine\"}]},{\"@type\":\"WebSite\",\"@id\":\"http:\\\/\\\/caviar-de-neuvic.com\\\/fr\\\/#website\",\"url\":\"http:\\\/\\\/caviar-de-neuvic.com\\\/fr\\\/\",\"name\":\"Producteur Fran\u00e7ais De Caviar\",\"description\":\"\",\"publisher\":{\"@id\":\"http:\\\/\\\/caviar-de-neuvic.com\\\/fr\\\/#organization\"},\"potentialAction\":[{\"@type\":\"SearchAction\",\"target\":{\"@type\":\"EntryPoint\",\"urlTemplate\":\"http:\\\/\\\/caviar-de-neuvic.com\\\/fr\\\/?s={search_term_string}\"},\"query-input\":{\"@type\":\"PropertyValueSpecification\",\"valueRequired\":true,\"valueName\":\"search_term_string\"}}],\"inLanguage\":\"de-BE\"},{\"@type\":\"Organization\",\"@id\":\"http:\\\/\\\/caviar-de-neuvic.com\\\/fr\\\/#organization\",\"name\":\"Producteur Fran\u00e7ais De Caviar\",\"url\":\"http:\\\/\\\/caviar-de-neuvic.com\\\/fr\\\/\",\"logo\":{\"@type\":\"ImageObject\",\"inLanguage\":\"de-BE\",\"@id\":\"http:\\\/\\\/caviar-de-neuvic.com\\\/fr\\\/#\\\/schema\\\/logo\\\/image\\\/\",\"url\":\"\",\"contentUrl\":\"\",\"caption\":\"Producteur Fran\u00e7ais De Caviar\"},\"image\":{\"@id\":\"http:\\\/\\\/caviar-de-neuvic.com\\\/fr\\\/#\\\/schema\\\/logo\\\/image\\\/\"}},{\"@type\":\"Person\",\"@id\":\"http:\\\/\\\/caviar-de-neuvic.com\\\/fr\\\/#\\\/schema\\\/person\\\/89912ad55a5ddd5efeb92f2d32511b03\",\"name\":\"Laurine Gay\",\"url\":\"https:\\\/\\\/caviar-de-neuvic.com\\\/de_be\\\/author\\\/laurine-gaycaviardeneuvic-com\\\/\"}]}<\/script>\n<!-- \/ Yoast SEO plugin. -->","yoast_head_json":{"title":"Menu printemps au restaurant du Domaine - Producteur Fran\u00e7ais De Caviar","description":"Menu printemps au restaurant du Domaine. Les produits du Domaine sont mis \u00e0 l\u2019honneur, notamment notre fameux Caviar de Neuvic.","robots":{"index":"index","follow":"follow","max-snippet":"max-snippet:-1","max-image-preview":"max-image-preview:large","max-video-preview":"max-video-preview:-1"},"canonical":"https:\/\/caviar-de-neuvic.com\/de_be\/nos-points-de-vente-tourisme\/menu-printemps-au-restaurant-du-domaine\/","og_locale":"de_DE","og_type":"article","og_title":"Menu printemps au restaurant du Domaine - Producteur Fran\u00e7ais De Caviar","og_description":"Menu printemps au restaurant du Domaine. Les produits du Domaine sont mis \u00e0 l\u2019honneur, notamment notre fameux Caviar de Neuvic.","og_url":"https:\/\/caviar-de-neuvic.com\/de_be\/nos-points-de-vente-tourisme\/menu-printemps-au-restaurant-du-domaine\/","og_site_name":"Producteur Fran\u00e7ais De Caviar","article_published_time":"2025-03-28T13:45:02+00:00","article_modified_time":"2025-11-19T13:17:53+00:00","og_image":[{"width":1920,"height":1280,"url":"https:\/\/caviar-de-neuvic.com\/wp-content\/uploads\/2025\/03\/CDN_MENUDOMAINE_PRINTEMPS_140325_\u00aeAV-24.jpg","type":"image\/jpeg"}],"author":"Laurine Gay","twitter_card":"summary_large_image","twitter_misc":{"Written by":"Laurine Gay","Est. reading time":"3 minutes"},"schema":{"@context":"https:\/\/schema.org","@graph":[{"@type":"Article","@id":"https:\/\/caviar-de-neuvic.com\/nos-points-de-vente-tourisme\/menu-printemps-au-restaurant-du-domaine\/#article","isPartOf":{"@id":"https:\/\/caviar-de-neuvic.com\/nos-points-de-vente-tourisme\/menu-printemps-au-restaurant-du-domaine\/"},"author":{"name":"Laurine Gay","@id":"http:\/\/caviar-de-neuvic.com\/fr\/#\/schema\/person\/89912ad55a5ddd5efeb92f2d32511b03"},"headline":"Menu printemps au restaurant du Domaine","datePublished":"2025-03-28T13:45:02+00:00","dateModified":"2025-11-19T13:17:53+00:00","mainEntityOfPage":{"@id":"https:\/\/caviar-de-neuvic.com\/nos-points-de-vente-tourisme\/menu-printemps-au-restaurant-du-domaine\/"},"wordCount":283,"commentCount":0,"publisher":{"@id":"http:\/\/caviar-de-neuvic.com\/fr\/#organization"},"image":{"@id":"https:\/\/caviar-de-neuvic.com\/nos-points-de-vente-tourisme\/menu-printemps-au-restaurant-du-domaine\/#primaryimage"},"thumbnailUrl":"https:\/\/caviar-de-neuvic.com\/wp-content\/uploads\/2025\/03\/CDN_MENUDOMAINE_PRINTEMPS_140325_\u00aeAV-24.jpg","keywords":["Menu printemps","Restaurant Caviar de Neuvic","Restaurant Domaine"],"articleSection":["Actualit\u00e9s","Nos Points de Vente + Tourisme"],"inLanguage":"de-BE","potentialAction":[{"@type":"CommentAction","name":"Comment","target":["https:\/\/caviar-de-neuvic.com\/nos-points-de-vente-tourisme\/menu-printemps-au-restaurant-du-domaine\/#respond"]}]},{"@type":"WebPage","@id":"https:\/\/caviar-de-neuvic.com\/nos-points-de-vente-tourisme\/menu-printemps-au-restaurant-du-domaine\/","url":"https:\/\/caviar-de-neuvic.com\/nos-points-de-vente-tourisme\/menu-printemps-au-restaurant-du-domaine\/","name":"Menu printemps au restaurant du Domaine - Producteur Fran\u00e7ais De Caviar","isPartOf":{"@id":"http:\/\/caviar-de-neuvic.com\/fr\/#website"},"primaryImageOfPage":{"@id":"https:\/\/caviar-de-neuvic.com\/nos-points-de-vente-tourisme\/menu-printemps-au-restaurant-du-domaine\/#primaryimage"},"image":{"@id":"https:\/\/caviar-de-neuvic.com\/nos-points-de-vente-tourisme\/menu-printemps-au-restaurant-du-domaine\/#primaryimage"},"thumbnailUrl":"https:\/\/caviar-de-neuvic.com\/wp-content\/uploads\/2025\/03\/CDN_MENUDOMAINE_PRINTEMPS_140325_\u00aeAV-24.jpg","datePublished":"2025-03-28T13:45:02+00:00","dateModified":"2025-11-19T13:17:53+00:00","description":"Menu printemps au restaurant du Domaine. Les produits du Domaine sont mis \u00e0 l\u2019honneur, notamment notre fameux Caviar de Neuvic.","breadcrumb":{"@id":"https:\/\/caviar-de-neuvic.com\/nos-points-de-vente-tourisme\/menu-printemps-au-restaurant-du-domaine\/#breadcrumb"},"inLanguage":"de-BE","potentialAction":[{"@type":"ReadAction","target":["https:\/\/caviar-de-neuvic.com\/nos-points-de-vente-tourisme\/menu-printemps-au-restaurant-du-domaine\/"]}]},{"@type":"ImageObject","inLanguage":"de-BE","@id":"https:\/\/caviar-de-neuvic.com\/nos-points-de-vente-tourisme\/menu-printemps-au-restaurant-du-domaine\/#primaryimage","url":"https:\/\/caviar-de-neuvic.com\/wp-content\/uploads\/2025\/03\/CDN_MENUDOMAINE_PRINTEMPS_140325_\u00aeAV-24.jpg","contentUrl":"https:\/\/caviar-de-neuvic.com\/wp-content\/uploads\/2025\/03\/CDN_MENUDOMAINE_PRINTEMPS_140325_\u00aeAV-24.jpg","width":1920,"height":1280,"caption":"Menu printemps au restaurant du Domaine"},{"@type":"BreadcrumbList","@id":"https:\/\/caviar-de-neuvic.com\/nos-points-de-vente-tourisme\/menu-printemps-au-restaurant-du-domaine\/#breadcrumb","itemListElement":[{"@type":"ListItem","position":1,"name":"Caviar de Neuvic","item":"https:\/\/caviar-de-neuvic.com\/"},{"@type":"ListItem","position":2,"name":"Actualit\u00e9s","item":"https:\/\/caviar-de-neuvic.com\/fr\/category\/actualites\/"},{"@type":"ListItem","position":3,"name":"Menu printemps au restaurant du Domaine"}]},{"@type":"WebSite","@id":"http:\/\/caviar-de-neuvic.com\/fr\/#website","url":"http:\/\/caviar-de-neuvic.com\/fr\/","name":"Producteur Fran\u00e7ais De Caviar","description":"","publisher":{"@id":"http:\/\/caviar-de-neuvic.com\/fr\/#organization"},"potentialAction":[{"@type":"SearchAction","target":{"@type":"EntryPoint","urlTemplate":"http:\/\/caviar-de-neuvic.com\/fr\/?s={search_term_string}"},"query-input":{"@type":"PropertyValueSpecification","valueRequired":true,"valueName":"search_term_string"}}],"inLanguage":"de-BE"},{"@type":"Organization","@id":"http:\/\/caviar-de-neuvic.com\/fr\/#organization","name":"Producteur Fran\u00e7ais De Caviar","url":"http:\/\/caviar-de-neuvic.com\/fr\/","logo":{"@type":"ImageObject","inLanguage":"de-BE","@id":"http:\/\/caviar-de-neuvic.com\/fr\/#\/schema\/logo\/image\/","url":"","contentUrl":"","caption":"Producteur Fran\u00e7ais De Caviar"},"image":{"@id":"http:\/\/caviar-de-neuvic.com\/fr\/#\/schema\/logo\/image\/"}},{"@type":"Person","@id":"http:\/\/caviar-de-neuvic.com\/fr\/#\/schema\/person\/89912ad55a5ddd5efeb92f2d32511b03","name":"Laurine Gay","url":"https:\/\/caviar-de-neuvic.com\/de_be\/author\/laurine-gaycaviardeneuvic-com\/"}]}},"_links":{"self":[{"href":"https:\/\/caviar-de-neuvic.com\/de_be\/wp-json\/wp\/v2\/posts\/20870","targetHints":{"allow":["GET"]}}],"collection":[{"href":"https:\/\/caviar-de-neuvic.com\/de_be\/wp-json\/wp\/v2\/posts"}],"about":[{"href":"https:\/\/caviar-de-neuvic.com\/de_be\/wp-json\/wp\/v2\/types\/post"}],"author":[{"embeddable":true,"href":"https:\/\/caviar-de-neuvic.com\/de_be\/wp-json\/wp\/v2\/users\/11896"}],"replies":[{"embeddable":true,"href":"https:\/\/caviar-de-neuvic.com\/de_be\/wp-json\/wp\/v2\/comments?post=20870"}],"version-history":[{"count":2,"href":"https:\/\/caviar-de-neuvic.com\/de_be\/wp-json\/wp\/v2\/posts\/20870\/revisions"}],"predecessor-version":[{"id":32192,"href":"https:\/\/caviar-de-neuvic.com\/de_be\/wp-json\/wp\/v2\/posts\/20870\/revisions\/32192"}],"wp:featuredmedia":[{"embeddable":true,"href":"https:\/\/caviar-de-neuvic.com\/de_be\/wp-json\/wp\/v2\/media\/21214"}],"wp:attachment":[{"href":"https:\/\/caviar-de-neuvic.com\/de_be\/wp-json\/wp\/v2\/media?parent=20870"}],"wp:term":[{"taxonomy":"category","embeddable":true,"href":"https:\/\/caviar-de-neuvic.com\/de_be\/wp-json\/wp\/v2\/categories?post=20870"},{"taxonomy":"post_tag","embeddable":true,"href":"https:\/\/caviar-de-neuvic.com\/de_be\/wp-json\/wp\/v2\/tags?post=20870"}],"curies":[{"name":"wp","href":"https:\/\/api.w.org\/{rel}","templated":true}]}}