{"id":20890,"date":"2025-06-19T15:40:38","date_gmt":"2025-06-19T13:40:38","guid":{"rendered":"https:\/\/caviar-de-neuvic.com\/parlons-caviar-old\/?p=8626"},"modified":"2025-11-19T14:09:31","modified_gmt":"2025-11-19T13:09:31","slug":"menu-restaurant-ete-caviar-de-neuvic","status":"publish","type":"post","link":"https:\/\/caviar-de-neuvic.com\/de_be\/actualites\/menu-restaurant-ete-caviar-de-neuvic\/","title":{"rendered":"Menu Restaurant \u00e9t\u00e9 Caviar de Neuvic"},"content":{"rendered":"<p><span style=\"font-weight: 400\">Menu Restaurant \u00e9t\u00e9 Caviar de Neuvic<\/span><\/p>\n<p><span style=\"font-weight: 400\">Du 21 juin au 22 septembre, \u00e0 partir de 12h30, notre chef vous propose de d\u00e9couvrir un menu estival in\u00e9dit, imagin\u00e9 autour de l\u2019esturgeon et du caviar, au c\u0153ur de notre <a href=\"https:\/\/caviar-de-neuvic.com\/parlons-caviar-old\/idee-week-end-en-dordogne\/\" target=\"_blank\" rel=\"noopener\">Domaine \u00e0 Neuvic<\/a>.<\/span><\/p>\n<p><span style=\"font-weight: 400\">Installez-vous sur notre terrasse ensoleill\u00e9e ou dans l\u2019ambiance paisible du restaurant, et laissez-vous porter par une cuisine de saison.<\/span><\/p>\n<p><span style=\"font-weight: 400\">Chaque plat met \u00e0 l\u2019honneur des produits locaux soigneusement s\u00e9lectionn\u00e9s, ou issus directement de notre ferme.<\/span><\/p>\n<h3><strong>MENU du restaurant caviar de neuvic :<\/strong><\/h3>\n<p style=\"text-align: center\"><strong>ENTR\u00c9E<\/strong><\/p>\n<p style=\"text-align: center\"><span style=\"font-weight: 400\">La tomate dans tous ses \u00e9tats<\/span><\/p>\n<p style=\"text-align: center\"><span style=\"font-weight: 400\">Tomate fum\u00e9e aux herbes fra\u00eeches, tartare de tomate, sauce wasabi et sa tartine de tomates s\u00e9ch\u00e9es.<\/span><\/p>\n<p style=\"text-align: center\"><span style=\"font-weight: 400\">Ou<\/span><\/p>\n<p style=\"text-align: center\"><span style=\"font-weight: 400\">Entr\u00e9e du jour<\/span><\/p>\n<p><span style=\"font-weight: 400\">\u00a0<\/span><\/p>\n<p style=\"text-align: center\"><strong>PLAT<\/strong><\/p>\n<p style=\"text-align: center\"><span style=\"font-weight: 400\">Poke plate<\/span><\/p>\n<p style=\"text-align: center\"><span style=\"font-weight: 400\">Saumon fum\u00e9, carotte, melon, concombre, radis, avocat, riz vinaigr\u00e9. Sauce au choix*<\/span><\/p>\n<p style=\"text-align: center\"><span style=\"font-weight: 400\">Ou<\/span><\/p>\n<p style=\"text-align: center\"><span style=\"font-weight: 400\">Plat du jour (selon arrivage)<\/span><\/p>\n<p><span style=\"font-weight: 400\">\u00a0<\/span><\/p>\n<p style=\"text-align: center\"><strong>DESSERT<\/strong><\/p>\n<p style=\"text-align: center\"><span style=\"font-weight: 400\">Tartelette au chocolat<\/span><\/p>\n<p style=\"text-align: center\"><span style=\"font-weight: 400\">Chocolat et piment d\u2019espelette, caviar de framboise<\/span><\/p>\n<p style=\"text-align: center\"><span style=\"font-weight: 400\">Ou<\/span><\/p>\n<p style=\"text-align: center\"><span style=\"font-weight: 400\">Glace (2 boules au choix)<\/span><\/p>\n<p style=\"text-align: center\"><span style=\"font-weight: 400\">Ou<\/span><\/p>\n<p style=\"text-align: center\"><span style=\"font-weight: 400\">Neuvic Jazerzac (supp. 4\u20ac)<\/span><\/p>\n<h3><img fetchpriority=\"high\" decoding=\"async\" class=\"alignnone size-medium wp-image-8630\" src=\"http:\/\/caviar-de-neuvic.com\/wp-content\/uploads\/2025\/06\/Photos_menu_ete_2025-10-206x300.jpg\" alt=\"\" width=\"206\" height=\"300\" \/><img decoding=\"async\" class=\"alignnone size-medium wp-image-8629\" src=\"http:\/\/caviar-de-neuvic.com\/wp-content\/uploads\/2025\/06\/Photos_menu_ete_2025-7-204x300.jpg\" alt=\"\" width=\"204\" height=\"300\" \/> <img decoding=\"async\" class=\"alignnone size-medium wp-image-8628\" src=\"http:\/\/caviar-de-neuvic.com\/wp-content\/uploads\/2025\/06\/Photos_menu_ete_2025-16-200x300.jpg\" alt=\"\" width=\"200\" height=\"300\" \/><\/h3>\n<h3><strong>Infos pratiques sur le menu<\/strong><\/h3>\n<ul>\n<li><span style=\"font-weight: 400\">Du 21 juin au 22 septembre \u2013 service \u00e0 12h30<\/span><\/li>\n<li><span style=\"font-weight: 400\">430 route de la Veyssi\u00e8re, Neuvic (24190)<\/span><\/li>\n<li><span style=\"font-weight: 400\">R\u00e9servation au 05 53 80 89 57<\/span><\/li>\n<li><span style=\"font-weight: 400\">Ou en ligne : <\/span><a href=\"https:\/\/visites.caviar-de-neuvic.com\/fr\/produit\/repas-au-domaine\/\" target=\"_blank\" rel=\"noopener\"><span style=\"font-weight: 400\">[Ici]<\/span><\/a><\/li>\n<li><span style=\"font-weight: 400\">Menu adaptable sur demande (pr\u00e9venir 24h \u00e0 l\u2019avance)<\/span><\/li>\n<\/ul>\n","protected":false},"excerpt":{"rendered":"<p>Menu Restaurant \u00e9t\u00e9 Caviar de Neuvic Du 21 juin au 22 septembre, \u00e0 partir de 12h30, notre chef vous propose de d\u00e9couvrir un menu estival in\u00e9dit, imagin\u00e9 autour de l\u2019esturgeon et du caviar, au c\u0153ur de notre Domaine \u00e0 Neuvic. Installez-vous sur notre terrasse ensoleill\u00e9e ou dans l\u2019ambiance paisible du restaurant, et laissez-vous porter par [&hellip;]<\/p>\n","protected":false},"author":11896,"featured_media":21252,"comment_status":"closed","ping_status":"closed","sticky":false,"template":"","format":"standard","meta":{"_acf_changed":false,"ocean_post_layout":"","ocean_both_sidebars_style":"","ocean_both_sidebars_content_width":0,"ocean_both_sidebars_sidebars_width":0,"ocean_sidebar":"0","ocean_second_sidebar":"0","ocean_disable_margins":"enable","ocean_add_body_class":"","ocean_shortcode_before_top_bar":"","ocean_shortcode_after_top_bar":"","ocean_shortcode_before_header":"","ocean_shortcode_after_header":"","ocean_has_shortcode":"","ocean_shortcode_after_title":"","ocean_shortcode_before_footer_widgets":"","ocean_shortcode_after_footer_widgets":"","ocean_shortcode_before_footer_bottom":"","ocean_shortcode_after_footer_bottom":"","ocean_display_top_bar":"default","ocean_display_header":"default","ocean_header_style":"","ocean_center_header_left_menu":"0","ocean_custom_header_template":"0","ocean_custom_logo":0,"ocean_custom_retina_logo":0,"ocean_custom_logo_max_width":0,"ocean_custom_logo_tablet_max_width":0,"ocean_custom_logo_mobile_max_width":0,"ocean_custom_logo_max_height":0,"ocean_custom_logo_tablet_max_height":0,"ocean_custom_logo_mobile_max_height":0,"ocean_header_custom_menu":"0","ocean_menu_typo_font_family":"0","ocean_menu_typo_font_subset":"","ocean_menu_typo_font_size":0,"ocean_menu_typo_font_size_tablet":0,"ocean_menu_typo_font_size_mobile":0,"ocean_menu_typo_font_size_unit":"px","ocean_menu_typo_font_weight":"","ocean_menu_typo_font_weight_tablet":"","ocean_menu_typo_font_weight_mobile":"","ocean_menu_typo_transform":"","ocean_menu_typo_transform_tablet":"","ocean_menu_typo_transform_mobile":"","ocean_menu_typo_line_height":0,"ocean_menu_typo_line_height_tablet":0,"ocean_menu_typo_line_height_mobile":0,"ocean_menu_typo_line_height_unit":"","ocean_menu_typo_spacing":0,"ocean_menu_typo_spacing_tablet":0,"ocean_menu_typo_spacing_mobile":0,"ocean_menu_typo_spacing_unit":"","ocean_menu_link_color":"","ocean_menu_link_color_hover":"","ocean_menu_link_color_active":"","ocean_menu_link_background":"","ocean_menu_link_hover_background":"","ocean_menu_link_active_background":"","ocean_menu_social_links_bg":"","ocean_menu_social_hover_links_bg":"","ocean_menu_social_links_color":"","ocean_menu_social_hover_links_color":"","ocean_disable_title":"default","ocean_disable_heading":"default","ocean_post_title":"","ocean_post_subheading":"","ocean_post_title_style":"","ocean_post_title_background_color":"","ocean_post_title_background":0,"ocean_post_title_bg_image_position":"","ocean_post_title_bg_image_attachment":"","ocean_post_title_bg_image_repeat":"","ocean_post_title_bg_image_size":"","ocean_post_title_height":0,"ocean_post_title_bg_overlay":0.5,"ocean_post_title_bg_overlay_color":"","ocean_disable_breadcrumbs":"default","ocean_breadcrumbs_color":"","ocean_breadcrumbs_separator_color":"","ocean_breadcrumbs_links_color":"","ocean_breadcrumbs_links_hover_color":"","ocean_display_footer_widgets":"default","ocean_display_footer_bottom":"default","ocean_custom_footer_template":"0","omw_enable_modal_window":"enable","ocean_post_oembed":"","ocean_post_self_hosted_media":"","ocean_post_video_embed":"","ocean_link_format":"","ocean_link_format_target":"self","ocean_quote_format":"","ocean_quote_format_link":"post","ocean_gallery_link_images":"on","ocean_gallery_id":[],"footnotes":""},"categories":[300],"tags":[485,483,484],"class_list":["post-20890","post","type-post","status-publish","format-standard","has-post-thumbnail","hentry","category-actualites","tag-menu-ete","tag-restaurant-caviar-de-neuvic","tag-restaurant-domaine","entry","has-media","owp-thumbs-layout-vertical","owp-btn-normal","owp-tabs-layout-horizontal","has-no-thumbnails","has-product-nav"],"acf":[],"yoast_head":"<!-- This site is optimized with the Yoast SEO plugin v27.5 - https:\/\/yoast.com\/product\/yoast-seo-wordpress\/ -->\n<title>Menu Restaurant \u00e9t\u00e9 Caviar de Neuvic - Producteur Fran\u00e7ais De Caviar<\/title>\n<meta name=\"description\" content=\"Menu Restaurant \u00e9t\u00e9 Caviar de Neuvic. Du 21 juin au 22 septembre, notre chef vous propose de d\u00e9couvrir un menu estival in\u00e9dit.\" \/>\n<meta name=\"robots\" content=\"index, follow, max-snippet:-1, max-image-preview:large, max-video-preview:-1\" \/>\n<link rel=\"canonical\" href=\"https:\/\/caviar-de-neuvic.com\/de_be\/actualites\/menu-restaurant-ete-caviar-de-neuvic\/\" \/>\n<meta property=\"og:locale\" content=\"de_DE\" \/>\n<meta property=\"og:type\" content=\"article\" \/>\n<meta property=\"og:title\" content=\"Menu Restaurant \u00e9t\u00e9 Caviar de Neuvic - Producteur Fran\u00e7ais De Caviar\" \/>\n<meta property=\"og:description\" content=\"Menu Restaurant \u00e9t\u00e9 Caviar de Neuvic. Du 21 juin au 22 septembre, notre chef vous propose de d\u00e9couvrir un menu estival in\u00e9dit.\" \/>\n<meta property=\"og:url\" content=\"https:\/\/caviar-de-neuvic.com\/de_be\/actualites\/menu-restaurant-ete-caviar-de-neuvic\/\" \/>\n<meta property=\"og:site_name\" content=\"Producteur Fran\u00e7ais De Caviar\" \/>\n<meta property=\"article:published_time\" content=\"2025-06-19T13:40:38+00:00\" \/>\n<meta property=\"article:modified_time\" content=\"2025-11-19T13:09:31+00:00\" \/>\n<meta property=\"og:image\" content=\"https:\/\/caviar-de-neuvic.com\/wp-content\/uploads\/2025\/06\/Photos_menu_ete_2025-6-1.jpg\" \/>\n\t<meta property=\"og:image:width\" content=\"1920\" \/>\n\t<meta property=\"og:image:height\" content=\"1401\" \/>\n\t<meta property=\"og:image:type\" content=\"image\/jpeg\" \/>\n<meta name=\"author\" content=\"Laurine Gay\" \/>\n<meta name=\"twitter:card\" content=\"summary_large_image\" \/>\n<meta name=\"twitter:label1\" content=\"Written by\" \/>\n\t<meta name=\"twitter:data1\" content=\"Laurine Gay\" \/>\n\t<meta name=\"twitter:label2\" content=\"Est. reading time\" \/>\n\t<meta name=\"twitter:data2\" content=\"2 minutes\" \/>\n<script type=\"application\/ld+json\" class=\"yoast-schema-graph\">{\"@context\":\"https:\\\/\\\/schema.org\",\"@graph\":[{\"@type\":\"Article\",\"@id\":\"https:\\\/\\\/caviar-de-neuvic.com\\\/actualites\\\/menu-restaurant-ete-caviar-de-neuvic\\\/#article\",\"isPartOf\":{\"@id\":\"https:\\\/\\\/caviar-de-neuvic.com\\\/actualites\\\/menu-restaurant-ete-caviar-de-neuvic\\\/\"},\"author\":{\"name\":\"Laurine Gay\",\"@id\":\"http:\\\/\\\/caviar-de-neuvic.com\\\/fr\\\/#\\\/schema\\\/person\\\/89912ad55a5ddd5efeb92f2d32511b03\"},\"headline\":\"Menu Restaurant \u00e9t\u00e9 Caviar de Neuvic\",\"datePublished\":\"2025-06-19T13:40:38+00:00\",\"dateModified\":\"2025-11-19T13:09:31+00:00\",\"mainEntityOfPage\":{\"@id\":\"https:\\\/\\\/caviar-de-neuvic.com\\\/actualites\\\/menu-restaurant-ete-caviar-de-neuvic\\\/\"},\"wordCount\":199,\"publisher\":{\"@id\":\"http:\\\/\\\/caviar-de-neuvic.com\\\/fr\\\/#organization\"},\"image\":{\"@id\":\"https:\\\/\\\/caviar-de-neuvic.com\\\/actualites\\\/menu-restaurant-ete-caviar-de-neuvic\\\/#primaryimage\"},\"thumbnailUrl\":\"https:\\\/\\\/caviar-de-neuvic.com\\\/wp-content\\\/uploads\\\/2025\\\/06\\\/Photos_menu_ete_2025-6-1.jpg\",\"keywords\":[\"Menu \u00e9t\u00e9\",\"Restaurant Caviar de Neuvic\",\"Restaurant Domaine\"],\"articleSection\":[\"Actualit\u00e9s\"],\"inLanguage\":\"de-BE\"},{\"@type\":\"WebPage\",\"@id\":\"https:\\\/\\\/caviar-de-neuvic.com\\\/actualites\\\/menu-restaurant-ete-caviar-de-neuvic\\\/\",\"url\":\"https:\\\/\\\/caviar-de-neuvic.com\\\/actualites\\\/menu-restaurant-ete-caviar-de-neuvic\\\/\",\"name\":\"Menu Restaurant \u00e9t\u00e9 Caviar de Neuvic - Producteur Fran\u00e7ais De Caviar\",\"isPartOf\":{\"@id\":\"http:\\\/\\\/caviar-de-neuvic.com\\\/fr\\\/#website\"},\"primaryImageOfPage\":{\"@id\":\"https:\\\/\\\/caviar-de-neuvic.com\\\/actualites\\\/menu-restaurant-ete-caviar-de-neuvic\\\/#primaryimage\"},\"image\":{\"@id\":\"https:\\\/\\\/caviar-de-neuvic.com\\\/actualites\\\/menu-restaurant-ete-caviar-de-neuvic\\\/#primaryimage\"},\"thumbnailUrl\":\"https:\\\/\\\/caviar-de-neuvic.com\\\/wp-content\\\/uploads\\\/2025\\\/06\\\/Photos_menu_ete_2025-6-1.jpg\",\"datePublished\":\"2025-06-19T13:40:38+00:00\",\"dateModified\":\"2025-11-19T13:09:31+00:00\",\"description\":\"Menu Restaurant \u00e9t\u00e9 Caviar de Neuvic. Du 21 juin au 22 septembre, notre chef vous propose de d\u00e9couvrir un menu estival in\u00e9dit.\",\"breadcrumb\":{\"@id\":\"https:\\\/\\\/caviar-de-neuvic.com\\\/actualites\\\/menu-restaurant-ete-caviar-de-neuvic\\\/#breadcrumb\"},\"inLanguage\":\"de-BE\",\"potentialAction\":[{\"@type\":\"ReadAction\",\"target\":[\"https:\\\/\\\/caviar-de-neuvic.com\\\/actualites\\\/menu-restaurant-ete-caviar-de-neuvic\\\/\"]}]},{\"@type\":\"ImageObject\",\"inLanguage\":\"de-BE\",\"@id\":\"https:\\\/\\\/caviar-de-neuvic.com\\\/actualites\\\/menu-restaurant-ete-caviar-de-neuvic\\\/#primaryimage\",\"url\":\"https:\\\/\\\/caviar-de-neuvic.com\\\/wp-content\\\/uploads\\\/2025\\\/06\\\/Photos_menu_ete_2025-6-1.jpg\",\"contentUrl\":\"https:\\\/\\\/caviar-de-neuvic.com\\\/wp-content\\\/uploads\\\/2025\\\/06\\\/Photos_menu_ete_2025-6-1.jpg\",\"width\":1920,\"height\":1401,\"caption\":\"Menu Restaurant \u00e9t\u00e9 Caviar de Neuvic\"},{\"@type\":\"BreadcrumbList\",\"@id\":\"https:\\\/\\\/caviar-de-neuvic.com\\\/actualites\\\/menu-restaurant-ete-caviar-de-neuvic\\\/#breadcrumb\",\"itemListElement\":[{\"@type\":\"ListItem\",\"position\":1,\"name\":\"Caviar de Neuvic\",\"item\":\"https:\\\/\\\/caviar-de-neuvic.com\\\/\"},{\"@type\":\"ListItem\",\"position\":2,\"name\":\"Actualit\u00e9s\",\"item\":\"https:\\\/\\\/caviar-de-neuvic.com\\\/fr\\\/category\\\/actualites\\\/\"},{\"@type\":\"ListItem\",\"position\":3,\"name\":\"Menu Restaurant \u00e9t\u00e9 Caviar de Neuvic\"}]},{\"@type\":\"WebSite\",\"@id\":\"http:\\\/\\\/caviar-de-neuvic.com\\\/fr\\\/#website\",\"url\":\"http:\\\/\\\/caviar-de-neuvic.com\\\/fr\\\/\",\"name\":\"Producteur Fran\u00e7ais De Caviar\",\"description\":\"\",\"publisher\":{\"@id\":\"http:\\\/\\\/caviar-de-neuvic.com\\\/fr\\\/#organization\"},\"potentialAction\":[{\"@type\":\"SearchAction\",\"target\":{\"@type\":\"EntryPoint\",\"urlTemplate\":\"http:\\\/\\\/caviar-de-neuvic.com\\\/fr\\\/?s={search_term_string}\"},\"query-input\":{\"@type\":\"PropertyValueSpecification\",\"valueRequired\":true,\"valueName\":\"search_term_string\"}}],\"inLanguage\":\"de-BE\"},{\"@type\":\"Organization\",\"@id\":\"http:\\\/\\\/caviar-de-neuvic.com\\\/fr\\\/#organization\",\"name\":\"Producteur Fran\u00e7ais De Caviar\",\"url\":\"http:\\\/\\\/caviar-de-neuvic.com\\\/fr\\\/\",\"logo\":{\"@type\":\"ImageObject\",\"inLanguage\":\"de-BE\",\"@id\":\"http:\\\/\\\/caviar-de-neuvic.com\\\/fr\\\/#\\\/schema\\\/logo\\\/image\\\/\",\"url\":\"\",\"contentUrl\":\"\",\"caption\":\"Producteur Fran\u00e7ais De Caviar\"},\"image\":{\"@id\":\"http:\\\/\\\/caviar-de-neuvic.com\\\/fr\\\/#\\\/schema\\\/logo\\\/image\\\/\"}},{\"@type\":\"Person\",\"@id\":\"http:\\\/\\\/caviar-de-neuvic.com\\\/fr\\\/#\\\/schema\\\/person\\\/89912ad55a5ddd5efeb92f2d32511b03\",\"name\":\"Laurine Gay\",\"url\":\"https:\\\/\\\/caviar-de-neuvic.com\\\/de_be\\\/author\\\/laurine-gaycaviardeneuvic-com\\\/\"}]}<\/script>\n<!-- \/ Yoast SEO plugin. -->","yoast_head_json":{"title":"Menu Restaurant \u00e9t\u00e9 Caviar de Neuvic - Producteur Fran\u00e7ais De Caviar","description":"Menu Restaurant \u00e9t\u00e9 Caviar de Neuvic. Du 21 juin au 22 septembre, notre chef vous propose de d\u00e9couvrir un menu estival in\u00e9dit.","robots":{"index":"index","follow":"follow","max-snippet":"max-snippet:-1","max-image-preview":"max-image-preview:large","max-video-preview":"max-video-preview:-1"},"canonical":"https:\/\/caviar-de-neuvic.com\/de_be\/actualites\/menu-restaurant-ete-caviar-de-neuvic\/","og_locale":"de_DE","og_type":"article","og_title":"Menu Restaurant \u00e9t\u00e9 Caviar de Neuvic - Producteur Fran\u00e7ais De Caviar","og_description":"Menu Restaurant \u00e9t\u00e9 Caviar de Neuvic. Du 21 juin au 22 septembre, notre chef vous propose de d\u00e9couvrir un menu estival in\u00e9dit.","og_url":"https:\/\/caviar-de-neuvic.com\/de_be\/actualites\/menu-restaurant-ete-caviar-de-neuvic\/","og_site_name":"Producteur Fran\u00e7ais De Caviar","article_published_time":"2025-06-19T13:40:38+00:00","article_modified_time":"2025-11-19T13:09:31+00:00","og_image":[{"width":1920,"height":1401,"url":"https:\/\/caviar-de-neuvic.com\/wp-content\/uploads\/2025\/06\/Photos_menu_ete_2025-6-1.jpg","type":"image\/jpeg"}],"author":"Laurine Gay","twitter_card":"summary_large_image","twitter_misc":{"Written by":"Laurine Gay","Est. reading time":"2 minutes"},"schema":{"@context":"https:\/\/schema.org","@graph":[{"@type":"Article","@id":"https:\/\/caviar-de-neuvic.com\/actualites\/menu-restaurant-ete-caviar-de-neuvic\/#article","isPartOf":{"@id":"https:\/\/caviar-de-neuvic.com\/actualites\/menu-restaurant-ete-caviar-de-neuvic\/"},"author":{"name":"Laurine Gay","@id":"http:\/\/caviar-de-neuvic.com\/fr\/#\/schema\/person\/89912ad55a5ddd5efeb92f2d32511b03"},"headline":"Menu Restaurant \u00e9t\u00e9 Caviar de Neuvic","datePublished":"2025-06-19T13:40:38+00:00","dateModified":"2025-11-19T13:09:31+00:00","mainEntityOfPage":{"@id":"https:\/\/caviar-de-neuvic.com\/actualites\/menu-restaurant-ete-caviar-de-neuvic\/"},"wordCount":199,"publisher":{"@id":"http:\/\/caviar-de-neuvic.com\/fr\/#organization"},"image":{"@id":"https:\/\/caviar-de-neuvic.com\/actualites\/menu-restaurant-ete-caviar-de-neuvic\/#primaryimage"},"thumbnailUrl":"https:\/\/caviar-de-neuvic.com\/wp-content\/uploads\/2025\/06\/Photos_menu_ete_2025-6-1.jpg","keywords":["Menu \u00e9t\u00e9","Restaurant Caviar de Neuvic","Restaurant Domaine"],"articleSection":["Actualit\u00e9s"],"inLanguage":"de-BE"},{"@type":"WebPage","@id":"https:\/\/caviar-de-neuvic.com\/actualites\/menu-restaurant-ete-caviar-de-neuvic\/","url":"https:\/\/caviar-de-neuvic.com\/actualites\/menu-restaurant-ete-caviar-de-neuvic\/","name":"Menu Restaurant \u00e9t\u00e9 Caviar de Neuvic - Producteur Fran\u00e7ais De Caviar","isPartOf":{"@id":"http:\/\/caviar-de-neuvic.com\/fr\/#website"},"primaryImageOfPage":{"@id":"https:\/\/caviar-de-neuvic.com\/actualites\/menu-restaurant-ete-caviar-de-neuvic\/#primaryimage"},"image":{"@id":"https:\/\/caviar-de-neuvic.com\/actualites\/menu-restaurant-ete-caviar-de-neuvic\/#primaryimage"},"thumbnailUrl":"https:\/\/caviar-de-neuvic.com\/wp-content\/uploads\/2025\/06\/Photos_menu_ete_2025-6-1.jpg","datePublished":"2025-06-19T13:40:38+00:00","dateModified":"2025-11-19T13:09:31+00:00","description":"Menu Restaurant \u00e9t\u00e9 Caviar de Neuvic. Du 21 juin au 22 septembre, notre chef vous propose de d\u00e9couvrir un menu estival in\u00e9dit.","breadcrumb":{"@id":"https:\/\/caviar-de-neuvic.com\/actualites\/menu-restaurant-ete-caviar-de-neuvic\/#breadcrumb"},"inLanguage":"de-BE","potentialAction":[{"@type":"ReadAction","target":["https:\/\/caviar-de-neuvic.com\/actualites\/menu-restaurant-ete-caviar-de-neuvic\/"]}]},{"@type":"ImageObject","inLanguage":"de-BE","@id":"https:\/\/caviar-de-neuvic.com\/actualites\/menu-restaurant-ete-caviar-de-neuvic\/#primaryimage","url":"https:\/\/caviar-de-neuvic.com\/wp-content\/uploads\/2025\/06\/Photos_menu_ete_2025-6-1.jpg","contentUrl":"https:\/\/caviar-de-neuvic.com\/wp-content\/uploads\/2025\/06\/Photos_menu_ete_2025-6-1.jpg","width":1920,"height":1401,"caption":"Menu Restaurant \u00e9t\u00e9 Caviar de Neuvic"},{"@type":"BreadcrumbList","@id":"https:\/\/caviar-de-neuvic.com\/actualites\/menu-restaurant-ete-caviar-de-neuvic\/#breadcrumb","itemListElement":[{"@type":"ListItem","position":1,"name":"Caviar de Neuvic","item":"https:\/\/caviar-de-neuvic.com\/"},{"@type":"ListItem","position":2,"name":"Actualit\u00e9s","item":"https:\/\/caviar-de-neuvic.com\/fr\/category\/actualites\/"},{"@type":"ListItem","position":3,"name":"Menu Restaurant \u00e9t\u00e9 Caviar de Neuvic"}]},{"@type":"WebSite","@id":"http:\/\/caviar-de-neuvic.com\/fr\/#website","url":"http:\/\/caviar-de-neuvic.com\/fr\/","name":"Producteur Fran\u00e7ais De Caviar","description":"","publisher":{"@id":"http:\/\/caviar-de-neuvic.com\/fr\/#organization"},"potentialAction":[{"@type":"SearchAction","target":{"@type":"EntryPoint","urlTemplate":"http:\/\/caviar-de-neuvic.com\/fr\/?s={search_term_string}"},"query-input":{"@type":"PropertyValueSpecification","valueRequired":true,"valueName":"search_term_string"}}],"inLanguage":"de-BE"},{"@type":"Organization","@id":"http:\/\/caviar-de-neuvic.com\/fr\/#organization","name":"Producteur Fran\u00e7ais De Caviar","url":"http:\/\/caviar-de-neuvic.com\/fr\/","logo":{"@type":"ImageObject","inLanguage":"de-BE","@id":"http:\/\/caviar-de-neuvic.com\/fr\/#\/schema\/logo\/image\/","url":"","contentUrl":"","caption":"Producteur Fran\u00e7ais De Caviar"},"image":{"@id":"http:\/\/caviar-de-neuvic.com\/fr\/#\/schema\/logo\/image\/"}},{"@type":"Person","@id":"http:\/\/caviar-de-neuvic.com\/fr\/#\/schema\/person\/89912ad55a5ddd5efeb92f2d32511b03","name":"Laurine Gay","url":"https:\/\/caviar-de-neuvic.com\/de_be\/author\/laurine-gaycaviardeneuvic-com\/"}]}},"_links":{"self":[{"href":"https:\/\/caviar-de-neuvic.com\/de_be\/wp-json\/wp\/v2\/posts\/20890","targetHints":{"allow":["GET"]}}],"collection":[{"href":"https:\/\/caviar-de-neuvic.com\/de_be\/wp-json\/wp\/v2\/posts"}],"about":[{"href":"https:\/\/caviar-de-neuvic.com\/de_be\/wp-json\/wp\/v2\/types\/post"}],"author":[{"embeddable":true,"href":"https:\/\/caviar-de-neuvic.com\/de_be\/wp-json\/wp\/v2\/users\/11896"}],"replies":[{"embeddable":true,"href":"https:\/\/caviar-de-neuvic.com\/de_be\/wp-json\/wp\/v2\/comments?post=20890"}],"version-history":[{"count":2,"href":"https:\/\/caviar-de-neuvic.com\/de_be\/wp-json\/wp\/v2\/posts\/20890\/revisions"}],"predecessor-version":[{"id":32178,"href":"https:\/\/caviar-de-neuvic.com\/de_be\/wp-json\/wp\/v2\/posts\/20890\/revisions\/32178"}],"wp:featuredmedia":[{"embeddable":true,"href":"https:\/\/caviar-de-neuvic.com\/de_be\/wp-json\/wp\/v2\/media\/21252"}],"wp:attachment":[{"href":"https:\/\/caviar-de-neuvic.com\/de_be\/wp-json\/wp\/v2\/media?parent=20890"}],"wp:term":[{"taxonomy":"category","embeddable":true,"href":"https:\/\/caviar-de-neuvic.com\/de_be\/wp-json\/wp\/v2\/categories?post=20890"},{"taxonomy":"post_tag","embeddable":true,"href":"https:\/\/caviar-de-neuvic.com\/de_be\/wp-json\/wp\/v2\/tags?post=20890"}],"curies":[{"name":"wp","href":"https:\/\/api.w.org\/{rel}","templated":true}]}}