{"id":20790,"date":"2020-10-01T14:48:14","date_gmt":"2020-10-01T12:48:14","guid":{"rendered":"https:\/\/caviar-de-neuvic.com\/parlons-caviar\/?p=5181"},"modified":"2025-10-18T12:02:31","modified_gmt":"2025-10-18T10:02:31","slug":"octobre-rose-caviar-de-neuvic-sengage","status":"publish","type":"post","link":"https:\/\/caviar-de-neuvic.com\/de_ch\/mots-gestes\/octobre-rose-caviar-de-neuvic-sengage\/","title":{"rendered":"Octobre rose Caviar de Neuvic s&rsquo;engage"},"content":{"rendered":"<p><img fetchpriority=\"high\" decoding=\"async\" class=\"alignnone size-full wp-image-5214\" src=\"http:\/\/caviar-de-neuvic.com\/wp-content\/uploads\/2020\/10\/octobre-rose-art.jpg\" alt=\"\" width=\"800\" height=\"350\" \/><\/p>\n<p>Caviar de Neuvic s\u2019engage avec une op\u00e9ration in\u00e9dite au c\u00f4t\u00e9 de La Ligue contre le cancer \u00e0 l\u2019occasion d\u2019Octobre Rose, campagne nationale de mobilisation pour la lutte contre le cancer du sein.<\/p>\n<h2><strong>SOUTIEN INDISPENSABLE<\/strong><\/h2>\n<p>Octobre Rose est l\u2019occasion de mettre en lumi\u00e8re celles et ceux qui combattent cette maladie. Aussi, cela permet d\u2019intensifier l\u2019information et la sensibilisation et de r\u00e9unir des fonds pour aider les chercheurs et les soignants.<\/p>\n<p>Depuis sa cr\u00e9ation en 1993 Octobre Rose c\u2019est plus de 70 pays participants. Aussi cela repr\u00e9sente 76 millions de dollars r\u00e9colt\u00e9s dans le monde entier. Et 250 \u00e9quipes et projets m\u00e9dicaux financ\u00e9s. Des centaines de monuments et lieux embl\u00e9matiques sont illumin\u00e9s, de l\u2019Empire State Building \u00e0 la Tour Eiffel en passant par les chutes du Niagara ou encore le Christ de Rio. C\u2019est \u00e9galement plus de 160 de rubans fi\u00e8rement port\u00e9s par tous ceux qui s\u2019engagent.<\/p>\n<p>L\u2019objectif principal de cette action est de sensibiliser les femmes \u00e0 l\u2019int\u00e9r\u00eat du d\u00e9pistage du cancer du sein. Il touche plus de 50 000 nouvelles personnes chaque ann\u00e9e. C&rsquo;est le cancer le plus r\u00e9pandu et le plus mortel chez la femme. Aujourd\u2019hui, le d\u00e9pistage pr\u00e9coce permet de sauver des milliers de vies. La gu\u00e9rison qui peut \u00eatre obtenue dans plus de 9 cas sur 10. Par ailleurs le soutien est d&rsquo;autant plus important cette ann\u00e9e puisque le <em><strong><a href=\"https:\/\/caviar-de-neuvic.com\/de_ch\/parlons-caviar\/coronavirus-la-solidarite-sorganise-a-neuvic\/\">Coronavirus<\/a><\/strong><\/em> a bloqu\u00e9 le d\u00e9pistage et retard\u00e9 le diagnostic.<\/p>\n<h2><strong>ENGAG\u00c9 AUPR\u00c8S DE LA LIGUE CONTRE LE CANCER<\/strong><\/h2>\n<p><img decoding=\"async\" class=\"alignright wp-image-5191\" title=\"Octobre rose Caviar de Neuvic s'engage\" src=\"https:\/\/caviar-de-neuvic.com\/parlons-caviar-old\/wp-content\/uploads\/2020\/10\/OctobreRosebis-01_10_2020-\u00aeAV-300x200.jpg\" alt=\"Octobre rose Caviar de Neuvic s'engage\" width=\"353\" height=\"235\" \/>Ainsi Caviar de Neuvic a choisi de s&rsquo;engager au pr\u00e8s de <a href=\"https:\/\/www.ligue-cancer.net\/cd24\/journal\">La Ligue contre le cancer<\/a> pour cette op\u00e9ration in\u00e9dite. C&rsquo;est pour cela que nous avons re\u00e7u au domaine \u00a0la pr\u00e9sidente de l&rsquo;association, Catherine Galvagnon, pour une <strong><a href=\"https:\/\/www.youtube.com\/watch?v=YVVkK7G_74k\"><em>interview<\/em><\/a><\/strong> (disponible \u00e9galement en bas de l&rsquo;article).<\/p>\n<p>Gr\u00e2ce \u00e0 cela elle a pu exprimer son engagement pour cette cause qui lui tient particuli\u00e8rement \u00e0 c\u0153ur. Elle-m\u00eame touch\u00e9e par ce fl\u00e9au.<\/p>\n<h2><strong>CR\u00c9ATION UNIQUE\u00a0<\/strong><\/h2>\n<p style=\"text-align: left;\"><img decoding=\"async\" class=\"alignleft wp-image-5196 size-medium\" title=\"Octobre rose Caviar de Neuvic s'engage\" src=\"http:\/\/caviar-de-neuvic.com\/wp-content\/uploads\/2020\/10\/50g-ouvert-300x252.png\" alt=\"Octobre rose Caviar de Neuvic s'engage\" width=\"300\" height=\"252\" \/><\/p>\n<p>&nbsp;<\/p>\n<p style=\"text-align: left;\">Cette cause qui touche \u00e9galement Laurent Deverlanges ainsi que l\u2019ensemble de l\u2019\u00e9quipe Caviar de Neuvic, a \u00e9t\u00e9 mise en place pour soutenir La Ligue contre le cancer.<\/p>\n<p style=\"text-align: left;\">Ce caviar en \u00e9dition limit\u00e9 a \u00e9t\u00e9 cr\u00e9\u00e9 pour La Ligue contre le cancer \u00e0 l\u2019occasion d\u2019Octobre Rose. Il s\u2019agit d\u2019une boite de caviar 50g Baeri Signature produit au Domaine sur le mois d\u2019octobre.<\/p>\n<p style=\"text-align: left;\">Cette boite est vendue 110\u20ac (tarif habituel pour 50g Baeri signature), 20\u20ac seront revers\u00e9s \u00e0 La Ligue contre le cancer.<\/p>\n<div><\/div>\n<div class=\"wp-block-button aligncenter is-style-outline\" style=\"text-align: center;\"><a class=\"wp-block-button__link\" href=\"https:\/\/caviar-de-neuvic.com\/de_ch\/caviar-baeri\/363-caviar-baeri-signature-octobre-rose.html\/\" target=\"_blank\" rel=\"noopener noreferrer\">J&rsquo;ach\u00e8te le produit<\/a><\/div>\n<div><\/div>\n<div>\n<p style=\"text-align: center;\"><strong>Domaine Caviar de Neuvic<\/strong><br \/>\n<strong>La Grande Veyssi\u00e8re<\/strong><br \/>\n<strong>24190 Neuvic<\/strong><\/p>\n<p style=\"text-align: center;\"><strong>05 53 80 89 57<\/strong><\/p>\n<p style=\"text-align: center;\"><strong>Pour vos r\u00e9servations : visites@caviardeneuvic.com<\/strong><\/p>\n<\/div>\n<div><\/div>\n<p class=\"responsive-video-wrap clr\"><iframe title=\"Caviar de Neuvic s&#039;engage pour Octobre Rose \/\/ ITW\" width=\"1200\" height=\"675\" src=\"https:\/\/www.youtube.com\/embed\/YVVkK7G_74k?feature=oembed\" frameborder=\"0\" allow=\"accelerometer; autoplay; clipboard-write; encrypted-media; gyroscope; picture-in-picture; web-share\" referrerpolicy=\"strict-origin-when-cross-origin\" allowfullscreen><\/iframe><\/p>\n<p>&nbsp;<\/p>","protected":false},"excerpt":{"rendered":"<p>Caviar de Neuvic s\u2019engage avec une op\u00e9ration in\u00e9dite au c\u00f4t\u00e9 de La Ligue contre le cancer \u00e0 l\u2019occasion d\u2019Octobre Rose, campagne nationale de mobilisation pour la lutte contre le cancer du sein. SOUTIEN INDISPENSABLE Octobre Rose est l\u2019occasion de mettre en lumi\u00e8re celles et ceux qui combattent cette maladie. Aussi, cela permet d\u2019intensifier l\u2019information et [&hellip;]<\/p>\n","protected":false},"author":11896,"featured_media":20955,"comment_status":"open","ping_status":"closed","sticky":false,"template":"","format":"standard","meta":{"_acf_changed":false,"ocean_post_layout":"","ocean_both_sidebars_style":"","ocean_both_sidebars_content_width":0,"ocean_both_sidebars_sidebars_width":0,"ocean_sidebar":"0","ocean_second_sidebar":"0","ocean_disable_margins":"enable","ocean_add_body_class":"","ocean_shortcode_before_top_bar":"","ocean_shortcode_after_top_bar":"","ocean_shortcode_before_header":"","ocean_shortcode_after_header":"","ocean_has_shortcode":"","ocean_shortcode_after_title":"","ocean_shortcode_before_footer_widgets":"","ocean_shortcode_after_footer_widgets":"","ocean_shortcode_before_footer_bottom":"","ocean_shortcode_after_footer_bottom":"","ocean_display_top_bar":"default","ocean_display_header":"default","ocean_header_style":"","ocean_center_header_left_menu":"0","ocean_custom_header_template":"0","ocean_custom_logo":0,"ocean_custom_retina_logo":0,"ocean_custom_logo_max_width":0,"ocean_custom_logo_tablet_max_width":0,"ocean_custom_logo_mobile_max_width":0,"ocean_custom_logo_max_height":0,"ocean_custom_logo_tablet_max_height":0,"ocean_custom_logo_mobile_max_height":0,"ocean_header_custom_menu":"0","ocean_menu_typo_font_family":"0","ocean_menu_typo_font_subset":"","ocean_menu_typo_font_size":0,"ocean_menu_typo_font_size_tablet":0,"ocean_menu_typo_font_size_mobile":0,"ocean_menu_typo_font_size_unit":"px","ocean_menu_typo_font_weight":"","ocean_menu_typo_font_weight_tablet":"","ocean_menu_typo_font_weight_mobile":"","ocean_menu_typo_transform":"","ocean_menu_typo_transform_tablet":"","ocean_menu_typo_transform_mobile":"","ocean_menu_typo_line_height":0,"ocean_menu_typo_line_height_tablet":0,"ocean_menu_typo_line_height_mobile":0,"ocean_menu_typo_line_height_unit":"","ocean_menu_typo_spacing":0,"ocean_menu_typo_spacing_tablet":0,"ocean_menu_typo_spacing_mobile":0,"ocean_menu_typo_spacing_unit":"","ocean_menu_link_color":"","ocean_menu_link_color_hover":"","ocean_menu_link_color_active":"","ocean_menu_link_background":"","ocean_menu_link_hover_background":"","ocean_menu_link_active_background":"","ocean_menu_social_links_bg":"","ocean_menu_social_hover_links_bg":"","ocean_menu_social_links_color":"","ocean_menu_social_hover_links_color":"","ocean_disable_title":"default","ocean_disable_heading":"default","ocean_post_title":"","ocean_post_subheading":"","ocean_post_title_style":"","ocean_post_title_background_color":"","ocean_post_title_background":0,"ocean_post_title_bg_image_position":"","ocean_post_title_bg_image_attachment":"","ocean_post_title_bg_image_repeat":"","ocean_post_title_bg_image_size":"","ocean_post_title_height":0,"ocean_post_title_bg_overlay":0.5,"ocean_post_title_bg_overlay_color":"","ocean_disable_breadcrumbs":"default","ocean_breadcrumbs_color":"","ocean_breadcrumbs_separator_color":"","ocean_breadcrumbs_links_color":"","ocean_breadcrumbs_links_hover_color":"","ocean_display_footer_widgets":"default","ocean_display_footer_bottom":"default","ocean_custom_footer_template":"0","omw_enable_modal_window":"enable","ocean_post_oembed":"","ocean_post_self_hosted_media":"","ocean_post_video_embed":"","ocean_link_format":"","ocean_link_format_target":"self","ocean_quote_format":"","ocean_quote_format_link":"post","ocean_gallery_link_images":"on","ocean_gallery_id":[],"footnotes":""},"categories":[285],"tags":[],"class_list":["post-20790","post","type-post","status-publish","format-standard","has-post-thumbnail","hentry","category-mots-gestes","entry","has-media","owp-thumbs-layout-vertical","owp-btn-normal","owp-tabs-layout-horizontal","has-no-thumbnails","has-product-nav"],"acf":[],"yoast_head":"<!-- This site is optimized with the Yoast SEO plugin v27.5 - https:\/\/yoast.com\/product\/yoast-seo-wordpress\/ -->\n<title>Octobre rose Caviar de Neuvic s&#039;engage - Producteur Fran\u00e7ais De Caviar<\/title>\n<meta name=\"description\" content=\"Caviar de Neuvic s\u2019engage avec une op\u00e9ration in\u00e9dite au c\u00f4t\u00e9 de La Ligue contre le cancer \u00e0 l\u2019occasion d\u2019Octobre Rose.\" \/>\n<meta name=\"robots\" content=\"index, follow, max-snippet:-1, max-image-preview:large, max-video-preview:-1\" \/>\n<link rel=\"canonical\" href=\"https:\/\/caviar-de-neuvic.com\/de_ch\/mots-gestes\/octobre-rose-caviar-de-neuvic-sengage\/\" \/>\n<meta property=\"og:locale\" content=\"de_DE\" \/>\n<meta property=\"og:type\" content=\"article\" \/>\n<meta property=\"og:title\" content=\"Octobre rose Caviar de Neuvic s&#039;engage - Producteur Fran\u00e7ais De Caviar\" \/>\n<meta property=\"og:description\" content=\"Caviar de Neuvic s\u2019engage avec une op\u00e9ration in\u00e9dite au c\u00f4t\u00e9 de La Ligue contre le cancer \u00e0 l\u2019occasion d\u2019Octobre Rose.\" \/>\n<meta property=\"og:url\" content=\"https:\/\/caviar-de-neuvic.com\/de_ch\/mots-gestes\/octobre-rose-caviar-de-neuvic-sengage\/\" \/>\n<meta property=\"og:site_name\" content=\"Producteur Fran\u00e7ais De Caviar\" \/>\n<meta property=\"article:published_time\" content=\"2020-10-01T12:48:14+00:00\" \/>\n<meta property=\"article:modified_time\" content=\"2025-10-18T10:02:31+00:00\" \/>\n<meta property=\"og:image\" content=\"https:\/\/caviar-de-neuvic.com\/wp-content\/uploads\/2020\/10\/octobre-rose.jpg\" \/>\n\t<meta property=\"og:image:width\" content=\"300\" \/>\n\t<meta property=\"og:image:height\" content=\"200\" \/>\n\t<meta property=\"og:image:type\" content=\"image\/jpeg\" \/>\n<meta name=\"author\" content=\"Laurine Gay\" \/>\n<meta name=\"twitter:card\" content=\"summary_large_image\" \/>\n<meta name=\"twitter:label1\" content=\"Geschrieben von\" \/>\n\t<meta name=\"twitter:data1\" content=\"Laurine Gay\" \/>\n\t<meta name=\"twitter:label2\" content=\"Gesch\u00e4tzte Lesezeit\" \/>\n\t<meta name=\"twitter:data2\" content=\"3 Minuten\" \/>\n<script type=\"application\/ld+json\" class=\"yoast-schema-graph\">{\"@context\":\"https:\\\/\\\/schema.org\",\"@graph\":[{\"@type\":\"Article\",\"@id\":\"https:\\\/\\\/caviar-de-neuvic.com\\\/de_ch\\\/mots-gestes\\\/octobre-rose-caviar-de-neuvic-sengage\\\/#article\",\"isPartOf\":{\"@id\":\"https:\\\/\\\/caviar-de-neuvic.com\\\/de_ch\\\/mots-gestes\\\/octobre-rose-caviar-de-neuvic-sengage\\\/\"},\"author\":{\"name\":\"Laurine Gay\",\"@id\":\"http:\\\/\\\/caviar-de-neuvic.com\\\/fr\\\/#\\\/schema\\\/person\\\/89912ad55a5ddd5efeb92f2d32511b03\"},\"headline\":\"Octobre rose Caviar de Neuvic s&rsquo;engage\",\"datePublished\":\"2020-10-01T12:48:14+00:00\",\"dateModified\":\"2025-10-18T10:02:31+00:00\",\"mainEntityOfPage\":{\"@id\":\"https:\\\/\\\/caviar-de-neuvic.com\\\/de_ch\\\/mots-gestes\\\/octobre-rose-caviar-de-neuvic-sengage\\\/\"},\"wordCount\":475,\"commentCount\":0,\"publisher\":{\"@id\":\"http:\\\/\\\/caviar-de-neuvic.com\\\/fr\\\/#organization\"},\"image\":{\"@id\":\"https:\\\/\\\/caviar-de-neuvic.com\\\/de_ch\\\/mots-gestes\\\/octobre-rose-caviar-de-neuvic-sengage\\\/#primaryimage\"},\"thumbnailUrl\":\"https:\\\/\\\/caviar-de-neuvic.com\\\/wp-content\\\/uploads\\\/2020\\\/10\\\/octobre-rose.jpg\",\"articleSection\":[\"Mots &amp; Gestes\"],\"inLanguage\":\"de-CH\",\"potentialAction\":[{\"@type\":\"CommentAction\",\"name\":\"Comment\",\"target\":[\"https:\\\/\\\/caviar-de-neuvic.com\\\/de_ch\\\/mots-gestes\\\/octobre-rose-caviar-de-neuvic-sengage\\\/#respond\"]}]},{\"@type\":\"WebPage\",\"@id\":\"https:\\\/\\\/caviar-de-neuvic.com\\\/de_ch\\\/mots-gestes\\\/octobre-rose-caviar-de-neuvic-sengage\\\/\",\"url\":\"https:\\\/\\\/caviar-de-neuvic.com\\\/de_ch\\\/mots-gestes\\\/octobre-rose-caviar-de-neuvic-sengage\\\/\",\"name\":\"Octobre rose Caviar de Neuvic s'engage - Producteur Fran\u00e7ais De Caviar\",\"isPartOf\":{\"@id\":\"http:\\\/\\\/caviar-de-neuvic.com\\\/fr\\\/#website\"},\"primaryImageOfPage\":{\"@id\":\"https:\\\/\\\/caviar-de-neuvic.com\\\/de_ch\\\/mots-gestes\\\/octobre-rose-caviar-de-neuvic-sengage\\\/#primaryimage\"},\"image\":{\"@id\":\"https:\\\/\\\/caviar-de-neuvic.com\\\/de_ch\\\/mots-gestes\\\/octobre-rose-caviar-de-neuvic-sengage\\\/#primaryimage\"},\"thumbnailUrl\":\"https:\\\/\\\/caviar-de-neuvic.com\\\/wp-content\\\/uploads\\\/2020\\\/10\\\/octobre-rose.jpg\",\"datePublished\":\"2020-10-01T12:48:14+00:00\",\"dateModified\":\"2025-10-18T10:02:31+00:00\",\"description\":\"Caviar de Neuvic s\u2019engage avec une op\u00e9ration in\u00e9dite au c\u00f4t\u00e9 de La Ligue contre le cancer \u00e0 l\u2019occasion d\u2019Octobre Rose.\",\"breadcrumb\":{\"@id\":\"https:\\\/\\\/caviar-de-neuvic.com\\\/de_ch\\\/mots-gestes\\\/octobre-rose-caviar-de-neuvic-sengage\\\/#breadcrumb\"},\"inLanguage\":\"de-CH\",\"potentialAction\":[{\"@type\":\"ReadAction\",\"target\":[\"https:\\\/\\\/caviar-de-neuvic.com\\\/de_ch\\\/mots-gestes\\\/octobre-rose-caviar-de-neuvic-sengage\\\/\"]}]},{\"@type\":\"ImageObject\",\"inLanguage\":\"de-CH\",\"@id\":\"https:\\\/\\\/caviar-de-neuvic.com\\\/de_ch\\\/mots-gestes\\\/octobre-rose-caviar-de-neuvic-sengage\\\/#primaryimage\",\"url\":\"https:\\\/\\\/caviar-de-neuvic.com\\\/wp-content\\\/uploads\\\/2020\\\/10\\\/octobre-rose.jpg\",\"contentUrl\":\"https:\\\/\\\/caviar-de-neuvic.com\\\/wp-content\\\/uploads\\\/2020\\\/10\\\/octobre-rose.jpg\",\"width\":300,\"height\":200,\"caption\":\"Octobre rose Caviar de Neuvic s'engage\"},{\"@type\":\"BreadcrumbList\",\"@id\":\"https:\\\/\\\/caviar-de-neuvic.com\\\/de_ch\\\/mots-gestes\\\/octobre-rose-caviar-de-neuvic-sengage\\\/#breadcrumb\",\"itemListElement\":[{\"@type\":\"ListItem\",\"position\":1,\"name\":\"Caviar de Neuvic\",\"item\":\"https:\\\/\\\/caviar-de-neuvic.com\\\/\"},{\"@type\":\"ListItem\",\"position\":2,\"name\":\"Mots &amp; Gestes\",\"item\":\"https:\\\/\\\/caviar-de-neuvic.com\\\/fr\\\/category\\\/mots-gestes\\\/\"},{\"@type\":\"ListItem\",\"position\":3,\"name\":\"Octobre rose Caviar de Neuvic s&rsquo;engage\"}]},{\"@type\":\"WebSite\",\"@id\":\"http:\\\/\\\/caviar-de-neuvic.com\\\/fr\\\/#website\",\"url\":\"http:\\\/\\\/caviar-de-neuvic.com\\\/fr\\\/\",\"name\":\"Producteur Fran\u00e7ais De Caviar\",\"description\":\"\",\"publisher\":{\"@id\":\"http:\\\/\\\/caviar-de-neuvic.com\\\/fr\\\/#organization\"},\"potentialAction\":[{\"@type\":\"SearchAction\",\"target\":{\"@type\":\"EntryPoint\",\"urlTemplate\":\"http:\\\/\\\/caviar-de-neuvic.com\\\/fr\\\/?s={search_term_string}\"},\"query-input\":{\"@type\":\"PropertyValueSpecification\",\"valueRequired\":true,\"valueName\":\"search_term_string\"}}],\"inLanguage\":\"de-CH\"},{\"@type\":\"Organization\",\"@id\":\"http:\\\/\\\/caviar-de-neuvic.com\\\/fr\\\/#organization\",\"name\":\"Producteur Fran\u00e7ais De Caviar\",\"url\":\"http:\\\/\\\/caviar-de-neuvic.com\\\/fr\\\/\",\"logo\":{\"@type\":\"ImageObject\",\"inLanguage\":\"de-CH\",\"@id\":\"http:\\\/\\\/caviar-de-neuvic.com\\\/fr\\\/#\\\/schema\\\/logo\\\/image\\\/\",\"url\":\"\",\"contentUrl\":\"\",\"caption\":\"Producteur Fran\u00e7ais De Caviar\"},\"image\":{\"@id\":\"http:\\\/\\\/caviar-de-neuvic.com\\\/fr\\\/#\\\/schema\\\/logo\\\/image\\\/\"}},{\"@type\":\"Person\",\"@id\":\"http:\\\/\\\/caviar-de-neuvic.com\\\/fr\\\/#\\\/schema\\\/person\\\/89912ad55a5ddd5efeb92f2d32511b03\",\"name\":\"Laurine Gay\",\"url\":\"https:\\\/\\\/caviar-de-neuvic.com\\\/de_ch\\\/author\\\/laurine-gaycaviardeneuvic-com\\\/\"}]}<\/script>\n<!-- \/ Yoast SEO plugin. -->","yoast_head_json":{"title":"Octobre rose Caviar de Neuvic s'engage - Producteur Fran\u00e7ais De Caviar","description":"Caviar de Neuvic s\u2019engage avec une op\u00e9ration in\u00e9dite au c\u00f4t\u00e9 de La Ligue contre le cancer \u00e0 l\u2019occasion d\u2019Octobre Rose.","robots":{"index":"index","follow":"follow","max-snippet":"max-snippet:-1","max-image-preview":"max-image-preview:large","max-video-preview":"max-video-preview:-1"},"canonical":"https:\/\/caviar-de-neuvic.com\/de_ch\/mots-gestes\/octobre-rose-caviar-de-neuvic-sengage\/","og_locale":"de_DE","og_type":"article","og_title":"Octobre rose Caviar de Neuvic s'engage - Producteur Fran\u00e7ais De Caviar","og_description":"Caviar de Neuvic s\u2019engage avec une op\u00e9ration in\u00e9dite au c\u00f4t\u00e9 de La Ligue contre le cancer \u00e0 l\u2019occasion d\u2019Octobre Rose.","og_url":"https:\/\/caviar-de-neuvic.com\/de_ch\/mots-gestes\/octobre-rose-caviar-de-neuvic-sengage\/","og_site_name":"Producteur Fran\u00e7ais De Caviar","article_published_time":"2020-10-01T12:48:14+00:00","article_modified_time":"2025-10-18T10:02:31+00:00","og_image":[{"width":300,"height":200,"url":"https:\/\/caviar-de-neuvic.com\/wp-content\/uploads\/2020\/10\/octobre-rose.jpg","type":"image\/jpeg"}],"author":"Laurine Gay","twitter_card":"summary_large_image","twitter_misc":{"Geschrieben von":"Laurine Gay","Gesch\u00e4tzte Lesezeit":"3 Minuten"},"schema":{"@context":"https:\/\/schema.org","@graph":[{"@type":"Article","@id":"https:\/\/caviar-de-neuvic.com\/de_ch\/mots-gestes\/octobre-rose-caviar-de-neuvic-sengage\/#article","isPartOf":{"@id":"https:\/\/caviar-de-neuvic.com\/de_ch\/mots-gestes\/octobre-rose-caviar-de-neuvic-sengage\/"},"author":{"name":"Laurine Gay","@id":"http:\/\/caviar-de-neuvic.com\/fr\/#\/schema\/person\/89912ad55a5ddd5efeb92f2d32511b03"},"headline":"Octobre rose Caviar de Neuvic s&rsquo;engage","datePublished":"2020-10-01T12:48:14+00:00","dateModified":"2025-10-18T10:02:31+00:00","mainEntityOfPage":{"@id":"https:\/\/caviar-de-neuvic.com\/de_ch\/mots-gestes\/octobre-rose-caviar-de-neuvic-sengage\/"},"wordCount":475,"commentCount":0,"publisher":{"@id":"http:\/\/caviar-de-neuvic.com\/fr\/#organization"},"image":{"@id":"https:\/\/caviar-de-neuvic.com\/de_ch\/mots-gestes\/octobre-rose-caviar-de-neuvic-sengage\/#primaryimage"},"thumbnailUrl":"https:\/\/caviar-de-neuvic.com\/wp-content\/uploads\/2020\/10\/octobre-rose.jpg","articleSection":["Mots &amp; Gestes"],"inLanguage":"de-CH","potentialAction":[{"@type":"CommentAction","name":"Comment","target":["https:\/\/caviar-de-neuvic.com\/de_ch\/mots-gestes\/octobre-rose-caviar-de-neuvic-sengage\/#respond"]}]},{"@type":"WebPage","@id":"https:\/\/caviar-de-neuvic.com\/de_ch\/mots-gestes\/octobre-rose-caviar-de-neuvic-sengage\/","url":"https:\/\/caviar-de-neuvic.com\/de_ch\/mots-gestes\/octobre-rose-caviar-de-neuvic-sengage\/","name":"Octobre rose Caviar de Neuvic s'engage - Producteur Fran\u00e7ais De Caviar","isPartOf":{"@id":"http:\/\/caviar-de-neuvic.com\/fr\/#website"},"primaryImageOfPage":{"@id":"https:\/\/caviar-de-neuvic.com\/de_ch\/mots-gestes\/octobre-rose-caviar-de-neuvic-sengage\/#primaryimage"},"image":{"@id":"https:\/\/caviar-de-neuvic.com\/de_ch\/mots-gestes\/octobre-rose-caviar-de-neuvic-sengage\/#primaryimage"},"thumbnailUrl":"https:\/\/caviar-de-neuvic.com\/wp-content\/uploads\/2020\/10\/octobre-rose.jpg","datePublished":"2020-10-01T12:48:14+00:00","dateModified":"2025-10-18T10:02:31+00:00","description":"Caviar de Neuvic s\u2019engage avec une op\u00e9ration in\u00e9dite au c\u00f4t\u00e9 de La Ligue contre le cancer \u00e0 l\u2019occasion d\u2019Octobre Rose.","breadcrumb":{"@id":"https:\/\/caviar-de-neuvic.com\/de_ch\/mots-gestes\/octobre-rose-caviar-de-neuvic-sengage\/#breadcrumb"},"inLanguage":"de-CH","potentialAction":[{"@type":"ReadAction","target":["https:\/\/caviar-de-neuvic.com\/de_ch\/mots-gestes\/octobre-rose-caviar-de-neuvic-sengage\/"]}]},{"@type":"ImageObject","inLanguage":"de-CH","@id":"https:\/\/caviar-de-neuvic.com\/de_ch\/mots-gestes\/octobre-rose-caviar-de-neuvic-sengage\/#primaryimage","url":"https:\/\/caviar-de-neuvic.com\/wp-content\/uploads\/2020\/10\/octobre-rose.jpg","contentUrl":"https:\/\/caviar-de-neuvic.com\/wp-content\/uploads\/2020\/10\/octobre-rose.jpg","width":300,"height":200,"caption":"Octobre rose Caviar de Neuvic s'engage"},{"@type":"BreadcrumbList","@id":"https:\/\/caviar-de-neuvic.com\/de_ch\/mots-gestes\/octobre-rose-caviar-de-neuvic-sengage\/#breadcrumb","itemListElement":[{"@type":"ListItem","position":1,"name":"Caviar de Neuvic","item":"https:\/\/caviar-de-neuvic.com\/"},{"@type":"ListItem","position":2,"name":"Mots &amp; Gestes","item":"https:\/\/caviar-de-neuvic.com\/fr\/category\/mots-gestes\/"},{"@type":"ListItem","position":3,"name":"Octobre rose Caviar de Neuvic s&rsquo;engage"}]},{"@type":"WebSite","@id":"http:\/\/caviar-de-neuvic.com\/fr\/#website","url":"http:\/\/caviar-de-neuvic.com\/fr\/","name":"Producteur Fran\u00e7ais De Caviar","description":"","publisher":{"@id":"http:\/\/caviar-de-neuvic.com\/fr\/#organization"},"potentialAction":[{"@type":"SearchAction","target":{"@type":"EntryPoint","urlTemplate":"http:\/\/caviar-de-neuvic.com\/fr\/?s={search_term_string}"},"query-input":{"@type":"PropertyValueSpecification","valueRequired":true,"valueName":"search_term_string"}}],"inLanguage":"de-CH"},{"@type":"Organization","@id":"http:\/\/caviar-de-neuvic.com\/fr\/#organization","name":"Producteur Fran\u00e7ais De Caviar","url":"http:\/\/caviar-de-neuvic.com\/fr\/","logo":{"@type":"ImageObject","inLanguage":"de-CH","@id":"http:\/\/caviar-de-neuvic.com\/fr\/#\/schema\/logo\/image\/","url":"","contentUrl":"","caption":"Producteur Fran\u00e7ais De Caviar"},"image":{"@id":"http:\/\/caviar-de-neuvic.com\/fr\/#\/schema\/logo\/image\/"}},{"@type":"Person","@id":"http:\/\/caviar-de-neuvic.com\/fr\/#\/schema\/person\/89912ad55a5ddd5efeb92f2d32511b03","name":"Laurine Gay","url":"https:\/\/caviar-de-neuvic.com\/de_ch\/author\/laurine-gaycaviardeneuvic-com\/"}]}},"_links":{"self":[{"href":"https:\/\/caviar-de-neuvic.com\/de_ch\/wp-json\/wp\/v2\/posts\/20790","targetHints":{"allow":["GET"]}}],"collection":[{"href":"https:\/\/caviar-de-neuvic.com\/de_ch\/wp-json\/wp\/v2\/posts"}],"about":[{"href":"https:\/\/caviar-de-neuvic.com\/de_ch\/wp-json\/wp\/v2\/types\/post"}],"author":[{"embeddable":true,"href":"https:\/\/caviar-de-neuvic.com\/de_ch\/wp-json\/wp\/v2\/users\/11896"}],"replies":[{"embeddable":true,"href":"https:\/\/caviar-de-neuvic.com\/de_ch\/wp-json\/wp\/v2\/comments?post=20790"}],"version-history":[{"count":1,"href":"https:\/\/caviar-de-neuvic.com\/de_ch\/wp-json\/wp\/v2\/posts\/20790\/revisions"}],"predecessor-version":[{"id":31348,"href":"https:\/\/caviar-de-neuvic.com\/de_ch\/wp-json\/wp\/v2\/posts\/20790\/revisions\/31348"}],"wp:featuredmedia":[{"embeddable":true,"href":"https:\/\/caviar-de-neuvic.com\/de_ch\/wp-json\/wp\/v2\/media\/20955"}],"wp:attachment":[{"href":"https:\/\/caviar-de-neuvic.com\/de_ch\/wp-json\/wp\/v2\/media?parent=20790"}],"wp:term":[{"taxonomy":"category","embeddable":true,"href":"https:\/\/caviar-de-neuvic.com\/de_ch\/wp-json\/wp\/v2\/categories?post=20790"},{"taxonomy":"post_tag","embeddable":true,"href":"https:\/\/caviar-de-neuvic.com\/de_ch\/wp-json\/wp\/v2\/tags?post=20790"}],"curies":[{"name":"wp","href":"https:\/\/api.w.org\/{rel}","templated":true}]}}