{"id":20856,"date":"2024-06-24T10:03:58","date_gmt":"2024-06-24T08:03:58","guid":{"rendered":"https:\/\/caviar-de-neuvic.com\/parlons-caviar-old\/?p=7616"},"modified":"2024-06-24T10:03:58","modified_gmt":"2024-06-24T08:03:58","slug":"soiree-tapas-19-juillet","status":"publish","type":"post","link":"https:\/\/caviar-de-neuvic.com\/de_ch\/evenements\/soiree-tapas-19-juillet\/","title":{"rendered":"Soir\u00e9e Tapas &#8211; 19 juillet"},"content":{"rendered":"<p>Soir\u00e9e Tapas &#8211; 19 juillet. Le 19 juillet prochain, pr\u00e9parez-vous \u00e0 vivre une soir\u00e9e inoubliable sur notre nouvelle <a href=\"https:\/\/caviar-de-neuvic.com\/de_ch\/parlons-caviar-old\/nouvelle-terrasse-et-restaurant-pour-caviar-de-neuvic\/\" target=\"_blank\" rel=\"noopener\">terrasse au Domaine<\/a>. Impr\u00e9gnez-vous de l&rsquo;ambiance chaleureuse et conviviale tout en d\u00e9gustant des mets savoureux et en \u00e9coutant de la musique live !<\/p>\n<h3>Des Tapas Gourmands<\/h3>\n<p>Venez d\u00e9guster des planches vari\u00e9es de poisson ou de charcuterie, avec ou sans <a href=\"https:\/\/caviar-de-neuvic.com\/de_ch\/\" target=\"_blank\" rel=\"noopener\">caviar<\/a>, selon vos envies. Chaque planche est accompagn\u00e9e d&rsquo;un verre de vin ou de la boisson de votre choix pour une exp\u00e9rience gustative compl\u00e8te.<\/p>\n<h4>Planche Charcuterie<\/h4>\n<p>D\u00e9couvrez une s\u00e9lection de charcuteries raffin\u00e9es :<\/p>\n<ul>\n<li>Boudin noir<\/li>\n<li>Rosette<\/li>\n<li>P\u00e2t\u00e9 de t\u00eate<\/li>\n<li>Bacon<\/li>\n<li>Noix de jambon<\/li>\n<li>Saucisson \u00e0 l&rsquo;ail<\/li>\n<\/ul>\n<p>Cette planche est agr\u00e9ment\u00e9e de cornichons, de beurre, de moutarde, de pain, et de vinaigrette. Savourez le tout avec un verre de cr\u00e9mant ou de vin blanc, selon votre pr\u00e9f\u00e9rence.<\/p>\n<h4>Planche Mer<\/h4>\n<p>Pour les amateurs des produits de la mer et souhaitant d\u00e9couvrir les produits Caviar de Neuvic, nous proposons :<\/p>\n<ul>\n<li><a href=\"https:\/\/caviar-de-neuvic.com\/de_ch\/poisson-fume\/440-saumon-fume-4-tranches-160g.html\/\" target=\"_blank\" rel=\"noopener\">R\u00e4ucherlachs<\/a><\/li>\n<li><a href=\"https:\/\/caviar-de-neuvic.com\/de_ch\/esturgeon\/322-478-esturgeon-fume-biologique.html\/#\/4-choisissez_le_poids_-100g\" target=\"_blank\" rel=\"noopener\">Ger\u00e4ucherter St\u00f6r<\/a><\/li>\n<li><a href=\"https:\/\/caviar-de-neuvic.com\/de_ch\/l-epicerie-neuvic\/496-tarama-au-naturel.html\/\" target=\"_blank\" rel=\"noopener\">Blinis tarama<\/a><\/li>\n<li><a href=\"https:\/\/caviar-de-neuvic.com\/de_ch\/l-epicerie-neuvic\/115-minis-blinis-par-16.html\/\" target=\"_blank\" rel=\"noopener\">Blinis cr\u00e8me fra\u00eeche<\/a><\/li>\n<li><a href=\"https:\/\/caviar-de-neuvic.com\/de_ch\/12-oeufs-de-poisson\/\" target=\"_blank\" rel=\"noopener\">\u0152ufs de poisson<\/a><\/li>\n<li><a href=\"https:\/\/caviar-de-neuvic.com\/de_ch\/esturgeon\/358-filets-desturgeon-marines-a-lhuile-dolive-et-au-citron-3760115030060.html\/\" target=\"_blank\" rel=\"noopener\">Esturgeon marin\u00e9<\/a><\/li>\n<li><a href=\"https:\/\/caviar-de-neuvic.com\/de_ch\/esturgeon\/403-soupe-de-poisson.html\/\" target=\"_blank\" rel=\"noopener\">Soupe de poisson froide<\/a><\/li>\n<\/ul>\n\t\t<style>\n\t\t\t.blog_sticker{\n\t\t\t\tmargin-top: 50px !important;\n\t\t\t\tdisplay: flex;\n  \t\t\t\tjustify-content: center;\n\t\t\t\tflex-wrap: wrap;\n\t\t\t}\n\t\t\t.blog_sticker .product-miniature-list.row .span_1_of_3{\n\t\t\t\twidth: 100%!important;\n\t\t\t\tflex: 0 0 100%!important;\n\t\t\t\tmax-width: 400px!important;\n\t\t\t}\n\t\t\t.blog_sticker_right{\n\t\t\t\tmax-width: 400px;\n\t\t\t}\n\t\t\t.product-miniature-list.row {\n\t\t\t\tdisplay: flex;\n\t\t\t\tjustify-content: center;\n\t\t\t\tflex-wrap: wrap;\n\t\t\t}\n\t\t<\/style>\n\t\t<div class=\"blog_sticker d-flex flex-wrap\">\n\t\t\t<div class=\"blog_sticker_left col-sm-12 col-md-6 products-grid\">\n\t\t\t\t<div class=\"product-miniature-list row\">\n\t\t\t\t\t\t\t\t\t<\/div>\n\t\t\t<\/div>\n\t\t\t<div class=\"blog_sticker_right col-sm-12 col-md-6\">\n\t\t\t\t\t\t\t<\/div>\n\t\t<\/div>\n\t\n<p>Le tout est accompagn\u00e9 de pain et de beurre, pour une d\u00e9gustation raffin\u00e9e.<\/p>\n<h4>Planche Mixte<\/h4>\n<p>Pour les ind\u00e9cis, optez pour notre planche mixte, qui combine les d\u00e9lices des deux autres planches en petites portions, vous offrant ainsi le meilleur des deux mondes.<\/p>\n<h4>Option Caviar<\/h4>\n<p>Pour une exp\u00e9rience encore plus luxueuse, ajoutez des produits de Caviar de Neuvic \u00e0 votre planche. Cette option est disponible sur demande et moyennant un suppl\u00e9ment.<\/p>\n<p><img fetchpriority=\"high\" decoding=\"async\" class=\"alignnone size-medium wp-image-7622\" src=\"http:\/\/caviar-de-neuvic.com\/wp-content\/uploads\/2024\/06\/CDN_TAPAS_240624_\u00aeAV-12-200x300.jpg\" alt=\"\" width=\"200\" height=\"300\" \/> <img decoding=\"async\" class=\"alignnone size-medium wp-image-7623\" src=\"http:\/\/caviar-de-neuvic.com\/wp-content\/uploads\/2024\/06\/CDN_TAPAS_240624_\u00aeAV-3-200x300.jpg\" alt=\"\" width=\"200\" height=\"300\" \/> <img decoding=\"async\" class=\"alignnone size-medium wp-image-7624\" src=\"http:\/\/caviar-de-neuvic.com\/wp-content\/uploads\/2024\/06\/CDN_TAPAS_240624_\u00aeAV-8-200x300.jpg\" alt=\"\" width=\"200\" height=\"300\" \/> <img loading=\"lazy\" decoding=\"async\" class=\"alignnone size-medium wp-image-7625\" src=\"http:\/\/caviar-de-neuvic.com\/wp-content\/uploads\/2024\/06\/CDN_TAPAS_240624_\u00aeAV-6-200x300.jpg\" alt=\"\" width=\"200\" height=\"300\" \/><\/p>\n<h3>UNE SOIR\u00c9E EXCEPTIONNELLE EN MUSIQUE<\/h3>\n<p>Notre nouvelle terrasse, fra\u00eechement am\u00e9nag\u00e9e, est l&rsquo;endroit id\u00e9al pour se d\u00e9tendre et profiter d&rsquo;une vue imprenable tout en savourant de d\u00e9licieux tapas.<\/p>\n<p>L&rsquo;ambiance de la soir\u00e9e sera assur\u00e9e par le talentueux <a href=\"https:\/\/www.facebook.com\/Maevacadonmusic\/?locale=fr_FR\" target=\"_blank\" rel=\"noopener\">DUO MA\u00cbVA &amp; ISAIAH<\/a>. Leur r\u00e9pertoire vari\u00e9 et leurs performances captivantes promettent de rendre cette soir\u00e9e inoubliable. Laissez-vous emporter par la musique tout en d\u00e9gustant nos sp\u00e9cialit\u00e9s.<\/p>\n<p>En participant \u00e0 cet \u00e9v\u00e9nement, vous soutenez un producteur fran\u00e7ais engag\u00e9 dans la production de caviar de qualit\u00e9. C&rsquo;est une occasion unique de d\u00e9couvrir des produits d&rsquo;exception et d&rsquo;en apprendre davantage sur l&rsquo;art de la production de caviar.<\/p>\n<p>Rejoignez-nous pour une soir\u00e9e magique, o\u00f9 la gastronomie et la musique se rencontrent dans un cadre enchanteur.<\/p>\n<p><img loading=\"lazy\" decoding=\"async\" class=\"alignnone size-medium wp-image-7520\" src=\"http:\/\/caviar-de-neuvic.com\/wp-content\/uploads\/2024\/06\/CDN_T_310524_\u00aeAV-13-300x200.jpg\" alt=\"\" width=\"300\" height=\"200\" \/> <img loading=\"lazy\" decoding=\"async\" class=\"alignnone size-medium wp-image-7521\" src=\"http:\/\/caviar-de-neuvic.com\/wp-content\/uploads\/2024\/06\/CDN_T_310524_\u00aeAV-9-300x200.jpg\" alt=\"\" width=\"300\" height=\"200\" \/><\/p>\n<h3>Informations Pratiques<\/h3>\n<p>Pour participer \u00e0 cette soir\u00e9e unique, pensez \u00e0 r\u00e9server d\u00e8s maintenant :<\/p>\n<ul>\n<li><strong>R\u00e9servation uniquement<\/strong> : 05.53.80.89.55<\/li>\n<li><strong>Email<\/strong> : <a rel=\"noreferrer\">visites@caviardeneuvic.com<\/a><\/li>\n<li><strong>R\u00e9servations en ligne<\/strong> : <a href=\"https:\/\/visites.caviar-de-neuvic.com\/\" target=\"_new\" rel=\"noreferrer noopener\">R\u00e9servez ici<\/a><\/li>\n<li><strong>Adresse<\/strong> : 430 Route de la Veyssi\u00e8re, 24190 NEUVIC<\/li>\n<li><strong>Tarif<\/strong> : \u00c0 partir de 15\u20ac par personne<\/li>\n<li><strong>\u00d6ffnungszeiten<\/strong> : D\u00e8s 19h30<\/li>\n<\/ul>","protected":false},"excerpt":{"rendered":"<p>Soir\u00e9e Tapas &#8211; 19 juillet. Le 19 juillet prochain, pr\u00e9parez-vous \u00e0 vivre une soir\u00e9e inoubliable sur notre nouvelle terrasse au Domaine. Impr\u00e9gnez-vous de l&rsquo;ambiance chaleureuse et conviviale tout en d\u00e9gustant des mets savoureux et en \u00e9coutant de la musique live ! Des Tapas Gourmands Venez d\u00e9guster des planches vari\u00e9es de poisson ou de charcuterie, avec [&hellip;]<\/p>\n","protected":false},"author":11896,"featured_media":21148,"comment_status":"open","ping_status":"closed","sticky":false,"template":"","format":"standard","meta":{"_acf_changed":false,"ocean_post_layout":"","ocean_both_sidebars_style":"","ocean_both_sidebars_content_width":0,"ocean_both_sidebars_sidebars_width":0,"ocean_sidebar":"","ocean_second_sidebar":"","ocean_disable_margins":"enable","ocean_add_body_class":"","ocean_shortcode_before_top_bar":"","ocean_shortcode_after_top_bar":"","ocean_shortcode_before_header":"","ocean_shortcode_after_header":"","ocean_has_shortcode":"","ocean_shortcode_after_title":"","ocean_shortcode_before_footer_widgets":"","ocean_shortcode_after_footer_widgets":"","ocean_shortcode_before_footer_bottom":"","ocean_shortcode_after_footer_bottom":"","ocean_display_top_bar":"default","ocean_display_header":"default","ocean_header_style":"","ocean_center_header_left_menu":"","ocean_custom_header_template":"","ocean_custom_logo":0,"ocean_custom_retina_logo":0,"ocean_custom_logo_max_width":0,"ocean_custom_logo_tablet_max_width":0,"ocean_custom_logo_mobile_max_width":0,"ocean_custom_logo_max_height":0,"ocean_custom_logo_tablet_max_height":0,"ocean_custom_logo_mobile_max_height":0,"ocean_header_custom_menu":"","ocean_menu_typo_font_family":"","ocean_menu_typo_font_subset":"","ocean_menu_typo_font_size":0,"ocean_menu_typo_font_size_tablet":0,"ocean_menu_typo_font_size_mobile":0,"ocean_menu_typo_font_size_unit":"px","ocean_menu_typo_font_weight":"","ocean_menu_typo_font_weight_tablet":"","ocean_menu_typo_font_weight_mobile":"","ocean_menu_typo_transform":"","ocean_menu_typo_transform_tablet":"","ocean_menu_typo_transform_mobile":"","ocean_menu_typo_line_height":0,"ocean_menu_typo_line_height_tablet":0,"ocean_menu_typo_line_height_mobile":0,"ocean_menu_typo_line_height_unit":"","ocean_menu_typo_spacing":0,"ocean_menu_typo_spacing_tablet":0,"ocean_menu_typo_spacing_mobile":0,"ocean_menu_typo_spacing_unit":"","ocean_menu_link_color":"","ocean_menu_link_color_hover":"","ocean_menu_link_color_active":"","ocean_menu_link_background":"","ocean_menu_link_hover_background":"","ocean_menu_link_active_background":"","ocean_menu_social_links_bg":"","ocean_menu_social_hover_links_bg":"","ocean_menu_social_links_color":"","ocean_menu_social_hover_links_color":"","ocean_disable_title":"default","ocean_disable_heading":"default","ocean_post_title":"","ocean_post_subheading":"","ocean_post_title_style":"","ocean_post_title_background_color":"","ocean_post_title_background":0,"ocean_post_title_bg_image_position":"","ocean_post_title_bg_image_attachment":"","ocean_post_title_bg_image_repeat":"","ocean_post_title_bg_image_size":"","ocean_post_title_height":0,"ocean_post_title_bg_overlay":0.5,"ocean_post_title_bg_overlay_color":"","ocean_disable_breadcrumbs":"default","ocean_breadcrumbs_color":"","ocean_breadcrumbs_separator_color":"","ocean_breadcrumbs_links_color":"","ocean_breadcrumbs_links_hover_color":"","ocean_display_footer_widgets":"default","ocean_display_footer_bottom":"default","ocean_custom_footer_template":"","omw_enable_modal_window":"enable","ocean_post_oembed":"","ocean_post_self_hosted_media":"","ocean_post_video_embed":"","ocean_link_format":"","ocean_link_format_target":"self","ocean_quote_format":"","ocean_quote_format_link":"post","ocean_gallery_link_images":"on","ocean_gallery_id":[],"footnotes":""},"categories":[300,295],"tags":[],"class_list":["post-20856","post","type-post","status-publish","format-standard","has-post-thumbnail","hentry","category-actualites","category-evenements","entry","has-media","owp-thumbs-layout-vertical","owp-btn-normal","owp-tabs-layout-horizontal","has-no-thumbnails","has-product-nav"],"acf":[],"yoast_head":"<!-- This site is optimized with the Yoast SEO plugin v27.5 - https:\/\/yoast.com\/product\/yoast-seo-wordpress\/ -->\n<title>Soir\u00e9e Tapas - 19 juillet - Producteur Fran\u00e7ais De Caviar<\/title>\n<meta name=\"description\" content=\"Soir\u00e9e Tapas - 19 juillet 2024. Pr\u00e9parez-vous \u00e0 vivre une soir\u00e9e inoubliable sur notre nouvelle terrasse au Domaine.\" \/>\n<meta name=\"robots\" content=\"index, follow, max-snippet:-1, max-image-preview:large, max-video-preview:-1\" \/>\n<link rel=\"canonical\" href=\"https:\/\/caviar-de-neuvic.com\/de_ch\/evenements\/soiree-tapas-19-juillet\/\" \/>\n<meta property=\"og:locale\" content=\"de_DE\" \/>\n<meta property=\"og:type\" content=\"article\" \/>\n<meta property=\"og:title\" content=\"Soir\u00e9e Tapas - 19 juillet - Producteur Fran\u00e7ais De Caviar\" \/>\n<meta property=\"og:description\" content=\"Soir\u00e9e Tapas - 19 juillet 2024. Pr\u00e9parez-vous \u00e0 vivre une soir\u00e9e inoubliable sur notre nouvelle terrasse au Domaine.\" \/>\n<meta property=\"og:url\" content=\"https:\/\/caviar-de-neuvic.com\/de_ch\/evenements\/soiree-tapas-19-juillet\/\" \/>\n<meta property=\"og:site_name\" content=\"Producteur Fran\u00e7ais De Caviar\" \/>\n<meta property=\"article:published_time\" content=\"2024-06-24T08:03:58+00:00\" \/>\n<meta property=\"og:image\" content=\"https:\/\/caviar-de-neuvic.com\/wp-content\/uploads\/2024\/06\/CDN_TAPAS_240624_\u00aeAV-2.jpg\" \/>\n\t<meta property=\"og:image:width\" content=\"1920\" \/>\n\t<meta property=\"og:image:height\" content=\"1280\" \/>\n\t<meta property=\"og:image:type\" content=\"image\/jpeg\" \/>\n<meta name=\"author\" content=\"Laurine Gay\" \/>\n<meta name=\"twitter:card\" content=\"summary_large_image\" \/>\n<meta name=\"twitter:label1\" content=\"Geschrieben von\" \/>\n\t<meta name=\"twitter:data1\" content=\"Laurine Gay\" \/>\n\t<meta name=\"twitter:label2\" content=\"Gesch\u00e4tzte Lesezeit\" \/>\n\t<meta name=\"twitter:data2\" content=\"4 Minuten\" \/>\n<script type=\"application\/ld+json\" class=\"yoast-schema-graph\">{\"@context\":\"https:\\\/\\\/schema.org\",\"@graph\":[{\"@type\":\"Article\",\"@id\":\"https:\\\/\\\/caviar-de-neuvic.com\\\/evenements\\\/soiree-tapas-19-juillet\\\/#article\",\"isPartOf\":{\"@id\":\"https:\\\/\\\/caviar-de-neuvic.com\\\/evenements\\\/soiree-tapas-19-juillet\\\/\"},\"author\":{\"name\":\"Laurine Gay\",\"@id\":\"http:\\\/\\\/caviar-de-neuvic.com\\\/fr\\\/#\\\/schema\\\/person\\\/89912ad55a5ddd5efeb92f2d32511b03\"},\"headline\":\"Soir\u00e9e Tapas &#8211; 19 juillet\",\"datePublished\":\"2024-06-24T08:03:58+00:00\",\"mainEntityOfPage\":{\"@id\":\"https:\\\/\\\/caviar-de-neuvic.com\\\/evenements\\\/soiree-tapas-19-juillet\\\/\"},\"wordCount\":462,\"commentCount\":0,\"publisher\":{\"@id\":\"http:\\\/\\\/caviar-de-neuvic.com\\\/fr\\\/#organization\"},\"image\":{\"@id\":\"https:\\\/\\\/caviar-de-neuvic.com\\\/evenements\\\/soiree-tapas-19-juillet\\\/#primaryimage\"},\"thumbnailUrl\":\"https:\\\/\\\/caviar-de-neuvic.com\\\/wp-content\\\/uploads\\\/2024\\\/06\\\/CDN_TAPAS_240624_\u00aeAV-2.jpg\",\"articleSection\":[\"Actualit\u00e9s\",\"\u00c9venements\"],\"inLanguage\":\"de-CH\",\"potentialAction\":[{\"@type\":\"CommentAction\",\"name\":\"Comment\",\"target\":[\"https:\\\/\\\/caviar-de-neuvic.com\\\/evenements\\\/soiree-tapas-19-juillet\\\/#respond\"]}]},{\"@type\":\"WebPage\",\"@id\":\"https:\\\/\\\/caviar-de-neuvic.com\\\/evenements\\\/soiree-tapas-19-juillet\\\/\",\"url\":\"https:\\\/\\\/caviar-de-neuvic.com\\\/evenements\\\/soiree-tapas-19-juillet\\\/\",\"name\":\"Soir\u00e9e Tapas - 19 juillet - Producteur Fran\u00e7ais De Caviar\",\"isPartOf\":{\"@id\":\"http:\\\/\\\/caviar-de-neuvic.com\\\/fr\\\/#website\"},\"primaryImageOfPage\":{\"@id\":\"https:\\\/\\\/caviar-de-neuvic.com\\\/evenements\\\/soiree-tapas-19-juillet\\\/#primaryimage\"},\"image\":{\"@id\":\"https:\\\/\\\/caviar-de-neuvic.com\\\/evenements\\\/soiree-tapas-19-juillet\\\/#primaryimage\"},\"thumbnailUrl\":\"https:\\\/\\\/caviar-de-neuvic.com\\\/wp-content\\\/uploads\\\/2024\\\/06\\\/CDN_TAPAS_240624_\u00aeAV-2.jpg\",\"datePublished\":\"2024-06-24T08:03:58+00:00\",\"description\":\"Soir\u00e9e Tapas - 19 juillet 2024. Pr\u00e9parez-vous \u00e0 vivre une soir\u00e9e inoubliable sur notre nouvelle terrasse au Domaine.\",\"breadcrumb\":{\"@id\":\"https:\\\/\\\/caviar-de-neuvic.com\\\/evenements\\\/soiree-tapas-19-juillet\\\/#breadcrumb\"},\"inLanguage\":\"de-CH\",\"potentialAction\":[{\"@type\":\"ReadAction\",\"target\":[\"https:\\\/\\\/caviar-de-neuvic.com\\\/evenements\\\/soiree-tapas-19-juillet\\\/\"]}]},{\"@type\":\"ImageObject\",\"inLanguage\":\"de-CH\",\"@id\":\"https:\\\/\\\/caviar-de-neuvic.com\\\/evenements\\\/soiree-tapas-19-juillet\\\/#primaryimage\",\"url\":\"https:\\\/\\\/caviar-de-neuvic.com\\\/wp-content\\\/uploads\\\/2024\\\/06\\\/CDN_TAPAS_240624_\u00aeAV-2.jpg\",\"contentUrl\":\"https:\\\/\\\/caviar-de-neuvic.com\\\/wp-content\\\/uploads\\\/2024\\\/06\\\/CDN_TAPAS_240624_\u00aeAV-2.jpg\",\"width\":1920,\"height\":1280,\"caption\":\"Soir\u00e9e Tapas - 19 juillet\"},{\"@type\":\"BreadcrumbList\",\"@id\":\"https:\\\/\\\/caviar-de-neuvic.com\\\/evenements\\\/soiree-tapas-19-juillet\\\/#breadcrumb\",\"itemListElement\":[{\"@type\":\"ListItem\",\"position\":1,\"name\":\"Caviar de Neuvic\",\"item\":\"https:\\\/\\\/caviar-de-neuvic.com\\\/\"},{\"@type\":\"ListItem\",\"position\":2,\"name\":\"Soir\u00e9e Tapas &#8211; 19 juillet\"}]},{\"@type\":\"WebSite\",\"@id\":\"http:\\\/\\\/caviar-de-neuvic.com\\\/fr\\\/#website\",\"url\":\"http:\\\/\\\/caviar-de-neuvic.com\\\/fr\\\/\",\"name\":\"Producteur Fran\u00e7ais De Caviar\",\"description\":\"\",\"publisher\":{\"@id\":\"http:\\\/\\\/caviar-de-neuvic.com\\\/fr\\\/#organization\"},\"potentialAction\":[{\"@type\":\"SearchAction\",\"target\":{\"@type\":\"EntryPoint\",\"urlTemplate\":\"http:\\\/\\\/caviar-de-neuvic.com\\\/fr\\\/?s={search_term_string}\"},\"query-input\":{\"@type\":\"PropertyValueSpecification\",\"valueRequired\":true,\"valueName\":\"search_term_string\"}}],\"inLanguage\":\"de-CH\"},{\"@type\":\"Organization\",\"@id\":\"http:\\\/\\\/caviar-de-neuvic.com\\\/fr\\\/#organization\",\"name\":\"Producteur Fran\u00e7ais De Caviar\",\"url\":\"http:\\\/\\\/caviar-de-neuvic.com\\\/fr\\\/\",\"logo\":{\"@type\":\"ImageObject\",\"inLanguage\":\"de-CH\",\"@id\":\"http:\\\/\\\/caviar-de-neuvic.com\\\/fr\\\/#\\\/schema\\\/logo\\\/image\\\/\",\"url\":\"\",\"contentUrl\":\"\",\"caption\":\"Producteur Fran\u00e7ais De Caviar\"},\"image\":{\"@id\":\"http:\\\/\\\/caviar-de-neuvic.com\\\/fr\\\/#\\\/schema\\\/logo\\\/image\\\/\"}},{\"@type\":\"Person\",\"@id\":\"http:\\\/\\\/caviar-de-neuvic.com\\\/fr\\\/#\\\/schema\\\/person\\\/89912ad55a5ddd5efeb92f2d32511b03\",\"name\":\"Laurine Gay\",\"url\":\"https:\\\/\\\/caviar-de-neuvic.com\\\/de_ch\\\/author\\\/laurine-gaycaviardeneuvic-com\\\/\"}]}<\/script>\n<!-- \/ Yoast SEO plugin. -->","yoast_head_json":{"title":"Soir\u00e9e Tapas - 19 juillet - Producteur Fran\u00e7ais De Caviar","description":"Soir\u00e9e Tapas - 19 juillet 2024. Pr\u00e9parez-vous \u00e0 vivre une soir\u00e9e inoubliable sur notre nouvelle terrasse au Domaine.","robots":{"index":"index","follow":"follow","max-snippet":"max-snippet:-1","max-image-preview":"max-image-preview:large","max-video-preview":"max-video-preview:-1"},"canonical":"https:\/\/caviar-de-neuvic.com\/de_ch\/evenements\/soiree-tapas-19-juillet\/","og_locale":"de_DE","og_type":"article","og_title":"Soir\u00e9e Tapas - 19 juillet - Producteur Fran\u00e7ais De Caviar","og_description":"Soir\u00e9e Tapas - 19 juillet 2024. Pr\u00e9parez-vous \u00e0 vivre une soir\u00e9e inoubliable sur notre nouvelle terrasse au Domaine.","og_url":"https:\/\/caviar-de-neuvic.com\/de_ch\/evenements\/soiree-tapas-19-juillet\/","og_site_name":"Producteur Fran\u00e7ais De Caviar","article_published_time":"2024-06-24T08:03:58+00:00","og_image":[{"width":1920,"height":1280,"url":"https:\/\/caviar-de-neuvic.com\/wp-content\/uploads\/2024\/06\/CDN_TAPAS_240624_\u00aeAV-2.jpg","type":"image\/jpeg"}],"author":"Laurine Gay","twitter_card":"summary_large_image","twitter_misc":{"Geschrieben von":"Laurine Gay","Gesch\u00e4tzte Lesezeit":"4 Minuten"},"schema":{"@context":"https:\/\/schema.org","@graph":[{"@type":"Article","@id":"https:\/\/caviar-de-neuvic.com\/evenements\/soiree-tapas-19-juillet\/#article","isPartOf":{"@id":"https:\/\/caviar-de-neuvic.com\/evenements\/soiree-tapas-19-juillet\/"},"author":{"name":"Laurine Gay","@id":"http:\/\/caviar-de-neuvic.com\/fr\/#\/schema\/person\/89912ad55a5ddd5efeb92f2d32511b03"},"headline":"Soir\u00e9e Tapas &#8211; 19 juillet","datePublished":"2024-06-24T08:03:58+00:00","mainEntityOfPage":{"@id":"https:\/\/caviar-de-neuvic.com\/evenements\/soiree-tapas-19-juillet\/"},"wordCount":462,"commentCount":0,"publisher":{"@id":"http:\/\/caviar-de-neuvic.com\/fr\/#organization"},"image":{"@id":"https:\/\/caviar-de-neuvic.com\/evenements\/soiree-tapas-19-juillet\/#primaryimage"},"thumbnailUrl":"https:\/\/caviar-de-neuvic.com\/wp-content\/uploads\/2024\/06\/CDN_TAPAS_240624_\u00aeAV-2.jpg","articleSection":["Actualit\u00e9s","\u00c9venements"],"inLanguage":"de-CH","potentialAction":[{"@type":"CommentAction","name":"Comment","target":["https:\/\/caviar-de-neuvic.com\/evenements\/soiree-tapas-19-juillet\/#respond"]}]},{"@type":"WebPage","@id":"https:\/\/caviar-de-neuvic.com\/evenements\/soiree-tapas-19-juillet\/","url":"https:\/\/caviar-de-neuvic.com\/evenements\/soiree-tapas-19-juillet\/","name":"Soir\u00e9e Tapas - 19 juillet - Producteur Fran\u00e7ais De Caviar","isPartOf":{"@id":"http:\/\/caviar-de-neuvic.com\/fr\/#website"},"primaryImageOfPage":{"@id":"https:\/\/caviar-de-neuvic.com\/evenements\/soiree-tapas-19-juillet\/#primaryimage"},"image":{"@id":"https:\/\/caviar-de-neuvic.com\/evenements\/soiree-tapas-19-juillet\/#primaryimage"},"thumbnailUrl":"https:\/\/caviar-de-neuvic.com\/wp-content\/uploads\/2024\/06\/CDN_TAPAS_240624_\u00aeAV-2.jpg","datePublished":"2024-06-24T08:03:58+00:00","description":"Soir\u00e9e Tapas - 19 juillet 2024. Pr\u00e9parez-vous \u00e0 vivre une soir\u00e9e inoubliable sur notre nouvelle terrasse au Domaine.","breadcrumb":{"@id":"https:\/\/caviar-de-neuvic.com\/evenements\/soiree-tapas-19-juillet\/#breadcrumb"},"inLanguage":"de-CH","potentialAction":[{"@type":"ReadAction","target":["https:\/\/caviar-de-neuvic.com\/evenements\/soiree-tapas-19-juillet\/"]}]},{"@type":"ImageObject","inLanguage":"de-CH","@id":"https:\/\/caviar-de-neuvic.com\/evenements\/soiree-tapas-19-juillet\/#primaryimage","url":"https:\/\/caviar-de-neuvic.com\/wp-content\/uploads\/2024\/06\/CDN_TAPAS_240624_\u00aeAV-2.jpg","contentUrl":"https:\/\/caviar-de-neuvic.com\/wp-content\/uploads\/2024\/06\/CDN_TAPAS_240624_\u00aeAV-2.jpg","width":1920,"height":1280,"caption":"Soir\u00e9e Tapas - 19 juillet"},{"@type":"BreadcrumbList","@id":"https:\/\/caviar-de-neuvic.com\/evenements\/soiree-tapas-19-juillet\/#breadcrumb","itemListElement":[{"@type":"ListItem","position":1,"name":"Caviar de Neuvic","item":"https:\/\/caviar-de-neuvic.com\/"},{"@type":"ListItem","position":2,"name":"Soir\u00e9e Tapas &#8211; 19 juillet"}]},{"@type":"WebSite","@id":"http:\/\/caviar-de-neuvic.com\/fr\/#website","url":"http:\/\/caviar-de-neuvic.com\/fr\/","name":"Producteur Fran\u00e7ais De Caviar","description":"","publisher":{"@id":"http:\/\/caviar-de-neuvic.com\/fr\/#organization"},"potentialAction":[{"@type":"SearchAction","target":{"@type":"EntryPoint","urlTemplate":"http:\/\/caviar-de-neuvic.com\/fr\/?s={search_term_string}"},"query-input":{"@type":"PropertyValueSpecification","valueRequired":true,"valueName":"search_term_string"}}],"inLanguage":"de-CH"},{"@type":"Organization","@id":"http:\/\/caviar-de-neuvic.com\/fr\/#organization","name":"Producteur Fran\u00e7ais De Caviar","url":"http:\/\/caviar-de-neuvic.com\/fr\/","logo":{"@type":"ImageObject","inLanguage":"de-CH","@id":"http:\/\/caviar-de-neuvic.com\/fr\/#\/schema\/logo\/image\/","url":"","contentUrl":"","caption":"Producteur Fran\u00e7ais De Caviar"},"image":{"@id":"http:\/\/caviar-de-neuvic.com\/fr\/#\/schema\/logo\/image\/"}},{"@type":"Person","@id":"http:\/\/caviar-de-neuvic.com\/fr\/#\/schema\/person\/89912ad55a5ddd5efeb92f2d32511b03","name":"Laurine Gay","url":"https:\/\/caviar-de-neuvic.com\/de_ch\/author\/laurine-gaycaviardeneuvic-com\/"}]}},"_links":{"self":[{"href":"https:\/\/caviar-de-neuvic.com\/de_ch\/wp-json\/wp\/v2\/posts\/20856","targetHints":{"allow":["GET"]}}],"collection":[{"href":"https:\/\/caviar-de-neuvic.com\/de_ch\/wp-json\/wp\/v2\/posts"}],"about":[{"href":"https:\/\/caviar-de-neuvic.com\/de_ch\/wp-json\/wp\/v2\/types\/post"}],"author":[{"embeddable":true,"href":"https:\/\/caviar-de-neuvic.com\/de_ch\/wp-json\/wp\/v2\/users\/11896"}],"replies":[{"embeddable":true,"href":"https:\/\/caviar-de-neuvic.com\/de_ch\/wp-json\/wp\/v2\/comments?post=20856"}],"version-history":[{"count":0,"href":"https:\/\/caviar-de-neuvic.com\/de_ch\/wp-json\/wp\/v2\/posts\/20856\/revisions"}],"wp:featuredmedia":[{"embeddable":true,"href":"https:\/\/caviar-de-neuvic.com\/de_ch\/wp-json\/wp\/v2\/media\/21148"}],"wp:attachment":[{"href":"https:\/\/caviar-de-neuvic.com\/de_ch\/wp-json\/wp\/v2\/media?parent=20856"}],"wp:term":[{"taxonomy":"category","embeddable":true,"href":"https:\/\/caviar-de-neuvic.com\/de_ch\/wp-json\/wp\/v2\/categories?post=20856"},{"taxonomy":"post_tag","embeddable":true,"href":"https:\/\/caviar-de-neuvic.com\/de_ch\/wp-json\/wp\/v2\/tags?post=20856"}],"curies":[{"name":"wp","href":"https:\/\/api.w.org\/{rel}","templated":true}]}}