{"id":20857,"date":"2024-06-25T11:53:18","date_gmt":"2024-06-25T09:53:18","guid":{"rendered":"https:\/\/caviar-de-neuvic.com\/parlons-caviar-old\/?p=7779"},"modified":"2024-06-25T11:53:18","modified_gmt":"2024-06-25T09:53:18","slug":"crazy-days-caviar-de-neuvic","status":"publish","type":"post","link":"https:\/\/caviar-de-neuvic.com\/de_ch\/nos-points-de-vente-tourisme\/crazy-days-caviar-de-neuvic\/","title":{"rendered":"Crazy Days Caviar de Neuvic"},"content":{"rendered":"<h3 style=\"text-align: justify;\"><span style=\"font-weight: 400;\"><strong>OFFRE PUBLIC<\/strong>\u00a0<\/span><\/h3>\n<p style=\"text-align: justify;\"><span style=\"font-weight: 400;\">Pendant quelques jours seulement, Caviar de Neuvic vous propose une offre exceptionnelle sur les caviars.\u00a0<\/span><\/p>\n<p style=\"text-align: justify;\"><span style=\"font-weight: 400;\"><a href=\"https:\/\/caviar-de-neuvic.com\/de_ch\/parlons-caviar-old\/universducaviar\/caviar-baeri-ou-oscietre-que-choisir\/\" target=\"_blank\" rel=\"noopener\">Baeri et Osci\u00e8tre<\/a> \u00a0! &#x1f41f;<\/span><\/p>\n<p style=\"text-align: justify;\"><span style=\"font-weight: 400;\">&#x1f4a5;LE BAERI : 1 = 1&#x1f4a5;<\/span><\/p>\n<p><span style=\"font-weight: 400;\">&#x1f4a5;L\u2019OSCIETRE : 1 = 1&#x1f4a5;<\/span><\/p>\n<h3 style=\"text-align: justify;\"><strong>Le Baeri : un caviar \u00e9quilibr\u00e9<\/strong><\/h3>\n<p style=\"text-align: justify;\"><span style=\"font-weight: 400;\">Der <a href=\"https:\/\/caviar-de-neuvic.com\/de_ch\/caviar-baeri\/81-64-caviar-baeri-signature.html\/#\/2-choisissez_le_poids_-30g\" target=\"_blank\" rel=\"noopener\">Baeri Kaviar<\/a> est un grain de taille moyenne avec des nuances de couleur allant du noir au gris clair. En bouche, ce caviar de producteur se caract\u00e9rise par la texture fondante des oeufs. Il est finement iod\u00e9 avec des saveurs de beurre et une petite note de noisette en fin de bouche.<\/span><\/p>\n<p><i>\t\t<style>\n\t\t\t.blog_sticker{\n\t\t\t\tmargin-top: 50px !important;\n\t\t\t\tdisplay: flex;\n  \t\t\t\tjustify-content: center;\n\t\t\t\tflex-wrap: wrap;\n\t\t\t}\n\t\t\t.blog_sticker .product-miniature-list.row .span_1_of_3{\n\t\t\t\twidth: 100%!important;\n\t\t\t\tflex: 0 0 100%!important;\n\t\t\t\tmax-width: 400px!important;\n\t\t\t}\n\t\t\t.blog_sticker_right{\n\t\t\t\tmax-width: 400px;\n\t\t\t}\n\t\t\t.product-miniature-list.row {\n\t\t\t\tdisplay: flex;\n\t\t\t\tjustify-content: center;\n\t\t\t\tflex-wrap: wrap;\n\t\t\t}\n\t\t<\/style>\n\t\t<div class=\"blog_sticker d-flex flex-wrap\">\n\t\t\t<div class=\"blog_sticker_left col-sm-12 col-md-6 products-grid\">\n\t\t\t\t<div class=\"product-miniature-list row\">\n\t\t\t\t\t\t\t\t\t<\/div>\n\t\t\t<\/div>\n\t\t\t<div class=\"blog_sticker_right col-sm-12 col-md-6\">\n\t\t\t\t<\/i><\/p>\n<p style=\"text-align: justify;\"><span style=\"font-weight: 400;\">\u00c0 partir de 50gr \u2013 121\u20ac TTC<\/span><\/p>\n<p><i>\t\t\t<\/div>\n\t\t<\/div>\n\t<\/i><\/p>\n<h3 style=\"text-align: justify;\"><strong>L\u2019Osci\u00e8tre : un caviar de caract\u00e8re<\/strong><\/h3>\n<p style=\"text-align: justify;\"><span style=\"font-weight: 400;\">Le grain du <a href=\"https:\/\/caviar-de-neuvic.com\/de_ch\/15-caviar-oscietre\/\" target=\"_blank\" rel=\"noopener\">Oscietre Kaviar<\/a> se d\u00e9marque par ses notes marines et de noisettes. Son go\u00fbt est \u00e0 la fois puissant et structur\u00e9 ce qui lui permet d\u2019\u00eatre appr\u00e9ci\u00e9 par tous les palais, m\u00eame les plus confirm\u00e9s.<\/span><\/p>\n<p><i>\t\t<style>\n\t\t\t.blog_sticker{\n\t\t\t\tmargin-top: 50px !important;\n\t\t\t\tdisplay: flex;\n  \t\t\t\tjustify-content: center;\n\t\t\t\tflex-wrap: wrap;\n\t\t\t}\n\t\t\t.blog_sticker .product-miniature-list.row .span_1_of_3{\n\t\t\t\twidth: 100%!important;\n\t\t\t\tflex: 0 0 100%!important;\n\t\t\t\tmax-width: 400px!important;\n\t\t\t}\n\t\t\t.blog_sticker_right{\n\t\t\t\tmax-width: 400px;\n\t\t\t}\n\t\t\t.product-miniature-list.row {\n\t\t\t\tdisplay: flex;\n\t\t\t\tjustify-content: center;\n\t\t\t\tflex-wrap: wrap;\n\t\t\t}\n\t\t<\/style>\n\t\t<div class=\"blog_sticker d-flex flex-wrap\">\n\t\t\t<div class=\"blog_sticker_left col-sm-12 col-md-6 products-grid\">\n\t\t\t\t<div class=\"product-miniature-list row\">\n\t\t\t\t\t\t\t\t\t<\/div>\n\t\t\t<\/div>\n\t\t\t<div class=\"blog_sticker_right col-sm-12 col-md-6\">\n\t\t\t\t<\/i><\/p>\n<p style=\"text-align: justify;\"><span style=\"font-weight: 400;\">\u00c0 partir de 100gr \u2013 296\u20ac TTC<\/span><\/p>\n<p><i>\t\t\t<\/div>\n\t\t<\/div>\n\t<\/i><\/p>\n<p style=\"text-align: justify;\"><span style=\"font-weight: 400;\">Retrouvez nos offres dans toutes nos boutiques \u00e0 Neuvic, Paris, Bordeaux, Lyon et sur notre <a href=\"https:\/\/caviar-de-neuvic.com\/de_ch\/45-crazy-caviar-days\/\" target=\"_blank\" rel=\"noopener\">site internet<\/a>.<\/span><\/p>\n<p style=\"text-align: justify;\"><span style=\"font-weight: 400;\">&#x1f449; <\/span><a href=\"https:\/\/caviar-de-neuvic.com\/de_ch\/\"><span style=\"font-weight: 400;\">https:\/\/caviar-de-neuvic.com\/fr\/<\/span><\/a><\/p>\n<ul style=\"text-align: justify;\">\n<li><span style=\"font-weight: 400;\">16 Rue de l&rsquo;Od\u00e9on, 75006 Paris &#8211; <\/span><a href=\"https:\/\/www.google.com\/search?client=safari&amp;rls=en&amp;q=num%C3%A9ro+telephone+caviar+de+neuvic+paris&amp;ie=UTF-8&amp;oe=UTF-8#\"><span style=\"font-weight: 400;\">01 42 39 03 73<\/span><\/a><\/li>\n<li><span style=\"font-weight: 400;\">14 passage Sarget, 33000 Bordeaux &#8211; <\/span><a href=\"https:\/\/www.google.com\/search?q=num%C3%A9ro+telephone+caviar+de+neuvic+bordeuax&amp;client=safari&amp;rls=en&amp;sxsrf=ALiCzsZfF3d3-wKv7rrDI6fFXhmsoPnh_A%3A1666080317433&amp;ei=PV5OY6qJGseKlwSE5pmYBw&amp;ved=0ahUKEwjqm_PrqOn6AhVHxYUKHQRzBnMQ4dUDCA4&amp;uact=5&amp;oq=num%C3%A9ro+telephone+caviar+de+neuvic+bordeuax&amp;gs_lcp=Cgdnd3Mtd2l6EAMyBwghEKABEAoyBwghEKABEAo6CggAEEcQ1gQQsAM6DQgAEEcQ1gQQsAMQyQM6BAgjECc6BQghEKABSgQIQRgASgQIRhgAUOUCWMsPYKMRaAFwAXgAgAGcAYgB7AiSAQMwLjmYAQCgAQHIAQjAAQE&amp;sclient=gws-wiz#\"><span style=\"font-weight: 400;\">05 57 59 54 86<\/span><\/a><\/li>\n<li><span style=\"font-weight: 400;\">84, rue du Pre\u0301sident Edouard Herriot 69002 Lyon &#8211; <\/span><a href=\"https:\/\/www.google.com\/search?q=num%C3%A9ro+telephone+caviar+de+neuvic+lyon&amp;client=safari&amp;rls=en&amp;sxsrf=ALiCzsanf5I7h6zbmUAK6KHqC8z_yu7AOQ%3A1666080351969&amp;ei=X15OY-7iOoXUaca_tagD&amp;ved=0ahUKEwiujq_8qOn6AhUFahoKHcZfDTUQ4dUDCA4&amp;uact=5&amp;oq=num%C3%A9ro+telephone+caviar+de+neuvic+lyon&amp;gs_lcp=Cgdnd3Mtd2l6EAMyBQghEKABMgUIIRCgATIFCCEQoAE6BAgAEEc6BAgjECc6BAghEBVKBAhBGABKBAhGGABQcli1FGCdFmgAcAJ4AIABhASIAZISkgEJMC44LjMuNS0xmAEAoAEByAEIwAEB&amp;sclient=gws-wiz#\"><span style=\"font-weight: 400;\">04 78 82 34 17<\/span><\/a><\/li>\n<li><span style=\"font-weight: 400;\">430 route de la Veyssi\u00e8re, 24190 Neuvic &#8211; <\/span><a href=\"https:\/\/www.google.com\/search?q=num%C3%A9ro+telephone+caviar+de+neuvic&amp;client=safari&amp;rls=en&amp;sxsrf=ALiCzsbhwurzOW-IjAhe0mEFbTWDPo1yDQ%3A1666080356032&amp;ei=ZF5OY_zEAYT4acfKrFA&amp;ved=0ahUKEwj8hqf-qOn6AhUEfBoKHUclCwoQ4dUDCA4&amp;uact=5&amp;oq=num%C3%A9ro+telephone+caviar+de+neuvic&amp;gs_lcp=Cgdnd3Mtd2l6EAMyBAgjECcyBAgjECcyBAgjECc6CggAEEcQ1gQQsAM6DQgAEEcQ1gQQsAMQyQM6DQgAEOQCENYEELADGAFKBAhNGAFKBAhBGABKBAhGGAFQ8QJY8QJgvQVoAXABeACAAXaIAXaSAQMwLjGYAQCgAQHIAQ3AAQHaAQYIARABGAk&amp;sclient=gws-wiz#\"><span style=\"font-weight: 400;\">05 53 80 89 57<\/span><\/a><\/li>\n<\/ul>\n<p>&nbsp;<\/p>\n<p style=\"text-align: justify;\"><span style=\"font-weight: 400;\">&#x26a0;&#xfe0f;Offre valable du 25 juin au 1 juillet 2024 sur le tarif public et dans la limite des stocks disponibles.<\/span><\/p>\n<p>&nbsp;<\/p>\n<h3 style=\"text-align: justify;\"><strong>OFFRE PRO<\/strong><\/h3>\n<p style=\"text-align: justify;\"><span style=\"font-weight: 400;\">Des offres pour les crazy days sont \u00e9galement disponibles pour les professionnels.<\/span><\/p>\n<p style=\"text-align: justify;\"><span style=\"font-weight: 400;\">Pour en savoir plus sur les tarifs rendez-vous sur notre site <\/span><a href=\"https:\/\/www.linkedin.com\/feed\/hashtag\/?keywords=professionnel&amp;highlightedUpdateUrns=urn%3Ali%3Aactivity%3A7206203623695925249\"><span style=\"font-weight: 400;\">professionnel<\/span><\/a> <span style=\"font-weight: 400;\">&#x1f449;<\/span><a href=\"https:\/\/pro.caviar-de-neuvic.com\/\"><span style=\"font-weight: 400;\">https:\/\/pro.caviar-de-neuvic.com\/<\/span><\/a> <span style=\"font-weight: 400;\">ou par t\u00e9l\u00e9phone avec vos commerciaux r\u00e9f\u00e9rents.<\/span><\/p>\n<p style=\"text-align: justify;\"><span style=\"font-weight: 400;\">&#x26a0;&#xfe0f;Offre valable du 25 juin au 1 juillet 2024 sur le tarif professionnel et dans la limite des stocks disponibles.<\/span><\/p>\n<p style=\"text-align: justify;\"><span style=\"font-weight: 400;\">&#x26a0;&#xfe0f;Panachage entre Baeri Signature et Osci\u00e8tre Signature possible sous condition de respecter le minimum de 500g achet\u00e9s.<\/span><\/p>\n<p style=\"text-align: justify;\"><span style=\"font-weight: 400;\">&#x26a0;&#xfe0f;Les bo\u00eetes offertes seront \u00e0 l&rsquo;identique (format et esp\u00e8ce) de celles achet\u00e9es. Non cumulable avec d\u2019autres offres<\/span><\/p>","protected":false},"excerpt":{"rendered":"<p>OFFRE PUBLIC\u00a0 Pendant quelques jours seulement, Caviar de Neuvic vous propose une offre exceptionnelle sur les caviars.\u00a0 Baeri et Osci\u00e8tre \u00a0! &#x1f41f; &#x1f4a5;LE BAERI : 1 = 1&#x1f4a5; &#x1f4a5;L\u2019OSCIETRE : 1 = 1&#x1f4a5; Le Baeri : un caviar \u00e9quilibr\u00e9 Le Caviar Baeri est un grain de taille moyenne avec des nuances de couleur allant du [&hellip;]<\/p>\n","protected":false},"author":11896,"featured_media":21155,"comment_status":"open","ping_status":"closed","sticky":false,"template":"","format":"standard","meta":{"_acf_changed":false,"ocean_post_layout":"","ocean_both_sidebars_style":"","ocean_both_sidebars_content_width":0,"ocean_both_sidebars_sidebars_width":0,"ocean_sidebar":"","ocean_second_sidebar":"","ocean_disable_margins":"enable","ocean_add_body_class":"","ocean_shortcode_before_top_bar":"","ocean_shortcode_after_top_bar":"","ocean_shortcode_before_header":"","ocean_shortcode_after_header":"","ocean_has_shortcode":"","ocean_shortcode_after_title":"","ocean_shortcode_before_footer_widgets":"","ocean_shortcode_after_footer_widgets":"","ocean_shortcode_before_footer_bottom":"","ocean_shortcode_after_footer_bottom":"","ocean_display_top_bar":"default","ocean_display_header":"default","ocean_header_style":"","ocean_center_header_left_menu":"","ocean_custom_header_template":"","ocean_custom_logo":0,"ocean_custom_retina_logo":0,"ocean_custom_logo_max_width":0,"ocean_custom_logo_tablet_max_width":0,"ocean_custom_logo_mobile_max_width":0,"ocean_custom_logo_max_height":0,"ocean_custom_logo_tablet_max_height":0,"ocean_custom_logo_mobile_max_height":0,"ocean_header_custom_menu":"","ocean_menu_typo_font_family":"","ocean_menu_typo_font_subset":"","ocean_menu_typo_font_size":0,"ocean_menu_typo_font_size_tablet":0,"ocean_menu_typo_font_size_mobile":0,"ocean_menu_typo_font_size_unit":"px","ocean_menu_typo_font_weight":"","ocean_menu_typo_font_weight_tablet":"","ocean_menu_typo_font_weight_mobile":"","ocean_menu_typo_transform":"","ocean_menu_typo_transform_tablet":"","ocean_menu_typo_transform_mobile":"","ocean_menu_typo_line_height":0,"ocean_menu_typo_line_height_tablet":0,"ocean_menu_typo_line_height_mobile":0,"ocean_menu_typo_line_height_unit":"","ocean_menu_typo_spacing":0,"ocean_menu_typo_spacing_tablet":0,"ocean_menu_typo_spacing_mobile":0,"ocean_menu_typo_spacing_unit":"","ocean_menu_link_color":"","ocean_menu_link_color_hover":"","ocean_menu_link_color_active":"","ocean_menu_link_background":"","ocean_menu_link_hover_background":"","ocean_menu_link_active_background":"","ocean_menu_social_links_bg":"","ocean_menu_social_hover_links_bg":"","ocean_menu_social_links_color":"","ocean_menu_social_hover_links_color":"","ocean_disable_title":"default","ocean_disable_heading":"default","ocean_post_title":"","ocean_post_subheading":"","ocean_post_title_style":"","ocean_post_title_background_color":"","ocean_post_title_background":0,"ocean_post_title_bg_image_position":"","ocean_post_title_bg_image_attachment":"","ocean_post_title_bg_image_repeat":"","ocean_post_title_bg_image_size":"","ocean_post_title_height":0,"ocean_post_title_bg_overlay":0.5,"ocean_post_title_bg_overlay_color":"","ocean_disable_breadcrumbs":"default","ocean_breadcrumbs_color":"","ocean_breadcrumbs_separator_color":"","ocean_breadcrumbs_links_color":"","ocean_breadcrumbs_links_hover_color":"","ocean_display_footer_widgets":"default","ocean_display_footer_bottom":"default","ocean_custom_footer_template":"","omw_enable_modal_window":"enable","ocean_post_oembed":"","ocean_post_self_hosted_media":"","ocean_post_video_embed":"","ocean_link_format":"","ocean_link_format_target":"self","ocean_quote_format":"","ocean_quote_format_link":"post","ocean_gallery_link_images":"on","ocean_gallery_id":[],"footnotes":""},"categories":[286],"tags":[],"class_list":["post-20857","post","type-post","status-publish","format-standard","has-post-thumbnail","hentry","category-nos-points-de-vente-tourisme","entry","has-media","owp-thumbs-layout-vertical","owp-btn-normal","owp-tabs-layout-horizontal","has-no-thumbnails","has-product-nav"],"acf":[],"yoast_head":"<!-- This site is optimized with the Yoast SEO plugin v27.5 - https:\/\/yoast.com\/product\/yoast-seo-wordpress\/ -->\n<title>Crazy Days Caviar de Neuvic - Producteur Fran\u00e7ais De Caviar<\/title>\n<meta name=\"description\" content=\"Crazy Days Caviar de Neuvic. Pendant quelques jours seulement, Caviar de Neuvic vous propose une offre exceptionnelle sur les caviars\" \/>\n<meta name=\"robots\" content=\"index, follow, max-snippet:-1, max-image-preview:large, max-video-preview:-1\" \/>\n<link rel=\"canonical\" href=\"https:\/\/caviar-de-neuvic.com\/de_ch\/nos-points-de-vente-tourisme\/crazy-days-caviar-de-neuvic\/\" \/>\n<meta property=\"og:locale\" content=\"de_DE\" \/>\n<meta property=\"og:type\" content=\"article\" \/>\n<meta property=\"og:title\" content=\"Crazy Days Caviar de Neuvic - Producteur Fran\u00e7ais De Caviar\" \/>\n<meta property=\"og:description\" content=\"Crazy Days Caviar de Neuvic. Pendant quelques jours seulement, Caviar de Neuvic vous propose une offre exceptionnelle sur les caviars\" \/>\n<meta property=\"og:url\" content=\"https:\/\/caviar-de-neuvic.com\/de_ch\/nos-points-de-vente-tourisme\/crazy-days-caviar-de-neuvic\/\" \/>\n<meta property=\"og:site_name\" content=\"Producteur Fran\u00e7ais De Caviar\" \/>\n<meta property=\"article:published_time\" content=\"2024-06-25T09:53:18+00:00\" \/>\n<meta property=\"og:image\" content=\"https:\/\/caviar-de-neuvic.com\/wp-content\/uploads\/2024\/06\/600-X400-CRAZY-DAYS.png\" \/>\n\t<meta property=\"og:image:width\" content=\"600\" \/>\n\t<meta property=\"og:image:height\" content=\"400\" \/>\n\t<meta property=\"og:image:type\" content=\"image\/png\" \/>\n<meta name=\"author\" content=\"Laurine Gay\" \/>\n<meta name=\"twitter:card\" content=\"summary_large_image\" \/>\n<meta name=\"twitter:label1\" content=\"Geschrieben von\" \/>\n\t<meta name=\"twitter:data1\" content=\"Laurine Gay\" \/>\n\t<meta name=\"twitter:label2\" content=\"Gesch\u00e4tzte Lesezeit\" \/>\n\t<meta name=\"twitter:data2\" content=\"2 Minuten\" \/>\n<script type=\"application\/ld+json\" class=\"yoast-schema-graph\">{\"@context\":\"https:\\\/\\\/schema.org\",\"@graph\":[{\"@type\":\"Article\",\"@id\":\"https:\\\/\\\/caviar-de-neuvic.com\\\/fr\\\/nos-points-de-vente-tourisme\\\/crazy-days-caviar-de-neuvic\\\/#article\",\"isPartOf\":{\"@id\":\"https:\\\/\\\/caviar-de-neuvic.com\\\/fr\\\/nos-points-de-vente-tourisme\\\/crazy-days-caviar-de-neuvic\\\/\"},\"author\":{\"name\":\"Laurine Gay\",\"@id\":\"http:\\\/\\\/caviar-de-neuvic.com\\\/fr\\\/#\\\/schema\\\/person\\\/89912ad55a5ddd5efeb92f2d32511b03\"},\"headline\":\"Crazy Days Caviar de Neuvic\",\"datePublished\":\"2024-06-25T09:53:18+00:00\",\"mainEntityOfPage\":{\"@id\":\"https:\\\/\\\/caviar-de-neuvic.com\\\/fr\\\/nos-points-de-vente-tourisme\\\/crazy-days-caviar-de-neuvic\\\/\"},\"wordCount\":354,\"commentCount\":0,\"publisher\":{\"@id\":\"http:\\\/\\\/caviar-de-neuvic.com\\\/fr\\\/#organization\"},\"image\":{\"@id\":\"https:\\\/\\\/caviar-de-neuvic.com\\\/fr\\\/nos-points-de-vente-tourisme\\\/crazy-days-caviar-de-neuvic\\\/#primaryimage\"},\"thumbnailUrl\":\"https:\\\/\\\/caviar-de-neuvic.com\\\/wp-content\\\/uploads\\\/2024\\\/06\\\/600-X400-CRAZY-DAYS.png\",\"articleSection\":[\"Nos Points de Vente + Tourisme\"],\"inLanguage\":\"de-CH\",\"potentialAction\":[{\"@type\":\"CommentAction\",\"name\":\"Comment\",\"target\":[\"https:\\\/\\\/caviar-de-neuvic.com\\\/fr\\\/nos-points-de-vente-tourisme\\\/crazy-days-caviar-de-neuvic\\\/#respond\"]}]},{\"@type\":\"WebPage\",\"@id\":\"https:\\\/\\\/caviar-de-neuvic.com\\\/fr\\\/nos-points-de-vente-tourisme\\\/crazy-days-caviar-de-neuvic\\\/\",\"url\":\"https:\\\/\\\/caviar-de-neuvic.com\\\/fr\\\/nos-points-de-vente-tourisme\\\/crazy-days-caviar-de-neuvic\\\/\",\"name\":\"Crazy Days Caviar de Neuvic - Producteur Fran\u00e7ais De Caviar\",\"isPartOf\":{\"@id\":\"http:\\\/\\\/caviar-de-neuvic.com\\\/fr\\\/#website\"},\"primaryImageOfPage\":{\"@id\":\"https:\\\/\\\/caviar-de-neuvic.com\\\/fr\\\/nos-points-de-vente-tourisme\\\/crazy-days-caviar-de-neuvic\\\/#primaryimage\"},\"image\":{\"@id\":\"https:\\\/\\\/caviar-de-neuvic.com\\\/fr\\\/nos-points-de-vente-tourisme\\\/crazy-days-caviar-de-neuvic\\\/#primaryimage\"},\"thumbnailUrl\":\"https:\\\/\\\/caviar-de-neuvic.com\\\/wp-content\\\/uploads\\\/2024\\\/06\\\/600-X400-CRAZY-DAYS.png\",\"datePublished\":\"2024-06-25T09:53:18+00:00\",\"description\":\"Crazy Days Caviar de Neuvic. Pendant quelques jours seulement, Caviar de Neuvic vous propose une offre exceptionnelle sur les caviars\",\"breadcrumb\":{\"@id\":\"https:\\\/\\\/caviar-de-neuvic.com\\\/fr\\\/nos-points-de-vente-tourisme\\\/crazy-days-caviar-de-neuvic\\\/#breadcrumb\"},\"inLanguage\":\"de-CH\",\"potentialAction\":[{\"@type\":\"ReadAction\",\"target\":[\"https:\\\/\\\/caviar-de-neuvic.com\\\/fr\\\/nos-points-de-vente-tourisme\\\/crazy-days-caviar-de-neuvic\\\/\"]}]},{\"@type\":\"ImageObject\",\"inLanguage\":\"de-CH\",\"@id\":\"https:\\\/\\\/caviar-de-neuvic.com\\\/fr\\\/nos-points-de-vente-tourisme\\\/crazy-days-caviar-de-neuvic\\\/#primaryimage\",\"url\":\"https:\\\/\\\/caviar-de-neuvic.com\\\/wp-content\\\/uploads\\\/2024\\\/06\\\/600-X400-CRAZY-DAYS.png\",\"contentUrl\":\"https:\\\/\\\/caviar-de-neuvic.com\\\/wp-content\\\/uploads\\\/2024\\\/06\\\/600-X400-CRAZY-DAYS.png\",\"width\":600,\"height\":400,\"caption\":\"Crazy Days Caviar de Neuvic\"},{\"@type\":\"BreadcrumbList\",\"@id\":\"https:\\\/\\\/caviar-de-neuvic.com\\\/fr\\\/nos-points-de-vente-tourisme\\\/crazy-days-caviar-de-neuvic\\\/#breadcrumb\",\"itemListElement\":[{\"@type\":\"ListItem\",\"position\":1,\"name\":\"Caviar de Neuvic\",\"item\":\"https:\\\/\\\/caviar-de-neuvic.com\\\/\"},{\"@type\":\"ListItem\",\"position\":2,\"name\":\"Nos Points de Vente + Tourisme\",\"item\":\"https:\\\/\\\/caviar-de-neuvic.com\\\/fr\\\/category\\\/nos-points-de-vente-tourisme\\\/\"},{\"@type\":\"ListItem\",\"position\":3,\"name\":\"Crazy Days Caviar de Neuvic\"}]},{\"@type\":\"WebSite\",\"@id\":\"http:\\\/\\\/caviar-de-neuvic.com\\\/fr\\\/#website\",\"url\":\"http:\\\/\\\/caviar-de-neuvic.com\\\/fr\\\/\",\"name\":\"Producteur Fran\u00e7ais De Caviar\",\"description\":\"\",\"publisher\":{\"@id\":\"http:\\\/\\\/caviar-de-neuvic.com\\\/fr\\\/#organization\"},\"potentialAction\":[{\"@type\":\"SearchAction\",\"target\":{\"@type\":\"EntryPoint\",\"urlTemplate\":\"http:\\\/\\\/caviar-de-neuvic.com\\\/fr\\\/?s={search_term_string}\"},\"query-input\":{\"@type\":\"PropertyValueSpecification\",\"valueRequired\":true,\"valueName\":\"search_term_string\"}}],\"inLanguage\":\"de-CH\"},{\"@type\":\"Organization\",\"@id\":\"http:\\\/\\\/caviar-de-neuvic.com\\\/fr\\\/#organization\",\"name\":\"Producteur Fran\u00e7ais De Caviar\",\"url\":\"http:\\\/\\\/caviar-de-neuvic.com\\\/fr\\\/\",\"logo\":{\"@type\":\"ImageObject\",\"inLanguage\":\"de-CH\",\"@id\":\"http:\\\/\\\/caviar-de-neuvic.com\\\/fr\\\/#\\\/schema\\\/logo\\\/image\\\/\",\"url\":\"\",\"contentUrl\":\"\",\"caption\":\"Producteur Fran\u00e7ais De Caviar\"},\"image\":{\"@id\":\"http:\\\/\\\/caviar-de-neuvic.com\\\/fr\\\/#\\\/schema\\\/logo\\\/image\\\/\"}},{\"@type\":\"Person\",\"@id\":\"http:\\\/\\\/caviar-de-neuvic.com\\\/fr\\\/#\\\/schema\\\/person\\\/89912ad55a5ddd5efeb92f2d32511b03\",\"name\":\"Laurine Gay\",\"url\":\"https:\\\/\\\/caviar-de-neuvic.com\\\/de_ch\\\/author\\\/laurine-gaycaviardeneuvic-com\\\/\"}]}<\/script>\n<!-- \/ Yoast SEO plugin. -->","yoast_head_json":{"title":"Crazy Days Caviar de Neuvic - Producteur Fran\u00e7ais De Caviar","description":"Crazy Days Caviar de Neuvic. Pendant quelques jours seulement, Caviar de Neuvic vous propose une offre exceptionnelle sur les caviars","robots":{"index":"index","follow":"follow","max-snippet":"max-snippet:-1","max-image-preview":"max-image-preview:large","max-video-preview":"max-video-preview:-1"},"canonical":"https:\/\/caviar-de-neuvic.com\/de_ch\/nos-points-de-vente-tourisme\/crazy-days-caviar-de-neuvic\/","og_locale":"de_DE","og_type":"article","og_title":"Crazy Days Caviar de Neuvic - Producteur Fran\u00e7ais De Caviar","og_description":"Crazy Days Caviar de Neuvic. Pendant quelques jours seulement, Caviar de Neuvic vous propose une offre exceptionnelle sur les caviars","og_url":"https:\/\/caviar-de-neuvic.com\/de_ch\/nos-points-de-vente-tourisme\/crazy-days-caviar-de-neuvic\/","og_site_name":"Producteur Fran\u00e7ais De Caviar","article_published_time":"2024-06-25T09:53:18+00:00","og_image":[{"width":600,"height":400,"url":"https:\/\/caviar-de-neuvic.com\/wp-content\/uploads\/2024\/06\/600-X400-CRAZY-DAYS.png","type":"image\/png"}],"author":"Laurine Gay","twitter_card":"summary_large_image","twitter_misc":{"Geschrieben von":"Laurine Gay","Gesch\u00e4tzte Lesezeit":"2 Minuten"},"schema":{"@context":"https:\/\/schema.org","@graph":[{"@type":"Article","@id":"https:\/\/caviar-de-neuvic.com\/fr\/nos-points-de-vente-tourisme\/crazy-days-caviar-de-neuvic\/#article","isPartOf":{"@id":"https:\/\/caviar-de-neuvic.com\/fr\/nos-points-de-vente-tourisme\/crazy-days-caviar-de-neuvic\/"},"author":{"name":"Laurine Gay","@id":"http:\/\/caviar-de-neuvic.com\/fr\/#\/schema\/person\/89912ad55a5ddd5efeb92f2d32511b03"},"headline":"Crazy Days Caviar de Neuvic","datePublished":"2024-06-25T09:53:18+00:00","mainEntityOfPage":{"@id":"https:\/\/caviar-de-neuvic.com\/fr\/nos-points-de-vente-tourisme\/crazy-days-caviar-de-neuvic\/"},"wordCount":354,"commentCount":0,"publisher":{"@id":"http:\/\/caviar-de-neuvic.com\/fr\/#organization"},"image":{"@id":"https:\/\/caviar-de-neuvic.com\/fr\/nos-points-de-vente-tourisme\/crazy-days-caviar-de-neuvic\/#primaryimage"},"thumbnailUrl":"https:\/\/caviar-de-neuvic.com\/wp-content\/uploads\/2024\/06\/600-X400-CRAZY-DAYS.png","articleSection":["Nos Points de Vente + Tourisme"],"inLanguage":"de-CH","potentialAction":[{"@type":"CommentAction","name":"Comment","target":["https:\/\/caviar-de-neuvic.com\/fr\/nos-points-de-vente-tourisme\/crazy-days-caviar-de-neuvic\/#respond"]}]},{"@type":"WebPage","@id":"https:\/\/caviar-de-neuvic.com\/fr\/nos-points-de-vente-tourisme\/crazy-days-caviar-de-neuvic\/","url":"https:\/\/caviar-de-neuvic.com\/fr\/nos-points-de-vente-tourisme\/crazy-days-caviar-de-neuvic\/","name":"Crazy Days Caviar de Neuvic - Producteur Fran\u00e7ais De Caviar","isPartOf":{"@id":"http:\/\/caviar-de-neuvic.com\/fr\/#website"},"primaryImageOfPage":{"@id":"https:\/\/caviar-de-neuvic.com\/fr\/nos-points-de-vente-tourisme\/crazy-days-caviar-de-neuvic\/#primaryimage"},"image":{"@id":"https:\/\/caviar-de-neuvic.com\/fr\/nos-points-de-vente-tourisme\/crazy-days-caviar-de-neuvic\/#primaryimage"},"thumbnailUrl":"https:\/\/caviar-de-neuvic.com\/wp-content\/uploads\/2024\/06\/600-X400-CRAZY-DAYS.png","datePublished":"2024-06-25T09:53:18+00:00","description":"Crazy Days Caviar de Neuvic. Pendant quelques jours seulement, Caviar de Neuvic vous propose une offre exceptionnelle sur les caviars","breadcrumb":{"@id":"https:\/\/caviar-de-neuvic.com\/fr\/nos-points-de-vente-tourisme\/crazy-days-caviar-de-neuvic\/#breadcrumb"},"inLanguage":"de-CH","potentialAction":[{"@type":"ReadAction","target":["https:\/\/caviar-de-neuvic.com\/fr\/nos-points-de-vente-tourisme\/crazy-days-caviar-de-neuvic\/"]}]},{"@type":"ImageObject","inLanguage":"de-CH","@id":"https:\/\/caviar-de-neuvic.com\/fr\/nos-points-de-vente-tourisme\/crazy-days-caviar-de-neuvic\/#primaryimage","url":"https:\/\/caviar-de-neuvic.com\/wp-content\/uploads\/2024\/06\/600-X400-CRAZY-DAYS.png","contentUrl":"https:\/\/caviar-de-neuvic.com\/wp-content\/uploads\/2024\/06\/600-X400-CRAZY-DAYS.png","width":600,"height":400,"caption":"Crazy Days Caviar de Neuvic"},{"@type":"BreadcrumbList","@id":"https:\/\/caviar-de-neuvic.com\/fr\/nos-points-de-vente-tourisme\/crazy-days-caviar-de-neuvic\/#breadcrumb","itemListElement":[{"@type":"ListItem","position":1,"name":"Caviar de Neuvic","item":"https:\/\/caviar-de-neuvic.com\/"},{"@type":"ListItem","position":2,"name":"Nos Points de Vente + Tourisme","item":"https:\/\/caviar-de-neuvic.com\/fr\/category\/nos-points-de-vente-tourisme\/"},{"@type":"ListItem","position":3,"name":"Crazy Days Caviar de Neuvic"}]},{"@type":"WebSite","@id":"http:\/\/caviar-de-neuvic.com\/fr\/#website","url":"http:\/\/caviar-de-neuvic.com\/fr\/","name":"Producteur Fran\u00e7ais De Caviar","description":"","publisher":{"@id":"http:\/\/caviar-de-neuvic.com\/fr\/#organization"},"potentialAction":[{"@type":"SearchAction","target":{"@type":"EntryPoint","urlTemplate":"http:\/\/caviar-de-neuvic.com\/fr\/?s={search_term_string}"},"query-input":{"@type":"PropertyValueSpecification","valueRequired":true,"valueName":"search_term_string"}}],"inLanguage":"de-CH"},{"@type":"Organization","@id":"http:\/\/caviar-de-neuvic.com\/fr\/#organization","name":"Producteur Fran\u00e7ais De Caviar","url":"http:\/\/caviar-de-neuvic.com\/fr\/","logo":{"@type":"ImageObject","inLanguage":"de-CH","@id":"http:\/\/caviar-de-neuvic.com\/fr\/#\/schema\/logo\/image\/","url":"","contentUrl":"","caption":"Producteur Fran\u00e7ais De Caviar"},"image":{"@id":"http:\/\/caviar-de-neuvic.com\/fr\/#\/schema\/logo\/image\/"}},{"@type":"Person","@id":"http:\/\/caviar-de-neuvic.com\/fr\/#\/schema\/person\/89912ad55a5ddd5efeb92f2d32511b03","name":"Laurine Gay","url":"https:\/\/caviar-de-neuvic.com\/de_ch\/author\/laurine-gaycaviardeneuvic-com\/"}]}},"_links":{"self":[{"href":"https:\/\/caviar-de-neuvic.com\/de_ch\/wp-json\/wp\/v2\/posts\/20857","targetHints":{"allow":["GET"]}}],"collection":[{"href":"https:\/\/caviar-de-neuvic.com\/de_ch\/wp-json\/wp\/v2\/posts"}],"about":[{"href":"https:\/\/caviar-de-neuvic.com\/de_ch\/wp-json\/wp\/v2\/types\/post"}],"author":[{"embeddable":true,"href":"https:\/\/caviar-de-neuvic.com\/de_ch\/wp-json\/wp\/v2\/users\/11896"}],"replies":[{"embeddable":true,"href":"https:\/\/caviar-de-neuvic.com\/de_ch\/wp-json\/wp\/v2\/comments?post=20857"}],"version-history":[{"count":0,"href":"https:\/\/caviar-de-neuvic.com\/de_ch\/wp-json\/wp\/v2\/posts\/20857\/revisions"}],"wp:featuredmedia":[{"embeddable":true,"href":"https:\/\/caviar-de-neuvic.com\/de_ch\/wp-json\/wp\/v2\/media\/21155"}],"wp:attachment":[{"href":"https:\/\/caviar-de-neuvic.com\/de_ch\/wp-json\/wp\/v2\/media?parent=20857"}],"wp:term":[{"taxonomy":"category","embeddable":true,"href":"https:\/\/caviar-de-neuvic.com\/de_ch\/wp-json\/wp\/v2\/categories?post=20857"},{"taxonomy":"post_tag","embeddable":true,"href":"https:\/\/caviar-de-neuvic.com\/de_ch\/wp-json\/wp\/v2\/tags?post=20857"}],"curies":[{"name":"wp","href":"https:\/\/api.w.org\/{rel}","templated":true}]}}