{"id":20877,"date":"2025-06-16T09:31:03","date_gmt":"2025-06-16T07:31:03","guid":{"rendered":"https:\/\/caviar-de-neuvic.com\/parlons-caviar-old\/?p=8614"},"modified":"2025-11-19T14:11:05","modified_gmt":"2025-11-19T13:11:05","slug":"idee-week-end-en-dordogne","status":"publish","type":"post","link":"https:\/\/caviar-de-neuvic.com\/de_ch\/nos-points-de-vente-tourisme\/idee-week-end-en-dordogne\/","title":{"rendered":"Id\u00e9e week-end en Dordogne\u00a0"},"content":{"rendered":"<p><span style=\"font-weight: 400\">Id\u00e9e week-end en Dordogne\u00a0<\/span><\/p>\n<p><span style=\"font-weight: 400\">Envie de vous d\u00e9connecter quelques jours, de respirer l\u2019air pur de la campagne et de d\u00e9couvrir des lieux riches de sens et d\u2019histoire ? On vous embarque pour un week-end dans le P\u00e9rigord blanc, \u00e0 Neuvic, une petite ville de 3 600 habitants nich\u00e9e au c\u0153ur de la Dordogne.<\/span><\/p>\n<p><span style=\"font-weight: 400\">Entre amis ou en famille, ce coin de France regorge d\u2019activit\u00e9s gourmandes, culturelles et insolites. Voici notre suggestion d\u2019itin\u00e9raire pour un week-end aussi ressour\u00e7ant que savoureux !<\/span><\/p>\n<h3><strong>Vendredi soir : Ch\u00e2teau de la Tuili\u00e8re<\/strong><\/h3>\n<p><span style=\"font-weight: 400\">Commencez votre s\u00e9jour dans un cadre d\u2019exception : le<a href=\"https:\/\/www.chateaulathuiliere.com\/fr\/index.html\" target=\"_blank\" rel=\"noopener\"> Ch\u00e2teau de la Tuili\u00e8re<\/a>, un manoir de style Tudor nich\u00e9 dans un \u00e9crin de verdure. Ce lieu calme et chaleureux vous plonge dans une atmosph\u00e8re hors du temps, o\u00f9 l\u2019histoire se raconte \u00e0 chaque pierre.<\/span><span style=\"font-weight: 400\"><br \/>\n<\/span><span style=\"font-weight: 400\">Les chambres, spacieuses et confortables, sont \u00e9quip\u00e9es de lits king-size, de salles de bains privatives et de chemin\u00e9es d\u2019\u00e9poque.<\/span><\/p>\n<ul>\n<li><span style=\"font-weight: 400\">\u00c0 partir de 178 \u20ac la nuit<\/span><\/li>\n<\/ul>\n<h3><img fetchpriority=\"high\" decoding=\"async\" class=\"alignnone size-medium wp-image-8617\" src=\"http:\/\/caviar-de-neuvic.com\/wp-content\/uploads\/2025\/06\/chateau-thuiliere-2-300x300.jpg\" alt=\"\" width=\"300\" height=\"300\" \/><\/h3>\n<h3><strong>Samedi matin : CAVIAR DE NEUVIC<\/strong><\/h3>\n<p><span style=\"font-weight: 400\">Rendez-vous au Domaine <a href=\"https:\/\/visites.caviar-de-neuvic.com\/fr\/\" target=\"_blank\" rel=\"noopener\">Caviar de Neuvic<\/a>, en bord de rivi\u00e8re, pour une immersion dans l\u2019univers d\u2019un produit d\u2019exception. Vous y d\u00e9couvrirez l\u2019\u00e9levage d\u2019esturgeons, le savoir-faire local, les engagements environnementaux de la maison et, bien s\u00fbr, les secrets de fabrication du caviar. Une visite p\u00e9dagogique, sensorielle et \u00e9tonnante.<\/span><\/p>\n<ul>\n<li><span style=\"font-weight: 400\">Visite guid\u00e9e d\u2019environ 1h30 + 30 minutes de d\u00e9gustation comment\u00e9e<\/span><\/li>\n<\/ul>\n<p><img decoding=\"async\" class=\"size-medium wp-image-7838\" src=\"https:\/\/caviar-de-neuvic.com\/wp-content\/uploads\/2018\/11\/CAVIAR-DE-NEUVIC-REPORTAGE-25-06-2019-157-300x200.jpg\" alt=\"Des ann\u00e9es folles \u00e0 l'arriv\u00e9e du Caviar en France\" width=\"300\" height=\"200\" \/><\/p>\n<h3><strong>Samedi midi : d\u00e9jeuner sur place au domaine<\/strong><\/h3>\n<p><span style=\"font-weight: 400\">Prolongez l\u2019exp\u00e9rience en d\u00e9gustant un <a href=\"https:\/\/caviar-de-neuvic.com\/de_ch\/parlons-caviar-old\/menu-printemps-au-restaurant-du-domaine\/\" target=\"_blank\" rel=\"noopener\">repas sur place<\/a>, en terrasse ou dans un espace d\u00e9di\u00e9. \u00c0 la carte, des assiettes savoureuses \u00e0 base de produits frais, sublim\u00e9es par une touche de caviar : \u0153uf parfait, pommes de terre fondantes, blinis maison ou tartinables v\u00e9g\u00e9taux. Un moment aussi raffin\u00e9 que convivial.<\/span><\/p>\n<ul>\n<li><span style=\"font-weight: 400\">D\u00e9jeuner sur r\u00e9servation (formules disponibles selon la saison)<\/span><\/li>\n<\/ul>\n<h3><img decoding=\"async\" class=\"alignnone size-medium wp-image-8624\" src=\"http:\/\/caviar-de-neuvic.com\/wp-content\/uploads\/2025\/06\/Photos_menu_ete_2025-6-300x219.jpg\" alt=\"\" width=\"300\" height=\"219\" \/><\/h3>\n<h3><strong>Samedi apr\u00e8s-midi : Le Moulin de la Veyssi\u00e8re<\/strong><\/h3>\n<p><span style=\"font-weight: 400\">Plongez dans l\u2019histoire vivante du dernier moulin en activit\u00e9 de la vall\u00e9e du Vern. Depuis 1857, le <a href=\"https:\/\/www.moulindelaveyssiere.fr\" target=\"_blank\" rel=\"noopener\">Moulin de la Veyssi\u00e8re <\/a>perp\u00e9tue la fabrication artisanale d\u2019huiles vierges de noix, noisette, amande et cacahu\u00e8te, selon un proc\u00e9d\u00e9 ancestral. La visite est ludique, accessible \u00e0 tous, et ponctu\u00e9e d\u2019anecdotes passionnantes.<\/span><\/p>\n<ul>\n<li><span style=\"font-weight: 400\">Comptez 2 heures sur place<\/span><\/li>\n<li><span style=\"font-weight: 400\">Visite gratuite<\/span><\/li>\n<li><span style=\"font-weight: 400\">Boutique sur place pour repartir avec un souvenir gourmand<\/span><\/li>\n<\/ul>\n<h3><img loading=\"lazy\" decoding=\"async\" class=\"alignnone size-medium wp-image-8619\" src=\"http:\/\/caviar-de-neuvic.com\/wp-content\/uploads\/2025\/06\/moulin-veyssiere-500-300x300.jpg\" alt=\"\" width=\"300\" height=\"300\" \/><\/h3>\n<h3><strong>Samedi soir : d\u00eener chez Les Singuliers<\/strong><\/h3>\n<p><span style=\"font-weight: 400\">Cap sur Saint-Astier pour une soir\u00e9e gastronomique chez<a href=\"https:\/\/restaurantlessinguliers.fr\" target=\"_blank\" rel=\"noopener\"> Les Singuliers<\/a>, o\u00f9 le chef Louis Festa vous propose une exp\u00e9rience unique : un menu carte blanche en perp\u00e9tuelle \u00e9volution. Ici, la cuisine fait la part belle aux l\u00e9gumes et aux produits locaux, dans une d\u00e9marche moderne et engag\u00e9e.<\/span><\/p>\n<ul>\n<li><span style=\"font-weight: 400\">Menu \u00e0 partir de 30 \u20ac<\/span><\/li>\n<li><span style=\"font-weight: 400\">Cartes cadeaux disponibles pour offrir l\u2019exp\u00e9rience<\/span><\/li>\n<li><span style=\"font-weight: 400\">Pr\u00e9voyez environ 2h pour le d\u00eener<\/span><\/li>\n<\/ul>\n<h3><img loading=\"lazy\" decoding=\"async\" class=\"alignnone size-medium wp-image-8620\" src=\"http:\/\/caviar-de-neuvic.com\/wp-content\/uploads\/2025\/06\/singuliers-300x300.jpg\" alt=\"\" width=\"300\" height=\"300\" \/><\/h3>\n<h3><span style=\"font-weight: 400\"><strong>Dimanche matin : LA CHANTERACOISE + LA TRAPPE D&rsquo;ECHOURGNAC<\/strong>\u00a0<\/span><\/h3>\n<p><span style=\"font-weight: 400\">Commencez la journ\u00e9e par la visite de <a href=\"https:\/\/www.la-chanteracoise.fr\" target=\"_blank\" rel=\"noopener\">La Chanteracoise<\/a>, derni\u00e8re biscotterie artisanale de France, situ\u00e9e \u00e0 Saint-Germain-du-Salembre. Vous y d\u00e9couvrirez les secrets de fabrication des biscottes, ainsi qu\u2019une belle d\u00e9gustation pour terminer la visite.<\/span><\/p>\n<p><span style=\"font-weight: 400\">Ensuite, direction l\u2019Abbaye d\u2019\u00c9chourgnac, fond\u00e9e en 1868. Les religieuses qui y vivent perp\u00e9tuent la fabrication d\u2019un fromage devenu embl\u00e9matique : la <a href=\"https:\/\/www.fromageriedelatrappe.com\" target=\"_blank\" rel=\"noopener\">Trappe d\u2019\u00c9chourgnac<\/a>, affin\u00e9 \u00e0 la liqueur de noix. La visite vous plonge dans l\u2019univers unique de cette communaut\u00e9 et de son savoir-faire.<\/span><\/p>\n<ul>\n<li><span style=\"font-weight: 400\">Visites gratuites<\/span><\/li>\n<\/ul>\n<h3><img loading=\"lazy\" decoding=\"async\" class=\"alignnone size-medium wp-image-8621\" src=\"http:\/\/caviar-de-neuvic.com\/wp-content\/uploads\/2025\/06\/trappe-echourgnac-300x300.jpg\" alt=\"\" width=\"300\" height=\"300\" \/> <img loading=\"lazy\" decoding=\"async\" class=\"alignnone size-medium wp-image-8622\" src=\"http:\/\/caviar-de-neuvic.com\/wp-content\/uploads\/2025\/06\/chanteracoise2-300x300-1.jpg\" alt=\"\" width=\"300\" height=\"300\" \/><\/h3>\n<h3><strong>Dimanche apr\u00e8s-midi : cano\u00eb sur l\u2019Isle<\/strong><\/h3>\n<p><span style=\"font-weight: 400\">Pour finir le week-end en beaut\u00e9, rien de tel qu\u2019un moment au fil de l\u2019eau. Au d\u00e9part de Neuvic, partez en <a href=\"https:\/\/www.canoeneuvic24.fr\" target=\"_blank\" rel=\"noopener\">cano\u00eb ou en kayak<\/a> sur la rivi\u00e8re Isle, reconnue pour la puret\u00e9 de son eau. Vous d\u00e9couvrirez un autre visage de la r\u00e9gion, en lien \u00e9troit avec la nature\u2026 et m\u00eame avec l\u2019histoire de l\u2019\u00e9levage de l\u2019esturgeon \u00e0 Neuvic.<\/span><\/p>\n<p><img loading=\"lazy\" decoding=\"async\" class=\"alignnone size-medium wp-image-8623\" src=\"http:\/\/caviar-de-neuvic.com\/wp-content\/uploads\/2025\/06\/canoe-300x300.jpg\" alt=\"\" width=\"300\" height=\"300\" \/><\/p>\n<h3><strong>En r\u00e9sum\u00e9<\/strong><\/h3>\n<ul>\n<li style=\"font-weight: 400\"><span style=\"font-weight: 400\">Nuit dans un ch\u00e2teau<\/span><\/li>\n<li style=\"font-weight: 400\"><span style=\"font-weight: 400\">Visite du Domaine Caviar de Neuvic + d\u00e9jeuner sur place<\/span><\/li>\n<li style=\"font-weight: 400\"><span style=\"font-weight: 400\">D\u00e9couverte d\u2019un moulin \u00e0 huile traditionnel<\/span><\/li>\n<li style=\"font-weight: 400\"><span style=\"font-weight: 400\">D\u00eener gastronomique surprise<\/span><\/li>\n<li style=\"font-weight: 400\"><span style=\"font-weight: 400\">Biscottes artisanales &amp; fromage trappiste<\/span><\/li>\n<li style=\"font-weight: 400\"><span style=\"font-weight: 400\">Cano\u00eb sur la rivi\u00e8re Isle<\/span><\/li>\n<\/ul>\n<p><span style=\"font-weight: 400\">Ce week-end autour de Neuvic est une parenth\u00e8se \u00e0 la fois gourmande, reposante et pleine de d\u00e9couvertes. Alors, pr\u00eat(e) \u00e0 faire vos valises pour la Dordogne ?<\/span><\/p>","protected":false},"excerpt":{"rendered":"<p>Id\u00e9e week-end en Dordogne\u00a0 Envie de vous d\u00e9connecter quelques jours, de respirer l\u2019air pur de la campagne et de d\u00e9couvrir des lieux riches de sens et d\u2019histoire ? On vous embarque pour un week-end dans le P\u00e9rigord blanc, \u00e0 Neuvic, une petite ville de 3 600 habitants nich\u00e9e au c\u0153ur de la Dordogne. Entre amis [&hellip;]<\/p>\n","protected":false},"author":11896,"featured_media":21244,"comment_status":"open","ping_status":"closed","sticky":false,"template":"","format":"standard","meta":{"_acf_changed":false,"ocean_post_layout":"","ocean_both_sidebars_style":"","ocean_both_sidebars_content_width":0,"ocean_both_sidebars_sidebars_width":0,"ocean_sidebar":"0","ocean_second_sidebar":"0","ocean_disable_margins":"enable","ocean_add_body_class":"","ocean_shortcode_before_top_bar":"","ocean_shortcode_after_top_bar":"","ocean_shortcode_before_header":"","ocean_shortcode_after_header":"","ocean_has_shortcode":"","ocean_shortcode_after_title":"","ocean_shortcode_before_footer_widgets":"","ocean_shortcode_after_footer_widgets":"","ocean_shortcode_before_footer_bottom":"","ocean_shortcode_after_footer_bottom":"","ocean_display_top_bar":"default","ocean_display_header":"default","ocean_header_style":"","ocean_center_header_left_menu":"0","ocean_custom_header_template":"0","ocean_custom_logo":0,"ocean_custom_retina_logo":0,"ocean_custom_logo_max_width":0,"ocean_custom_logo_tablet_max_width":0,"ocean_custom_logo_mobile_max_width":0,"ocean_custom_logo_max_height":0,"ocean_custom_logo_tablet_max_height":0,"ocean_custom_logo_mobile_max_height":0,"ocean_header_custom_menu":"0","ocean_menu_typo_font_family":"0","ocean_menu_typo_font_subset":"","ocean_menu_typo_font_size":0,"ocean_menu_typo_font_size_tablet":0,"ocean_menu_typo_font_size_mobile":0,"ocean_menu_typo_font_size_unit":"px","ocean_menu_typo_font_weight":"","ocean_menu_typo_font_weight_tablet":"","ocean_menu_typo_font_weight_mobile":"","ocean_menu_typo_transform":"","ocean_menu_typo_transform_tablet":"","ocean_menu_typo_transform_mobile":"","ocean_menu_typo_line_height":0,"ocean_menu_typo_line_height_tablet":0,"ocean_menu_typo_line_height_mobile":0,"ocean_menu_typo_line_height_unit":"","ocean_menu_typo_spacing":0,"ocean_menu_typo_spacing_tablet":0,"ocean_menu_typo_spacing_mobile":0,"ocean_menu_typo_spacing_unit":"","ocean_menu_link_color":"","ocean_menu_link_color_hover":"","ocean_menu_link_color_active":"","ocean_menu_link_background":"","ocean_menu_link_hover_background":"","ocean_menu_link_active_background":"","ocean_menu_social_links_bg":"","ocean_menu_social_hover_links_bg":"","ocean_menu_social_links_color":"","ocean_menu_social_hover_links_color":"","ocean_disable_title":"default","ocean_disable_heading":"default","ocean_post_title":"","ocean_post_subheading":"","ocean_post_title_style":"","ocean_post_title_background_color":"","ocean_post_title_background":0,"ocean_post_title_bg_image_position":"","ocean_post_title_bg_image_attachment":"","ocean_post_title_bg_image_repeat":"","ocean_post_title_bg_image_size":"","ocean_post_title_height":0,"ocean_post_title_bg_overlay":0.5,"ocean_post_title_bg_overlay_color":"","ocean_disable_breadcrumbs":"default","ocean_breadcrumbs_color":"","ocean_breadcrumbs_separator_color":"","ocean_breadcrumbs_links_color":"","ocean_breadcrumbs_links_hover_color":"","ocean_display_footer_widgets":"default","ocean_display_footer_bottom":"default","ocean_custom_footer_template":"0","omw_enable_modal_window":"enable","ocean_post_oembed":"","ocean_post_self_hosted_media":"","ocean_post_video_embed":"","ocean_link_format":"","ocean_link_format_target":"self","ocean_quote_format":"","ocean_quote_format_link":"post","ocean_gallery_link_images":"on","ocean_gallery_id":[],"footnotes":""},"categories":[286],"tags":[487,488,486],"class_list":["post-20877","post","type-post","status-publish","format-standard","has-post-thumbnail","hentry","category-nos-points-de-vente-tourisme","tag-visite-caviar-de-neuvic","tag-visite-tourisme","tag-week-end-en-dordogne","entry","has-media","owp-thumbs-layout-vertical","owp-btn-normal","owp-tabs-layout-horizontal","has-no-thumbnails","has-product-nav"],"acf":[],"yoast_head":"<!-- This site is optimized with the Yoast SEO plugin v27.4 - https:\/\/yoast.com\/product\/yoast-seo-wordpress\/ -->\n<title>Id\u00e9e week-end en Dordogne\u00a0 - Producteur Fran\u00e7ais De Caviar<\/title>\n<meta name=\"description\" content=\"Id\u00e9e week-end en Dordogne. On vous embarque pour un week-end dans le P\u00e9rigord blanc, \u00e0 Neuvic au c\u0153ur de la Dordogne.\" \/>\n<meta name=\"robots\" content=\"index, follow, max-snippet:-1, max-image-preview:large, max-video-preview:-1\" \/>\n<link rel=\"canonical\" href=\"https:\/\/caviar-de-neuvic.com\/de_ch\/nos-points-de-vente-tourisme\/idee-week-end-en-dordogne\/\" \/>\n<meta property=\"og:locale\" content=\"de_DE\" \/>\n<meta property=\"og:type\" content=\"article\" \/>\n<meta property=\"og:title\" content=\"Id\u00e9e week-end en Dordogne\u00a0 - Producteur Fran\u00e7ais De Caviar\" \/>\n<meta property=\"og:description\" content=\"Id\u00e9e week-end en Dordogne. On vous embarque pour un week-end dans le P\u00e9rigord blanc, \u00e0 Neuvic au c\u0153ur de la Dordogne.\" \/>\n<meta property=\"og:url\" content=\"https:\/\/caviar-de-neuvic.com\/de_ch\/nos-points-de-vente-tourisme\/idee-week-end-en-dordogne\/\" \/>\n<meta property=\"og:site_name\" content=\"Producteur Fran\u00e7ais De Caviar\" \/>\n<meta property=\"article:published_time\" content=\"2025-06-16T07:31:03+00:00\" \/>\n<meta property=\"article:modified_time\" content=\"2025-11-19T13:11:05+00:00\" \/>\n<meta property=\"og:image\" content=\"https:\/\/caviar-de-neuvic.com\/wp-content\/uploads\/2025\/06\/Shooting_Menu_Ete-15.jpg\" \/>\n\t<meta property=\"og:image:width\" content=\"1920\" \/>\n\t<meta property=\"og:image:height\" content=\"1280\" \/>\n\t<meta property=\"og:image:type\" content=\"image\/jpeg\" \/>\n<meta name=\"author\" content=\"Laurine Gay\" \/>\n<meta name=\"twitter:card\" content=\"summary_large_image\" \/>\n<meta name=\"twitter:label1\" content=\"Geschrieben von\" \/>\n\t<meta name=\"twitter:data1\" content=\"Laurine Gay\" \/>\n\t<meta name=\"twitter:label2\" content=\"Gesch\u00e4tzte Lesezeit\" \/>\n\t<meta name=\"twitter:data2\" content=\"6 Minuten\" \/>\n<script type=\"application\/ld+json\" class=\"yoast-schema-graph\">{\"@context\":\"https:\\\/\\\/schema.org\",\"@graph\":[{\"@type\":\"Article\",\"@id\":\"https:\\\/\\\/caviar-de-neuvic.com\\\/nos-points-de-vente-tourisme\\\/idee-week-end-en-dordogne\\\/#article\",\"isPartOf\":{\"@id\":\"https:\\\/\\\/caviar-de-neuvic.com\\\/nos-points-de-vente-tourisme\\\/idee-week-end-en-dordogne\\\/\"},\"author\":{\"name\":\"Laurine Gay\",\"@id\":\"http:\\\/\\\/caviar-de-neuvic.com\\\/fr\\\/#\\\/schema\\\/person\\\/89912ad55a5ddd5efeb92f2d32511b03\"},\"headline\":\"Id\u00e9e week-end en Dordogne\u00a0\",\"datePublished\":\"2025-06-16T07:31:03+00:00\",\"dateModified\":\"2025-11-19T13:11:05+00:00\",\"mainEntityOfPage\":{\"@id\":\"https:\\\/\\\/caviar-de-neuvic.com\\\/nos-points-de-vente-tourisme\\\/idee-week-end-en-dordogne\\\/\"},\"wordCount\":718,\"commentCount\":0,\"publisher\":{\"@id\":\"http:\\\/\\\/caviar-de-neuvic.com\\\/fr\\\/#organization\"},\"image\":{\"@id\":\"https:\\\/\\\/caviar-de-neuvic.com\\\/nos-points-de-vente-tourisme\\\/idee-week-end-en-dordogne\\\/#primaryimage\"},\"thumbnailUrl\":\"https:\\\/\\\/caviar-de-neuvic.com\\\/wp-content\\\/uploads\\\/2025\\\/06\\\/Shooting_Menu_Ete-15.jpg\",\"keywords\":[\"Visite caviar de Neuvic\",\"Visite Tourisme\",\"Week-end en Dordogne\"],\"articleSection\":[\"Nos Points de Vente + Tourisme\"],\"inLanguage\":\"de-CH\",\"potentialAction\":[{\"@type\":\"CommentAction\",\"name\":\"Comment\",\"target\":[\"https:\\\/\\\/caviar-de-neuvic.com\\\/nos-points-de-vente-tourisme\\\/idee-week-end-en-dordogne\\\/#respond\"]}]},{\"@type\":\"WebPage\",\"@id\":\"https:\\\/\\\/caviar-de-neuvic.com\\\/nos-points-de-vente-tourisme\\\/idee-week-end-en-dordogne\\\/\",\"url\":\"https:\\\/\\\/caviar-de-neuvic.com\\\/nos-points-de-vente-tourisme\\\/idee-week-end-en-dordogne\\\/\",\"name\":\"Id\u00e9e week-end en Dordogne\u00a0 - Producteur Fran\u00e7ais De Caviar\",\"isPartOf\":{\"@id\":\"http:\\\/\\\/caviar-de-neuvic.com\\\/fr\\\/#website\"},\"primaryImageOfPage\":{\"@id\":\"https:\\\/\\\/caviar-de-neuvic.com\\\/nos-points-de-vente-tourisme\\\/idee-week-end-en-dordogne\\\/#primaryimage\"},\"image\":{\"@id\":\"https:\\\/\\\/caviar-de-neuvic.com\\\/nos-points-de-vente-tourisme\\\/idee-week-end-en-dordogne\\\/#primaryimage\"},\"thumbnailUrl\":\"https:\\\/\\\/caviar-de-neuvic.com\\\/wp-content\\\/uploads\\\/2025\\\/06\\\/Shooting_Menu_Ete-15.jpg\",\"datePublished\":\"2025-06-16T07:31:03+00:00\",\"dateModified\":\"2025-11-19T13:11:05+00:00\",\"description\":\"Id\u00e9e week-end en Dordogne. On vous embarque pour un week-end dans le P\u00e9rigord blanc, \u00e0 Neuvic au c\u0153ur de la Dordogne.\",\"breadcrumb\":{\"@id\":\"https:\\\/\\\/caviar-de-neuvic.com\\\/nos-points-de-vente-tourisme\\\/idee-week-end-en-dordogne\\\/#breadcrumb\"},\"inLanguage\":\"de-CH\",\"potentialAction\":[{\"@type\":\"ReadAction\",\"target\":[\"https:\\\/\\\/caviar-de-neuvic.com\\\/nos-points-de-vente-tourisme\\\/idee-week-end-en-dordogne\\\/\"]}]},{\"@type\":\"ImageObject\",\"inLanguage\":\"de-CH\",\"@id\":\"https:\\\/\\\/caviar-de-neuvic.com\\\/nos-points-de-vente-tourisme\\\/idee-week-end-en-dordogne\\\/#primaryimage\",\"url\":\"https:\\\/\\\/caviar-de-neuvic.com\\\/wp-content\\\/uploads\\\/2025\\\/06\\\/Shooting_Menu_Ete-15.jpg\",\"contentUrl\":\"https:\\\/\\\/caviar-de-neuvic.com\\\/wp-content\\\/uploads\\\/2025\\\/06\\\/Shooting_Menu_Ete-15.jpg\",\"width\":1920,\"height\":1280,\"caption\":\"Id\u00e9e week-end en Dordogne\"},{\"@type\":\"BreadcrumbList\",\"@id\":\"https:\\\/\\\/caviar-de-neuvic.com\\\/nos-points-de-vente-tourisme\\\/idee-week-end-en-dordogne\\\/#breadcrumb\",\"itemListElement\":[{\"@type\":\"ListItem\",\"position\":1,\"name\":\"Caviar de Neuvic\",\"item\":\"https:\\\/\\\/caviar-de-neuvic.com\\\/\"},{\"@type\":\"ListItem\",\"position\":2,\"name\":\"Nos Points de Vente + Tourisme\",\"item\":\"https:\\\/\\\/caviar-de-neuvic.com\\\/fr\\\/category\\\/nos-points-de-vente-tourisme\\\/\"},{\"@type\":\"ListItem\",\"position\":3,\"name\":\"Id\u00e9e week-end en Dordogne\u00a0\"}]},{\"@type\":\"WebSite\",\"@id\":\"http:\\\/\\\/caviar-de-neuvic.com\\\/fr\\\/#website\",\"url\":\"http:\\\/\\\/caviar-de-neuvic.com\\\/fr\\\/\",\"name\":\"Producteur Fran\u00e7ais De Caviar\",\"description\":\"\",\"publisher\":{\"@id\":\"http:\\\/\\\/caviar-de-neuvic.com\\\/fr\\\/#organization\"},\"potentialAction\":[{\"@type\":\"SearchAction\",\"target\":{\"@type\":\"EntryPoint\",\"urlTemplate\":\"http:\\\/\\\/caviar-de-neuvic.com\\\/fr\\\/?s={search_term_string}\"},\"query-input\":{\"@type\":\"PropertyValueSpecification\",\"valueRequired\":true,\"valueName\":\"search_term_string\"}}],\"inLanguage\":\"de-CH\"},{\"@type\":\"Organization\",\"@id\":\"http:\\\/\\\/caviar-de-neuvic.com\\\/fr\\\/#organization\",\"name\":\"Producteur Fran\u00e7ais De Caviar\",\"url\":\"http:\\\/\\\/caviar-de-neuvic.com\\\/fr\\\/\",\"logo\":{\"@type\":\"ImageObject\",\"inLanguage\":\"de-CH\",\"@id\":\"http:\\\/\\\/caviar-de-neuvic.com\\\/fr\\\/#\\\/schema\\\/logo\\\/image\\\/\",\"url\":\"\",\"contentUrl\":\"\",\"caption\":\"Producteur Fran\u00e7ais De Caviar\"},\"image\":{\"@id\":\"http:\\\/\\\/caviar-de-neuvic.com\\\/fr\\\/#\\\/schema\\\/logo\\\/image\\\/\"}},{\"@type\":\"Person\",\"@id\":\"http:\\\/\\\/caviar-de-neuvic.com\\\/fr\\\/#\\\/schema\\\/person\\\/89912ad55a5ddd5efeb92f2d32511b03\",\"name\":\"Laurine Gay\",\"url\":\"https:\\\/\\\/caviar-de-neuvic.com\\\/de_ch\\\/author\\\/laurine-gaycaviardeneuvic-com\\\/\"}]}<\/script>\n<!-- \/ Yoast SEO plugin. -->","yoast_head_json":{"title":"Id\u00e9e week-end en Dordogne\u00a0 - Producteur Fran\u00e7ais De Caviar","description":"Id\u00e9e week-end en Dordogne. On vous embarque pour un week-end dans le P\u00e9rigord blanc, \u00e0 Neuvic au c\u0153ur de la Dordogne.","robots":{"index":"index","follow":"follow","max-snippet":"max-snippet:-1","max-image-preview":"max-image-preview:large","max-video-preview":"max-video-preview:-1"},"canonical":"https:\/\/caviar-de-neuvic.com\/de_ch\/nos-points-de-vente-tourisme\/idee-week-end-en-dordogne\/","og_locale":"de_DE","og_type":"article","og_title":"Id\u00e9e week-end en Dordogne\u00a0 - Producteur Fran\u00e7ais De Caviar","og_description":"Id\u00e9e week-end en Dordogne. On vous embarque pour un week-end dans le P\u00e9rigord blanc, \u00e0 Neuvic au c\u0153ur de la Dordogne.","og_url":"https:\/\/caviar-de-neuvic.com\/de_ch\/nos-points-de-vente-tourisme\/idee-week-end-en-dordogne\/","og_site_name":"Producteur Fran\u00e7ais De Caviar","article_published_time":"2025-06-16T07:31:03+00:00","article_modified_time":"2025-11-19T13:11:05+00:00","og_image":[{"width":1920,"height":1280,"url":"https:\/\/caviar-de-neuvic.com\/wp-content\/uploads\/2025\/06\/Shooting_Menu_Ete-15.jpg","type":"image\/jpeg"}],"author":"Laurine Gay","twitter_card":"summary_large_image","twitter_misc":{"Geschrieben von":"Laurine Gay","Gesch\u00e4tzte Lesezeit":"6 Minuten"},"schema":{"@context":"https:\/\/schema.org","@graph":[{"@type":"Article","@id":"https:\/\/caviar-de-neuvic.com\/nos-points-de-vente-tourisme\/idee-week-end-en-dordogne\/#article","isPartOf":{"@id":"https:\/\/caviar-de-neuvic.com\/nos-points-de-vente-tourisme\/idee-week-end-en-dordogne\/"},"author":{"name":"Laurine Gay","@id":"http:\/\/caviar-de-neuvic.com\/fr\/#\/schema\/person\/89912ad55a5ddd5efeb92f2d32511b03"},"headline":"Id\u00e9e week-end en Dordogne\u00a0","datePublished":"2025-06-16T07:31:03+00:00","dateModified":"2025-11-19T13:11:05+00:00","mainEntityOfPage":{"@id":"https:\/\/caviar-de-neuvic.com\/nos-points-de-vente-tourisme\/idee-week-end-en-dordogne\/"},"wordCount":718,"commentCount":0,"publisher":{"@id":"http:\/\/caviar-de-neuvic.com\/fr\/#organization"},"image":{"@id":"https:\/\/caviar-de-neuvic.com\/nos-points-de-vente-tourisme\/idee-week-end-en-dordogne\/#primaryimage"},"thumbnailUrl":"https:\/\/caviar-de-neuvic.com\/wp-content\/uploads\/2025\/06\/Shooting_Menu_Ete-15.jpg","keywords":["Visite caviar de Neuvic","Visite Tourisme","Week-end en Dordogne"],"articleSection":["Nos Points de Vente + Tourisme"],"inLanguage":"de-CH","potentialAction":[{"@type":"CommentAction","name":"Comment","target":["https:\/\/caviar-de-neuvic.com\/nos-points-de-vente-tourisme\/idee-week-end-en-dordogne\/#respond"]}]},{"@type":"WebPage","@id":"https:\/\/caviar-de-neuvic.com\/nos-points-de-vente-tourisme\/idee-week-end-en-dordogne\/","url":"https:\/\/caviar-de-neuvic.com\/nos-points-de-vente-tourisme\/idee-week-end-en-dordogne\/","name":"Id\u00e9e week-end en Dordogne\u00a0 - Producteur Fran\u00e7ais De Caviar","isPartOf":{"@id":"http:\/\/caviar-de-neuvic.com\/fr\/#website"},"primaryImageOfPage":{"@id":"https:\/\/caviar-de-neuvic.com\/nos-points-de-vente-tourisme\/idee-week-end-en-dordogne\/#primaryimage"},"image":{"@id":"https:\/\/caviar-de-neuvic.com\/nos-points-de-vente-tourisme\/idee-week-end-en-dordogne\/#primaryimage"},"thumbnailUrl":"https:\/\/caviar-de-neuvic.com\/wp-content\/uploads\/2025\/06\/Shooting_Menu_Ete-15.jpg","datePublished":"2025-06-16T07:31:03+00:00","dateModified":"2025-11-19T13:11:05+00:00","description":"Id\u00e9e week-end en Dordogne. On vous embarque pour un week-end dans le P\u00e9rigord blanc, \u00e0 Neuvic au c\u0153ur de la Dordogne.","breadcrumb":{"@id":"https:\/\/caviar-de-neuvic.com\/nos-points-de-vente-tourisme\/idee-week-end-en-dordogne\/#breadcrumb"},"inLanguage":"de-CH","potentialAction":[{"@type":"ReadAction","target":["https:\/\/caviar-de-neuvic.com\/nos-points-de-vente-tourisme\/idee-week-end-en-dordogne\/"]}]},{"@type":"ImageObject","inLanguage":"de-CH","@id":"https:\/\/caviar-de-neuvic.com\/nos-points-de-vente-tourisme\/idee-week-end-en-dordogne\/#primaryimage","url":"https:\/\/caviar-de-neuvic.com\/wp-content\/uploads\/2025\/06\/Shooting_Menu_Ete-15.jpg","contentUrl":"https:\/\/caviar-de-neuvic.com\/wp-content\/uploads\/2025\/06\/Shooting_Menu_Ete-15.jpg","width":1920,"height":1280,"caption":"Id\u00e9e week-end en Dordogne"},{"@type":"BreadcrumbList","@id":"https:\/\/caviar-de-neuvic.com\/nos-points-de-vente-tourisme\/idee-week-end-en-dordogne\/#breadcrumb","itemListElement":[{"@type":"ListItem","position":1,"name":"Caviar de Neuvic","item":"https:\/\/caviar-de-neuvic.com\/"},{"@type":"ListItem","position":2,"name":"Nos Points de Vente + Tourisme","item":"https:\/\/caviar-de-neuvic.com\/fr\/category\/nos-points-de-vente-tourisme\/"},{"@type":"ListItem","position":3,"name":"Id\u00e9e week-end en Dordogne\u00a0"}]},{"@type":"WebSite","@id":"http:\/\/caviar-de-neuvic.com\/fr\/#website","url":"http:\/\/caviar-de-neuvic.com\/fr\/","name":"Producteur Fran\u00e7ais De Caviar","description":"","publisher":{"@id":"http:\/\/caviar-de-neuvic.com\/fr\/#organization"},"potentialAction":[{"@type":"SearchAction","target":{"@type":"EntryPoint","urlTemplate":"http:\/\/caviar-de-neuvic.com\/fr\/?s={search_term_string}"},"query-input":{"@type":"PropertyValueSpecification","valueRequired":true,"valueName":"search_term_string"}}],"inLanguage":"de-CH"},{"@type":"Organization","@id":"http:\/\/caviar-de-neuvic.com\/fr\/#organization","name":"Producteur Fran\u00e7ais De Caviar","url":"http:\/\/caviar-de-neuvic.com\/fr\/","logo":{"@type":"ImageObject","inLanguage":"de-CH","@id":"http:\/\/caviar-de-neuvic.com\/fr\/#\/schema\/logo\/image\/","url":"","contentUrl":"","caption":"Producteur Fran\u00e7ais De Caviar"},"image":{"@id":"http:\/\/caviar-de-neuvic.com\/fr\/#\/schema\/logo\/image\/"}},{"@type":"Person","@id":"http:\/\/caviar-de-neuvic.com\/fr\/#\/schema\/person\/89912ad55a5ddd5efeb92f2d32511b03","name":"Laurine Gay","url":"https:\/\/caviar-de-neuvic.com\/de_ch\/author\/laurine-gaycaviardeneuvic-com\/"}]}},"_links":{"self":[{"href":"https:\/\/caviar-de-neuvic.com\/de_ch\/wp-json\/wp\/v2\/posts\/20877","targetHints":{"allow":["GET"]}}],"collection":[{"href":"https:\/\/caviar-de-neuvic.com\/de_ch\/wp-json\/wp\/v2\/posts"}],"about":[{"href":"https:\/\/caviar-de-neuvic.com\/de_ch\/wp-json\/wp\/v2\/types\/post"}],"author":[{"embeddable":true,"href":"https:\/\/caviar-de-neuvic.com\/de_ch\/wp-json\/wp\/v2\/users\/11896"}],"replies":[{"embeddable":true,"href":"https:\/\/caviar-de-neuvic.com\/de_ch\/wp-json\/wp\/v2\/comments?post=20877"}],"version-history":[{"count":2,"href":"https:\/\/caviar-de-neuvic.com\/de_ch\/wp-json\/wp\/v2\/posts\/20877\/revisions"}],"predecessor-version":[{"id":32180,"href":"https:\/\/caviar-de-neuvic.com\/de_ch\/wp-json\/wp\/v2\/posts\/20877\/revisions\/32180"}],"wp:featuredmedia":[{"embeddable":true,"href":"https:\/\/caviar-de-neuvic.com\/de_ch\/wp-json\/wp\/v2\/media\/21244"}],"wp:attachment":[{"href":"https:\/\/caviar-de-neuvic.com\/de_ch\/wp-json\/wp\/v2\/media?parent=20877"}],"wp:term":[{"taxonomy":"category","embeddable":true,"href":"https:\/\/caviar-de-neuvic.com\/de_ch\/wp-json\/wp\/v2\/categories?post=20877"},{"taxonomy":"post_tag","embeddable":true,"href":"https:\/\/caviar-de-neuvic.com\/de_ch\/wp-json\/wp\/v2\/tags?post=20877"}],"curies":[{"name":"wp","href":"https:\/\/api.w.org\/{rel}","templated":true}]}}