{"id":30129,"date":"2025-10-22T10:12:50","date_gmt":"2025-10-22T08:12:50","guid":{"rendered":"https:\/\/caviar-de-neuvic.com\/?p=30129"},"modified":"2025-11-19T14:07:29","modified_gmt":"2025-11-19T13:07:29","slug":"caviar-de-neuvic-presente-ses-nouveautes-2025","status":"publish","type":"post","link":"https:\/\/caviar-de-neuvic.com\/de_ch\/actualites\/caviar-de-neuvic-presente-ses-nouveautes-2025\/","title":{"rendered":"Caviar de Neuvic pr\u00e9sente ses nouveaut\u00e9s 2025"},"content":{"rendered":"<p>Nouvelles saveurs, m\u00eames engagements : Caviar de Neuvic pr\u00e9sente ses cr\u00e9ations 2025<\/p>\n<p>Pour cette fin d\u2019ann\u00e9e, <a href=\"https:\/\/caviar-de-neuvic.com\/de_ch\/\" target=\"_blank\" rel=\"noopener\">Caviar de Neuvic<\/a>, producteur fran\u00e7ais engag\u00e9 de caviar bas\u00e9 \u00e0 Neuvic en Dordogne, \u00e9toffe son offre avec de nouvelles cr\u00e9ations gastronomiques, en mettant l\u2019accent sur la provenance, la qualit\u00e9 et le respect des savoir-faire.<\/p>\n<p>Ces nouveaut\u00e9s se d\u00e9clinent autour de trois axes : les oeufs de poisson, la truffe et les produits embl\u00e9matiques du P\u00e9rigord.<\/p>\n<p>Cette offre s&rsquo;enrichit \u00e9galement d&rsquo;un nouveau caviar in\u00e9dit : le caviar Naccari. Il est fournit par l&rsquo;un des producteurs de notre \u00e9cosyst\u00e8me et transform\u00e9 au sein de notre atelier \u00e0 Neuvic. Ce nouveau caviar, au go\u00fbt l\u00e9ger et iod\u00e9, vient compl\u00e9ter la collection de caviar de producteur. Pour r\u00e9pondre \u00e0 une client\u00e8le en qu\u00eate de nouvelles expressions gustatives.<\/p>\n<h3>Le Caviar Naccari<\/h3>\n<p>Caviar de Neuvic \u00e9largit sa s\u00e9lection de caviars de producteurs. Cette ouverture r\u00e9pond \u00e0 une client\u00e8le de plus en plus avertie, en qu\u00eate de saveurs vari\u00e9es.<\/p>\n<p><strong>Le caviar Naccari<\/strong>, issu de l\u2019esturgeon europ\u00e9en Acipenser Naccarii, Originaire du nord de l\u2019Italie, commun\u00e9ment appel\u00e9 \u00ab esturgeon d\u2019adriatique \u00bb, \u00e9tait \u00e9galement pr\u00e9sent dans les grands fleuves d\u2019Espagne. Il atteint sa maturit\u00e9 apr\u00e8s 9 \u00e0 10 ans. Son caviar se distingue par des grains de taille moyenne. Des nuances de gris \u00e0 noir anthracite. Une saveur iod\u00e9e marqu\u00e9e qui rappelle les caviars d\u2019autrefois tout en affirmant une identit\u00e9 propre.<\/p>\n<p><img fetchpriority=\"high\" decoding=\"async\" class=\"alignnone size-medium wp-image-31491\" src=\"https:\/\/caviar-de-neuvic.com\/wp-content\/uploads\/2025\/10\/CDN_TARAMAS_081025_\u00aeAV-98-300x200.jpg\" alt=\"\" width=\"300\" height=\"200\" srcset=\"https:\/\/caviar-de-neuvic.com\/wp-content\/uploads\/2025\/10\/CDN_TARAMAS_081025_\u00aeAV-98-300x200.jpg 300w, https:\/\/caviar-de-neuvic.com\/wp-content\/uploads\/2025\/10\/CDN_TARAMAS_081025_\u00aeAV-98-1024x683.jpg 1024w, https:\/\/caviar-de-neuvic.com\/wp-content\/uploads\/2025\/10\/CDN_TARAMAS_081025_\u00aeAV-98-768x512.jpg 768w, https:\/\/caviar-de-neuvic.com\/wp-content\/uploads\/2025\/10\/CDN_TARAMAS_081025_\u00aeAV-98-1536x1024.jpg 1536w, https:\/\/caviar-de-neuvic.com\/wp-content\/uploads\/2025\/10\/CDN_TARAMAS_081025_\u00aeAV-98-2048x1365.jpg 2048w, https:\/\/caviar-de-neuvic.com\/wp-content\/uploads\/2025\/10\/CDN_TARAMAS_081025_\u00aeAV-98-18x12.jpg 18w, https:\/\/caviar-de-neuvic.com\/wp-content\/uploads\/2025\/10\/CDN_TARAMAS_081025_\u00aeAV-98-454x303.jpg 454w\" sizes=\"(max-width: 300px) 100vw, 300px\" \/><img decoding=\"async\" class=\"alignnone size-medium wp-image-31492\" src=\"https:\/\/caviar-de-neuvic.com\/wp-content\/uploads\/2025\/10\/CDN_TARAMAS_081025_\u00aeAV-100-300x200.jpg\" alt=\"\" width=\"300\" height=\"200\" srcset=\"https:\/\/caviar-de-neuvic.com\/wp-content\/uploads\/2025\/10\/CDN_TARAMAS_081025_\u00aeAV-100-300x200.jpg 300w, https:\/\/caviar-de-neuvic.com\/wp-content\/uploads\/2025\/10\/CDN_TARAMAS_081025_\u00aeAV-100-1024x683.jpg 1024w, https:\/\/caviar-de-neuvic.com\/wp-content\/uploads\/2025\/10\/CDN_TARAMAS_081025_\u00aeAV-100-768x512.jpg 768w, https:\/\/caviar-de-neuvic.com\/wp-content\/uploads\/2025\/10\/CDN_TARAMAS_081025_\u00aeAV-100-1536x1024.jpg 1536w, https:\/\/caviar-de-neuvic.com\/wp-content\/uploads\/2025\/10\/CDN_TARAMAS_081025_\u00aeAV-100-2048x1365.jpg 2048w, https:\/\/caviar-de-neuvic.com\/wp-content\/uploads\/2025\/10\/CDN_TARAMAS_081025_\u00aeAV-100-18x12.jpg 18w, https:\/\/caviar-de-neuvic.com\/wp-content\/uploads\/2025\/10\/CDN_TARAMAS_081025_\u00aeAV-100-454x303.jpg 454w\" sizes=\"(max-width: 300px) 100vw, 300px\" \/><img decoding=\"async\" class=\"alignnone size-medium wp-image-31493\" src=\"https:\/\/caviar-de-neuvic.com\/wp-content\/uploads\/2025\/10\/CDN_TARAMAS_081025_\u00aeAV-101-300x200.jpg\" alt=\"\" width=\"300\" height=\"200\" srcset=\"https:\/\/caviar-de-neuvic.com\/wp-content\/uploads\/2025\/10\/CDN_TARAMAS_081025_\u00aeAV-101-300x200.jpg 300w, https:\/\/caviar-de-neuvic.com\/wp-content\/uploads\/2025\/10\/CDN_TARAMAS_081025_\u00aeAV-101-1024x683.jpg 1024w, https:\/\/caviar-de-neuvic.com\/wp-content\/uploads\/2025\/10\/CDN_TARAMAS_081025_\u00aeAV-101-768x512.jpg 768w, https:\/\/caviar-de-neuvic.com\/wp-content\/uploads\/2025\/10\/CDN_TARAMAS_081025_\u00aeAV-101-1536x1024.jpg 1536w, https:\/\/caviar-de-neuvic.com\/wp-content\/uploads\/2025\/10\/CDN_TARAMAS_081025_\u00aeAV-101-2048x1365.jpg 2048w, https:\/\/caviar-de-neuvic.com\/wp-content\/uploads\/2025\/10\/CDN_TARAMAS_081025_\u00aeAV-101-18x12.jpg 18w, https:\/\/caviar-de-neuvic.com\/wp-content\/uploads\/2025\/10\/CDN_TARAMAS_081025_\u00aeAV-101-454x303.jpg 454w\" sizes=\"(max-width: 300px) 100vw, 300px\" \/><\/p>\n<h3>Une collaboration avec Pirinea<\/h3>\n<p>Pour proposer ce nouveau caviar, Caviar de Neuvic s\u2019associe \u00e0 son partenaire espagnol Pirinea, int\u00e9gr\u00e9 \u00e0 son \u00e9cosyst\u00e8me de producteurs. Les esturgeons sont \u00e9lev\u00e9s en Espagne, puis les oeufs sont transform\u00e9s dans l\u2019atelier de Neuvic.<\/p>\n<p>La fabrication et la maturation sont soigneusement suivies par le Ma\u00eetre Caviar. Cela garanti une qualit\u00e9 fid\u00e8le aux exigences de la Maison.<\/p>\n<h3>Les oeufs de poisson<\/h3>\n<p><strong>OEufs de cor\u00e9gones<\/strong> : connus en Scandinavie sous le nom de Kalix l\u00f6jrom, proviennent du Coregonus albula. Tri\u00e9s, lav\u00e9s et l\u00e9g\u00e8rement sal\u00e9s, sans additif ni conservateur. Ils offrent une d\u00e9gustation pure, marqu\u00e9e par la finesse et la l\u00e9g\u00e8ret\u00e9 de leur go\u00fbt.<\/p>\n<p><strong>OEufs de brochets fum\u00e9s<\/strong> : issus de brochets sauvages p\u00each\u00e9s au Canada, se distinguent par leur teinte beige et leur texture d\u00e9licate.<\/p>\n<p>Pr\u00e9par\u00e9s dans les ateliers de Neuvic, ils b\u00e9n\u00e9ficient d\u2019un fumage ma\u00eetris\u00e9 qui en r\u00e9v\u00e8le les notes beurr\u00e9es et subtilement fum\u00e9es.<\/p>\n<p><img loading=\"lazy\" decoding=\"async\" class=\"alignnone size-medium wp-image-30140\" src=\"http:\/\/caviar-de-neuvic.com\/wp-content\/uploads\/2025\/10\/CDN_OEUFSSTUDIO_250925_\u00aeAV-1-300x200.jpg\" alt=\"\" width=\"300\" height=\"200\" srcset=\"https:\/\/caviar-de-neuvic.com\/wp-content\/uploads\/2025\/10\/CDN_OEUFSSTUDIO_250925_\u00aeAV-1-300x200.jpg 300w, https:\/\/caviar-de-neuvic.com\/wp-content\/uploads\/2025\/10\/CDN_OEUFSSTUDIO_250925_\u00aeAV-1-1024x683.jpg 1024w, https:\/\/caviar-de-neuvic.com\/wp-content\/uploads\/2025\/10\/CDN_OEUFSSTUDIO_250925_\u00aeAV-1-768x512.jpg 768w, https:\/\/caviar-de-neuvic.com\/wp-content\/uploads\/2025\/10\/CDN_OEUFSSTUDIO_250925_\u00aeAV-1-1536x1024.jpg 1536w, https:\/\/caviar-de-neuvic.com\/wp-content\/uploads\/2025\/10\/CDN_OEUFSSTUDIO_250925_\u00aeAV-1-2048x1365.jpg 2048w, https:\/\/caviar-de-neuvic.com\/wp-content\/uploads\/2025\/10\/CDN_OEUFSSTUDIO_250925_\u00aeAV-1-18x12.jpg 18w, https:\/\/caviar-de-neuvic.com\/wp-content\/uploads\/2025\/10\/CDN_OEUFSSTUDIO_250925_\u00aeAV-1-454x303.jpg 454w\" sizes=\"(max-width: 300px) 100vw, 300px\" \/><img loading=\"lazy\" decoding=\"async\" class=\"alignnone wp-image-30142 size-medium\" src=\"http:\/\/caviar-de-neuvic.com\/wp-content\/uploads\/2025\/10\/CDN_OEUFSSTUDIO_250925_\u00aeAV-5-scaled-e1760004970328-300x196.jpg\" alt=\"\" width=\"300\" height=\"196\" srcset=\"https:\/\/caviar-de-neuvic.com\/wp-content\/uploads\/2025\/10\/CDN_OEUFSSTUDIO_250925_\u00aeAV-5-scaled-e1760004970328-300x196.jpg 300w, https:\/\/caviar-de-neuvic.com\/wp-content\/uploads\/2025\/10\/CDN_OEUFSSTUDIO_250925_\u00aeAV-5-scaled-e1760004970328-1024x669.jpg 1024w, https:\/\/caviar-de-neuvic.com\/wp-content\/uploads\/2025\/10\/CDN_OEUFSSTUDIO_250925_\u00aeAV-5-scaled-e1760004970328-768x502.jpg 768w, https:\/\/caviar-de-neuvic.com\/wp-content\/uploads\/2025\/10\/CDN_OEUFSSTUDIO_250925_\u00aeAV-5-scaled-e1760004970328-1536x1003.jpg 1536w, https:\/\/caviar-de-neuvic.com\/wp-content\/uploads\/2025\/10\/CDN_OEUFSSTUDIO_250925_\u00aeAV-5-scaled-e1760004970328-2048x1338.jpg 2048w, https:\/\/caviar-de-neuvic.com\/wp-content\/uploads\/2025\/10\/CDN_OEUFSSTUDIO_250925_\u00aeAV-5-scaled-e1760004970328-18x12.jpg 18w, https:\/\/caviar-de-neuvic.com\/wp-content\/uploads\/2025\/10\/CDN_OEUFSSTUDIO_250925_\u00aeAV-5-scaled-e1760004970328-317x206.jpg 317w, https:\/\/caviar-de-neuvic.com\/wp-content\/uploads\/2025\/10\/CDN_OEUFSSTUDIO_250925_\u00aeAV-5-scaled-e1760004970328-454x297.jpg 454w\" sizes=\"(max-width: 300px) 100vw, 300px\" \/><img loading=\"lazy\" decoding=\"async\" class=\"alignnone size-medium wp-image-30141\" src=\"http:\/\/caviar-de-neuvic.com\/wp-content\/uploads\/2025\/10\/CDN_OEUFSSTUDIO_250925_\u00aeAV-2-300x200.jpg\" alt=\"\" width=\"300\" height=\"200\" srcset=\"https:\/\/caviar-de-neuvic.com\/wp-content\/uploads\/2025\/10\/CDN_OEUFSSTUDIO_250925_\u00aeAV-2-300x200.jpg 300w, https:\/\/caviar-de-neuvic.com\/wp-content\/uploads\/2025\/10\/CDN_OEUFSSTUDIO_250925_\u00aeAV-2-1024x683.jpg 1024w, https:\/\/caviar-de-neuvic.com\/wp-content\/uploads\/2025\/10\/CDN_OEUFSSTUDIO_250925_\u00aeAV-2-768x512.jpg 768w, https:\/\/caviar-de-neuvic.com\/wp-content\/uploads\/2025\/10\/CDN_OEUFSSTUDIO_250925_\u00aeAV-2-1536x1024.jpg 1536w, https:\/\/caviar-de-neuvic.com\/wp-content\/uploads\/2025\/10\/CDN_OEUFSSTUDIO_250925_\u00aeAV-2-2048x1365.jpg 2048w, https:\/\/caviar-de-neuvic.com\/wp-content\/uploads\/2025\/10\/CDN_OEUFSSTUDIO_250925_\u00aeAV-2-18x12.jpg 18w, https:\/\/caviar-de-neuvic.com\/wp-content\/uploads\/2025\/10\/CDN_OEUFSSTUDIO_250925_\u00aeAV-2-454x303.jpg 454w\" sizes=\"(max-width: 300px) 100vw, 300px\" \/><\/p>\n<h3>La gamme truffe<\/h3>\n<p><strong>Le carpaccio \u00e0 la truffe d\u2019\u00e9t\u00e9<\/strong> (70 % de Tuber aestivum Vitt.) associe huile d\u2019olive extra vierge, sel et ar\u00f4me naturel de truffe blanche. \u00c9labor\u00e9 avec le partenaire Henras, maison sp\u00e9cialiste de la truffe depuis deux si\u00e8cles. Il se pr\u00e9sente finement tranch\u00e9 pour pr\u00e9server l\u2019int\u00e9grit\u00e9 du parfum.<\/p>\n<p><strong>La tartufata \u00e0 la truffe d\u2019\u00e9t\u00e9<\/strong> marie champignons de Paris, olives noires et herbes aromatiques, relev\u00e9s par 5 % de truffe. Sa texture onctueuse et ses ar\u00f4mes bois\u00e9s rappellent la cuisine familiale du P\u00e9rigord.<\/p>\n<p><strong>P\u00e2t\u00e9 de campagne \u00e0 la truffe noire<\/strong> : p\u00e2t\u00e9 de porc associant go\u00fbt local et truffe Tuber aestivum, pr\u00e9par\u00e9 selon une fabrication artisanale locale, pour un \u00e9quilibre de saveurs fid\u00e8le aux traditions r\u00e9gionales.<\/p>\n<p><img loading=\"lazy\" decoding=\"async\" class=\"alignnone size-medium wp-image-30131\" src=\"http:\/\/caviar-de-neuvic.com\/wp-content\/uploads\/2025\/10\/CDN_CONSERVESTRUFFES_240925_\u00aeAV-151-300x200.jpg\" alt=\"\" width=\"300\" height=\"200\" srcset=\"https:\/\/caviar-de-neuvic.com\/wp-content\/uploads\/2025\/10\/CDN_CONSERVESTRUFFES_240925_\u00aeAV-151-300x200.jpg 300w, https:\/\/caviar-de-neuvic.com\/wp-content\/uploads\/2025\/10\/CDN_CONSERVESTRUFFES_240925_\u00aeAV-151-1024x683.jpg 1024w, https:\/\/caviar-de-neuvic.com\/wp-content\/uploads\/2025\/10\/CDN_CONSERVESTRUFFES_240925_\u00aeAV-151-768x512.jpg 768w, https:\/\/caviar-de-neuvic.com\/wp-content\/uploads\/2025\/10\/CDN_CONSERVESTRUFFES_240925_\u00aeAV-151-1536x1024.jpg 1536w, https:\/\/caviar-de-neuvic.com\/wp-content\/uploads\/2025\/10\/CDN_CONSERVESTRUFFES_240925_\u00aeAV-151-2048x1365.jpg 2048w, https:\/\/caviar-de-neuvic.com\/wp-content\/uploads\/2025\/10\/CDN_CONSERVESTRUFFES_240925_\u00aeAV-151-18x12.jpg 18w, https:\/\/caviar-de-neuvic.com\/wp-content\/uploads\/2025\/10\/CDN_CONSERVESTRUFFES_240925_\u00aeAV-151-454x303.jpg 454w\" sizes=\"(max-width: 300px) 100vw, 300px\" \/><img loading=\"lazy\" decoding=\"async\" class=\"alignnone size-medium wp-image-30132\" src=\"http:\/\/caviar-de-neuvic.com\/wp-content\/uploads\/2025\/10\/CDN_CONSERVESTRUFFES_240925_\u00aeAV-135-300x200.jpg\" alt=\"\" width=\"300\" height=\"200\" srcset=\"https:\/\/caviar-de-neuvic.com\/wp-content\/uploads\/2025\/10\/CDN_CONSERVESTRUFFES_240925_\u00aeAV-135-300x200.jpg 300w, https:\/\/caviar-de-neuvic.com\/wp-content\/uploads\/2025\/10\/CDN_CONSERVESTRUFFES_240925_\u00aeAV-135-1024x683.jpg 1024w, https:\/\/caviar-de-neuvic.com\/wp-content\/uploads\/2025\/10\/CDN_CONSERVESTRUFFES_240925_\u00aeAV-135-768x512.jpg 768w, https:\/\/caviar-de-neuvic.com\/wp-content\/uploads\/2025\/10\/CDN_CONSERVESTRUFFES_240925_\u00aeAV-135-1536x1024.jpg 1536w, https:\/\/caviar-de-neuvic.com\/wp-content\/uploads\/2025\/10\/CDN_CONSERVESTRUFFES_240925_\u00aeAV-135-2048x1365.jpg 2048w, https:\/\/caviar-de-neuvic.com\/wp-content\/uploads\/2025\/10\/CDN_CONSERVESTRUFFES_240925_\u00aeAV-135-18x12.jpg 18w, https:\/\/caviar-de-neuvic.com\/wp-content\/uploads\/2025\/10\/CDN_CONSERVESTRUFFES_240925_\u00aeAV-135-454x303.jpg 454w\" sizes=\"(max-width: 300px) 100vw, 300px\" \/><img loading=\"lazy\" decoding=\"async\" class=\"alignnone size-medium wp-image-30133\" src=\"http:\/\/caviar-de-neuvic.com\/wp-content\/uploads\/2025\/10\/CDN_CONSERVESTRUFFES_240925_\u00aeAV-157-300x200.jpg\" alt=\"\" width=\"300\" height=\"200\" srcset=\"https:\/\/caviar-de-neuvic.com\/wp-content\/uploads\/2025\/10\/CDN_CONSERVESTRUFFES_240925_\u00aeAV-157-300x200.jpg 300w, https:\/\/caviar-de-neuvic.com\/wp-content\/uploads\/2025\/10\/CDN_CONSERVESTRUFFES_240925_\u00aeAV-157-1024x683.jpg 1024w, https:\/\/caviar-de-neuvic.com\/wp-content\/uploads\/2025\/10\/CDN_CONSERVESTRUFFES_240925_\u00aeAV-157-768x512.jpg 768w, https:\/\/caviar-de-neuvic.com\/wp-content\/uploads\/2025\/10\/CDN_CONSERVESTRUFFES_240925_\u00aeAV-157-1536x1024.jpg 1536w, https:\/\/caviar-de-neuvic.com\/wp-content\/uploads\/2025\/10\/CDN_CONSERVESTRUFFES_240925_\u00aeAV-157-2048x1365.jpg 2048w, https:\/\/caviar-de-neuvic.com\/wp-content\/uploads\/2025\/10\/CDN_CONSERVESTRUFFES_240925_\u00aeAV-157-18x12.jpg 18w, https:\/\/caviar-de-neuvic.com\/wp-content\/uploads\/2025\/10\/CDN_CONSERVESTRUFFES_240925_\u00aeAV-157-454x303.jpg 454w\" sizes=\"(max-width: 300px) 100vw, 300px\" \/><\/p>\n<h3>Les produits du P\u00e9rigord<\/h3>\n<p><strong>P\u00e9rigueux-Sauce<\/strong> : 4 % de truffe noire du P\u00e9rigord (Tuber Melanosporum) et \u00e9chalotes du terroir. Pr\u00e9par\u00e9e selon une recette traditionnelle, elle met en valeur le savoir-faire p\u00e9rigourdin et des ingr\u00e9dients locaux. Elle accompagne \u00e0 merveille un tournedos, mais peut \u00e9galement sublimer d\u2019autres viandes ou plats raffin\u00e9s.<\/p>\n<p><strong>P\u00e2t\u00e9 neuvicois<\/strong> : Allie une terrine de porc parfum\u00e9e au Cognac et un insert de 25% de bloc de foie gras de canard. R\u00e9alis\u00e9 \u00e0 partir de mati\u00e8res premi\u00e8res du Sud-Ouest, sans colorant ni conservateur, il refl\u00e8te l\u2019authenticit\u00e9 du terroir local.<\/p>\n<p><strong>Foie gras de canard entier du P\u00e9rigord<\/strong> : canards \u00e9lev\u00e9s en plein air et nourris 100 % naturellement, transform\u00e9s \u00e0 proximit\u00e9 de Neuvic. Certifi\u00e9 IGP P\u00e9rigord, il respecte un cahier des charges strict sur l\u2019alimentation, la densit\u00e9 et le savoir-faire de transformation, garantissant un produit trac\u00e9 et repr\u00e9sentatif du terroir.<\/p>\n<p>Ces nouveaut\u00e9s refl\u00e8tent l\u2019approche de Caviar de Neuvic, fond\u00e9e sur l\u2019excellence, l\u2019innovation et le respect. En travaillant en \u00e9troite collaboration avec des producteurs locaux ou des partenaires de longue date, l\u2019entreprise valorise les savoir-faire artisanaux et les richesses du P\u00e9rigord, tout en garantissant des produits trac\u00e9s, certifi\u00e9s et durables.<\/p>\n<p><img loading=\"lazy\" decoding=\"async\" class=\"alignnone size-medium wp-image-30136\" src=\"http:\/\/caviar-de-neuvic.com\/wp-content\/uploads\/2025\/10\/CDN_CONSERVESTRUFFES_240925_\u00aeAV-164-300x200.jpg\" alt=\"\" width=\"300\" height=\"200\" srcset=\"https:\/\/caviar-de-neuvic.com\/wp-content\/uploads\/2025\/10\/CDN_CONSERVESTRUFFES_240925_\u00aeAV-164-300x200.jpg 300w, https:\/\/caviar-de-neuvic.com\/wp-content\/uploads\/2025\/10\/CDN_CONSERVESTRUFFES_240925_\u00aeAV-164-1024x683.jpg 1024w, https:\/\/caviar-de-neuvic.com\/wp-content\/uploads\/2025\/10\/CDN_CONSERVESTRUFFES_240925_\u00aeAV-164-768x512.jpg 768w, https:\/\/caviar-de-neuvic.com\/wp-content\/uploads\/2025\/10\/CDN_CONSERVESTRUFFES_240925_\u00aeAV-164-1536x1024.jpg 1536w, https:\/\/caviar-de-neuvic.com\/wp-content\/uploads\/2025\/10\/CDN_CONSERVESTRUFFES_240925_\u00aeAV-164-2048x1365.jpg 2048w, https:\/\/caviar-de-neuvic.com\/wp-content\/uploads\/2025\/10\/CDN_CONSERVESTRUFFES_240925_\u00aeAV-164-18x12.jpg 18w, https:\/\/caviar-de-neuvic.com\/wp-content\/uploads\/2025\/10\/CDN_CONSERVESTRUFFES_240925_\u00aeAV-164-454x303.jpg 454w\" sizes=\"(max-width: 300px) 100vw, 300px\" \/><img loading=\"lazy\" decoding=\"async\" class=\"alignnone size-medium wp-image-30137\" src=\"http:\/\/caviar-de-neuvic.com\/wp-content\/uploads\/2025\/10\/CDN_CONSERVESTRUFFES_240925_\u00aeAV-300x200.jpg\" alt=\"\" width=\"300\" height=\"200\" srcset=\"https:\/\/caviar-de-neuvic.com\/wp-content\/uploads\/2025\/10\/CDN_CONSERVESTRUFFES_240925_\u00aeAV-300x200.jpg 300w, https:\/\/caviar-de-neuvic.com\/wp-content\/uploads\/2025\/10\/CDN_CONSERVESTRUFFES_240925_\u00aeAV-1024x683.jpg 1024w, https:\/\/caviar-de-neuvic.com\/wp-content\/uploads\/2025\/10\/CDN_CONSERVESTRUFFES_240925_\u00aeAV-768x512.jpg 768w, https:\/\/caviar-de-neuvic.com\/wp-content\/uploads\/2025\/10\/CDN_CONSERVESTRUFFES_240925_\u00aeAV-1536x1024.jpg 1536w, https:\/\/caviar-de-neuvic.com\/wp-content\/uploads\/2025\/10\/CDN_CONSERVESTRUFFES_240925_\u00aeAV-2048x1365.jpg 2048w, https:\/\/caviar-de-neuvic.com\/wp-content\/uploads\/2025\/10\/CDN_CONSERVESTRUFFES_240925_\u00aeAV-18x12.jpg 18w, https:\/\/caviar-de-neuvic.com\/wp-content\/uploads\/2025\/10\/CDN_CONSERVESTRUFFES_240925_\u00aeAV-454x303.jpg 454w\" sizes=\"(max-width: 300px) 100vw, 300px\" \/><img loading=\"lazy\" decoding=\"async\" class=\"alignnone size-medium wp-image-30138\" src=\"http:\/\/caviar-de-neuvic.com\/wp-content\/uploads\/2025\/10\/CDN_CONSERVESTRUFFES_240925_\u00aeAV-87-300x200.jpg\" alt=\"\" width=\"300\" height=\"200\" srcset=\"https:\/\/caviar-de-neuvic.com\/wp-content\/uploads\/2025\/10\/CDN_CONSERVESTRUFFES_240925_\u00aeAV-87-300x200.jpg 300w, https:\/\/caviar-de-neuvic.com\/wp-content\/uploads\/2025\/10\/CDN_CONSERVESTRUFFES_240925_\u00aeAV-87-1024x683.jpg 1024w, https:\/\/caviar-de-neuvic.com\/wp-content\/uploads\/2025\/10\/CDN_CONSERVESTRUFFES_240925_\u00aeAV-87-768x512.jpg 768w, https:\/\/caviar-de-neuvic.com\/wp-content\/uploads\/2025\/10\/CDN_CONSERVESTRUFFES_240925_\u00aeAV-87-1536x1024.jpg 1536w, https:\/\/caviar-de-neuvic.com\/wp-content\/uploads\/2025\/10\/CDN_CONSERVESTRUFFES_240925_\u00aeAV-87-2048x1365.jpg 2048w, https:\/\/caviar-de-neuvic.com\/wp-content\/uploads\/2025\/10\/CDN_CONSERVESTRUFFES_240925_\u00aeAV-87-18x12.jpg 18w, https:\/\/caviar-de-neuvic.com\/wp-content\/uploads\/2025\/10\/CDN_CONSERVESTRUFFES_240925_\u00aeAV-87-454x303.jpg 454w\" sizes=\"(max-width: 300px) 100vw, 300px\" \/><\/p>\n<blockquote><p>Laurent Deverlanges, PDG et fondateur, pr\u00e9cise : <em>\u00ab Chaque cr\u00e9ation traduit notre engagement pour le terroir et pour une gastronomie responsable. Nous collaborons avec des producteurs locaux et des partenaires de longue date pour proposer des produits authentiques, certifi\u00e9s et \u00e9labor\u00e9s dans le respect de l\u2019environnement et des cycles naturels. \u00bb<\/em><\/p><\/blockquote>","protected":false},"excerpt":{"rendered":"<p>Nouvelles saveurs, m\u00eames engagements : Caviar de Neuvic pr\u00e9sente ses cr\u00e9ations 2025 Pour cette fin d\u2019ann\u00e9e, Caviar de Neuvic, producteur fran\u00e7ais engag\u00e9 de caviar bas\u00e9 \u00e0 Neuvic en Dordogne, \u00e9toffe son offre avec de nouvelles cr\u00e9ations gastronomiques, en mettant l\u2019accent sur la provenance, la qualit\u00e9 et le respect des savoir-faire. Ces nouveaut\u00e9s se d\u00e9clinent autour [&hellip;]<\/p>\n","protected":false},"author":11896,"featured_media":30130,"comment_status":"closed","ping_status":"open","sticky":false,"template":"","format":"standard","meta":{"_acf_changed":false,"ocean_post_layout":"","ocean_both_sidebars_style":"","ocean_both_sidebars_content_width":0,"ocean_both_sidebars_sidebars_width":0,"ocean_sidebar":"0","ocean_second_sidebar":"0","ocean_disable_margins":"enable","ocean_add_body_class":"","ocean_shortcode_before_top_bar":"","ocean_shortcode_after_top_bar":"","ocean_shortcode_before_header":"","ocean_shortcode_after_header":"","ocean_has_shortcode":"","ocean_shortcode_after_title":"","ocean_shortcode_before_footer_widgets":"","ocean_shortcode_after_footer_widgets":"","ocean_shortcode_before_footer_bottom":"","ocean_shortcode_after_footer_bottom":"","ocean_display_top_bar":"default","ocean_display_header":"default","ocean_header_style":"","ocean_center_header_left_menu":"0","ocean_custom_header_template":"0","ocean_custom_logo":0,"ocean_custom_retina_logo":0,"ocean_custom_logo_max_width":0,"ocean_custom_logo_tablet_max_width":0,"ocean_custom_logo_mobile_max_width":0,"ocean_custom_logo_max_height":0,"ocean_custom_logo_tablet_max_height":0,"ocean_custom_logo_mobile_max_height":0,"ocean_header_custom_menu":"0","ocean_menu_typo_font_family":"0","ocean_menu_typo_font_subset":"","ocean_menu_typo_font_size":0,"ocean_menu_typo_font_size_tablet":0,"ocean_menu_typo_font_size_mobile":0,"ocean_menu_typo_font_size_unit":"px","ocean_menu_typo_font_weight":"","ocean_menu_typo_font_weight_tablet":"","ocean_menu_typo_font_weight_mobile":"","ocean_menu_typo_transform":"","ocean_menu_typo_transform_tablet":"","ocean_menu_typo_transform_mobile":"","ocean_menu_typo_line_height":0,"ocean_menu_typo_line_height_tablet":0,"ocean_menu_typo_line_height_mobile":0,"ocean_menu_typo_line_height_unit":"","ocean_menu_typo_spacing":0,"ocean_menu_typo_spacing_tablet":0,"ocean_menu_typo_spacing_mobile":0,"ocean_menu_typo_spacing_unit":"","ocean_menu_link_color":"","ocean_menu_link_color_hover":"","ocean_menu_link_color_active":"","ocean_menu_link_background":"","ocean_menu_link_hover_background":"","ocean_menu_link_active_background":"","ocean_menu_social_links_bg":"","ocean_menu_social_hover_links_bg":"","ocean_menu_social_links_color":"","ocean_menu_social_hover_links_color":"","ocean_disable_title":"default","ocean_disable_heading":"default","ocean_post_title":"","ocean_post_subheading":"","ocean_post_title_style":"","ocean_post_title_background_color":"","ocean_post_title_background":0,"ocean_post_title_bg_image_position":"","ocean_post_title_bg_image_attachment":"","ocean_post_title_bg_image_repeat":"","ocean_post_title_bg_image_size":"","ocean_post_title_height":0,"ocean_post_title_bg_overlay":0.5,"ocean_post_title_bg_overlay_color":"","ocean_disable_breadcrumbs":"default","ocean_breadcrumbs_color":"","ocean_breadcrumbs_separator_color":"","ocean_breadcrumbs_links_color":"","ocean_breadcrumbs_links_hover_color":"","ocean_display_footer_widgets":"default","ocean_display_footer_bottom":"default","ocean_custom_footer_template":"0","omw_enable_modal_window":"enable","ocean_post_oembed":"","ocean_post_self_hosted_media":"","ocean_post_video_embed":"","ocean_link_format":"","ocean_link_format_target":"self","ocean_quote_format":"","ocean_quote_format_link":"post","ocean_gallery_link_images":"on","ocean_gallery_id":[],"footnotes":""},"categories":[300],"tags":[479,480,481],"class_list":["post-30129","post","type-post","status-publish","format-standard","has-post-thumbnail","hentry","category-actualites","tag-nouveaute-2025","tag-oeufs-de-brochets-fumes","tag-pirinea","entry","has-media","owp-thumbs-layout-vertical","owp-btn-normal","owp-tabs-layout-horizontal","has-no-thumbnails","has-product-nav"],"acf":[],"yoast_head":"<!-- This site is optimized with the Yoast SEO plugin v27.5 - https:\/\/yoast.com\/product\/yoast-seo-wordpress\/ -->\n<title>Caviar de Neuvic pr\u00e9sente ses nouveaut\u00e9s 2025 - Producteur Fran\u00e7ais De Caviar<\/title>\n<meta name=\"description\" content=\"Caviar de Neuvic pr\u00e9sente ses cr\u00e9ations 2025. Ces nouveaut\u00e9s se d\u00e9clinent autour des oeufs de poisson, la truffe et les produits du P\u00e9rigord.\" \/>\n<meta name=\"robots\" content=\"index, follow, max-snippet:-1, max-image-preview:large, max-video-preview:-1\" \/>\n<link rel=\"canonical\" href=\"https:\/\/caviar-de-neuvic.com\/de_ch\/actualites\/caviar-de-neuvic-presente-ses-nouveautes-2025\/\" \/>\n<meta property=\"og:locale\" content=\"de_DE\" \/>\n<meta property=\"og:type\" content=\"article\" \/>\n<meta property=\"og:title\" content=\"Caviar de Neuvic pr\u00e9sente ses nouveaut\u00e9s 2025 - Producteur Fran\u00e7ais De Caviar\" \/>\n<meta property=\"og:description\" content=\"Caviar de Neuvic pr\u00e9sente ses cr\u00e9ations 2025. Ces nouveaut\u00e9s se d\u00e9clinent autour des oeufs de poisson, la truffe et les produits du P\u00e9rigord.\" \/>\n<meta property=\"og:url\" content=\"https:\/\/caviar-de-neuvic.com\/de_ch\/actualites\/caviar-de-neuvic-presente-ses-nouveautes-2025\/\" \/>\n<meta property=\"og:site_name\" content=\"Producteur Fran\u00e7ais De Caviar\" \/>\n<meta property=\"article:published_time\" content=\"2025-10-22T08:12:50+00:00\" \/>\n<meta property=\"article:modified_time\" content=\"2025-11-19T13:07:29+00:00\" \/>\n<meta property=\"og:image\" content=\"https:\/\/caviar-de-neuvic.com\/wp-content\/uploads\/2025\/10\/CDN_OEUFSSTUDIO_250925_\u00aeAV-scaled.jpg\" \/>\n\t<meta property=\"og:image:width\" content=\"2560\" \/>\n\t<meta property=\"og:image:height\" content=\"1707\" \/>\n\t<meta property=\"og:image:type\" content=\"image\/jpeg\" \/>\n<meta name=\"author\" content=\"Laurine Gay\" \/>\n<meta name=\"twitter:card\" content=\"summary_large_image\" \/>\n<meta name=\"twitter:label1\" content=\"Geschrieben von\" \/>\n\t<meta name=\"twitter:data1\" content=\"Laurine Gay\" \/>\n\t<meta name=\"twitter:label2\" content=\"Gesch\u00e4tzte Lesezeit\" \/>\n\t<meta name=\"twitter:data2\" content=\"7 Minuten\" \/>\n<script type=\"application\/ld+json\" class=\"yoast-schema-graph\">{\"@context\":\"https:\\\/\\\/schema.org\",\"@graph\":[{\"@type\":\"Article\",\"@id\":\"https:\\\/\\\/caviar-de-neuvic.com\\\/actualites\\\/caviar-de-neuvic-presente-ses-nouveautes-2025\\\/#article\",\"isPartOf\":{\"@id\":\"https:\\\/\\\/caviar-de-neuvic.com\\\/actualites\\\/caviar-de-neuvic-presente-ses-nouveautes-2025\\\/\"},\"author\":{\"name\":\"Laurine Gay\",\"@id\":\"http:\\\/\\\/caviar-de-neuvic.com\\\/fr\\\/#\\\/schema\\\/person\\\/89912ad55a5ddd5efeb92f2d32511b03\"},\"headline\":\"Caviar de Neuvic pr\u00e9sente ses nouveaut\u00e9s 2025\",\"datePublished\":\"2025-10-22T08:12:50+00:00\",\"dateModified\":\"2025-11-19T13:07:29+00:00\",\"mainEntityOfPage\":{\"@id\":\"https:\\\/\\\/caviar-de-neuvic.com\\\/actualites\\\/caviar-de-neuvic-presente-ses-nouveautes-2025\\\/\"},\"wordCount\":832,\"publisher\":{\"@id\":\"http:\\\/\\\/caviar-de-neuvic.com\\\/fr\\\/#organization\"},\"image\":{\"@id\":\"https:\\\/\\\/caviar-de-neuvic.com\\\/actualites\\\/caviar-de-neuvic-presente-ses-nouveautes-2025\\\/#primaryimage\"},\"thumbnailUrl\":\"https:\\\/\\\/caviar-de-neuvic.com\\\/wp-content\\\/uploads\\\/2025\\\/10\\\/CDN_OEUFSSTUDIO_250925_\u00aeAV-scaled.jpg\",\"keywords\":[\"Nouveaut\u00e9 2025\",\"OEufs de brochets fum\u00e9s\",\"Pirinea\"],\"articleSection\":[\"Actualit\u00e9s\"],\"inLanguage\":\"de-CH\"},{\"@type\":\"WebPage\",\"@id\":\"https:\\\/\\\/caviar-de-neuvic.com\\\/actualites\\\/caviar-de-neuvic-presente-ses-nouveautes-2025\\\/\",\"url\":\"https:\\\/\\\/caviar-de-neuvic.com\\\/actualites\\\/caviar-de-neuvic-presente-ses-nouveautes-2025\\\/\",\"name\":\"Caviar de Neuvic pr\u00e9sente ses nouveaut\u00e9s 2025 - Producteur Fran\u00e7ais De Caviar\",\"isPartOf\":{\"@id\":\"http:\\\/\\\/caviar-de-neuvic.com\\\/fr\\\/#website\"},\"primaryImageOfPage\":{\"@id\":\"https:\\\/\\\/caviar-de-neuvic.com\\\/actualites\\\/caviar-de-neuvic-presente-ses-nouveautes-2025\\\/#primaryimage\"},\"image\":{\"@id\":\"https:\\\/\\\/caviar-de-neuvic.com\\\/actualites\\\/caviar-de-neuvic-presente-ses-nouveautes-2025\\\/#primaryimage\"},\"thumbnailUrl\":\"https:\\\/\\\/caviar-de-neuvic.com\\\/wp-content\\\/uploads\\\/2025\\\/10\\\/CDN_OEUFSSTUDIO_250925_\u00aeAV-scaled.jpg\",\"datePublished\":\"2025-10-22T08:12:50+00:00\",\"dateModified\":\"2025-11-19T13:07:29+00:00\",\"description\":\"Caviar de Neuvic pr\u00e9sente ses cr\u00e9ations 2025. Ces nouveaut\u00e9s se d\u00e9clinent autour des oeufs de poisson, la truffe et les produits du P\u00e9rigord.\",\"breadcrumb\":{\"@id\":\"https:\\\/\\\/caviar-de-neuvic.com\\\/actualites\\\/caviar-de-neuvic-presente-ses-nouveautes-2025\\\/#breadcrumb\"},\"inLanguage\":\"de-CH\",\"potentialAction\":[{\"@type\":\"ReadAction\",\"target\":[\"https:\\\/\\\/caviar-de-neuvic.com\\\/actualites\\\/caviar-de-neuvic-presente-ses-nouveautes-2025\\\/\"]}]},{\"@type\":\"ImageObject\",\"inLanguage\":\"de-CH\",\"@id\":\"https:\\\/\\\/caviar-de-neuvic.com\\\/actualites\\\/caviar-de-neuvic-presente-ses-nouveautes-2025\\\/#primaryimage\",\"url\":\"https:\\\/\\\/caviar-de-neuvic.com\\\/wp-content\\\/uploads\\\/2025\\\/10\\\/CDN_OEUFSSTUDIO_250925_\u00aeAV-scaled.jpg\",\"contentUrl\":\"https:\\\/\\\/caviar-de-neuvic.com\\\/wp-content\\\/uploads\\\/2025\\\/10\\\/CDN_OEUFSSTUDIO_250925_\u00aeAV-scaled.jpg\",\"width\":2560,\"height\":1707,\"caption\":\"Caviar de Neuvic pr\u00e9sente ses cr\u00e9ations 2025\"},{\"@type\":\"BreadcrumbList\",\"@id\":\"https:\\\/\\\/caviar-de-neuvic.com\\\/actualites\\\/caviar-de-neuvic-presente-ses-nouveautes-2025\\\/#breadcrumb\",\"itemListElement\":[{\"@type\":\"ListItem\",\"position\":1,\"name\":\"Caviar de Neuvic\",\"item\":\"https:\\\/\\\/caviar-de-neuvic.com\\\/\"},{\"@type\":\"ListItem\",\"position\":2,\"name\":\"Actualit\u00e9s\",\"item\":\"https:\\\/\\\/caviar-de-neuvic.com\\\/fr\\\/category\\\/actualites\\\/\"},{\"@type\":\"ListItem\",\"position\":3,\"name\":\"Caviar de Neuvic pr\u00e9sente ses nouveaut\u00e9s 2025\"}]},{\"@type\":\"WebSite\",\"@id\":\"http:\\\/\\\/caviar-de-neuvic.com\\\/fr\\\/#website\",\"url\":\"http:\\\/\\\/caviar-de-neuvic.com\\\/fr\\\/\",\"name\":\"Producteur Fran\u00e7ais De Caviar\",\"description\":\"\",\"publisher\":{\"@id\":\"http:\\\/\\\/caviar-de-neuvic.com\\\/fr\\\/#organization\"},\"potentialAction\":[{\"@type\":\"SearchAction\",\"target\":{\"@type\":\"EntryPoint\",\"urlTemplate\":\"http:\\\/\\\/caviar-de-neuvic.com\\\/fr\\\/?s={search_term_string}\"},\"query-input\":{\"@type\":\"PropertyValueSpecification\",\"valueRequired\":true,\"valueName\":\"search_term_string\"}}],\"inLanguage\":\"de-CH\"},{\"@type\":\"Organization\",\"@id\":\"http:\\\/\\\/caviar-de-neuvic.com\\\/fr\\\/#organization\",\"name\":\"Producteur Fran\u00e7ais De Caviar\",\"url\":\"http:\\\/\\\/caviar-de-neuvic.com\\\/fr\\\/\",\"logo\":{\"@type\":\"ImageObject\",\"inLanguage\":\"de-CH\",\"@id\":\"http:\\\/\\\/caviar-de-neuvic.com\\\/fr\\\/#\\\/schema\\\/logo\\\/image\\\/\",\"url\":\"\",\"contentUrl\":\"\",\"caption\":\"Producteur Fran\u00e7ais De Caviar\"},\"image\":{\"@id\":\"http:\\\/\\\/caviar-de-neuvic.com\\\/fr\\\/#\\\/schema\\\/logo\\\/image\\\/\"}},{\"@type\":\"Person\",\"@id\":\"http:\\\/\\\/caviar-de-neuvic.com\\\/fr\\\/#\\\/schema\\\/person\\\/89912ad55a5ddd5efeb92f2d32511b03\",\"name\":\"Laurine Gay\",\"url\":\"https:\\\/\\\/caviar-de-neuvic.com\\\/de_ch\\\/author\\\/laurine-gaycaviardeneuvic-com\\\/\"}]}<\/script>\n<!-- \/ Yoast SEO plugin. -->","yoast_head_json":{"title":"Caviar de Neuvic pr\u00e9sente ses nouveaut\u00e9s 2025 - Producteur Fran\u00e7ais De Caviar","description":"Caviar de Neuvic pr\u00e9sente ses cr\u00e9ations 2025. Ces nouveaut\u00e9s se d\u00e9clinent autour des oeufs de poisson, la truffe et les produits du P\u00e9rigord.","robots":{"index":"index","follow":"follow","max-snippet":"max-snippet:-1","max-image-preview":"max-image-preview:large","max-video-preview":"max-video-preview:-1"},"canonical":"https:\/\/caviar-de-neuvic.com\/de_ch\/actualites\/caviar-de-neuvic-presente-ses-nouveautes-2025\/","og_locale":"de_DE","og_type":"article","og_title":"Caviar de Neuvic pr\u00e9sente ses nouveaut\u00e9s 2025 - Producteur Fran\u00e7ais De Caviar","og_description":"Caviar de Neuvic pr\u00e9sente ses cr\u00e9ations 2025. Ces nouveaut\u00e9s se d\u00e9clinent autour des oeufs de poisson, la truffe et les produits du P\u00e9rigord.","og_url":"https:\/\/caviar-de-neuvic.com\/de_ch\/actualites\/caviar-de-neuvic-presente-ses-nouveautes-2025\/","og_site_name":"Producteur Fran\u00e7ais De Caviar","article_published_time":"2025-10-22T08:12:50+00:00","article_modified_time":"2025-11-19T13:07:29+00:00","og_image":[{"width":2560,"height":1707,"url":"https:\/\/caviar-de-neuvic.com\/wp-content\/uploads\/2025\/10\/CDN_OEUFSSTUDIO_250925_\u00aeAV-scaled.jpg","type":"image\/jpeg"}],"author":"Laurine Gay","twitter_card":"summary_large_image","twitter_misc":{"Geschrieben von":"Laurine Gay","Gesch\u00e4tzte Lesezeit":"7 Minuten"},"schema":{"@context":"https:\/\/schema.org","@graph":[{"@type":"Article","@id":"https:\/\/caviar-de-neuvic.com\/actualites\/caviar-de-neuvic-presente-ses-nouveautes-2025\/#article","isPartOf":{"@id":"https:\/\/caviar-de-neuvic.com\/actualites\/caviar-de-neuvic-presente-ses-nouveautes-2025\/"},"author":{"name":"Laurine Gay","@id":"http:\/\/caviar-de-neuvic.com\/fr\/#\/schema\/person\/89912ad55a5ddd5efeb92f2d32511b03"},"headline":"Caviar de Neuvic pr\u00e9sente ses nouveaut\u00e9s 2025","datePublished":"2025-10-22T08:12:50+00:00","dateModified":"2025-11-19T13:07:29+00:00","mainEntityOfPage":{"@id":"https:\/\/caviar-de-neuvic.com\/actualites\/caviar-de-neuvic-presente-ses-nouveautes-2025\/"},"wordCount":832,"publisher":{"@id":"http:\/\/caviar-de-neuvic.com\/fr\/#organization"},"image":{"@id":"https:\/\/caviar-de-neuvic.com\/actualites\/caviar-de-neuvic-presente-ses-nouveautes-2025\/#primaryimage"},"thumbnailUrl":"https:\/\/caviar-de-neuvic.com\/wp-content\/uploads\/2025\/10\/CDN_OEUFSSTUDIO_250925_\u00aeAV-scaled.jpg","keywords":["Nouveaut\u00e9 2025","OEufs de brochets fum\u00e9s","Pirinea"],"articleSection":["Actualit\u00e9s"],"inLanguage":"de-CH"},{"@type":"WebPage","@id":"https:\/\/caviar-de-neuvic.com\/actualites\/caviar-de-neuvic-presente-ses-nouveautes-2025\/","url":"https:\/\/caviar-de-neuvic.com\/actualites\/caviar-de-neuvic-presente-ses-nouveautes-2025\/","name":"Caviar de Neuvic pr\u00e9sente ses nouveaut\u00e9s 2025 - Producteur Fran\u00e7ais De Caviar","isPartOf":{"@id":"http:\/\/caviar-de-neuvic.com\/fr\/#website"},"primaryImageOfPage":{"@id":"https:\/\/caviar-de-neuvic.com\/actualites\/caviar-de-neuvic-presente-ses-nouveautes-2025\/#primaryimage"},"image":{"@id":"https:\/\/caviar-de-neuvic.com\/actualites\/caviar-de-neuvic-presente-ses-nouveautes-2025\/#primaryimage"},"thumbnailUrl":"https:\/\/caviar-de-neuvic.com\/wp-content\/uploads\/2025\/10\/CDN_OEUFSSTUDIO_250925_\u00aeAV-scaled.jpg","datePublished":"2025-10-22T08:12:50+00:00","dateModified":"2025-11-19T13:07:29+00:00","description":"Caviar de Neuvic pr\u00e9sente ses cr\u00e9ations 2025. Ces nouveaut\u00e9s se d\u00e9clinent autour des oeufs de poisson, la truffe et les produits du P\u00e9rigord.","breadcrumb":{"@id":"https:\/\/caviar-de-neuvic.com\/actualites\/caviar-de-neuvic-presente-ses-nouveautes-2025\/#breadcrumb"},"inLanguage":"de-CH","potentialAction":[{"@type":"ReadAction","target":["https:\/\/caviar-de-neuvic.com\/actualites\/caviar-de-neuvic-presente-ses-nouveautes-2025\/"]}]},{"@type":"ImageObject","inLanguage":"de-CH","@id":"https:\/\/caviar-de-neuvic.com\/actualites\/caviar-de-neuvic-presente-ses-nouveautes-2025\/#primaryimage","url":"https:\/\/caviar-de-neuvic.com\/wp-content\/uploads\/2025\/10\/CDN_OEUFSSTUDIO_250925_\u00aeAV-scaled.jpg","contentUrl":"https:\/\/caviar-de-neuvic.com\/wp-content\/uploads\/2025\/10\/CDN_OEUFSSTUDIO_250925_\u00aeAV-scaled.jpg","width":2560,"height":1707,"caption":"Caviar de Neuvic pr\u00e9sente ses cr\u00e9ations 2025"},{"@type":"BreadcrumbList","@id":"https:\/\/caviar-de-neuvic.com\/actualites\/caviar-de-neuvic-presente-ses-nouveautes-2025\/#breadcrumb","itemListElement":[{"@type":"ListItem","position":1,"name":"Caviar de Neuvic","item":"https:\/\/caviar-de-neuvic.com\/"},{"@type":"ListItem","position":2,"name":"Actualit\u00e9s","item":"https:\/\/caviar-de-neuvic.com\/fr\/category\/actualites\/"},{"@type":"ListItem","position":3,"name":"Caviar de Neuvic pr\u00e9sente ses nouveaut\u00e9s 2025"}]},{"@type":"WebSite","@id":"http:\/\/caviar-de-neuvic.com\/fr\/#website","url":"http:\/\/caviar-de-neuvic.com\/fr\/","name":"Producteur Fran\u00e7ais De Caviar","description":"","publisher":{"@id":"http:\/\/caviar-de-neuvic.com\/fr\/#organization"},"potentialAction":[{"@type":"SearchAction","target":{"@type":"EntryPoint","urlTemplate":"http:\/\/caviar-de-neuvic.com\/fr\/?s={search_term_string}"},"query-input":{"@type":"PropertyValueSpecification","valueRequired":true,"valueName":"search_term_string"}}],"inLanguage":"de-CH"},{"@type":"Organization","@id":"http:\/\/caviar-de-neuvic.com\/fr\/#organization","name":"Producteur Fran\u00e7ais De Caviar","url":"http:\/\/caviar-de-neuvic.com\/fr\/","logo":{"@type":"ImageObject","inLanguage":"de-CH","@id":"http:\/\/caviar-de-neuvic.com\/fr\/#\/schema\/logo\/image\/","url":"","contentUrl":"","caption":"Producteur Fran\u00e7ais De Caviar"},"image":{"@id":"http:\/\/caviar-de-neuvic.com\/fr\/#\/schema\/logo\/image\/"}},{"@type":"Person","@id":"http:\/\/caviar-de-neuvic.com\/fr\/#\/schema\/person\/89912ad55a5ddd5efeb92f2d32511b03","name":"Laurine Gay","url":"https:\/\/caviar-de-neuvic.com\/de_ch\/author\/laurine-gaycaviardeneuvic-com\/"}]}},"_links":{"self":[{"href":"https:\/\/caviar-de-neuvic.com\/de_ch\/wp-json\/wp\/v2\/posts\/30129","targetHints":{"allow":["GET"]}}],"collection":[{"href":"https:\/\/caviar-de-neuvic.com\/de_ch\/wp-json\/wp\/v2\/posts"}],"about":[{"href":"https:\/\/caviar-de-neuvic.com\/de_ch\/wp-json\/wp\/v2\/types\/post"}],"author":[{"embeddable":true,"href":"https:\/\/caviar-de-neuvic.com\/de_ch\/wp-json\/wp\/v2\/users\/11896"}],"replies":[{"embeddable":true,"href":"https:\/\/caviar-de-neuvic.com\/de_ch\/wp-json\/wp\/v2\/comments?post=30129"}],"version-history":[{"count":2,"href":"https:\/\/caviar-de-neuvic.com\/de_ch\/wp-json\/wp\/v2\/posts\/30129\/revisions"}],"predecessor-version":[{"id":31494,"href":"https:\/\/caviar-de-neuvic.com\/de_ch\/wp-json\/wp\/v2\/posts\/30129\/revisions\/31494"}],"wp:featuredmedia":[{"embeddable":true,"href":"https:\/\/caviar-de-neuvic.com\/de_ch\/wp-json\/wp\/v2\/media\/30130"}],"wp:attachment":[{"href":"https:\/\/caviar-de-neuvic.com\/de_ch\/wp-json\/wp\/v2\/media?parent=30129"}],"wp:term":[{"taxonomy":"category","embeddable":true,"href":"https:\/\/caviar-de-neuvic.com\/de_ch\/wp-json\/wp\/v2\/categories?post=30129"},{"taxonomy":"post_tag","embeddable":true,"href":"https:\/\/caviar-de-neuvic.com\/de_ch\/wp-json\/wp\/v2\/tags?post=30129"}],"curies":[{"name":"wp","href":"https:\/\/api.w.org\/{rel}","templated":true}]}}