{"id":20801,"date":"2022-05-19T09:00:29","date_gmt":"2022-05-19T07:00:29","guid":{"rendered":"https:\/\/caviar-de-neuvic.com\/parlons-caviar\/?p=6048"},"modified":"2022-05-19T09:00:29","modified_gmt":"2022-05-19T07:00:29","slug":"nouvelle-boutique-caviar-de-neuvicnouvelle-boutique-caviar-de-neuvic","status":"publish","type":"post","link":"https:\/\/caviar-de-neuvic.com\/en\/nos-points-de-vente-tourisme\/nouvelle-boutique-caviar-de-neuvicnouvelle-boutique-caviar-de-neuvic\/","title":{"rendered":"Nouvelle boutique Caviar de Neuvic"},"content":{"rendered":"<p><span style=\"font-weight: 400;\">Nouvelle boutique Caviar de Neuvic : la nouvelle grange du domaine b\u00e2tie en 1663 restaur\u00e9e cette ann\u00e9e a ouvert ses portes.\u00a0<\/span><\/p>\n<p><b>Nouvel espace \u00e0 Neuvic\u00a0<\/b><\/p>\n<p><span style=\"font-weight: 400;\">L\u2019ann\u00e9e 2022 a marqu\u00e9 un tournant pour <a href=\"https:\/\/caviar-de-neuvic.com\/en\/\" target=\"_blank\" rel=\"noopener\">Caviar de Neuvic<\/a>. En effet, nous avons inaugur\u00e9 notre nouvelle boutique au domaine ! <\/span><\/p>\n<p><span style=\"font-weight: 400;\">Elle peut d\u00e9sormais accueillir grand nombre de clients et touristes venus \u00e0 la decouverte de l\u2019or noir de<a href=\"https:\/\/www.dordogne-perigord-tourisme.fr\" target=\"_blank\" rel=\"noopener\"> Dordogne<\/a>. <\/span><span style=\"font-weight: 400;\">Grande de plus de 200m2 elle est constitu\u00e9e d\u2019un espace vente, d\u00e9gustation et restauration. <\/span><span style=\"font-weight: 400;\">Vous y retrouverez ainsi tous les produits de la gamme et vous pourrez y faire des d\u00e9gustations et\/ou des repas (<a href=\"https:\/\/caviar-de-neuvic.com\/en\/parlons-caviar\/brunch-au-domaine\/\" target=\"_blank\" rel=\"noopener\">brunch ou lunch<\/a>).<\/span><\/p>\n<p><b>Plus qu\u2019une boutique : un lieu de vie<\/b><\/p>\n<p><span style=\"font-weight: 400;\">Espace baigne\u0301 de lumie\u0300re et de charme, les individus plongeront dans une expe\u0301rience unique au c\u0153ur du <a href=\"https:\/\/caviar-de-neuvic.com\/en\/parlons-caviar\/visite-au-domaine-caviar-de-neuvic\/\" target=\"_blank\" rel=\"noopener\">Domaine \u00e0 Neuvic.\u00a0<\/a><\/span><\/p>\n<p><span style=\"font-weight: 400;\">Installez-vous dans de magnifiques fauteuils gr\u00e2ce aux espaces \u201cd\u00e9tentes\u201d pour vous d\u00e9lasser en toute tranquillit\u00e9. D\u00e9guster des <a href=\"https:\/\/caviar-de-neuvic.com\/en\/13-caviar\/\" target=\"_blank\" rel=\"noopener\">produits d\u2019exceptions<\/a> dans un lieu privil\u00e9gi\u00e9. Partagez un moment de convivialit\u00e9 entre amis ou en famille pour vous restaurer.\u00a0<\/span><span style=\"font-weight: 400;\">Tant de possibilit\u00e9s qui vous permettront de garder en m\u00e9moire un souvenir imprenable et qui vous donneront l\u2019envie d\u2019y retourner une seconde fois.\u00a0<\/span><\/p>\n<p><span style=\"font-weight: 400;\">Finalement, cette grange permettra \u00e0 Caviar de Neuvic d&rsquo;animer ce nouveau lieu tout au long des saisons pour devenir \u00ab\u00a0The place to be\u00a0\u00bb. <\/span><\/p>\n<p>&nbsp;<\/p>","protected":false},"excerpt":{"rendered":"<p>Nouvelle boutique Caviar de Neuvic : la nouvelle grange du domaine b\u00e2tie en 1663 restaur\u00e9e cette ann\u00e9e a ouvert ses portes.\u00a0 Nouvel espace \u00e0 Neuvic\u00a0 L\u2019ann\u00e9e 2022 a marqu\u00e9 un tournant pour Caviar de Neuvic. En effet, nous avons inaugur\u00e9 notre nouvelle boutique au domaine ! Elle peut d\u00e9sormais accueillir grand nombre de clients et [&hellip;]<\/p>\n","protected":false},"author":11896,"featured_media":20972,"comment_status":"open","ping_status":"closed","sticky":false,"template":"","format":"standard","meta":{"_acf_changed":false,"ocean_post_layout":"","ocean_both_sidebars_style":"","ocean_both_sidebars_content_width":0,"ocean_both_sidebars_sidebars_width":0,"ocean_sidebar":"","ocean_second_sidebar":"","ocean_disable_margins":"enable","ocean_add_body_class":"","ocean_shortcode_before_top_bar":"","ocean_shortcode_after_top_bar":"","ocean_shortcode_before_header":"","ocean_shortcode_after_header":"","ocean_has_shortcode":"","ocean_shortcode_after_title":"","ocean_shortcode_before_footer_widgets":"","ocean_shortcode_after_footer_widgets":"","ocean_shortcode_before_footer_bottom":"","ocean_shortcode_after_footer_bottom":"","ocean_display_top_bar":"default","ocean_display_header":"default","ocean_header_style":"","ocean_center_header_left_menu":"","ocean_custom_header_template":"","ocean_custom_logo":0,"ocean_custom_retina_logo":0,"ocean_custom_logo_max_width":0,"ocean_custom_logo_tablet_max_width":0,"ocean_custom_logo_mobile_max_width":0,"ocean_custom_logo_max_height":0,"ocean_custom_logo_tablet_max_height":0,"ocean_custom_logo_mobile_max_height":0,"ocean_header_custom_menu":"","ocean_menu_typo_font_family":"","ocean_menu_typo_font_subset":"","ocean_menu_typo_font_size":0,"ocean_menu_typo_font_size_tablet":0,"ocean_menu_typo_font_size_mobile":0,"ocean_menu_typo_font_size_unit":"px","ocean_menu_typo_font_weight":"","ocean_menu_typo_font_weight_tablet":"","ocean_menu_typo_font_weight_mobile":"","ocean_menu_typo_transform":"","ocean_menu_typo_transform_tablet":"","ocean_menu_typo_transform_mobile":"","ocean_menu_typo_line_height":0,"ocean_menu_typo_line_height_tablet":0,"ocean_menu_typo_line_height_mobile":0,"ocean_menu_typo_line_height_unit":"","ocean_menu_typo_spacing":0,"ocean_menu_typo_spacing_tablet":0,"ocean_menu_typo_spacing_mobile":0,"ocean_menu_typo_spacing_unit":"","ocean_menu_link_color":"","ocean_menu_link_color_hover":"","ocean_menu_link_color_active":"","ocean_menu_link_background":"","ocean_menu_link_hover_background":"","ocean_menu_link_active_background":"","ocean_menu_social_links_bg":"","ocean_menu_social_hover_links_bg":"","ocean_menu_social_links_color":"","ocean_menu_social_hover_links_color":"","ocean_disable_title":"default","ocean_disable_heading":"default","ocean_post_title":"","ocean_post_subheading":"","ocean_post_title_style":"","ocean_post_title_background_color":"","ocean_post_title_background":0,"ocean_post_title_bg_image_position":"","ocean_post_title_bg_image_attachment":"","ocean_post_title_bg_image_repeat":"","ocean_post_title_bg_image_size":"","ocean_post_title_height":0,"ocean_post_title_bg_overlay":0.5,"ocean_post_title_bg_overlay_color":"","ocean_disable_breadcrumbs":"default","ocean_breadcrumbs_color":"","ocean_breadcrumbs_separator_color":"","ocean_breadcrumbs_links_color":"","ocean_breadcrumbs_links_hover_color":"","ocean_display_footer_widgets":"default","ocean_display_footer_bottom":"default","ocean_custom_footer_template":"","omw_enable_modal_window":"enable","ocean_post_oembed":"","ocean_post_self_hosted_media":"","ocean_post_video_embed":"","ocean_link_format":"","ocean_link_format_target":"self","ocean_quote_format":"","ocean_quote_format_link":"post","ocean_gallery_link_images":"on","ocean_gallery_id":[],"footnotes":""},"categories":[286],"tags":[],"class_list":["post-20801","post","type-post","status-publish","format-standard","has-post-thumbnail","hentry","category-nos-points-de-vente-tourisme","entry","has-media","owp-thumbs-layout-vertical","owp-btn-normal","owp-tabs-layout-horizontal","has-no-thumbnails","has-product-nav"],"acf":[],"yoast_head":"<!-- This site is optimized with the Yoast SEO plugin v27.4 - https:\/\/yoast.com\/product\/yoast-seo-wordpress\/ -->\n<title>Nouvelle boutique Caviar de Neuvic<\/title>\n<meta name=\"description\" content=\"Nouvelle boutique Caviar de Neuvic. La nouvelle grange du domaine b\u00e2tie en 1663 restaur\u00e9e cette ann\u00e9e a ouvert ses portes.\" \/>\n<meta name=\"robots\" content=\"index, follow, max-snippet:-1, max-image-preview:large, max-video-preview:-1\" \/>\n<link rel=\"canonical\" href=\"https:\/\/caviar-de-neuvic.com\/en\/nos-points-de-vente-tourisme\/nouvelle-boutique-caviar-de-neuvicnouvelle-boutique-caviar-de-neuvic\/\" \/>\n<meta property=\"og:locale\" content=\"en_GB\" \/>\n<meta property=\"og:type\" content=\"article\" \/>\n<meta property=\"og:title\" content=\"Nouvelle boutique Caviar de Neuvic\" \/>\n<meta property=\"og:description\" content=\"Nouvelle boutique Caviar de Neuvic. La nouvelle grange du domaine b\u00e2tie en 1663 restaur\u00e9e cette ann\u00e9e a ouvert ses portes.\" \/>\n<meta property=\"og:url\" content=\"https:\/\/caviar-de-neuvic.com\/en\/nos-points-de-vente-tourisme\/nouvelle-boutique-caviar-de-neuvicnouvelle-boutique-caviar-de-neuvic\/\" \/>\n<meta property=\"og:site_name\" content=\"Producteur Fran\u00e7ais De Caviar\" \/>\n<meta property=\"article:published_time\" content=\"2022-05-19T07:00:29+00:00\" \/>\n<meta property=\"og:image\" content=\"https:\/\/caviar-de-neuvic.com\/wp-content\/uploads\/2022\/05\/IMG_2605-1.jpg\" \/>\n\t<meta property=\"og:image:width\" content=\"1920\" \/>\n\t<meta property=\"og:image:height\" content=\"1440\" \/>\n\t<meta property=\"og:image:type\" content=\"image\/jpeg\" \/>\n<meta name=\"author\" content=\"Laurine Gay\" \/>\n<meta name=\"twitter:card\" content=\"summary_large_image\" \/>\n<meta name=\"twitter:label1\" content=\"Written by\" \/>\n\t<meta name=\"twitter:data1\" content=\"Laurine Gay\" \/>\n\t<meta name=\"twitter:label2\" content=\"Estimated reading time\" \/>\n\t<meta name=\"twitter:data2\" content=\"2 minutes\" \/>\n<script type=\"application\/ld+json\" class=\"yoast-schema-graph\">{\"@context\":\"https:\\\/\\\/schema.org\",\"@graph\":[{\"@type\":\"Article\",\"@id\":\"https:\\\/\\\/caviar-de-neuvic.com\\\/nos-points-de-vente-tourisme\\\/nouvelle-boutique-caviar-de-neuvicnouvelle-boutique-caviar-de-neuvic\\\/#article\",\"isPartOf\":{\"@id\":\"https:\\\/\\\/caviar-de-neuvic.com\\\/nos-points-de-vente-tourisme\\\/nouvelle-boutique-caviar-de-neuvicnouvelle-boutique-caviar-de-neuvic\\\/\"},\"author\":{\"name\":\"Laurine Gay\",\"@id\":\"http:\\\/\\\/caviar-de-neuvic.com\\\/fr\\\/#\\\/schema\\\/person\\\/89912ad55a5ddd5efeb92f2d32511b03\"},\"headline\":\"Nouvelle boutique Caviar de Neuvic\",\"datePublished\":\"2022-05-19T07:00:29+00:00\",\"mainEntityOfPage\":{\"@id\":\"https:\\\/\\\/caviar-de-neuvic.com\\\/nos-points-de-vente-tourisme\\\/nouvelle-boutique-caviar-de-neuvicnouvelle-boutique-caviar-de-neuvic\\\/\"},\"wordCount\":236,\"commentCount\":0,\"publisher\":{\"@id\":\"http:\\\/\\\/caviar-de-neuvic.com\\\/fr\\\/#organization\"},\"image\":{\"@id\":\"https:\\\/\\\/caviar-de-neuvic.com\\\/nos-points-de-vente-tourisme\\\/nouvelle-boutique-caviar-de-neuvicnouvelle-boutique-caviar-de-neuvic\\\/#primaryimage\"},\"thumbnailUrl\":\"https:\\\/\\\/caviar-de-neuvic.com\\\/wp-content\\\/uploads\\\/2022\\\/05\\\/IMG_2605-1.jpg\",\"articleSection\":[\"Nos Points de Vente + Tourisme\"],\"inLanguage\":\"en-GB\",\"potentialAction\":[{\"@type\":\"CommentAction\",\"name\":\"Comment\",\"target\":[\"https:\\\/\\\/caviar-de-neuvic.com\\\/nos-points-de-vente-tourisme\\\/nouvelle-boutique-caviar-de-neuvicnouvelle-boutique-caviar-de-neuvic\\\/#respond\"]}]},{\"@type\":\"WebPage\",\"@id\":\"https:\\\/\\\/caviar-de-neuvic.com\\\/nos-points-de-vente-tourisme\\\/nouvelle-boutique-caviar-de-neuvicnouvelle-boutique-caviar-de-neuvic\\\/\",\"url\":\"https:\\\/\\\/caviar-de-neuvic.com\\\/nos-points-de-vente-tourisme\\\/nouvelle-boutique-caviar-de-neuvicnouvelle-boutique-caviar-de-neuvic\\\/\",\"name\":\"Nouvelle boutique Caviar de Neuvic\",\"isPartOf\":{\"@id\":\"http:\\\/\\\/caviar-de-neuvic.com\\\/fr\\\/#website\"},\"primaryImageOfPage\":{\"@id\":\"https:\\\/\\\/caviar-de-neuvic.com\\\/nos-points-de-vente-tourisme\\\/nouvelle-boutique-caviar-de-neuvicnouvelle-boutique-caviar-de-neuvic\\\/#primaryimage\"},\"image\":{\"@id\":\"https:\\\/\\\/caviar-de-neuvic.com\\\/nos-points-de-vente-tourisme\\\/nouvelle-boutique-caviar-de-neuvicnouvelle-boutique-caviar-de-neuvic\\\/#primaryimage\"},\"thumbnailUrl\":\"https:\\\/\\\/caviar-de-neuvic.com\\\/wp-content\\\/uploads\\\/2022\\\/05\\\/IMG_2605-1.jpg\",\"datePublished\":\"2022-05-19T07:00:29+00:00\",\"description\":\"Nouvelle boutique Caviar de Neuvic. La nouvelle grange du domaine b\u00e2tie en 1663 restaur\u00e9e cette ann\u00e9e a ouvert ses portes.\",\"breadcrumb\":{\"@id\":\"https:\\\/\\\/caviar-de-neuvic.com\\\/nos-points-de-vente-tourisme\\\/nouvelle-boutique-caviar-de-neuvicnouvelle-boutique-caviar-de-neuvic\\\/#breadcrumb\"},\"inLanguage\":\"en-GB\",\"potentialAction\":[{\"@type\":\"ReadAction\",\"target\":[\"https:\\\/\\\/caviar-de-neuvic.com\\\/nos-points-de-vente-tourisme\\\/nouvelle-boutique-caviar-de-neuvicnouvelle-boutique-caviar-de-neuvic\\\/\"]}]},{\"@type\":\"ImageObject\",\"inLanguage\":\"en-GB\",\"@id\":\"https:\\\/\\\/caviar-de-neuvic.com\\\/nos-points-de-vente-tourisme\\\/nouvelle-boutique-caviar-de-neuvicnouvelle-boutique-caviar-de-neuvic\\\/#primaryimage\",\"url\":\"https:\\\/\\\/caviar-de-neuvic.com\\\/wp-content\\\/uploads\\\/2022\\\/05\\\/IMG_2605-1.jpg\",\"contentUrl\":\"https:\\\/\\\/caviar-de-neuvic.com\\\/wp-content\\\/uploads\\\/2022\\\/05\\\/IMG_2605-1.jpg\",\"width\":1920,\"height\":1440,\"caption\":\"Nouvelle boutique Caviar de Neuvic\"},{\"@type\":\"BreadcrumbList\",\"@id\":\"https:\\\/\\\/caviar-de-neuvic.com\\\/nos-points-de-vente-tourisme\\\/nouvelle-boutique-caviar-de-neuvicnouvelle-boutique-caviar-de-neuvic\\\/#breadcrumb\",\"itemListElement\":[{\"@type\":\"ListItem\",\"position\":1,\"name\":\"Caviar de Neuvic\",\"item\":\"https:\\\/\\\/caviar-de-neuvic.com\\\/\"},{\"@type\":\"ListItem\",\"position\":2,\"name\":\"Nos Points de Vente + Tourisme\",\"item\":\"https:\\\/\\\/caviar-de-neuvic.com\\\/fr\\\/category\\\/nos-points-de-vente-tourisme\\\/\"},{\"@type\":\"ListItem\",\"position\":3,\"name\":\"Nouvelle boutique Caviar de Neuvic\"}]},{\"@type\":\"WebSite\",\"@id\":\"http:\\\/\\\/caviar-de-neuvic.com\\\/fr\\\/#website\",\"url\":\"http:\\\/\\\/caviar-de-neuvic.com\\\/fr\\\/\",\"name\":\"Producteur Fran\u00e7ais De Caviar\",\"description\":\"\",\"publisher\":{\"@id\":\"http:\\\/\\\/caviar-de-neuvic.com\\\/fr\\\/#organization\"},\"potentialAction\":[{\"@type\":\"SearchAction\",\"target\":{\"@type\":\"EntryPoint\",\"urlTemplate\":\"http:\\\/\\\/caviar-de-neuvic.com\\\/fr\\\/?s={search_term_string}\"},\"query-input\":{\"@type\":\"PropertyValueSpecification\",\"valueRequired\":true,\"valueName\":\"search_term_string\"}}],\"inLanguage\":\"en-GB\"},{\"@type\":\"Organization\",\"@id\":\"http:\\\/\\\/caviar-de-neuvic.com\\\/fr\\\/#organization\",\"name\":\"Producteur Fran\u00e7ais De Caviar\",\"url\":\"http:\\\/\\\/caviar-de-neuvic.com\\\/fr\\\/\",\"logo\":{\"@type\":\"ImageObject\",\"inLanguage\":\"en-GB\",\"@id\":\"http:\\\/\\\/caviar-de-neuvic.com\\\/fr\\\/#\\\/schema\\\/logo\\\/image\\\/\",\"url\":\"\",\"contentUrl\":\"\",\"caption\":\"Producteur Fran\u00e7ais De Caviar\"},\"image\":{\"@id\":\"http:\\\/\\\/caviar-de-neuvic.com\\\/fr\\\/#\\\/schema\\\/logo\\\/image\\\/\"}},{\"@type\":\"Person\",\"@id\":\"http:\\\/\\\/caviar-de-neuvic.com\\\/fr\\\/#\\\/schema\\\/person\\\/89912ad55a5ddd5efeb92f2d32511b03\",\"name\":\"Laurine Gay\",\"url\":\"https:\\\/\\\/caviar-de-neuvic.com\\\/en\\\/author\\\/laurine-gaycaviardeneuvic-com\\\/\"}]}<\/script>\n<!-- \/ Yoast SEO plugin. -->","yoast_head_json":{"title":"Nouvelle boutique Caviar de Neuvic","description":"Nouvelle boutique Caviar de Neuvic. La nouvelle grange du domaine b\u00e2tie en 1663 restaur\u00e9e cette ann\u00e9e a ouvert ses portes.","robots":{"index":"index","follow":"follow","max-snippet":"max-snippet:-1","max-image-preview":"max-image-preview:large","max-video-preview":"max-video-preview:-1"},"canonical":"https:\/\/caviar-de-neuvic.com\/en\/nos-points-de-vente-tourisme\/nouvelle-boutique-caviar-de-neuvicnouvelle-boutique-caviar-de-neuvic\/","og_locale":"en_GB","og_type":"article","og_title":"Nouvelle boutique Caviar de Neuvic","og_description":"Nouvelle boutique Caviar de Neuvic. La nouvelle grange du domaine b\u00e2tie en 1663 restaur\u00e9e cette ann\u00e9e a ouvert ses portes.","og_url":"https:\/\/caviar-de-neuvic.com\/en\/nos-points-de-vente-tourisme\/nouvelle-boutique-caviar-de-neuvicnouvelle-boutique-caviar-de-neuvic\/","og_site_name":"Producteur Fran\u00e7ais De Caviar","article_published_time":"2022-05-19T07:00:29+00:00","og_image":[{"width":1920,"height":1440,"url":"https:\/\/caviar-de-neuvic.com\/wp-content\/uploads\/2022\/05\/IMG_2605-1.jpg","type":"image\/jpeg"}],"author":"Laurine Gay","twitter_card":"summary_large_image","twitter_misc":{"Written by":"Laurine Gay","Estimated reading time":"2 minutes"},"schema":{"@context":"https:\/\/schema.org","@graph":[{"@type":"Article","@id":"https:\/\/caviar-de-neuvic.com\/nos-points-de-vente-tourisme\/nouvelle-boutique-caviar-de-neuvicnouvelle-boutique-caviar-de-neuvic\/#article","isPartOf":{"@id":"https:\/\/caviar-de-neuvic.com\/nos-points-de-vente-tourisme\/nouvelle-boutique-caviar-de-neuvicnouvelle-boutique-caviar-de-neuvic\/"},"author":{"name":"Laurine Gay","@id":"http:\/\/caviar-de-neuvic.com\/fr\/#\/schema\/person\/89912ad55a5ddd5efeb92f2d32511b03"},"headline":"Nouvelle boutique Caviar de Neuvic","datePublished":"2022-05-19T07:00:29+00:00","mainEntityOfPage":{"@id":"https:\/\/caviar-de-neuvic.com\/nos-points-de-vente-tourisme\/nouvelle-boutique-caviar-de-neuvicnouvelle-boutique-caviar-de-neuvic\/"},"wordCount":236,"commentCount":0,"publisher":{"@id":"http:\/\/caviar-de-neuvic.com\/fr\/#organization"},"image":{"@id":"https:\/\/caviar-de-neuvic.com\/nos-points-de-vente-tourisme\/nouvelle-boutique-caviar-de-neuvicnouvelle-boutique-caviar-de-neuvic\/#primaryimage"},"thumbnailUrl":"https:\/\/caviar-de-neuvic.com\/wp-content\/uploads\/2022\/05\/IMG_2605-1.jpg","articleSection":["Nos Points de Vente + Tourisme"],"inLanguage":"en-GB","potentialAction":[{"@type":"CommentAction","name":"Comment","target":["https:\/\/caviar-de-neuvic.com\/nos-points-de-vente-tourisme\/nouvelle-boutique-caviar-de-neuvicnouvelle-boutique-caviar-de-neuvic\/#respond"]}]},{"@type":"WebPage","@id":"https:\/\/caviar-de-neuvic.com\/nos-points-de-vente-tourisme\/nouvelle-boutique-caviar-de-neuvicnouvelle-boutique-caviar-de-neuvic\/","url":"https:\/\/caviar-de-neuvic.com\/nos-points-de-vente-tourisme\/nouvelle-boutique-caviar-de-neuvicnouvelle-boutique-caviar-de-neuvic\/","name":"Nouvelle boutique Caviar de Neuvic","isPartOf":{"@id":"http:\/\/caviar-de-neuvic.com\/fr\/#website"},"primaryImageOfPage":{"@id":"https:\/\/caviar-de-neuvic.com\/nos-points-de-vente-tourisme\/nouvelle-boutique-caviar-de-neuvicnouvelle-boutique-caviar-de-neuvic\/#primaryimage"},"image":{"@id":"https:\/\/caviar-de-neuvic.com\/nos-points-de-vente-tourisme\/nouvelle-boutique-caviar-de-neuvicnouvelle-boutique-caviar-de-neuvic\/#primaryimage"},"thumbnailUrl":"https:\/\/caviar-de-neuvic.com\/wp-content\/uploads\/2022\/05\/IMG_2605-1.jpg","datePublished":"2022-05-19T07:00:29+00:00","description":"Nouvelle boutique Caviar de Neuvic. La nouvelle grange du domaine b\u00e2tie en 1663 restaur\u00e9e cette ann\u00e9e a ouvert ses portes.","breadcrumb":{"@id":"https:\/\/caviar-de-neuvic.com\/nos-points-de-vente-tourisme\/nouvelle-boutique-caviar-de-neuvicnouvelle-boutique-caviar-de-neuvic\/#breadcrumb"},"inLanguage":"en-GB","potentialAction":[{"@type":"ReadAction","target":["https:\/\/caviar-de-neuvic.com\/nos-points-de-vente-tourisme\/nouvelle-boutique-caviar-de-neuvicnouvelle-boutique-caviar-de-neuvic\/"]}]},{"@type":"ImageObject","inLanguage":"en-GB","@id":"https:\/\/caviar-de-neuvic.com\/nos-points-de-vente-tourisme\/nouvelle-boutique-caviar-de-neuvicnouvelle-boutique-caviar-de-neuvic\/#primaryimage","url":"https:\/\/caviar-de-neuvic.com\/wp-content\/uploads\/2022\/05\/IMG_2605-1.jpg","contentUrl":"https:\/\/caviar-de-neuvic.com\/wp-content\/uploads\/2022\/05\/IMG_2605-1.jpg","width":1920,"height":1440,"caption":"Nouvelle boutique Caviar de Neuvic"},{"@type":"BreadcrumbList","@id":"https:\/\/caviar-de-neuvic.com\/nos-points-de-vente-tourisme\/nouvelle-boutique-caviar-de-neuvicnouvelle-boutique-caviar-de-neuvic\/#breadcrumb","itemListElement":[{"@type":"ListItem","position":1,"name":"Caviar de Neuvic","item":"https:\/\/caviar-de-neuvic.com\/"},{"@type":"ListItem","position":2,"name":"Nos Points de Vente + Tourisme","item":"https:\/\/caviar-de-neuvic.com\/fr\/category\/nos-points-de-vente-tourisme\/"},{"@type":"ListItem","position":3,"name":"Nouvelle boutique Caviar de Neuvic"}]},{"@type":"WebSite","@id":"http:\/\/caviar-de-neuvic.com\/fr\/#website","url":"http:\/\/caviar-de-neuvic.com\/fr\/","name":"Producteur Fran\u00e7ais De Caviar","description":"","publisher":{"@id":"http:\/\/caviar-de-neuvic.com\/fr\/#organization"},"potentialAction":[{"@type":"SearchAction","target":{"@type":"EntryPoint","urlTemplate":"http:\/\/caviar-de-neuvic.com\/fr\/?s={search_term_string}"},"query-input":{"@type":"PropertyValueSpecification","valueRequired":true,"valueName":"search_term_string"}}],"inLanguage":"en-GB"},{"@type":"Organization","@id":"http:\/\/caviar-de-neuvic.com\/fr\/#organization","name":"Producteur Fran\u00e7ais De Caviar","url":"http:\/\/caviar-de-neuvic.com\/fr\/","logo":{"@type":"ImageObject","inLanguage":"en-GB","@id":"http:\/\/caviar-de-neuvic.com\/fr\/#\/schema\/logo\/image\/","url":"","contentUrl":"","caption":"Producteur Fran\u00e7ais De Caviar"},"image":{"@id":"http:\/\/caviar-de-neuvic.com\/fr\/#\/schema\/logo\/image\/"}},{"@type":"Person","@id":"http:\/\/caviar-de-neuvic.com\/fr\/#\/schema\/person\/89912ad55a5ddd5efeb92f2d32511b03","name":"Laurine Gay","url":"https:\/\/caviar-de-neuvic.com\/en\/author\/laurine-gaycaviardeneuvic-com\/"}]}},"_links":{"self":[{"href":"https:\/\/caviar-de-neuvic.com\/en\/wp-json\/wp\/v2\/posts\/20801","targetHints":{"allow":["GET"]}}],"collection":[{"href":"https:\/\/caviar-de-neuvic.com\/en\/wp-json\/wp\/v2\/posts"}],"about":[{"href":"https:\/\/caviar-de-neuvic.com\/en\/wp-json\/wp\/v2\/types\/post"}],"author":[{"embeddable":true,"href":"https:\/\/caviar-de-neuvic.com\/en\/wp-json\/wp\/v2\/users\/11896"}],"replies":[{"embeddable":true,"href":"https:\/\/caviar-de-neuvic.com\/en\/wp-json\/wp\/v2\/comments?post=20801"}],"version-history":[{"count":0,"href":"https:\/\/caviar-de-neuvic.com\/en\/wp-json\/wp\/v2\/posts\/20801\/revisions"}],"wp:featuredmedia":[{"embeddable":true,"href":"https:\/\/caviar-de-neuvic.com\/en\/wp-json\/wp\/v2\/media\/20972"}],"wp:attachment":[{"href":"https:\/\/caviar-de-neuvic.com\/en\/wp-json\/wp\/v2\/media?parent=20801"}],"wp:term":[{"taxonomy":"category","embeddable":true,"href":"https:\/\/caviar-de-neuvic.com\/en\/wp-json\/wp\/v2\/categories?post=20801"},{"taxonomy":"post_tag","embeddable":true,"href":"https:\/\/caviar-de-neuvic.com\/en\/wp-json\/wp\/v2\/tags?post=20801"}],"curies":[{"name":"wp","href":"https:\/\/api.w.org\/{rel}","templated":true}]}}