{"id":20855,"date":"2024-06-25T11:59:52","date_gmt":"2024-06-25T09:59:52","guid":{"rendered":"https:\/\/caviar-de-neuvic.com\/parlons-caviar-old\/?p=7518"},"modified":"2024-06-25T11:59:52","modified_gmt":"2024-06-25T09:59:52","slug":"nouvelle-terrasse-et-restaurant-pour-caviar-de-neuvic","status":"publish","type":"post","link":"https:\/\/caviar-de-neuvic.com\/en\/nos-points-de-vente-tourisme\/nouvelle-terrasse-et-restaurant-pour-caviar-de-neuvic\/","title":{"rendered":"Nouvelle terrasse et restaurant pour Caviar de Neuvic"},"content":{"rendered":"<h3><strong>Nouvelle terrasse et restaurant pour Caviar de Neuvic<\/strong><\/h3>\n<p><span style=\"font-weight: 400;\">Prenez un bol d\u2019air frais ! Apr\u00e8s deux mois de travaux, la terrasse du Domaine \u00e0 Neuvic est enfin pr\u00eate \u00e0 vous accueillir.<\/span><\/p>\n<p><span style=\"font-weight: 400;\">Fini les d\u00e9gustations et les repas en int\u00e9rieur lors des beaux jours. D\u00e8s \u00e0 pr\u00e9sent, vous pourrez profiter de nombreux moments de plaisir en ext\u00e9rieur, que ce soit lors des d\u00e9gustations en fin de visite ou bien lors de vos repas au restaurant du Domaine.\u00a0<\/span><\/p>\n<p><span style=\"font-weight: 400;\">Cet espace de r\u00e9ception, pouvant accueillir jusqu\u2019\u00e0 20 personnes, a \u00e9t\u00e9 cr\u00e9\u00e9 sur mesure pour vous offrir un cadre id\u00e9al pour des moments inoubliables. Entre bois, fontaine, voile d\u2019ombrage, faun et flore notre terrasse, entour\u00e9e par la beaut\u00e9 naturelle du Domaine, est l&rsquo;endroit parfait pour se d\u00e9tendre, savourer nos sp\u00e9cialit\u00e9s et profiter de l&rsquo;ambiance unique de Neuvic.<\/span><\/p>\n<p><span style=\"font-weight: 400;\">Pour d\u00e9couvrir cette magnifique terrasse, il vous suffit de r\u00e9server au minimum 24 heures avant votre venue au restaurant. Les r\u00e9servations peuvent \u00eatre effectu\u00e9es directement sur notre site :<\/span><a href=\"http:\/\/visites.caviar-de-neuvic.com\/fr\"> <span style=\"font-weight: 400;\">visites.caviar-de-neuvic.com\/fr<\/span><\/a><span style=\"font-weight: 400;\">.<\/span><\/p>\n<p><span style=\"font-weight: 400;\">Notez qu\u2019\u00e0 partir du 8 juillet, quatre cr\u00e9neaux de visite sont disponibles chaque jour : \u00e0 10 h, 14 h, 16 h, et 18 h.<\/span><\/p>\n<p><span style=\"font-weight: 400;\">Ne manquez pas l&rsquo;opportunit\u00e9 de vivre une exp\u00e9rience culinaire exceptionnelle en plein air. La terrasse vous accueille du mardi au samedi, de 12 h \u00e0 14 h 30. Nous vous attendons nombreux pour partager des moments inoubliables dans ce nouveau cadre enchanteur.<\/span><\/p>\n<h3><strong>Focus sur le restaurant du Domaine\u00a0\u00a0<\/strong><\/h3>\n<p><span style=\"font-weight: 400;\">\u00c0 l\u2019approche de l\u2019\u00e9t\u00e9, notre chef du Domaine, Julien Haj, vous a concoct\u00e9 un menu estival qui viendra satisfaire vos papilles ainsi que vos envies culinaires.\u00a0<\/span><\/p>\n<p><span style=\"font-weight: 400;\">Caviar de Neuvic vous d\u00e9voile son menu estival \u00e0 retrouver au restaurant du Domaine \u00e0 Neuvic :\u00a0<\/span><\/p>\n<p style=\"text-align: center;\"><b>Entr\u00e9e <\/b><span style=\"font-weight: 400;\">\u00a0<\/span><\/p>\n<p style=\"text-align: center;\"><span style=\"font-weight: 400;\">Petite burrata agr\u00e9ment\u00e9e de caviar en entr\u00e9e.<\/span><\/p>\n\t\t<style>\n\t\t\t.blog_sticker{\n\t\t\t\tmargin-top: 50px !important;\n\t\t\t\tdisplay: flex;\n  \t\t\t\tjustify-content: center;\n\t\t\t\tflex-wrap: wrap;\n\t\t\t}\n\t\t\t.blog_sticker .product-miniature-list.row .span_1_of_3{\n\t\t\t\twidth: 100%!important;\n\t\t\t\tflex: 0 0 100%!important;\n\t\t\t\tmax-width: 400px!important;\n\t\t\t}\n\t\t\t.blog_sticker_right{\n\t\t\t\tmax-width: 400px;\n\t\t\t}\n\t\t\t.product-miniature-list.row {\n\t\t\t\tdisplay: flex;\n\t\t\t\tjustify-content: center;\n\t\t\t\tflex-wrap: wrap;\n\t\t\t}\n\t\t<\/style>\n\t\t<div class=\"blog_sticker d-flex flex-wrap\">\n\t\t\t<div class=\"blog_sticker_left col-sm-12 col-md-6 products-grid\">\n\t\t\t\t<div class=\"product-miniature-list row\">\n\t\t\t\t\t\t\t\t\t<\/div>\n\t\t\t<\/div>\n\t\t\t<div class=\"blog_sticker_right col-sm-12 col-md-6\">\n\t\t\t\t\t\t\t<\/div>\n\t\t<\/div>\n\t\n<p style=\"text-align: center;\"><b>Plat<\/b><\/p>\n<p style=\"text-align: center;\"><span style=\"font-weight: 400;\">Ceviche d&rsquo;esturgeon accompagn\u00e9 de l\u00e9gumes frais.<\/span><\/p>\n\t\t<style>\n\t\t\t.blog_sticker{\n\t\t\t\tmargin-top: 50px !important;\n\t\t\t\tdisplay: flex;\n  \t\t\t\tjustify-content: center;\n\t\t\t\tflex-wrap: wrap;\n\t\t\t}\n\t\t\t.blog_sticker .product-miniature-list.row .span_1_of_3{\n\t\t\t\twidth: 100%!important;\n\t\t\t\tflex: 0 0 100%!important;\n\t\t\t\tmax-width: 400px!important;\n\t\t\t}\n\t\t\t.blog_sticker_right{\n\t\t\t\tmax-width: 400px;\n\t\t\t}\n\t\t\t.product-miniature-list.row {\n\t\t\t\tdisplay: flex;\n\t\t\t\tjustify-content: center;\n\t\t\t\tflex-wrap: wrap;\n\t\t\t}\n\t\t<\/style>\n\t\t<div class=\"blog_sticker d-flex flex-wrap\">\n\t\t\t<div class=\"blog_sticker_left col-sm-12 col-md-6 products-grid\">\n\t\t\t\t<div class=\"product-miniature-list row\">\n\t\t\t\t\t\t\t\t\t<\/div>\n\t\t\t<\/div>\n\t\t\t<div class=\"blog_sticker_right col-sm-12 col-md-6\">\n\t\t\t\t\t\t\t<\/div>\n\t\t<\/div>\n\t\n<p style=\"text-align: center;\"><b>Dessert<\/b><\/p>\n<p style=\"text-align: center;\"><span style=\"font-weight: 400;\">Tarte fine aux pommes.\u00a0<\/span><\/p>\n<p><span style=\"font-weight: 400;\">Ce menu frais et de saison a \u00e9t\u00e9 sp\u00e9cialement con\u00e7u pour vous afin de vous faire d\u00e9couvrir de nouvelles saveurs ainsi que de nouvelles associations. Dans ce menu, vous retrouvez bien \u00e9videmment notre caviar con\u00e7u et produit sur notre Domaine \u00e0 Neuvic ainsi que nos produits de la gamme Neuvic \u00e9picerie.\u00a0<\/span><\/p>\n<p><span style=\"font-weight: 400;\">Laissez-vous porter par vos envies gustatives et venez d\u00e9couvrir ce menu unique au prix de 25\u20ac.<\/span><\/p>\n<p><span style=\"font-weight: 400;\">Notre restaurant est ouvert pour le d\u00e9jeuner du mardi au samedi sur r\u00e9servation, avec un pr\u00e9avis de 24 heures. Pour toute r\u00e9servation ou demande d&rsquo;information compl\u00e9mentaire, vous pouvez nous contacter au 05 53 80 89 55.<\/span><\/p>\n<p><span style=\"font-weight: 400;\">Retrouvez nous au Domaine \u00e0 Neuvic : 430 route de la veyssi\u00e8re 24190 Neuvic<\/span><\/p>","protected":false},"excerpt":{"rendered":"<p>Nouvelle terrasse et restaurant pour Caviar de Neuvic Prenez un bol d\u2019air frais ! Apr\u00e8s deux mois de travaux, la terrasse du Domaine \u00e0 Neuvic est enfin pr\u00eate \u00e0 vous accueillir. Fini les d\u00e9gustations et les repas en int\u00e9rieur lors des beaux jours. D\u00e8s \u00e0 pr\u00e9sent, vous pourrez profiter de nombreux moments de plaisir en [&hellip;]<\/p>\n","protected":false},"author":11896,"featured_media":21143,"comment_status":"open","ping_status":"closed","sticky":false,"template":"","format":"standard","meta":{"_acf_changed":false,"ocean_post_layout":"","ocean_both_sidebars_style":"","ocean_both_sidebars_content_width":0,"ocean_both_sidebars_sidebars_width":0,"ocean_sidebar":"","ocean_second_sidebar":"","ocean_disable_margins":"enable","ocean_add_body_class":"","ocean_shortcode_before_top_bar":"","ocean_shortcode_after_top_bar":"","ocean_shortcode_before_header":"","ocean_shortcode_after_header":"","ocean_has_shortcode":"","ocean_shortcode_after_title":"","ocean_shortcode_before_footer_widgets":"","ocean_shortcode_after_footer_widgets":"","ocean_shortcode_before_footer_bottom":"","ocean_shortcode_after_footer_bottom":"","ocean_display_top_bar":"default","ocean_display_header":"default","ocean_header_style":"","ocean_center_header_left_menu":"","ocean_custom_header_template":"","ocean_custom_logo":0,"ocean_custom_retina_logo":0,"ocean_custom_logo_max_width":0,"ocean_custom_logo_tablet_max_width":0,"ocean_custom_logo_mobile_max_width":0,"ocean_custom_logo_max_height":0,"ocean_custom_logo_tablet_max_height":0,"ocean_custom_logo_mobile_max_height":0,"ocean_header_custom_menu":"","ocean_menu_typo_font_family":"","ocean_menu_typo_font_subset":"","ocean_menu_typo_font_size":0,"ocean_menu_typo_font_size_tablet":0,"ocean_menu_typo_font_size_mobile":0,"ocean_menu_typo_font_size_unit":"px","ocean_menu_typo_font_weight":"","ocean_menu_typo_font_weight_tablet":"","ocean_menu_typo_font_weight_mobile":"","ocean_menu_typo_transform":"","ocean_menu_typo_transform_tablet":"","ocean_menu_typo_transform_mobile":"","ocean_menu_typo_line_height":0,"ocean_menu_typo_line_height_tablet":0,"ocean_menu_typo_line_height_mobile":0,"ocean_menu_typo_line_height_unit":"","ocean_menu_typo_spacing":0,"ocean_menu_typo_spacing_tablet":0,"ocean_menu_typo_spacing_mobile":0,"ocean_menu_typo_spacing_unit":"","ocean_menu_link_color":"","ocean_menu_link_color_hover":"","ocean_menu_link_color_active":"","ocean_menu_link_background":"","ocean_menu_link_hover_background":"","ocean_menu_link_active_background":"","ocean_menu_social_links_bg":"","ocean_menu_social_hover_links_bg":"","ocean_menu_social_links_color":"","ocean_menu_social_hover_links_color":"","ocean_disable_title":"default","ocean_disable_heading":"default","ocean_post_title":"","ocean_post_subheading":"","ocean_post_title_style":"","ocean_post_title_background_color":"","ocean_post_title_background":0,"ocean_post_title_bg_image_position":"","ocean_post_title_bg_image_attachment":"","ocean_post_title_bg_image_repeat":"","ocean_post_title_bg_image_size":"","ocean_post_title_height":0,"ocean_post_title_bg_overlay":0.5,"ocean_post_title_bg_overlay_color":"","ocean_disable_breadcrumbs":"default","ocean_breadcrumbs_color":"","ocean_breadcrumbs_separator_color":"","ocean_breadcrumbs_links_color":"","ocean_breadcrumbs_links_hover_color":"","ocean_display_footer_widgets":"default","ocean_display_footer_bottom":"default","ocean_custom_footer_template":"","omw_enable_modal_window":"enable","ocean_post_oembed":"","ocean_post_self_hosted_media":"","ocean_post_video_embed":"","ocean_link_format":"","ocean_link_format_target":"self","ocean_quote_format":"","ocean_quote_format_link":"post","ocean_gallery_link_images":"on","ocean_gallery_id":[],"footnotes":""},"categories":[300,286],"tags":[],"class_list":["post-20855","post","type-post","status-publish","format-standard","has-post-thumbnail","hentry","category-actualites","category-nos-points-de-vente-tourisme","entry","has-media","owp-thumbs-layout-vertical","owp-btn-normal","owp-tabs-layout-horizontal","has-no-thumbnails","has-product-nav"],"acf":[],"yoast_head":"<!-- This site is optimized with the Yoast SEO plugin v27.5 - https:\/\/yoast.com\/product\/yoast-seo-wordpress\/ -->\n<title>Nouvelle terrasse et restaurant pour Caviar de Neuvic - Producteur Fran\u00e7ais De Caviar<\/title>\n<meta name=\"description\" content=\"Nouvelle terrasse et restaurant pour Caviar de Neuvic. Apr\u00e8s deux mois de travaux, la terrasse \u00e0 Neuvic est enfin pr\u00eate \u00e0 vous accueillir.\" \/>\n<meta name=\"robots\" content=\"index, follow, max-snippet:-1, max-image-preview:large, max-video-preview:-1\" \/>\n<link rel=\"canonical\" href=\"https:\/\/caviar-de-neuvic.com\/en\/nos-points-de-vente-tourisme\/nouvelle-terrasse-et-restaurant-pour-caviar-de-neuvic\/\" \/>\n<meta property=\"og:locale\" content=\"en_GB\" \/>\n<meta property=\"og:type\" content=\"article\" \/>\n<meta property=\"og:title\" content=\"Nouvelle terrasse et restaurant pour Caviar de Neuvic - Producteur Fran\u00e7ais De Caviar\" \/>\n<meta property=\"og:description\" content=\"Nouvelle terrasse et restaurant pour Caviar de Neuvic. Apr\u00e8s deux mois de travaux, la terrasse \u00e0 Neuvic est enfin pr\u00eate \u00e0 vous accueillir.\" \/>\n<meta property=\"og:url\" content=\"https:\/\/caviar-de-neuvic.com\/en\/nos-points-de-vente-tourisme\/nouvelle-terrasse-et-restaurant-pour-caviar-de-neuvic\/\" \/>\n<meta property=\"og:site_name\" content=\"Producteur Fran\u00e7ais De Caviar\" \/>\n<meta property=\"article:published_time\" content=\"2024-06-25T09:59:52+00:00\" \/>\n<meta property=\"og:image\" content=\"https:\/\/caviar-de-neuvic.com\/wp-content\/uploads\/2024\/06\/CDN_T_310524_\u00aeAV-3.jpg\" \/>\n\t<meta property=\"og:image:width\" content=\"1920\" \/>\n\t<meta property=\"og:image:height\" content=\"1280\" \/>\n\t<meta property=\"og:image:type\" content=\"image\/jpeg\" \/>\n<meta name=\"author\" content=\"Laurine Gay\" \/>\n<meta name=\"twitter:card\" content=\"summary_large_image\" \/>\n<meta name=\"twitter:label1\" content=\"Written by\" \/>\n\t<meta name=\"twitter:data1\" content=\"Laurine Gay\" \/>\n\t<meta name=\"twitter:label2\" content=\"Estimated reading time\" \/>\n\t<meta name=\"twitter:data2\" content=\"3 minutes\" \/>\n<script type=\"application\/ld+json\" class=\"yoast-schema-graph\">{\"@context\":\"https:\\\/\\\/schema.org\",\"@graph\":[{\"@type\":\"Article\",\"@id\":\"https:\\\/\\\/caviar-de-neuvic.com\\\/fr\\\/nos-points-de-vente-tourisme\\\/nouvelle-terrasse-et-restaurant-pour-caviar-de-neuvic\\\/#article\",\"isPartOf\":{\"@id\":\"https:\\\/\\\/caviar-de-neuvic.com\\\/fr\\\/nos-points-de-vente-tourisme\\\/nouvelle-terrasse-et-restaurant-pour-caviar-de-neuvic\\\/\"},\"author\":{\"name\":\"Laurine Gay\",\"@id\":\"http:\\\/\\\/caviar-de-neuvic.com\\\/fr\\\/#\\\/schema\\\/person\\\/89912ad55a5ddd5efeb92f2d32511b03\"},\"headline\":\"Nouvelle terrasse et restaurant pour Caviar de Neuvic\",\"datePublished\":\"2024-06-25T09:59:52+00:00\",\"mainEntityOfPage\":{\"@id\":\"https:\\\/\\\/caviar-de-neuvic.com\\\/fr\\\/nos-points-de-vente-tourisme\\\/nouvelle-terrasse-et-restaurant-pour-caviar-de-neuvic\\\/\"},\"wordCount\":447,\"commentCount\":0,\"publisher\":{\"@id\":\"http:\\\/\\\/caviar-de-neuvic.com\\\/fr\\\/#organization\"},\"image\":{\"@id\":\"https:\\\/\\\/caviar-de-neuvic.com\\\/fr\\\/nos-points-de-vente-tourisme\\\/nouvelle-terrasse-et-restaurant-pour-caviar-de-neuvic\\\/#primaryimage\"},\"thumbnailUrl\":\"https:\\\/\\\/caviar-de-neuvic.com\\\/wp-content\\\/uploads\\\/2024\\\/06\\\/CDN_T_310524_\u00aeAV-3.jpg\",\"articleSection\":[\"Actualit\u00e9s\",\"Nos Points de Vente + Tourisme\"],\"inLanguage\":\"en-GB\",\"potentialAction\":[{\"@type\":\"CommentAction\",\"name\":\"Comment\",\"target\":[\"https:\\\/\\\/caviar-de-neuvic.com\\\/fr\\\/nos-points-de-vente-tourisme\\\/nouvelle-terrasse-et-restaurant-pour-caviar-de-neuvic\\\/#respond\"]}]},{\"@type\":\"WebPage\",\"@id\":\"https:\\\/\\\/caviar-de-neuvic.com\\\/fr\\\/nos-points-de-vente-tourisme\\\/nouvelle-terrasse-et-restaurant-pour-caviar-de-neuvic\\\/\",\"url\":\"https:\\\/\\\/caviar-de-neuvic.com\\\/fr\\\/nos-points-de-vente-tourisme\\\/nouvelle-terrasse-et-restaurant-pour-caviar-de-neuvic\\\/\",\"name\":\"Nouvelle terrasse et restaurant pour Caviar de Neuvic - Producteur Fran\u00e7ais De Caviar\",\"isPartOf\":{\"@id\":\"http:\\\/\\\/caviar-de-neuvic.com\\\/fr\\\/#website\"},\"primaryImageOfPage\":{\"@id\":\"https:\\\/\\\/caviar-de-neuvic.com\\\/fr\\\/nos-points-de-vente-tourisme\\\/nouvelle-terrasse-et-restaurant-pour-caviar-de-neuvic\\\/#primaryimage\"},\"image\":{\"@id\":\"https:\\\/\\\/caviar-de-neuvic.com\\\/fr\\\/nos-points-de-vente-tourisme\\\/nouvelle-terrasse-et-restaurant-pour-caviar-de-neuvic\\\/#primaryimage\"},\"thumbnailUrl\":\"https:\\\/\\\/caviar-de-neuvic.com\\\/wp-content\\\/uploads\\\/2024\\\/06\\\/CDN_T_310524_\u00aeAV-3.jpg\",\"datePublished\":\"2024-06-25T09:59:52+00:00\",\"description\":\"Nouvelle terrasse et restaurant pour Caviar de Neuvic. Apr\u00e8s deux mois de travaux, la terrasse \u00e0 Neuvic est enfin pr\u00eate \u00e0 vous accueillir.\",\"breadcrumb\":{\"@id\":\"https:\\\/\\\/caviar-de-neuvic.com\\\/fr\\\/nos-points-de-vente-tourisme\\\/nouvelle-terrasse-et-restaurant-pour-caviar-de-neuvic\\\/#breadcrumb\"},\"inLanguage\":\"en-GB\",\"potentialAction\":[{\"@type\":\"ReadAction\",\"target\":[\"https:\\\/\\\/caviar-de-neuvic.com\\\/fr\\\/nos-points-de-vente-tourisme\\\/nouvelle-terrasse-et-restaurant-pour-caviar-de-neuvic\\\/\"]}]},{\"@type\":\"ImageObject\",\"inLanguage\":\"en-GB\",\"@id\":\"https:\\\/\\\/caviar-de-neuvic.com\\\/fr\\\/nos-points-de-vente-tourisme\\\/nouvelle-terrasse-et-restaurant-pour-caviar-de-neuvic\\\/#primaryimage\",\"url\":\"https:\\\/\\\/caviar-de-neuvic.com\\\/wp-content\\\/uploads\\\/2024\\\/06\\\/CDN_T_310524_\u00aeAV-3.jpg\",\"contentUrl\":\"https:\\\/\\\/caviar-de-neuvic.com\\\/wp-content\\\/uploads\\\/2024\\\/06\\\/CDN_T_310524_\u00aeAV-3.jpg\",\"width\":1920,\"height\":1280,\"caption\":\"Nouvelle terrasse et restaurant pour Caviar de Neuvic\"},{\"@type\":\"BreadcrumbList\",\"@id\":\"https:\\\/\\\/caviar-de-neuvic.com\\\/fr\\\/nos-points-de-vente-tourisme\\\/nouvelle-terrasse-et-restaurant-pour-caviar-de-neuvic\\\/#breadcrumb\",\"itemListElement\":[{\"@type\":\"ListItem\",\"position\":1,\"name\":\"Caviar de Neuvic\",\"item\":\"https:\\\/\\\/caviar-de-neuvic.com\\\/\"},{\"@type\":\"ListItem\",\"position\":2,\"name\":\"Nouvelle terrasse et restaurant pour Caviar de Neuvic\"}]},{\"@type\":\"WebSite\",\"@id\":\"http:\\\/\\\/caviar-de-neuvic.com\\\/fr\\\/#website\",\"url\":\"http:\\\/\\\/caviar-de-neuvic.com\\\/fr\\\/\",\"name\":\"Producteur Fran\u00e7ais De Caviar\",\"description\":\"\",\"publisher\":{\"@id\":\"http:\\\/\\\/caviar-de-neuvic.com\\\/fr\\\/#organization\"},\"potentialAction\":[{\"@type\":\"SearchAction\",\"target\":{\"@type\":\"EntryPoint\",\"urlTemplate\":\"http:\\\/\\\/caviar-de-neuvic.com\\\/fr\\\/?s={search_term_string}\"},\"query-input\":{\"@type\":\"PropertyValueSpecification\",\"valueRequired\":true,\"valueName\":\"search_term_string\"}}],\"inLanguage\":\"en-GB\"},{\"@type\":\"Organization\",\"@id\":\"http:\\\/\\\/caviar-de-neuvic.com\\\/fr\\\/#organization\",\"name\":\"Producteur Fran\u00e7ais De Caviar\",\"url\":\"http:\\\/\\\/caviar-de-neuvic.com\\\/fr\\\/\",\"logo\":{\"@type\":\"ImageObject\",\"inLanguage\":\"en-GB\",\"@id\":\"http:\\\/\\\/caviar-de-neuvic.com\\\/fr\\\/#\\\/schema\\\/logo\\\/image\\\/\",\"url\":\"\",\"contentUrl\":\"\",\"caption\":\"Producteur Fran\u00e7ais De Caviar\"},\"image\":{\"@id\":\"http:\\\/\\\/caviar-de-neuvic.com\\\/fr\\\/#\\\/schema\\\/logo\\\/image\\\/\"}},{\"@type\":\"Person\",\"@id\":\"http:\\\/\\\/caviar-de-neuvic.com\\\/fr\\\/#\\\/schema\\\/person\\\/89912ad55a5ddd5efeb92f2d32511b03\",\"name\":\"Laurine Gay\",\"url\":\"https:\\\/\\\/caviar-de-neuvic.com\\\/en\\\/author\\\/laurine-gaycaviardeneuvic-com\\\/\"}]}<\/script>\n<!-- \/ Yoast SEO plugin. -->","yoast_head_json":{"title":"Nouvelle terrasse et restaurant pour Caviar de Neuvic - Producteur Fran\u00e7ais De Caviar","description":"Nouvelle terrasse et restaurant pour Caviar de Neuvic. Apr\u00e8s deux mois de travaux, la terrasse \u00e0 Neuvic est enfin pr\u00eate \u00e0 vous accueillir.","robots":{"index":"index","follow":"follow","max-snippet":"max-snippet:-1","max-image-preview":"max-image-preview:large","max-video-preview":"max-video-preview:-1"},"canonical":"https:\/\/caviar-de-neuvic.com\/en\/nos-points-de-vente-tourisme\/nouvelle-terrasse-et-restaurant-pour-caviar-de-neuvic\/","og_locale":"en_GB","og_type":"article","og_title":"Nouvelle terrasse et restaurant pour Caviar de Neuvic - Producteur Fran\u00e7ais De Caviar","og_description":"Nouvelle terrasse et restaurant pour Caviar de Neuvic. Apr\u00e8s deux mois de travaux, la terrasse \u00e0 Neuvic est enfin pr\u00eate \u00e0 vous accueillir.","og_url":"https:\/\/caviar-de-neuvic.com\/en\/nos-points-de-vente-tourisme\/nouvelle-terrasse-et-restaurant-pour-caviar-de-neuvic\/","og_site_name":"Producteur Fran\u00e7ais De Caviar","article_published_time":"2024-06-25T09:59:52+00:00","og_image":[{"width":1920,"height":1280,"url":"https:\/\/caviar-de-neuvic.com\/wp-content\/uploads\/2024\/06\/CDN_T_310524_\u00aeAV-3.jpg","type":"image\/jpeg"}],"author":"Laurine Gay","twitter_card":"summary_large_image","twitter_misc":{"Written by":"Laurine Gay","Estimated reading time":"3 minutes"},"schema":{"@context":"https:\/\/schema.org","@graph":[{"@type":"Article","@id":"https:\/\/caviar-de-neuvic.com\/fr\/nos-points-de-vente-tourisme\/nouvelle-terrasse-et-restaurant-pour-caviar-de-neuvic\/#article","isPartOf":{"@id":"https:\/\/caviar-de-neuvic.com\/fr\/nos-points-de-vente-tourisme\/nouvelle-terrasse-et-restaurant-pour-caviar-de-neuvic\/"},"author":{"name":"Laurine Gay","@id":"http:\/\/caviar-de-neuvic.com\/fr\/#\/schema\/person\/89912ad55a5ddd5efeb92f2d32511b03"},"headline":"Nouvelle terrasse et restaurant pour Caviar de Neuvic","datePublished":"2024-06-25T09:59:52+00:00","mainEntityOfPage":{"@id":"https:\/\/caviar-de-neuvic.com\/fr\/nos-points-de-vente-tourisme\/nouvelle-terrasse-et-restaurant-pour-caviar-de-neuvic\/"},"wordCount":447,"commentCount":0,"publisher":{"@id":"http:\/\/caviar-de-neuvic.com\/fr\/#organization"},"image":{"@id":"https:\/\/caviar-de-neuvic.com\/fr\/nos-points-de-vente-tourisme\/nouvelle-terrasse-et-restaurant-pour-caviar-de-neuvic\/#primaryimage"},"thumbnailUrl":"https:\/\/caviar-de-neuvic.com\/wp-content\/uploads\/2024\/06\/CDN_T_310524_\u00aeAV-3.jpg","articleSection":["Actualit\u00e9s","Nos Points de Vente + Tourisme"],"inLanguage":"en-GB","potentialAction":[{"@type":"CommentAction","name":"Comment","target":["https:\/\/caviar-de-neuvic.com\/fr\/nos-points-de-vente-tourisme\/nouvelle-terrasse-et-restaurant-pour-caviar-de-neuvic\/#respond"]}]},{"@type":"WebPage","@id":"https:\/\/caviar-de-neuvic.com\/fr\/nos-points-de-vente-tourisme\/nouvelle-terrasse-et-restaurant-pour-caviar-de-neuvic\/","url":"https:\/\/caviar-de-neuvic.com\/fr\/nos-points-de-vente-tourisme\/nouvelle-terrasse-et-restaurant-pour-caviar-de-neuvic\/","name":"Nouvelle terrasse et restaurant pour Caviar de Neuvic - Producteur Fran\u00e7ais De Caviar","isPartOf":{"@id":"http:\/\/caviar-de-neuvic.com\/fr\/#website"},"primaryImageOfPage":{"@id":"https:\/\/caviar-de-neuvic.com\/fr\/nos-points-de-vente-tourisme\/nouvelle-terrasse-et-restaurant-pour-caviar-de-neuvic\/#primaryimage"},"image":{"@id":"https:\/\/caviar-de-neuvic.com\/fr\/nos-points-de-vente-tourisme\/nouvelle-terrasse-et-restaurant-pour-caviar-de-neuvic\/#primaryimage"},"thumbnailUrl":"https:\/\/caviar-de-neuvic.com\/wp-content\/uploads\/2024\/06\/CDN_T_310524_\u00aeAV-3.jpg","datePublished":"2024-06-25T09:59:52+00:00","description":"Nouvelle terrasse et restaurant pour Caviar de Neuvic. Apr\u00e8s deux mois de travaux, la terrasse \u00e0 Neuvic est enfin pr\u00eate \u00e0 vous accueillir.","breadcrumb":{"@id":"https:\/\/caviar-de-neuvic.com\/fr\/nos-points-de-vente-tourisme\/nouvelle-terrasse-et-restaurant-pour-caviar-de-neuvic\/#breadcrumb"},"inLanguage":"en-GB","potentialAction":[{"@type":"ReadAction","target":["https:\/\/caviar-de-neuvic.com\/fr\/nos-points-de-vente-tourisme\/nouvelle-terrasse-et-restaurant-pour-caviar-de-neuvic\/"]}]},{"@type":"ImageObject","inLanguage":"en-GB","@id":"https:\/\/caviar-de-neuvic.com\/fr\/nos-points-de-vente-tourisme\/nouvelle-terrasse-et-restaurant-pour-caviar-de-neuvic\/#primaryimage","url":"https:\/\/caviar-de-neuvic.com\/wp-content\/uploads\/2024\/06\/CDN_T_310524_\u00aeAV-3.jpg","contentUrl":"https:\/\/caviar-de-neuvic.com\/wp-content\/uploads\/2024\/06\/CDN_T_310524_\u00aeAV-3.jpg","width":1920,"height":1280,"caption":"Nouvelle terrasse et restaurant pour Caviar de Neuvic"},{"@type":"BreadcrumbList","@id":"https:\/\/caviar-de-neuvic.com\/fr\/nos-points-de-vente-tourisme\/nouvelle-terrasse-et-restaurant-pour-caviar-de-neuvic\/#breadcrumb","itemListElement":[{"@type":"ListItem","position":1,"name":"Caviar de Neuvic","item":"https:\/\/caviar-de-neuvic.com\/"},{"@type":"ListItem","position":2,"name":"Nouvelle terrasse et restaurant pour Caviar de Neuvic"}]},{"@type":"WebSite","@id":"http:\/\/caviar-de-neuvic.com\/fr\/#website","url":"http:\/\/caviar-de-neuvic.com\/fr\/","name":"Producteur Fran\u00e7ais De Caviar","description":"","publisher":{"@id":"http:\/\/caviar-de-neuvic.com\/fr\/#organization"},"potentialAction":[{"@type":"SearchAction","target":{"@type":"EntryPoint","urlTemplate":"http:\/\/caviar-de-neuvic.com\/fr\/?s={search_term_string}"},"query-input":{"@type":"PropertyValueSpecification","valueRequired":true,"valueName":"search_term_string"}}],"inLanguage":"en-GB"},{"@type":"Organization","@id":"http:\/\/caviar-de-neuvic.com\/fr\/#organization","name":"Producteur Fran\u00e7ais De Caviar","url":"http:\/\/caviar-de-neuvic.com\/fr\/","logo":{"@type":"ImageObject","inLanguage":"en-GB","@id":"http:\/\/caviar-de-neuvic.com\/fr\/#\/schema\/logo\/image\/","url":"","contentUrl":"","caption":"Producteur Fran\u00e7ais De Caviar"},"image":{"@id":"http:\/\/caviar-de-neuvic.com\/fr\/#\/schema\/logo\/image\/"}},{"@type":"Person","@id":"http:\/\/caviar-de-neuvic.com\/fr\/#\/schema\/person\/89912ad55a5ddd5efeb92f2d32511b03","name":"Laurine Gay","url":"https:\/\/caviar-de-neuvic.com\/en\/author\/laurine-gaycaviardeneuvic-com\/"}]}},"_links":{"self":[{"href":"https:\/\/caviar-de-neuvic.com\/en\/wp-json\/wp\/v2\/posts\/20855","targetHints":{"allow":["GET"]}}],"collection":[{"href":"https:\/\/caviar-de-neuvic.com\/en\/wp-json\/wp\/v2\/posts"}],"about":[{"href":"https:\/\/caviar-de-neuvic.com\/en\/wp-json\/wp\/v2\/types\/post"}],"author":[{"embeddable":true,"href":"https:\/\/caviar-de-neuvic.com\/en\/wp-json\/wp\/v2\/users\/11896"}],"replies":[{"embeddable":true,"href":"https:\/\/caviar-de-neuvic.com\/en\/wp-json\/wp\/v2\/comments?post=20855"}],"version-history":[{"count":0,"href":"https:\/\/caviar-de-neuvic.com\/en\/wp-json\/wp\/v2\/posts\/20855\/revisions"}],"wp:featuredmedia":[{"embeddable":true,"href":"https:\/\/caviar-de-neuvic.com\/en\/wp-json\/wp\/v2\/media\/21143"}],"wp:attachment":[{"href":"https:\/\/caviar-de-neuvic.com\/en\/wp-json\/wp\/v2\/media?parent=20855"}],"wp:term":[{"taxonomy":"category","embeddable":true,"href":"https:\/\/caviar-de-neuvic.com\/en\/wp-json\/wp\/v2\/categories?post=20855"},{"taxonomy":"post_tag","embeddable":true,"href":"https:\/\/caviar-de-neuvic.com\/en\/wp-json\/wp\/v2\/tags?post=20855"}],"curies":[{"name":"wp","href":"https:\/\/api.w.org\/{rel}","templated":true}]}}