{"id":27261,"date":"2025-09-22T10:57:08","date_gmt":"2025-09-22T08:57:08","guid":{"rendered":"https:\/\/caviar-de-neuvic.com\/parlons-caviar-old\/?p=8740"},"modified":"2025-11-19T14:08:18","modified_gmt":"2025-11-19T13:08:18","slug":"menu-dautomne-restaurant-caviar-de-neuvic-2","status":"publish","type":"post","link":"https:\/\/caviar-de-neuvic.com\/en\/nos-points-de-vente-tourisme\/menu-dautomne-restaurant-caviar-de-neuvic-2\/","title":{"rendered":"Menu d&rsquo;automne &#8211; Restaurant Caviar de Neuvic"},"content":{"rendered":"<p>Menu d&rsquo;automne &#8211; Restaurant Caviar de Neuvic<\/p>\n<p>Du 22 septembre au 20 d\u00e9cembre, \u00e0 partir de 12h30, notre chef <a href=\"https:\/\/caviar-de-neuvic.com\/chef\/chef-julien-haj-restaurant-caviar-de-neuvic\/\" target=\"_blank\" rel=\"noopener\">Julien Haj<\/a> vous propose de d\u00e9couvrir un menu in\u00e9dit, imagin\u00e9 autour de l\u2019esturgeon et du caviar et des produits du P\u00e9rigord et de saison, au c\u0153ur de notre <a href=\"https:\/\/caviar-de-neuvic.com\/idee-week-end-en-dordogne\/\" target=\"_blank\" rel=\"noopener\">Domaine \u00e0 Neuvic<\/a>.<\/p>\n<p>Chaque plat met \u00e0 l\u2019honneur des produits locaux soigneusement s\u00e9lectionn\u00e9s, ou issus directement de notre ferme.<\/p>\n<h3><strong>MENU du restaurant caviar de neuvic :<\/strong><\/h3>\n<p style=\"text-align: center\"><strong>ENTR\u00c9E<\/strong><\/p>\n<p style=\"text-align: center\"><strong>Raviole<\/strong><\/p>\n<p style=\"text-align: center\">Raviole d&rsquo;<a href=\"https:\/\/caviar-de-neuvic.com\/universducaviar\/tout-est-bon-de-lesturgeon-au-caviar\/\" target=\"_blank\" rel=\"noopener\">esturgeon fum\u00e9<\/a> et sa pur\u00e9e de brocolis<\/p>\n<p style=\"text-align: center\">Ou<\/p>\n<p style=\"text-align: center\">Entr\u00e9e du jour<\/p>\n<p style=\"text-align: center\"><strong>PLAT<\/strong><\/p>\n<p style=\"text-align: center\"><strong>Esturgeon poivre vert\u00a0<\/strong><\/p>\n<p style=\"text-align: center\"><a href=\"https:\/\/caviar-de-neuvic.com\/fr\/esturgeon\/547-esturgeon-fume.html\" target=\"_blank\" rel=\"noopener\">Esturgeon<\/a> sauce poivre vert et son gratin de courge d&rsquo;automne \u00e0 la truffe.<\/p>\n<p style=\"text-align: center\">Ou<\/p>\n<p style=\"text-align: center\">Plat du jour (selon arrivage)<\/p>\n<p style=\"text-align: center\"><strong>DESSERT<\/strong><\/p>\n<p style=\"text-align: center\"><strong>Fromage<\/strong><\/p>\n<p style=\"text-align: center\">La trappe d&rsquo;Echourgnaac affin\u00e9e au vin de noix<\/p>\n<p style=\"text-align: center\">OU<\/p>\n<p style=\"text-align: center\"><strong>Cheesecake<\/strong><\/p>\n<p style=\"text-align: center\">Cheesecake aux marrons<\/p>\n<p style=\"text-align: center\">Ou<\/p>\n<p style=\"text-align: center\"><strong>Neuvic Jazerzac<\/strong> (supp. 4\u20ac)<\/p>\n<p style=\"text-align: center\">Glace au yaourt de Javerzac et <a href=\"https:\/\/caviar-de-neuvic.com\/fr\/caviar-oscietre\/273-caviar-oscietre-signature.html\" target=\"_blank\" rel=\"noopener\">Caviar Oscietre<\/a> signature<\/p>\n<p>Fruits et l\u00e9gumes frais et locaux. La liste des allerg\u00e8nes est disponible sur demande.<\/p>\n<p><img decoding=\"async\" class=\"alignnone size-medium wp-image-8742\" src=\"http:\/\/caviar-de-neuvic.com\/wp-content\/uploads\/2025\/09\/IMG_8898.heic\" alt=\"\" width=\"1\" height=\"1\" \/> <img decoding=\"async\" class=\"alignnone size-medium wp-image-8743\" src=\"http:\/\/caviar-de-neuvic.com\/wp-content\/uploads\/2025\/09\/IMG_8885.heic\" alt=\"\" width=\"1\" height=\"1\" \/> <img decoding=\"async\" class=\"alignnone size-medium wp-image-8744\" src=\"http:\/\/caviar-de-neuvic.com\/wp-content\/uploads\/2025\/09\/IMG_8915.heic\" alt=\"\" width=\"1\" height=\"1\" \/> <img loading=\"lazy\" decoding=\"async\" class=\"alignnone size-medium wp-image-8745\" src=\"http:\/\/caviar-de-neuvic.com\/wp-content\/uploads\/2025\/09\/IMG_8923.heic\" alt=\"\" width=\"1\" height=\"1\" \/><img loading=\"lazy\" decoding=\"async\" class=\"alignnone size-medium wp-image-8746\" src=\"https:\/\/caviar-de-neuvic.com\/wp-content\/uploads\/2025\/09\/IMG_8898-1-225x300.jpg\" alt=\"\" width=\"225\" height=\"300\" \/> <img loading=\"lazy\" decoding=\"async\" class=\"alignnone size-medium wp-image-8747\" src=\"https:\/\/caviar-de-neuvic.com\/wp-content\/uploads\/2025\/09\/IMG_8882-225x300.jpg\" alt=\"\" width=\"225\" height=\"300\" \/> <img loading=\"lazy\" decoding=\"async\" class=\"alignnone size-medium wp-image-8748\" src=\"https:\/\/caviar-de-neuvic.com\/wp-content\/uploads\/2025\/09\/IMG_8915-1-225x300.jpg\" alt=\"\" width=\"225\" height=\"300\" \/> <img loading=\"lazy\" decoding=\"async\" class=\"alignnone size-medium wp-image-8749\" src=\"https:\/\/caviar-de-neuvic.com\/wp-content\/uploads\/2025\/09\/IMG_8923-1-225x300.jpg\" alt=\"\" width=\"225\" height=\"300\" \/><\/p>\n<h3><strong>Infos pratiques sur le menu<\/strong><\/h3>\n<ul>\n<li>Du 22 septembre au 20 d\u00e9cembre \u2013 service \u00e0 12h30<\/li>\n<li>430 route de la Veyssi\u00e8re, Neuvic (24190)<\/li>\n<li>R\u00e9servation au 05 53 80 89 57<\/li>\n<li>Ou en ligne : <a href=\"https:\/\/visites.caviar-de-neuvic.com\/fr\/produit\/repas-au-domaine\/\" target=\"_blank\" rel=\"noopener\">[Ici]<\/a><\/li>\n<li>Menu adaptable sur demande (pr\u00e9venir 24h \u00e0 l\u2019avance)<\/li>\n<\/ul>\n","protected":false},"excerpt":{"rendered":"<p>Menu d&rsquo;automne &#8211; Restaurant Caviar de Neuvic Du 22 septembre au 20 d\u00e9cembre, \u00e0 partir de 12h30, notre chef Julien Haj vous propose de d\u00e9couvrir un menu in\u00e9dit, imagin\u00e9 autour de l\u2019esturgeon et du caviar et des produits du P\u00e9rigord et de saison, au c\u0153ur de notre Domaine \u00e0 Neuvic. Chaque plat met \u00e0 l\u2019honneur [&hellip;]<\/p>\n","protected":false},"author":11896,"featured_media":27271,"comment_status":"open","ping_status":"closed","sticky":false,"template":"","format":"standard","meta":{"_acf_changed":false,"ocean_post_layout":"","ocean_both_sidebars_style":"","ocean_both_sidebars_content_width":0,"ocean_both_sidebars_sidebars_width":0,"ocean_sidebar":"0","ocean_second_sidebar":"0","ocean_disable_margins":"enable","ocean_add_body_class":"","ocean_shortcode_before_top_bar":"","ocean_shortcode_after_top_bar":"","ocean_shortcode_before_header":"","ocean_shortcode_after_header":"","ocean_has_shortcode":"","ocean_shortcode_after_title":"","ocean_shortcode_before_footer_widgets":"","ocean_shortcode_after_footer_widgets":"","ocean_shortcode_before_footer_bottom":"","ocean_shortcode_after_footer_bottom":"","ocean_display_top_bar":"default","ocean_display_header":"default","ocean_header_style":"","ocean_center_header_left_menu":"0","ocean_custom_header_template":"0","ocean_custom_logo":0,"ocean_custom_retina_logo":0,"ocean_custom_logo_max_width":0,"ocean_custom_logo_tablet_max_width":0,"ocean_custom_logo_mobile_max_width":0,"ocean_custom_logo_max_height":0,"ocean_custom_logo_tablet_max_height":0,"ocean_custom_logo_mobile_max_height":0,"ocean_header_custom_menu":"0","ocean_menu_typo_font_family":"0","ocean_menu_typo_font_subset":"","ocean_menu_typo_font_size":0,"ocean_menu_typo_font_size_tablet":0,"ocean_menu_typo_font_size_mobile":0,"ocean_menu_typo_font_size_unit":"px","ocean_menu_typo_font_weight":"","ocean_menu_typo_font_weight_tablet":"","ocean_menu_typo_font_weight_mobile":"","ocean_menu_typo_transform":"","ocean_menu_typo_transform_tablet":"","ocean_menu_typo_transform_mobile":"","ocean_menu_typo_line_height":0,"ocean_menu_typo_line_height_tablet":0,"ocean_menu_typo_line_height_mobile":0,"ocean_menu_typo_line_height_unit":"","ocean_menu_typo_spacing":0,"ocean_menu_typo_spacing_tablet":0,"ocean_menu_typo_spacing_mobile":0,"ocean_menu_typo_spacing_unit":"","ocean_menu_link_color":"","ocean_menu_link_color_hover":"","ocean_menu_link_color_active":"","ocean_menu_link_background":"","ocean_menu_link_hover_background":"","ocean_menu_link_active_background":"","ocean_menu_social_links_bg":"","ocean_menu_social_hover_links_bg":"","ocean_menu_social_links_color":"","ocean_menu_social_hover_links_color":"","ocean_disable_title":"default","ocean_disable_heading":"default","ocean_post_title":"","ocean_post_subheading":"","ocean_post_title_style":"","ocean_post_title_background_color":"","ocean_post_title_background":0,"ocean_post_title_bg_image_position":"","ocean_post_title_bg_image_attachment":"","ocean_post_title_bg_image_repeat":"","ocean_post_title_bg_image_size":"","ocean_post_title_height":0,"ocean_post_title_bg_overlay":0.5,"ocean_post_title_bg_overlay_color":"","ocean_disable_breadcrumbs":"default","ocean_breadcrumbs_color":"","ocean_breadcrumbs_separator_color":"","ocean_breadcrumbs_links_color":"","ocean_breadcrumbs_links_hover_color":"","ocean_display_footer_widgets":"default","ocean_display_footer_bottom":"default","ocean_custom_footer_template":"0","omw_enable_modal_window":"enable","ocean_post_oembed":"","ocean_post_self_hosted_media":"","ocean_post_video_embed":"","ocean_link_format":"","ocean_link_format_target":"self","ocean_quote_format":"","ocean_quote_format_link":"post","ocean_gallery_link_images":"on","ocean_gallery_id":[],"footnotes":""},"categories":[300,286],"tags":[482,483,484],"class_list":["post-27261","post","type-post","status-publish","format-standard","has-post-thumbnail","hentry","category-actualites","category-nos-points-de-vente-tourisme","tag-menu-automne","tag-restaurant-caviar-de-neuvic","tag-restaurant-domaine","entry","has-media","owp-thumbs-layout-vertical","owp-btn-normal","owp-tabs-layout-horizontal","has-no-thumbnails","has-product-nav"],"acf":[],"yoast_head":"<!-- This site is optimized with the Yoast SEO plugin v27.4 - https:\/\/yoast.com\/product\/yoast-seo-wordpress\/ -->\n<title>Menu d&#039;automne - Restaurant Caviar de Neuvic - Producteur Fran\u00e7ais De Caviar<\/title>\n<meta name=\"description\" content=\"Menu d&#039;automne - Restaurant Caviar de Neuvic. Du 22 septembre au 20 d\u00e9cembre, notre chef vous propose de d\u00e9couvrir un menu in\u00e9dit.\" \/>\n<meta name=\"robots\" content=\"index, follow, max-snippet:-1, max-image-preview:large, max-video-preview:-1\" \/>\n<link rel=\"canonical\" href=\"https:\/\/caviar-de-neuvic.com\/en\/nos-points-de-vente-tourisme\/menu-dautomne-restaurant-caviar-de-neuvic-2\/\" \/>\n<meta property=\"og:locale\" content=\"en_GB\" \/>\n<meta property=\"og:type\" content=\"article\" \/>\n<meta property=\"og:title\" content=\"Menu d&#039;automne - Restaurant Caviar de Neuvic - Producteur Fran\u00e7ais De Caviar\" \/>\n<meta property=\"og:description\" content=\"Menu d&#039;automne - Restaurant Caviar de Neuvic. Du 22 septembre au 20 d\u00e9cembre, notre chef vous propose de d\u00e9couvrir un menu in\u00e9dit.\" \/>\n<meta property=\"og:url\" content=\"https:\/\/caviar-de-neuvic.com\/en\/nos-points-de-vente-tourisme\/menu-dautomne-restaurant-caviar-de-neuvic-2\/\" \/>\n<meta property=\"og:site_name\" content=\"Producteur Fran\u00e7ais De Caviar\" \/>\n<meta property=\"article:published_time\" content=\"2025-09-22T08:57:08+00:00\" \/>\n<meta property=\"article:modified_time\" content=\"2025-11-19T13:08:18+00:00\" \/>\n<meta property=\"og:image\" content=\"https:\/\/caviar-de-neuvic.com\/wp-content\/uploads\/2025\/09\/IMG_8931-1.jpg\" \/>\n\t<meta property=\"og:image:width\" content=\"1920\" \/>\n\t<meta property=\"og:image:height\" content=\"1440\" \/>\n\t<meta property=\"og:image:type\" content=\"image\/jpeg\" \/>\n<meta name=\"author\" content=\"Laurine Gay\" \/>\n<meta name=\"twitter:card\" content=\"summary_large_image\" \/>\n<meta name=\"twitter:label1\" content=\"Written by\" \/>\n\t<meta name=\"twitter:data1\" content=\"Laurine Gay\" \/>\n\t<meta name=\"twitter:label2\" content=\"Estimated reading time\" \/>\n\t<meta name=\"twitter:data2\" content=\"3 minutes\" \/>\n<script type=\"application\/ld+json\" class=\"yoast-schema-graph\">{\"@context\":\"https:\\\/\\\/schema.org\",\"@graph\":[{\"@type\":\"Article\",\"@id\":\"https:\\\/\\\/caviar-de-neuvic.com\\\/nos-points-de-vente-tourisme\\\/menu-dautomne-restaurant-caviar-de-neuvic-2\\\/#article\",\"isPartOf\":{\"@id\":\"https:\\\/\\\/caviar-de-neuvic.com\\\/nos-points-de-vente-tourisme\\\/menu-dautomne-restaurant-caviar-de-neuvic-2\\\/\"},\"author\":{\"name\":\"Laurine Gay\",\"@id\":\"http:\\\/\\\/caviar-de-neuvic.com\\\/fr\\\/#\\\/schema\\\/person\\\/89912ad55a5ddd5efeb92f2d32511b03\"},\"headline\":\"Menu d&rsquo;automne &#8211; Restaurant Caviar de Neuvic\",\"datePublished\":\"2025-09-22T08:57:08+00:00\",\"dateModified\":\"2025-11-19T13:08:18+00:00\",\"mainEntityOfPage\":{\"@id\":\"https:\\\/\\\/caviar-de-neuvic.com\\\/nos-points-de-vente-tourisme\\\/menu-dautomne-restaurant-caviar-de-neuvic-2\\\/\"},\"wordCount\":206,\"commentCount\":0,\"publisher\":{\"@id\":\"http:\\\/\\\/caviar-de-neuvic.com\\\/fr\\\/#organization\"},\"image\":{\"@id\":\"https:\\\/\\\/caviar-de-neuvic.com\\\/nos-points-de-vente-tourisme\\\/menu-dautomne-restaurant-caviar-de-neuvic-2\\\/#primaryimage\"},\"thumbnailUrl\":\"https:\\\/\\\/caviar-de-neuvic.com\\\/wp-content\\\/uploads\\\/2025\\\/09\\\/IMG_8931-1.jpg\",\"keywords\":[\"Menu automne\",\"Restaurant Caviar de Neuvic\",\"Restaurant Domaine\"],\"articleSection\":[\"Actualit\u00e9s\",\"Nos Points de Vente + Tourisme\"],\"inLanguage\":\"en-GB\",\"potentialAction\":[{\"@type\":\"CommentAction\",\"name\":\"Comment\",\"target\":[\"https:\\\/\\\/caviar-de-neuvic.com\\\/nos-points-de-vente-tourisme\\\/menu-dautomne-restaurant-caviar-de-neuvic-2\\\/#respond\"]}]},{\"@type\":\"WebPage\",\"@id\":\"https:\\\/\\\/caviar-de-neuvic.com\\\/nos-points-de-vente-tourisme\\\/menu-dautomne-restaurant-caviar-de-neuvic-2\\\/\",\"url\":\"https:\\\/\\\/caviar-de-neuvic.com\\\/nos-points-de-vente-tourisme\\\/menu-dautomne-restaurant-caviar-de-neuvic-2\\\/\",\"name\":\"Menu d'automne - Restaurant Caviar de Neuvic - Producteur Fran\u00e7ais De Caviar\",\"isPartOf\":{\"@id\":\"http:\\\/\\\/caviar-de-neuvic.com\\\/fr\\\/#website\"},\"primaryImageOfPage\":{\"@id\":\"https:\\\/\\\/caviar-de-neuvic.com\\\/nos-points-de-vente-tourisme\\\/menu-dautomne-restaurant-caviar-de-neuvic-2\\\/#primaryimage\"},\"image\":{\"@id\":\"https:\\\/\\\/caviar-de-neuvic.com\\\/nos-points-de-vente-tourisme\\\/menu-dautomne-restaurant-caviar-de-neuvic-2\\\/#primaryimage\"},\"thumbnailUrl\":\"https:\\\/\\\/caviar-de-neuvic.com\\\/wp-content\\\/uploads\\\/2025\\\/09\\\/IMG_8931-1.jpg\",\"datePublished\":\"2025-09-22T08:57:08+00:00\",\"dateModified\":\"2025-11-19T13:08:18+00:00\",\"description\":\"Menu d'automne - Restaurant Caviar de Neuvic. Du 22 septembre au 20 d\u00e9cembre, notre chef vous propose de d\u00e9couvrir un menu in\u00e9dit.\",\"breadcrumb\":{\"@id\":\"https:\\\/\\\/caviar-de-neuvic.com\\\/nos-points-de-vente-tourisme\\\/menu-dautomne-restaurant-caviar-de-neuvic-2\\\/#breadcrumb\"},\"inLanguage\":\"en-GB\",\"potentialAction\":[{\"@type\":\"ReadAction\",\"target\":[\"https:\\\/\\\/caviar-de-neuvic.com\\\/nos-points-de-vente-tourisme\\\/menu-dautomne-restaurant-caviar-de-neuvic-2\\\/\"]}]},{\"@type\":\"ImageObject\",\"inLanguage\":\"en-GB\",\"@id\":\"https:\\\/\\\/caviar-de-neuvic.com\\\/nos-points-de-vente-tourisme\\\/menu-dautomne-restaurant-caviar-de-neuvic-2\\\/#primaryimage\",\"url\":\"https:\\\/\\\/caviar-de-neuvic.com\\\/wp-content\\\/uploads\\\/2025\\\/09\\\/IMG_8931-1.jpg\",\"contentUrl\":\"https:\\\/\\\/caviar-de-neuvic.com\\\/wp-content\\\/uploads\\\/2025\\\/09\\\/IMG_8931-1.jpg\",\"width\":1920,\"height\":1440,\"caption\":\"Menu d'automne - Restaurant Caviar de Neuvic\"},{\"@type\":\"BreadcrumbList\",\"@id\":\"https:\\\/\\\/caviar-de-neuvic.com\\\/nos-points-de-vente-tourisme\\\/menu-dautomne-restaurant-caviar-de-neuvic-2\\\/#breadcrumb\",\"itemListElement\":[{\"@type\":\"ListItem\",\"position\":1,\"name\":\"Caviar de Neuvic\",\"item\":\"https:\\\/\\\/caviar-de-neuvic.com\\\/\"},{\"@type\":\"ListItem\",\"position\":2,\"name\":\"Actualit\u00e9s\",\"item\":\"https:\\\/\\\/caviar-de-neuvic.com\\\/fr\\\/category\\\/actualites\\\/\"},{\"@type\":\"ListItem\",\"position\":3,\"name\":\"Menu d&rsquo;automne &#8211; Restaurant Caviar de Neuvic\"}]},{\"@type\":\"WebSite\",\"@id\":\"http:\\\/\\\/caviar-de-neuvic.com\\\/fr\\\/#website\",\"url\":\"http:\\\/\\\/caviar-de-neuvic.com\\\/fr\\\/\",\"name\":\"Producteur Fran\u00e7ais De Caviar\",\"description\":\"\",\"publisher\":{\"@id\":\"http:\\\/\\\/caviar-de-neuvic.com\\\/fr\\\/#organization\"},\"potentialAction\":[{\"@type\":\"SearchAction\",\"target\":{\"@type\":\"EntryPoint\",\"urlTemplate\":\"http:\\\/\\\/caviar-de-neuvic.com\\\/fr\\\/?s={search_term_string}\"},\"query-input\":{\"@type\":\"PropertyValueSpecification\",\"valueRequired\":true,\"valueName\":\"search_term_string\"}}],\"inLanguage\":\"en-GB\"},{\"@type\":\"Organization\",\"@id\":\"http:\\\/\\\/caviar-de-neuvic.com\\\/fr\\\/#organization\",\"name\":\"Producteur Fran\u00e7ais De Caviar\",\"url\":\"http:\\\/\\\/caviar-de-neuvic.com\\\/fr\\\/\",\"logo\":{\"@type\":\"ImageObject\",\"inLanguage\":\"en-GB\",\"@id\":\"http:\\\/\\\/caviar-de-neuvic.com\\\/fr\\\/#\\\/schema\\\/logo\\\/image\\\/\",\"url\":\"\",\"contentUrl\":\"\",\"caption\":\"Producteur Fran\u00e7ais De Caviar\"},\"image\":{\"@id\":\"http:\\\/\\\/caviar-de-neuvic.com\\\/fr\\\/#\\\/schema\\\/logo\\\/image\\\/\"}},{\"@type\":\"Person\",\"@id\":\"http:\\\/\\\/caviar-de-neuvic.com\\\/fr\\\/#\\\/schema\\\/person\\\/89912ad55a5ddd5efeb92f2d32511b03\",\"name\":\"Laurine Gay\",\"url\":\"https:\\\/\\\/caviar-de-neuvic.com\\\/en\\\/author\\\/laurine-gaycaviardeneuvic-com\\\/\"}]}<\/script>\n<!-- \/ Yoast SEO plugin. -->","yoast_head_json":{"title":"Menu d'automne - Restaurant Caviar de Neuvic - Producteur Fran\u00e7ais De Caviar","description":"Menu d'automne - Restaurant Caviar de Neuvic. Du 22 septembre au 20 d\u00e9cembre, notre chef vous propose de d\u00e9couvrir un menu in\u00e9dit.","robots":{"index":"index","follow":"follow","max-snippet":"max-snippet:-1","max-image-preview":"max-image-preview:large","max-video-preview":"max-video-preview:-1"},"canonical":"https:\/\/caviar-de-neuvic.com\/en\/nos-points-de-vente-tourisme\/menu-dautomne-restaurant-caviar-de-neuvic-2\/","og_locale":"en_GB","og_type":"article","og_title":"Menu d'automne - Restaurant Caviar de Neuvic - Producteur Fran\u00e7ais De Caviar","og_description":"Menu d'automne - Restaurant Caviar de Neuvic. Du 22 septembre au 20 d\u00e9cembre, notre chef vous propose de d\u00e9couvrir un menu in\u00e9dit.","og_url":"https:\/\/caviar-de-neuvic.com\/en\/nos-points-de-vente-tourisme\/menu-dautomne-restaurant-caviar-de-neuvic-2\/","og_site_name":"Producteur Fran\u00e7ais De Caviar","article_published_time":"2025-09-22T08:57:08+00:00","article_modified_time":"2025-11-19T13:08:18+00:00","og_image":[{"width":1920,"height":1440,"url":"https:\/\/caviar-de-neuvic.com\/wp-content\/uploads\/2025\/09\/IMG_8931-1.jpg","type":"image\/jpeg"}],"author":"Laurine Gay","twitter_card":"summary_large_image","twitter_misc":{"Written by":"Laurine Gay","Estimated reading time":"3 minutes"},"schema":{"@context":"https:\/\/schema.org","@graph":[{"@type":"Article","@id":"https:\/\/caviar-de-neuvic.com\/nos-points-de-vente-tourisme\/menu-dautomne-restaurant-caviar-de-neuvic-2\/#article","isPartOf":{"@id":"https:\/\/caviar-de-neuvic.com\/nos-points-de-vente-tourisme\/menu-dautomne-restaurant-caviar-de-neuvic-2\/"},"author":{"name":"Laurine Gay","@id":"http:\/\/caviar-de-neuvic.com\/fr\/#\/schema\/person\/89912ad55a5ddd5efeb92f2d32511b03"},"headline":"Menu d&rsquo;automne &#8211; Restaurant Caviar de Neuvic","datePublished":"2025-09-22T08:57:08+00:00","dateModified":"2025-11-19T13:08:18+00:00","mainEntityOfPage":{"@id":"https:\/\/caviar-de-neuvic.com\/nos-points-de-vente-tourisme\/menu-dautomne-restaurant-caviar-de-neuvic-2\/"},"wordCount":206,"commentCount":0,"publisher":{"@id":"http:\/\/caviar-de-neuvic.com\/fr\/#organization"},"image":{"@id":"https:\/\/caviar-de-neuvic.com\/nos-points-de-vente-tourisme\/menu-dautomne-restaurant-caviar-de-neuvic-2\/#primaryimage"},"thumbnailUrl":"https:\/\/caviar-de-neuvic.com\/wp-content\/uploads\/2025\/09\/IMG_8931-1.jpg","keywords":["Menu automne","Restaurant Caviar de Neuvic","Restaurant Domaine"],"articleSection":["Actualit\u00e9s","Nos Points de Vente + Tourisme"],"inLanguage":"en-GB","potentialAction":[{"@type":"CommentAction","name":"Comment","target":["https:\/\/caviar-de-neuvic.com\/nos-points-de-vente-tourisme\/menu-dautomne-restaurant-caviar-de-neuvic-2\/#respond"]}]},{"@type":"WebPage","@id":"https:\/\/caviar-de-neuvic.com\/nos-points-de-vente-tourisme\/menu-dautomne-restaurant-caviar-de-neuvic-2\/","url":"https:\/\/caviar-de-neuvic.com\/nos-points-de-vente-tourisme\/menu-dautomne-restaurant-caviar-de-neuvic-2\/","name":"Menu d'automne - Restaurant Caviar de Neuvic - Producteur Fran\u00e7ais De Caviar","isPartOf":{"@id":"http:\/\/caviar-de-neuvic.com\/fr\/#website"},"primaryImageOfPage":{"@id":"https:\/\/caviar-de-neuvic.com\/nos-points-de-vente-tourisme\/menu-dautomne-restaurant-caviar-de-neuvic-2\/#primaryimage"},"image":{"@id":"https:\/\/caviar-de-neuvic.com\/nos-points-de-vente-tourisme\/menu-dautomne-restaurant-caviar-de-neuvic-2\/#primaryimage"},"thumbnailUrl":"https:\/\/caviar-de-neuvic.com\/wp-content\/uploads\/2025\/09\/IMG_8931-1.jpg","datePublished":"2025-09-22T08:57:08+00:00","dateModified":"2025-11-19T13:08:18+00:00","description":"Menu d'automne - Restaurant Caviar de Neuvic. Du 22 septembre au 20 d\u00e9cembre, notre chef vous propose de d\u00e9couvrir un menu in\u00e9dit.","breadcrumb":{"@id":"https:\/\/caviar-de-neuvic.com\/nos-points-de-vente-tourisme\/menu-dautomne-restaurant-caviar-de-neuvic-2\/#breadcrumb"},"inLanguage":"en-GB","potentialAction":[{"@type":"ReadAction","target":["https:\/\/caviar-de-neuvic.com\/nos-points-de-vente-tourisme\/menu-dautomne-restaurant-caviar-de-neuvic-2\/"]}]},{"@type":"ImageObject","inLanguage":"en-GB","@id":"https:\/\/caviar-de-neuvic.com\/nos-points-de-vente-tourisme\/menu-dautomne-restaurant-caviar-de-neuvic-2\/#primaryimage","url":"https:\/\/caviar-de-neuvic.com\/wp-content\/uploads\/2025\/09\/IMG_8931-1.jpg","contentUrl":"https:\/\/caviar-de-neuvic.com\/wp-content\/uploads\/2025\/09\/IMG_8931-1.jpg","width":1920,"height":1440,"caption":"Menu d'automne - Restaurant Caviar de Neuvic"},{"@type":"BreadcrumbList","@id":"https:\/\/caviar-de-neuvic.com\/nos-points-de-vente-tourisme\/menu-dautomne-restaurant-caviar-de-neuvic-2\/#breadcrumb","itemListElement":[{"@type":"ListItem","position":1,"name":"Caviar de Neuvic","item":"https:\/\/caviar-de-neuvic.com\/"},{"@type":"ListItem","position":2,"name":"Actualit\u00e9s","item":"https:\/\/caviar-de-neuvic.com\/fr\/category\/actualites\/"},{"@type":"ListItem","position":3,"name":"Menu d&rsquo;automne &#8211; Restaurant Caviar de Neuvic"}]},{"@type":"WebSite","@id":"http:\/\/caviar-de-neuvic.com\/fr\/#website","url":"http:\/\/caviar-de-neuvic.com\/fr\/","name":"Producteur Fran\u00e7ais De Caviar","description":"","publisher":{"@id":"http:\/\/caviar-de-neuvic.com\/fr\/#organization"},"potentialAction":[{"@type":"SearchAction","target":{"@type":"EntryPoint","urlTemplate":"http:\/\/caviar-de-neuvic.com\/fr\/?s={search_term_string}"},"query-input":{"@type":"PropertyValueSpecification","valueRequired":true,"valueName":"search_term_string"}}],"inLanguage":"en-GB"},{"@type":"Organization","@id":"http:\/\/caviar-de-neuvic.com\/fr\/#organization","name":"Producteur Fran\u00e7ais De Caviar","url":"http:\/\/caviar-de-neuvic.com\/fr\/","logo":{"@type":"ImageObject","inLanguage":"en-GB","@id":"http:\/\/caviar-de-neuvic.com\/fr\/#\/schema\/logo\/image\/","url":"","contentUrl":"","caption":"Producteur Fran\u00e7ais De Caviar"},"image":{"@id":"http:\/\/caviar-de-neuvic.com\/fr\/#\/schema\/logo\/image\/"}},{"@type":"Person","@id":"http:\/\/caviar-de-neuvic.com\/fr\/#\/schema\/person\/89912ad55a5ddd5efeb92f2d32511b03","name":"Laurine Gay","url":"https:\/\/caviar-de-neuvic.com\/en\/author\/laurine-gaycaviardeneuvic-com\/"}]}},"_links":{"self":[{"href":"https:\/\/caviar-de-neuvic.com\/en\/wp-json\/wp\/v2\/posts\/27261","targetHints":{"allow":["GET"]}}],"collection":[{"href":"https:\/\/caviar-de-neuvic.com\/en\/wp-json\/wp\/v2\/posts"}],"about":[{"href":"https:\/\/caviar-de-neuvic.com\/en\/wp-json\/wp\/v2\/types\/post"}],"author":[{"embeddable":true,"href":"https:\/\/caviar-de-neuvic.com\/en\/wp-json\/wp\/v2\/users\/11896"}],"replies":[{"embeddable":true,"href":"https:\/\/caviar-de-neuvic.com\/en\/wp-json\/wp\/v2\/comments?post=27261"}],"version-history":[{"count":1,"href":"https:\/\/caviar-de-neuvic.com\/en\/wp-json\/wp\/v2\/posts\/27261\/revisions"}],"predecessor-version":[{"id":32177,"href":"https:\/\/caviar-de-neuvic.com\/en\/wp-json\/wp\/v2\/posts\/27261\/revisions\/32177"}],"wp:featuredmedia":[{"embeddable":true,"href":"https:\/\/caviar-de-neuvic.com\/en\/wp-json\/wp\/v2\/media\/27271"}],"wp:attachment":[{"href":"https:\/\/caviar-de-neuvic.com\/en\/wp-json\/wp\/v2\/media?parent=27261"}],"wp:term":[{"taxonomy":"category","embeddable":true,"href":"https:\/\/caviar-de-neuvic.com\/en\/wp-json\/wp\/v2\/categories?post=27261"},{"taxonomy":"post_tag","embeddable":true,"href":"https:\/\/caviar-de-neuvic.com\/en\/wp-json\/wp\/v2\/tags?post=27261"}],"curies":[{"name":"wp","href":"https:\/\/api.w.org\/{rel}","templated":true}]}}