{"id":20785,"date":"2020-03-20T14:15:24","date_gmt":"2020-03-20T13:15:24","guid":{"rendered":"https:\/\/caviar-de-neuvic.com\/parlons-caviar\/?p=4748"},"modified":"2025-10-18T12:03:26","modified_gmt":"2025-10-18T10:03:26","slug":"coronavirus-la-solidarite-sorganise-a-neuvic","status":"publish","type":"post","link":"https:\/\/caviar-de-neuvic.com\/en_fr\/mots-gestes\/coronavirus-la-solidarite-sorganise-a-neuvic\/","title":{"rendered":"Coronavirus: La solidarit\u00e9 s&rsquo;organise \u00e0 Neuvic"},"content":{"rendered":"<p><img fetchpriority=\"high\" decoding=\"async\" class=\"alignnone wp-image-4750 size-full\" title=\"Coronavirus La solidarit\u00e9 s'organise \u00e0 Neuvic\" src=\"http:\/\/caviar-de-neuvic.com\/wp-content\/uploads\/2020\/03\/masques.jpg\" alt=\"La solidarit\u00e9 s'organise \u00e0 Neuvic pendant la crise \" width=\"800\" height=\"350\" \/><\/p>\n<p>Coronavirus: La solidarit\u00e9 s&rsquo;organise \u00e0 Neuvic<\/p>\n<p><a href=\"https:\/\/france3-regions.francetvinfo.fr\/nouvelle-aquitaine\/dordogne\/covid-19-dordogne-face-au-virus-1801726.html\">Face \u00e0 la situation actuelle et en solidarit\u00e9 avec les personnels soignants<\/a>, Caviar de Neuvic met gracieusement \u00e0 disposition des masques chirurgicaux. En effet pour les personnes concern\u00e9es, plusieurs milliers de masques chirurgicaux utilis\u00e9s habituellement pour la\u00a0 <a href=\"https:\/\/caviar-de-neuvic.com\/en_fr\/\" target=\"_blank\" rel=\"noopener noreferrer\">production de caviar<\/a>\u00a0sont distribu\u00e9s.<\/p>\n<p>Comme nous pouvons le voir sur cette photo, les employ\u00e9s de Caviar de Neuvic respectent \u00e0 la lettre le protocole sanitaire qui a \u00e9t\u00e9 mise en place par le gouvernement. Le laboratoire de production de caviar est un endroit extr\u00eamement sensibilis\u00e9 sur les questions d&rsquo;hygi\u00e8ne.<\/p>\n<p>Une r\u00e9union a \u00e9t\u00e9 organis\u00e9e le jour m\u00eame par Fran\u00e7ois Roussel \u00e0 la Mairie de Neuvic pour d\u00e9finir les cas prioritaires : d&rsquo;abord l&rsquo; EHPAD, aides \u00e0 domicile, cr\u00e8ches, ANACE&#8230; Aussi, 5 000 masques ont \u00e9t\u00e9 donn\u00e9s \u00e0 l\u2019ARS pour un partage \u00e9quitable dans les lieux de sant\u00e9.<\/p>\n<p>Une premi\u00e8re distribution a \u00e9t\u00e9 organis\u00e9e. Face \u00e0 la crise du coronavirus, la solidarit\u00e9 s&rsquo;organise \u00e0 Neuvic.\u00a0 <a href=\"https:\/\/www.francebleu.fr\/infos\/societe\/dordogne-les-caviars-de-neuvic-offrent-des-milliers-de-masques-chirurgicaux-1584627882\">Les masques seront distribu\u00e9s par la Mairie de Neuvic<\/a>.<\/p>\n<p>Aussi, nous remercions toutes les personnes qui ont r\u00e9agi et ont rapidement partag\u00e9 cette initiative :<\/p>\n<p>Cette information a \u00e9t\u00e9 relay\u00e9e par la presse :<\/p>\n<ul>\n<li><a href=\"https:\/\/www.francebleu.fr\/infos\/societe\/dordogne-les-caviars-de-neuvic-offrent-des-milliers-de-masques-chirurgicaux-1584627882\">France Bleu P\u00e9rigord<\/a><\/li>\n<li><a href=\"https:\/\/france3-regions.francetvinfo.fr\/nouvelle-aquitaine\/dordogne\/covid-19-dordogne-face-au-virus-1801726.html\">France 3 R\u00e9gions<\/a><\/li>\n<li><a href=\"http:\/\/www.lequotidien.re\/actualites\/en-direct-france-monde\/358270-echos-une-france-confinee-4e-jour.html\">Le Quotidien de la R\u00e9union<\/a><\/li>\n<li><a href=\"https:\/\/www.nouvelobs.com\/topnews\/20200320.AFP4666\/coronavirus-echos-d-une-france-confinee-4e-jour.html\">Le Nouvel Obs<\/a><\/li>\n<li><a href=\"https:\/\/information.tv5monde.com\/info\/coronavirus-echos-d-une-france-confinee-4e-jour-352297\">TV5 Monde<\/a><\/li>\n<li><a href=\"http:\/\/www.francesoir.fr\/actualites-france\/coronavirus-echos-dune-france-confinee-4e-jour\">France Soir<\/a><\/li>\n<\/ul>\n<p>&nbsp;<\/p>","protected":false},"excerpt":{"rendered":"<p>Coronavirus: La solidarit\u00e9 s&rsquo;organise \u00e0 Neuvic Face \u00e0 la situation actuelle et en solidarit\u00e9 avec les personnels soignants, Caviar de Neuvic met gracieusement \u00e0 disposition des masques chirurgicaux. En effet pour les personnes concern\u00e9es, plusieurs milliers de masques chirurgicaux utilis\u00e9s habituellement pour la\u00a0 production de caviar\u00a0sont distribu\u00e9s. Comme nous pouvons le voir sur cette photo, [&hellip;]<\/p>\n","protected":false},"author":11896,"featured_media":20931,"comment_status":"open","ping_status":"closed","sticky":false,"template":"","format":"standard","meta":{"_acf_changed":false,"ocean_post_layout":"","ocean_both_sidebars_style":"","ocean_both_sidebars_content_width":0,"ocean_both_sidebars_sidebars_width":0,"ocean_sidebar":"0","ocean_second_sidebar":"0","ocean_disable_margins":"enable","ocean_add_body_class":"","ocean_shortcode_before_top_bar":"","ocean_shortcode_after_top_bar":"","ocean_shortcode_before_header":"","ocean_shortcode_after_header":"","ocean_has_shortcode":"","ocean_shortcode_after_title":"","ocean_shortcode_before_footer_widgets":"","ocean_shortcode_after_footer_widgets":"","ocean_shortcode_before_footer_bottom":"","ocean_shortcode_after_footer_bottom":"","ocean_display_top_bar":"default","ocean_display_header":"default","ocean_header_style":"","ocean_center_header_left_menu":"0","ocean_custom_header_template":"0","ocean_custom_logo":0,"ocean_custom_retina_logo":0,"ocean_custom_logo_max_width":0,"ocean_custom_logo_tablet_max_width":0,"ocean_custom_logo_mobile_max_width":0,"ocean_custom_logo_max_height":0,"ocean_custom_logo_tablet_max_height":0,"ocean_custom_logo_mobile_max_height":0,"ocean_header_custom_menu":"0","ocean_menu_typo_font_family":"0","ocean_menu_typo_font_subset":"","ocean_menu_typo_font_size":0,"ocean_menu_typo_font_size_tablet":0,"ocean_menu_typo_font_size_mobile":0,"ocean_menu_typo_font_size_unit":"px","ocean_menu_typo_font_weight":"","ocean_menu_typo_font_weight_tablet":"","ocean_menu_typo_font_weight_mobile":"","ocean_menu_typo_transform":"","ocean_menu_typo_transform_tablet":"","ocean_menu_typo_transform_mobile":"","ocean_menu_typo_line_height":0,"ocean_menu_typo_line_height_tablet":0,"ocean_menu_typo_line_height_mobile":0,"ocean_menu_typo_line_height_unit":"","ocean_menu_typo_spacing":0,"ocean_menu_typo_spacing_tablet":0,"ocean_menu_typo_spacing_mobile":0,"ocean_menu_typo_spacing_unit":"","ocean_menu_link_color":"","ocean_menu_link_color_hover":"","ocean_menu_link_color_active":"","ocean_menu_link_background":"","ocean_menu_link_hover_background":"","ocean_menu_link_active_background":"","ocean_menu_social_links_bg":"","ocean_menu_social_hover_links_bg":"","ocean_menu_social_links_color":"","ocean_menu_social_hover_links_color":"","ocean_disable_title":"default","ocean_disable_heading":"default","ocean_post_title":"","ocean_post_subheading":"","ocean_post_title_style":"","ocean_post_title_background_color":"","ocean_post_title_background":0,"ocean_post_title_bg_image_position":"","ocean_post_title_bg_image_attachment":"","ocean_post_title_bg_image_repeat":"","ocean_post_title_bg_image_size":"","ocean_post_title_height":0,"ocean_post_title_bg_overlay":0.5,"ocean_post_title_bg_overlay_color":"","ocean_disable_breadcrumbs":"default","ocean_breadcrumbs_color":"","ocean_breadcrumbs_separator_color":"","ocean_breadcrumbs_links_color":"","ocean_breadcrumbs_links_hover_color":"","ocean_display_footer_widgets":"default","ocean_display_footer_bottom":"default","ocean_custom_footer_template":"0","omw_enable_modal_window":"enable","ocean_post_oembed":"","ocean_post_self_hosted_media":"","ocean_post_video_embed":"","ocean_link_format":"","ocean_link_format_target":"self","ocean_quote_format":"","ocean_quote_format_link":"post","ocean_gallery_link_images":"on","ocean_gallery_id":[],"footnotes":""},"categories":[285],"tags":[],"class_list":["post-20785","post","type-post","status-publish","format-standard","has-post-thumbnail","hentry","category-mots-gestes","entry","has-media","owp-thumbs-layout-vertical","owp-btn-normal","owp-tabs-layout-horizontal","has-no-thumbnails","has-product-nav"],"acf":[],"yoast_head":"<!-- This site is optimized with the Yoast SEO plugin v27.5 - https:\/\/yoast.com\/product\/yoast-seo-wordpress\/ -->\n<title>La solidarit\u00e9 s&#039;organise \u00e0 Neuvic pendant la crise du cornavirus<\/title>\n<meta name=\"description\" content=\"Coronavirus La solidarit\u00e9 s&#039;organise \u00e0 Neuvic. Caviar de Neuvic met \u00e0 disposition, des milliers de masques pour la production de caviar.\" \/>\n<meta name=\"robots\" content=\"index, follow, max-snippet:-1, max-image-preview:large, max-video-preview:-1\" \/>\n<link rel=\"canonical\" href=\"https:\/\/caviar-de-neuvic.com\/en_fr\/mots-gestes\/coronavirus-la-solidarite-sorganise-a-neuvic\/\" \/>\n<meta property=\"og:locale\" content=\"en_US\" \/>\n<meta property=\"og:type\" content=\"article\" \/>\n<meta property=\"og:title\" content=\"La solidarit\u00e9 s&#039;organise \u00e0 Neuvic pendant la crise du cornavirus\" \/>\n<meta property=\"og:description\" content=\"Coronavirus La solidarit\u00e9 s&#039;organise \u00e0 Neuvic. Caviar de Neuvic met \u00e0 disposition, des milliers de masques pour la production de caviar.\" \/>\n<meta property=\"og:url\" content=\"https:\/\/caviar-de-neuvic.com\/en_fr\/mots-gestes\/coronavirus-la-solidarite-sorganise-a-neuvic\/\" \/>\n<meta property=\"og:site_name\" content=\"Producteur Fran\u00e7ais De Caviar\" \/>\n<meta property=\"article:published_time\" content=\"2020-03-20T13:15:24+00:00\" \/>\n<meta property=\"article:modified_time\" content=\"2025-10-18T10:03:26+00:00\" \/>\n<meta property=\"og:image\" content=\"https:\/\/caviar-de-neuvic.com\/wp-content\/uploads\/2020\/03\/masque.jpg\" \/>\n\t<meta property=\"og:image:width\" content=\"300\" \/>\n\t<meta property=\"og:image:height\" content=\"200\" \/>\n\t<meta property=\"og:image:type\" content=\"image\/jpeg\" \/>\n<meta name=\"author\" content=\"Laurine Gay\" \/>\n<meta name=\"twitter:card\" content=\"summary_large_image\" \/>\n<meta name=\"twitter:label1\" content=\"Written by\" \/>\n\t<meta name=\"twitter:data1\" content=\"Laurine Gay\" \/>\n\t<meta name=\"twitter:label2\" content=\"Est. reading time\" \/>\n\t<meta name=\"twitter:data2\" content=\"2 minutes\" \/>\n<script type=\"application\/ld+json\" class=\"yoast-schema-graph\">{\"@context\":\"https:\\\/\\\/schema.org\",\"@graph\":[{\"@type\":\"Article\",\"@id\":\"https:\\\/\\\/caviar-de-neuvic.com\\\/fr\\\/mots-gestes\\\/coronavirus-la-solidarite-sorganise-a-neuvic\\\/#article\",\"isPartOf\":{\"@id\":\"https:\\\/\\\/caviar-de-neuvic.com\\\/fr\\\/mots-gestes\\\/coronavirus-la-solidarite-sorganise-a-neuvic\\\/\"},\"author\":{\"name\":\"Laurine Gay\",\"@id\":\"http:\\\/\\\/caviar-de-neuvic.com\\\/fr\\\/#\\\/schema\\\/person\\\/89912ad55a5ddd5efeb92f2d32511b03\"},\"headline\":\"Coronavirus: La solidarit\u00e9 s&rsquo;organise \u00e0 Neuvic\",\"datePublished\":\"2020-03-20T13:15:24+00:00\",\"dateModified\":\"2025-10-18T10:03:26+00:00\",\"mainEntityOfPage\":{\"@id\":\"https:\\\/\\\/caviar-de-neuvic.com\\\/fr\\\/mots-gestes\\\/coronavirus-la-solidarite-sorganise-a-neuvic\\\/\"},\"wordCount\":228,\"commentCount\":0,\"publisher\":{\"@id\":\"http:\\\/\\\/caviar-de-neuvic.com\\\/fr\\\/#organization\"},\"image\":{\"@id\":\"https:\\\/\\\/caviar-de-neuvic.com\\\/fr\\\/mots-gestes\\\/coronavirus-la-solidarite-sorganise-a-neuvic\\\/#primaryimage\"},\"thumbnailUrl\":\"https:\\\/\\\/caviar-de-neuvic.com\\\/wp-content\\\/uploads\\\/2020\\\/03\\\/masque.jpg\",\"articleSection\":[\"Mots &amp; Gestes\"],\"inLanguage\":\"en-US\",\"potentialAction\":[{\"@type\":\"CommentAction\",\"name\":\"Comment\",\"target\":[\"https:\\\/\\\/caviar-de-neuvic.com\\\/fr\\\/mots-gestes\\\/coronavirus-la-solidarite-sorganise-a-neuvic\\\/#respond\"]}]},{\"@type\":\"WebPage\",\"@id\":\"https:\\\/\\\/caviar-de-neuvic.com\\\/fr\\\/mots-gestes\\\/coronavirus-la-solidarite-sorganise-a-neuvic\\\/\",\"url\":\"https:\\\/\\\/caviar-de-neuvic.com\\\/fr\\\/mots-gestes\\\/coronavirus-la-solidarite-sorganise-a-neuvic\\\/\",\"name\":\"La solidarit\u00e9 s'organise \u00e0 Neuvic pendant la crise du cornavirus\",\"isPartOf\":{\"@id\":\"http:\\\/\\\/caviar-de-neuvic.com\\\/fr\\\/#website\"},\"primaryImageOfPage\":{\"@id\":\"https:\\\/\\\/caviar-de-neuvic.com\\\/fr\\\/mots-gestes\\\/coronavirus-la-solidarite-sorganise-a-neuvic\\\/#primaryimage\"},\"image\":{\"@id\":\"https:\\\/\\\/caviar-de-neuvic.com\\\/fr\\\/mots-gestes\\\/coronavirus-la-solidarite-sorganise-a-neuvic\\\/#primaryimage\"},\"thumbnailUrl\":\"https:\\\/\\\/caviar-de-neuvic.com\\\/wp-content\\\/uploads\\\/2020\\\/03\\\/masque.jpg\",\"datePublished\":\"2020-03-20T13:15:24+00:00\",\"dateModified\":\"2025-10-18T10:03:26+00:00\",\"description\":\"Coronavirus La solidarit\u00e9 s'organise \u00e0 Neuvic. Caviar de Neuvic met \u00e0 disposition, des milliers de masques pour la production de caviar.\",\"breadcrumb\":{\"@id\":\"https:\\\/\\\/caviar-de-neuvic.com\\\/fr\\\/mots-gestes\\\/coronavirus-la-solidarite-sorganise-a-neuvic\\\/#breadcrumb\"},\"inLanguage\":\"en-US\",\"potentialAction\":[{\"@type\":\"ReadAction\",\"target\":[\"https:\\\/\\\/caviar-de-neuvic.com\\\/fr\\\/mots-gestes\\\/coronavirus-la-solidarite-sorganise-a-neuvic\\\/\"]}]},{\"@type\":\"ImageObject\",\"inLanguage\":\"en-US\",\"@id\":\"https:\\\/\\\/caviar-de-neuvic.com\\\/fr\\\/mots-gestes\\\/coronavirus-la-solidarite-sorganise-a-neuvic\\\/#primaryimage\",\"url\":\"https:\\\/\\\/caviar-de-neuvic.com\\\/wp-content\\\/uploads\\\/2020\\\/03\\\/masque.jpg\",\"contentUrl\":\"https:\\\/\\\/caviar-de-neuvic.com\\\/wp-content\\\/uploads\\\/2020\\\/03\\\/masque.jpg\",\"width\":300,\"height\":200},{\"@type\":\"BreadcrumbList\",\"@id\":\"https:\\\/\\\/caviar-de-neuvic.com\\\/fr\\\/mots-gestes\\\/coronavirus-la-solidarite-sorganise-a-neuvic\\\/#breadcrumb\",\"itemListElement\":[{\"@type\":\"ListItem\",\"position\":1,\"name\":\"Caviar de Neuvic\",\"item\":\"https:\\\/\\\/caviar-de-neuvic.com\\\/\"},{\"@type\":\"ListItem\",\"position\":2,\"name\":\"Mots &amp; Gestes\",\"item\":\"https:\\\/\\\/caviar-de-neuvic.com\\\/fr\\\/category\\\/mots-gestes\\\/\"},{\"@type\":\"ListItem\",\"position\":3,\"name\":\"Coronavirus: La solidarit\u00e9 s&rsquo;organise \u00e0 Neuvic\"}]},{\"@type\":\"WebSite\",\"@id\":\"http:\\\/\\\/caviar-de-neuvic.com\\\/fr\\\/#website\",\"url\":\"http:\\\/\\\/caviar-de-neuvic.com\\\/fr\\\/\",\"name\":\"Producteur Fran\u00e7ais De Caviar\",\"description\":\"\",\"publisher\":{\"@id\":\"http:\\\/\\\/caviar-de-neuvic.com\\\/fr\\\/#organization\"},\"potentialAction\":[{\"@type\":\"SearchAction\",\"target\":{\"@type\":\"EntryPoint\",\"urlTemplate\":\"http:\\\/\\\/caviar-de-neuvic.com\\\/fr\\\/?s={search_term_string}\"},\"query-input\":{\"@type\":\"PropertyValueSpecification\",\"valueRequired\":true,\"valueName\":\"search_term_string\"}}],\"inLanguage\":\"en-US\"},{\"@type\":\"Organization\",\"@id\":\"http:\\\/\\\/caviar-de-neuvic.com\\\/fr\\\/#organization\",\"name\":\"Producteur Fran\u00e7ais De Caviar\",\"url\":\"http:\\\/\\\/caviar-de-neuvic.com\\\/fr\\\/\",\"logo\":{\"@type\":\"ImageObject\",\"inLanguage\":\"en-US\",\"@id\":\"http:\\\/\\\/caviar-de-neuvic.com\\\/fr\\\/#\\\/schema\\\/logo\\\/image\\\/\",\"url\":\"\",\"contentUrl\":\"\",\"caption\":\"Producteur Fran\u00e7ais De Caviar\"},\"image\":{\"@id\":\"http:\\\/\\\/caviar-de-neuvic.com\\\/fr\\\/#\\\/schema\\\/logo\\\/image\\\/\"}},{\"@type\":\"Person\",\"@id\":\"http:\\\/\\\/caviar-de-neuvic.com\\\/fr\\\/#\\\/schema\\\/person\\\/89912ad55a5ddd5efeb92f2d32511b03\",\"name\":\"Laurine Gay\",\"url\":\"https:\\\/\\\/caviar-de-neuvic.com\\\/en_fr\\\/author\\\/laurine-gaycaviardeneuvic-com\\\/\"}]}<\/script>\n<!-- \/ Yoast SEO plugin. -->","yoast_head_json":{"title":"La solidarit\u00e9 s'organise \u00e0 Neuvic pendant la crise du cornavirus","description":"Coronavirus La solidarit\u00e9 s'organise \u00e0 Neuvic. Caviar de Neuvic met \u00e0 disposition, des milliers de masques pour la production de caviar.","robots":{"index":"index","follow":"follow","max-snippet":"max-snippet:-1","max-image-preview":"max-image-preview:large","max-video-preview":"max-video-preview:-1"},"canonical":"https:\/\/caviar-de-neuvic.com\/en_fr\/mots-gestes\/coronavirus-la-solidarite-sorganise-a-neuvic\/","og_locale":"en_US","og_type":"article","og_title":"La solidarit\u00e9 s'organise \u00e0 Neuvic pendant la crise du cornavirus","og_description":"Coronavirus La solidarit\u00e9 s'organise \u00e0 Neuvic. Caviar de Neuvic met \u00e0 disposition, des milliers de masques pour la production de caviar.","og_url":"https:\/\/caviar-de-neuvic.com\/en_fr\/mots-gestes\/coronavirus-la-solidarite-sorganise-a-neuvic\/","og_site_name":"Producteur Fran\u00e7ais De Caviar","article_published_time":"2020-03-20T13:15:24+00:00","article_modified_time":"2025-10-18T10:03:26+00:00","og_image":[{"width":300,"height":200,"url":"https:\/\/caviar-de-neuvic.com\/wp-content\/uploads\/2020\/03\/masque.jpg","type":"image\/jpeg"}],"author":"Laurine Gay","twitter_card":"summary_large_image","twitter_misc":{"Written by":"Laurine Gay","Est. reading time":"2 minutes"},"schema":{"@context":"https:\/\/schema.org","@graph":[{"@type":"Article","@id":"https:\/\/caviar-de-neuvic.com\/fr\/mots-gestes\/coronavirus-la-solidarite-sorganise-a-neuvic\/#article","isPartOf":{"@id":"https:\/\/caviar-de-neuvic.com\/fr\/mots-gestes\/coronavirus-la-solidarite-sorganise-a-neuvic\/"},"author":{"name":"Laurine Gay","@id":"http:\/\/caviar-de-neuvic.com\/fr\/#\/schema\/person\/89912ad55a5ddd5efeb92f2d32511b03"},"headline":"Coronavirus: La solidarit\u00e9 s&rsquo;organise \u00e0 Neuvic","datePublished":"2020-03-20T13:15:24+00:00","dateModified":"2025-10-18T10:03:26+00:00","mainEntityOfPage":{"@id":"https:\/\/caviar-de-neuvic.com\/fr\/mots-gestes\/coronavirus-la-solidarite-sorganise-a-neuvic\/"},"wordCount":228,"commentCount":0,"publisher":{"@id":"http:\/\/caviar-de-neuvic.com\/fr\/#organization"},"image":{"@id":"https:\/\/caviar-de-neuvic.com\/fr\/mots-gestes\/coronavirus-la-solidarite-sorganise-a-neuvic\/#primaryimage"},"thumbnailUrl":"https:\/\/caviar-de-neuvic.com\/wp-content\/uploads\/2020\/03\/masque.jpg","articleSection":["Mots &amp; Gestes"],"inLanguage":"en-US","potentialAction":[{"@type":"CommentAction","name":"Comment","target":["https:\/\/caviar-de-neuvic.com\/fr\/mots-gestes\/coronavirus-la-solidarite-sorganise-a-neuvic\/#respond"]}]},{"@type":"WebPage","@id":"https:\/\/caviar-de-neuvic.com\/fr\/mots-gestes\/coronavirus-la-solidarite-sorganise-a-neuvic\/","url":"https:\/\/caviar-de-neuvic.com\/fr\/mots-gestes\/coronavirus-la-solidarite-sorganise-a-neuvic\/","name":"La solidarit\u00e9 s'organise \u00e0 Neuvic pendant la crise du cornavirus","isPartOf":{"@id":"http:\/\/caviar-de-neuvic.com\/fr\/#website"},"primaryImageOfPage":{"@id":"https:\/\/caviar-de-neuvic.com\/fr\/mots-gestes\/coronavirus-la-solidarite-sorganise-a-neuvic\/#primaryimage"},"image":{"@id":"https:\/\/caviar-de-neuvic.com\/fr\/mots-gestes\/coronavirus-la-solidarite-sorganise-a-neuvic\/#primaryimage"},"thumbnailUrl":"https:\/\/caviar-de-neuvic.com\/wp-content\/uploads\/2020\/03\/masque.jpg","datePublished":"2020-03-20T13:15:24+00:00","dateModified":"2025-10-18T10:03:26+00:00","description":"Coronavirus La solidarit\u00e9 s'organise \u00e0 Neuvic. Caviar de Neuvic met \u00e0 disposition, des milliers de masques pour la production de caviar.","breadcrumb":{"@id":"https:\/\/caviar-de-neuvic.com\/fr\/mots-gestes\/coronavirus-la-solidarite-sorganise-a-neuvic\/#breadcrumb"},"inLanguage":"en-US","potentialAction":[{"@type":"ReadAction","target":["https:\/\/caviar-de-neuvic.com\/fr\/mots-gestes\/coronavirus-la-solidarite-sorganise-a-neuvic\/"]}]},{"@type":"ImageObject","inLanguage":"en-US","@id":"https:\/\/caviar-de-neuvic.com\/fr\/mots-gestes\/coronavirus-la-solidarite-sorganise-a-neuvic\/#primaryimage","url":"https:\/\/caviar-de-neuvic.com\/wp-content\/uploads\/2020\/03\/masque.jpg","contentUrl":"https:\/\/caviar-de-neuvic.com\/wp-content\/uploads\/2020\/03\/masque.jpg","width":300,"height":200},{"@type":"BreadcrumbList","@id":"https:\/\/caviar-de-neuvic.com\/fr\/mots-gestes\/coronavirus-la-solidarite-sorganise-a-neuvic\/#breadcrumb","itemListElement":[{"@type":"ListItem","position":1,"name":"Caviar de Neuvic","item":"https:\/\/caviar-de-neuvic.com\/"},{"@type":"ListItem","position":2,"name":"Mots &amp; Gestes","item":"https:\/\/caviar-de-neuvic.com\/fr\/category\/mots-gestes\/"},{"@type":"ListItem","position":3,"name":"Coronavirus: La solidarit\u00e9 s&rsquo;organise \u00e0 Neuvic"}]},{"@type":"WebSite","@id":"http:\/\/caviar-de-neuvic.com\/fr\/#website","url":"http:\/\/caviar-de-neuvic.com\/fr\/","name":"Producteur Fran\u00e7ais De Caviar","description":"","publisher":{"@id":"http:\/\/caviar-de-neuvic.com\/fr\/#organization"},"potentialAction":[{"@type":"SearchAction","target":{"@type":"EntryPoint","urlTemplate":"http:\/\/caviar-de-neuvic.com\/fr\/?s={search_term_string}"},"query-input":{"@type":"PropertyValueSpecification","valueRequired":true,"valueName":"search_term_string"}}],"inLanguage":"en-US"},{"@type":"Organization","@id":"http:\/\/caviar-de-neuvic.com\/fr\/#organization","name":"Producteur Fran\u00e7ais De Caviar","url":"http:\/\/caviar-de-neuvic.com\/fr\/","logo":{"@type":"ImageObject","inLanguage":"en-US","@id":"http:\/\/caviar-de-neuvic.com\/fr\/#\/schema\/logo\/image\/","url":"","contentUrl":"","caption":"Producteur Fran\u00e7ais De Caviar"},"image":{"@id":"http:\/\/caviar-de-neuvic.com\/fr\/#\/schema\/logo\/image\/"}},{"@type":"Person","@id":"http:\/\/caviar-de-neuvic.com\/fr\/#\/schema\/person\/89912ad55a5ddd5efeb92f2d32511b03","name":"Laurine Gay","url":"https:\/\/caviar-de-neuvic.com\/en_fr\/author\/laurine-gaycaviardeneuvic-com\/"}]}},"_links":{"self":[{"href":"https:\/\/caviar-de-neuvic.com\/en_fr\/wp-json\/wp\/v2\/posts\/20785","targetHints":{"allow":["GET"]}}],"collection":[{"href":"https:\/\/caviar-de-neuvic.com\/en_fr\/wp-json\/wp\/v2\/posts"}],"about":[{"href":"https:\/\/caviar-de-neuvic.com\/en_fr\/wp-json\/wp\/v2\/types\/post"}],"author":[{"embeddable":true,"href":"https:\/\/caviar-de-neuvic.com\/en_fr\/wp-json\/wp\/v2\/users\/11896"}],"replies":[{"embeddable":true,"href":"https:\/\/caviar-de-neuvic.com\/en_fr\/wp-json\/wp\/v2\/comments?post=20785"}],"version-history":[{"count":1,"href":"https:\/\/caviar-de-neuvic.com\/en_fr\/wp-json\/wp\/v2\/posts\/20785\/revisions"}],"predecessor-version":[{"id":31351,"href":"https:\/\/caviar-de-neuvic.com\/en_fr\/wp-json\/wp\/v2\/posts\/20785\/revisions\/31351"}],"wp:featuredmedia":[{"embeddable":true,"href":"https:\/\/caviar-de-neuvic.com\/en_fr\/wp-json\/wp\/v2\/media\/20931"}],"wp:attachment":[{"href":"https:\/\/caviar-de-neuvic.com\/en_fr\/wp-json\/wp\/v2\/media?parent=20785"}],"wp:term":[{"taxonomy":"category","embeddable":true,"href":"https:\/\/caviar-de-neuvic.com\/en_fr\/wp-json\/wp\/v2\/categories?post=20785"},{"taxonomy":"post_tag","embeddable":true,"href":"https:\/\/caviar-de-neuvic.com\/en_fr\/wp-json\/wp\/v2\/tags?post=20785"}],"curies":[{"name":"wp","href":"https:\/\/api.w.org\/{rel}","templated":true}]}}