{"id":20765,"date":"2017-12-19T16:11:49","date_gmt":"2017-12-19T15:11:49","guid":{"rendered":"https:\/\/caviar-de-neuvic.com\/parlons-caviar\/?p=2514"},"modified":"2025-10-18T12:06:08","modified_gmt":"2025-10-18T10:06:08","slug":"on-parle-de-caviar-de-neuvic","status":"publish","type":"post","link":"https:\/\/caviar-de-neuvic.com\/es_es\/partenariats-evenements\/on-parle-de-caviar-de-neuvic\/","title":{"rendered":"On parle de nous"},"content":{"rendered":"<h3><strong>On parle de nous Sur les blogs, les news&#8230;<\/strong><\/h3>\n<h3><strong>Blogueurs Culinaires &#8211; Lifestyle<\/strong><\/h3>\n<p>On parle de Caviar de Neuvic&#8230; Retrouvez tous les articles \u00e9crits par des blogueurs culinaires mais aussi lifestyle sur les produits Caviar de Neuvic.<br \/>\nMerci donc, infiniment \u00e0 vous tous pour avoir test\u00e9, appr\u00e9ci\u00e9 et mis en valeur <a href=\"https:\/\/caviar-de-neuvic.com\/es_es\/parlons-caviar\/certification-origine-france-garantie\/\">nos produits<\/a> d&rsquo;excellences.<\/p>\n<p><a href=\"https:\/\/www.le-blog-enfin-moi.com\/?s=caviar+de+neuvic\" target=\"_blank\" rel=\"noopener\">Enfin Moi<\/a><br \/>\n<a href=\"https:\/\/www.audreycuisine.fr\/2017\/12\/cremeux-chou-fleur-au-caviar\/\" target=\"_blank\" rel=\"noopener\">Audrey Cuisine<\/a><br \/>\n<a href=\"http:\/\/glose.fr\/?s=caviar+de+neuvic\" target=\"_blank\" rel=\"noopener\">Glose<\/a><br \/>\n<a href=\"http:\/\/www.tuaimes.fr\/?s=caviar+de+neuvic\" target=\"_blank\" rel=\"noopener\">Tu aimes ?<\/a><br \/>\n<a href=\"https:\/\/marineiscooking.com\/?s=caviar+de+neuvic\" target=\"_blank\" rel=\"noopener\">Marine is cooking<\/a><br \/>\n<a href=\"https:\/\/www.papillesetpupilles.fr\/2013\/12\/caviar-de-neuvic-producteur-de-caviar-pour-comtesse-du-barry.html\/\" target=\"_blank\" rel=\"noopener\">Papilles et Pupilles<\/a><br \/>\n<a href=\"https:\/\/turbigo-gourmandises.fr\/a-la-decouverte-du-caviar-de-neuvic\/\" target=\"_blank\" rel=\"noopener\">Turbigo &#8211; Gourmandises<\/a><br \/>\n<a href=\"http:\/\/www.gratinez.fr\/?s=caviar+de+neuvic\" target=\"_blank\" rel=\"noopener\">Gratinez.fr<\/a><br \/>\n<a href=\"http:\/\/www.mapopotte.fr\/?s=caviar+de+neuvic\" target=\"_blank\" rel=\"noopener\">My Girly Popotte<\/a><br \/>\n<a href=\"http:\/\/www.mamina.fr\/search\/caviar%20de%20neuvic\/\" target=\"_blank\" rel=\"noopener\">Mamina.fr<\/a><br \/>\n<a href=\"http:\/\/www.eatmebaby.fr\/?s=caviar+de+neuvic\" target=\"_blank\" rel=\"noopener\">Eat me baby<\/a><br \/>\n<a href=\"https:\/\/unflodebonneschoses.fr\/?s=caviar+de+neuvic\" target=\"_blank\" rel=\"noopener\">Un Flo de bonnes choses<\/a><br \/>\n<a href=\"https:\/\/www.stellacuisine.com\/?s=caviar+de+neuvic\" target=\"_blank\" rel=\"noopener\">Stella Cuisine<\/a><br \/>\n<a href=\"http:\/\/makemycinema.fr\/mon-experience-gustative-caviar-de-neuvic\/\" target=\"_blank\" rel=\"noopener\">Makemycinema<\/a><br \/>\n<a href=\"http:\/\/desenviesdecuisine.fr\/?s=caviar+de+neuvic\" target=\"_blank\" rel=\"noopener\">Des envies de cuisine<\/a><br \/>\n<a href=\"http:\/\/www.grelinettecassolettes.com\/search\/caviar%20de%20neuvic\/\" target=\"_blank\" rel=\"noopener\">Grelinettes et Cassolettes<\/a><br \/>\n<a href=\"http:\/\/soisbelleetparle.fr\/caviar-de-neuvic-caviar-de-gironde-aquitaine\/\" target=\"_blank\" rel=\"noopener\">Sois belle et parle<\/a><br \/>\n<a href=\"https:\/\/lestranchesdeviedelou.com\/recipe\/pomme-de-terre-robe-des-champs-au-caviar-de-neuvic\/\" target=\"_blank\" rel=\"noopener\">Les Tranches de vie de Lou<\/a><br \/>\n<a href=\"http:\/\/www.penseesbycaro.fr\/2014\/11\/ma-premiere-fois-avec-du-caviar-de-neuvic\/\" target=\"_blank\" rel=\"noopener\">Pens\u00e9es by Caro<\/a><br \/>\n<a href=\"http:\/\/www.louisegrenadine.fr\/2017\/12\/table-noel-decoration-nourriture.html\" target=\"_blank\" rel=\"noopener\">Louise Grenadine<\/a><br \/>\n<a href=\"https:\/\/saveursetgourmandises-nadjibella.blogspot.fr\/search?q=caviar+de+neuvic\" target=\"_blank\" rel=\"noopener\">Saveurs et Gourmandises<\/a><br \/>\n<a href=\"https:\/\/pasdesaladeentrenous.com\/selection-cadeaux-de-noel-a-offrir-soffrir\/\" target=\"_blank\" rel=\"noopener\">Pas de salade entre nous<\/a><br \/>\n<a href=\"http:\/\/evaettorocoro.com\/?s=caviar+de+neuvic\" target=\"_blank\" rel=\"noopener\">Eva et Torocoro<\/a><br \/>\n<a href=\"https:\/\/lacerisesurlemaillot.fr\/entree-chic-festive-autour-caviar\/\" target=\"_blank\" rel=\"noopener\">La cerise sur le maillot<\/a><br \/>\n<a href=\"http:\/\/suivezlabaronne.fr\/bordeaux\/recettes-facile-autour-caviar-de-neuvic\" target=\"_blank\" rel=\"noopener\">Suivez la baronne<\/a><br \/>\n<a href=\"http:\/\/www.audinette.com\/2017\/12\/saint-jacques-snackee-au-caviar-sur-toast-au-beurre-de-truffe.html\" target=\"_blank\" rel=\"noopener\">La Cuisine d&rsquo;Audinette<\/a><br \/>\n<a href=\"http:\/\/www.gillespudlowski.com\/104512\/produits\/neuvic-un-caviar-a-la-francaise\" target=\"_blank\" rel=\"noopener\">Gilles Pudlowski<\/a><br \/>\n<a href=\"http:\/\/detailsofperrine.com\/2017\/02\/03\/a-la-decouverte-du-caviar-de-neuvic\/\" target=\"_blank\" rel=\"noopener\">Details of Perrine<\/a><\/p>\n<h3><strong>Presse<\/strong><\/h3>\n<p>Les articles de presse \u00e0 lire ou relire.<\/p>\n<p><a href=\"http:\/\/www.marmiton.org\/magazine\/nouveaux-produits_le-beurre-de-caviar-par-caviar-de-neuvic_1.aspx\" target=\"_blank\" rel=\"noopener\">Marmiton<\/a><br \/>\n<a href=\"http:\/\/www.regal.fr\/produits\/rares\/caviar-de-neuvic-lesturgeon-haute-couture-7521\" target=\"_blank\" rel=\"noopener\">R\u00e9gal.fr<\/a><br \/>\n<a href=\"https:\/\/france3-regions.francetvinfo.fr\/nouvelle-aquitaine\/dordogne\/le-caviar-de-neuvic-le-nouvel-or-noir-du-perigord-338351.html\" target=\"_blank\" rel=\"noopener\">France3 R\u00e9gion<\/a><br \/>\n<a href=\"https:\/\/www.tourisme-isleperigord.com\/degustations-produits\/caviar-de-neuvic\" target=\"_blank\" rel=\"noopener\">Tourisme en P\u00e9rigord<\/a><br \/>\n<a href=\"http:\/\/www.sudouest.fr\/2015\/02\/12\/dordogne-de-nouveaux-investisseurs-pour-le-caviar-de-neuvic-1828709-1980.php\" target=\"_blank\" rel=\"noopener\">Sud Ouest<\/a><br \/>\n<a href=\"https:\/\/journalduluxe.fr\/caviar-de-neuvic\/\" target=\"_blank\" rel=\"noopener\">Journal du Luxe<\/a><br \/>\n<a href=\"http:\/\/www.studio-photo-dordogne.fr\/galerie\/caviar-de-neuvic\" target=\"_blank\" rel=\"noopener\">NR Photo<\/a><br \/>\n<a href=\"http:\/\/www.entreprendre.fr\/neuvic-exporte-son-caviar\" target=\"_blank\" rel=\"noopener\">Entreprendre.fr<\/a><br \/>\n<a href=\"http:\/\/prestigeplace.fr\/produits-de-luxe\/99-caviar-neuvic#ad-image-0\" target=\"_blank\" rel=\"noopener\">Prestige Place<\/a><br \/>\n<a href=\"https:\/\/businessclubdefrance.com\/2015\/12\/09\/le-caviar-de-neuvic-100-francais-cest-au-prochain-business-club\/\" target=\"_blank\" rel=\"noopener\">Business Club BFM<\/a><br \/>\n<a href=\"http:\/\/pdm-seafoodmag.com\/lactualite\/detail\/items\/aquitaine-caviar-de-neuvic-affiche-ses-ambitions.html\" target=\"_blank\" rel=\"noopener\">MDM SEA FOOD MAG<\/a><br \/>\n<a href=\"http:\/\/www.journeedeleconomie.com\/2014\/09\/17\/retour-sur-lintervention-de-laurent-deverlanges-pdg-huso-caviar-de-neuvic\/\" target=\"_blank\" rel=\"noopener\">Journ\u00e9e de l&rsquo;\u00e9conomie<\/a><\/p>","protected":false},"excerpt":{"rendered":"<p>On parle de nous Sur les blogs, les news&#8230; Blogueurs Culinaires &#8211; Lifestyle On parle de Caviar de Neuvic&#8230; Retrouvez tous les articles \u00e9crits par des blogueurs culinaires mais aussi lifestyle sur les produits Caviar de Neuvic. Merci donc, infiniment \u00e0 vous tous pour avoir test\u00e9, appr\u00e9ci\u00e9 et mis en valeur nos produits d&rsquo;excellences. Enfin [&hellip;]<\/p>\n","protected":false},"author":11896,"featured_media":20889,"comment_status":"open","ping_status":"closed","sticky":false,"template":"","format":"standard","meta":{"_acf_changed":false,"ocean_post_layout":"","ocean_both_sidebars_style":"","ocean_both_sidebars_content_width":0,"ocean_both_sidebars_sidebars_width":0,"ocean_sidebar":"0","ocean_second_sidebar":"0","ocean_disable_margins":"enable","ocean_add_body_class":"","ocean_shortcode_before_top_bar":"","ocean_shortcode_after_top_bar":"","ocean_shortcode_before_header":"","ocean_shortcode_after_header":"","ocean_has_shortcode":"","ocean_shortcode_after_title":"","ocean_shortcode_before_footer_widgets":"","ocean_shortcode_after_footer_widgets":"","ocean_shortcode_before_footer_bottom":"","ocean_shortcode_after_footer_bottom":"","ocean_display_top_bar":"default","ocean_display_header":"default","ocean_header_style":"","ocean_center_header_left_menu":"0","ocean_custom_header_template":"0","ocean_custom_logo":0,"ocean_custom_retina_logo":0,"ocean_custom_logo_max_width":0,"ocean_custom_logo_tablet_max_width":0,"ocean_custom_logo_mobile_max_width":0,"ocean_custom_logo_max_height":0,"ocean_custom_logo_tablet_max_height":0,"ocean_custom_logo_mobile_max_height":0,"ocean_header_custom_menu":"0","ocean_menu_typo_font_family":"0","ocean_menu_typo_font_subset":"","ocean_menu_typo_font_size":0,"ocean_menu_typo_font_size_tablet":0,"ocean_menu_typo_font_size_mobile":0,"ocean_menu_typo_font_size_unit":"px","ocean_menu_typo_font_weight":"","ocean_menu_typo_font_weight_tablet":"","ocean_menu_typo_font_weight_mobile":"","ocean_menu_typo_transform":"","ocean_menu_typo_transform_tablet":"","ocean_menu_typo_transform_mobile":"","ocean_menu_typo_line_height":0,"ocean_menu_typo_line_height_tablet":0,"ocean_menu_typo_line_height_mobile":0,"ocean_menu_typo_line_height_unit":"","ocean_menu_typo_spacing":0,"ocean_menu_typo_spacing_tablet":0,"ocean_menu_typo_spacing_mobile":0,"ocean_menu_typo_spacing_unit":"","ocean_menu_link_color":"","ocean_menu_link_color_hover":"","ocean_menu_link_color_active":"","ocean_menu_link_background":"","ocean_menu_link_hover_background":"","ocean_menu_link_active_background":"","ocean_menu_social_links_bg":"","ocean_menu_social_hover_links_bg":"","ocean_menu_social_links_color":"","ocean_menu_social_hover_links_color":"","ocean_disable_title":"default","ocean_disable_heading":"default","ocean_post_title":"","ocean_post_subheading":"","ocean_post_title_style":"","ocean_post_title_background_color":"","ocean_post_title_background":0,"ocean_post_title_bg_image_position":"","ocean_post_title_bg_image_attachment":"","ocean_post_title_bg_image_repeat":"","ocean_post_title_bg_image_size":"","ocean_post_title_height":0,"ocean_post_title_bg_overlay":0.5,"ocean_post_title_bg_overlay_color":"","ocean_disable_breadcrumbs":"default","ocean_breadcrumbs_color":"","ocean_breadcrumbs_separator_color":"","ocean_breadcrumbs_links_color":"","ocean_breadcrumbs_links_hover_color":"","ocean_display_footer_widgets":"default","ocean_display_footer_bottom":"default","ocean_custom_footer_template":"0","omw_enable_modal_window":"enable","ocean_post_oembed":"","ocean_post_self_hosted_media":"","ocean_post_video_embed":"","ocean_link_format":"","ocean_link_format_target":"self","ocean_quote_format":"","ocean_quote_format_link":"post","ocean_gallery_link_images":"on","ocean_gallery_id":[],"footnotes":""},"categories":[290],"tags":[],"class_list":["post-20765","post","type-post","status-publish","format-standard","has-post-thumbnail","hentry","category-partenariats-evenements","entry","has-media","owp-thumbs-layout-vertical","owp-btn-normal","owp-tabs-layout-horizontal","has-no-thumbnails","has-product-nav"],"acf":[],"yoast_head":"<!-- This site is optimized with the Yoast SEO plugin v27.5 - https:\/\/yoast.com\/product\/yoast-seo-wordpress\/ -->\n<title>On parle de nous<\/title>\n<meta name=\"description\" content=\"On parle de nous. Retrouvez les articles \u00e9crits par des blogueurs culinaires mais aussi lifestyle sur les produits Caviar de Neuvic.\" \/>\n<meta name=\"robots\" content=\"index, follow, max-snippet:-1, max-image-preview:large, max-video-preview:-1\" \/>\n<link rel=\"canonical\" href=\"https:\/\/caviar-de-neuvic.com\/es_es\/partenariats-evenements\/on-parle-de-caviar-de-neuvic\/\" \/>\n<meta property=\"og:locale\" content=\"es_ES\" \/>\n<meta property=\"og:type\" content=\"article\" \/>\n<meta property=\"og:title\" content=\"On parle de nous\" \/>\n<meta property=\"og:description\" content=\"On parle de nous. Retrouvez les articles \u00e9crits par des blogueurs culinaires mais aussi lifestyle sur les produits Caviar de Neuvic.\" \/>\n<meta property=\"og:url\" content=\"https:\/\/caviar-de-neuvic.com\/es_es\/partenariats-evenements\/on-parle-de-caviar-de-neuvic\/\" \/>\n<meta property=\"og:site_name\" content=\"Producteur Fran\u00e7ais De Caviar\" \/>\n<meta property=\"article:published_time\" content=\"2017-12-19T15:11:49+00:00\" \/>\n<meta property=\"article:modified_time\" content=\"2025-10-18T10:06:08+00:00\" \/>\n<meta property=\"og:image\" content=\"https:\/\/caviar-de-neuvic.com\/wp-content\/uploads\/2017\/12\/F5845EC5-DA09-48F5-A87A-B7AAE1EDECFD.jpeg\" \/>\n\t<meta property=\"og:image:width\" content=\"1920\" \/>\n\t<meta property=\"og:image:height\" content=\"1280\" \/>\n\t<meta property=\"og:image:type\" content=\"image\/jpeg\" \/>\n<meta name=\"author\" content=\"Laurine Gay\" \/>\n<meta name=\"twitter:card\" content=\"summary_large_image\" \/>\n<meta name=\"twitter:label1\" content=\"Escrito por\" \/>\n\t<meta name=\"twitter:data1\" content=\"Laurine Gay\" \/>\n\t<meta name=\"twitter:label2\" content=\"Tiempo de lectura\" \/>\n\t<meta name=\"twitter:data2\" content=\"2 minutos\" \/>\n<script type=\"application\/ld+json\" class=\"yoast-schema-graph\">{\"@context\":\"https:\\\/\\\/schema.org\",\"@graph\":[{\"@type\":\"Article\",\"@id\":\"https:\\\/\\\/caviar-de-neuvic.com\\\/fr\\\/partenariats-evenements\\\/on-parle-de-caviar-de-neuvic\\\/#article\",\"isPartOf\":{\"@id\":\"https:\\\/\\\/caviar-de-neuvic.com\\\/fr\\\/partenariats-evenements\\\/on-parle-de-caviar-de-neuvic\\\/\"},\"author\":{\"name\":\"Laurine Gay\",\"@id\":\"http:\\\/\\\/caviar-de-neuvic.com\\\/fr\\\/#\\\/schema\\\/person\\\/89912ad55a5ddd5efeb92f2d32511b03\"},\"headline\":\"On parle de nous\",\"datePublished\":\"2017-12-19T15:11:49+00:00\",\"dateModified\":\"2025-10-18T10:06:08+00:00\",\"mainEntityOfPage\":{\"@id\":\"https:\\\/\\\/caviar-de-neuvic.com\\\/fr\\\/partenariats-evenements\\\/on-parle-de-caviar-de-neuvic\\\/\"},\"wordCount\":186,\"commentCount\":0,\"publisher\":{\"@id\":\"http:\\\/\\\/caviar-de-neuvic.com\\\/fr\\\/#organization\"},\"image\":{\"@id\":\"https:\\\/\\\/caviar-de-neuvic.com\\\/fr\\\/partenariats-evenements\\\/on-parle-de-caviar-de-neuvic\\\/#primaryimage\"},\"thumbnailUrl\":\"https:\\\/\\\/caviar-de-neuvic.com\\\/wp-content\\\/uploads\\\/2017\\\/12\\\/F5845EC5-DA09-48F5-A87A-B7AAE1EDECFD.jpeg\",\"articleSection\":[\"Partenariats &amp; \u00c9v\u00e9nements\"],\"inLanguage\":\"es\",\"potentialAction\":[{\"@type\":\"CommentAction\",\"name\":\"Comment\",\"target\":[\"https:\\\/\\\/caviar-de-neuvic.com\\\/fr\\\/partenariats-evenements\\\/on-parle-de-caviar-de-neuvic\\\/#respond\"]}]},{\"@type\":\"WebPage\",\"@id\":\"https:\\\/\\\/caviar-de-neuvic.com\\\/fr\\\/partenariats-evenements\\\/on-parle-de-caviar-de-neuvic\\\/\",\"url\":\"https:\\\/\\\/caviar-de-neuvic.com\\\/fr\\\/partenariats-evenements\\\/on-parle-de-caviar-de-neuvic\\\/\",\"name\":\"On parle de nous\",\"isPartOf\":{\"@id\":\"http:\\\/\\\/caviar-de-neuvic.com\\\/fr\\\/#website\"},\"primaryImageOfPage\":{\"@id\":\"https:\\\/\\\/caviar-de-neuvic.com\\\/fr\\\/partenariats-evenements\\\/on-parle-de-caviar-de-neuvic\\\/#primaryimage\"},\"image\":{\"@id\":\"https:\\\/\\\/caviar-de-neuvic.com\\\/fr\\\/partenariats-evenements\\\/on-parle-de-caviar-de-neuvic\\\/#primaryimage\"},\"thumbnailUrl\":\"https:\\\/\\\/caviar-de-neuvic.com\\\/wp-content\\\/uploads\\\/2017\\\/12\\\/F5845EC5-DA09-48F5-A87A-B7AAE1EDECFD.jpeg\",\"datePublished\":\"2017-12-19T15:11:49+00:00\",\"dateModified\":\"2025-10-18T10:06:08+00:00\",\"description\":\"On parle de nous. Retrouvez les articles \u00e9crits par des blogueurs culinaires mais aussi lifestyle sur les produits Caviar de Neuvic.\",\"breadcrumb\":{\"@id\":\"https:\\\/\\\/caviar-de-neuvic.com\\\/fr\\\/partenariats-evenements\\\/on-parle-de-caviar-de-neuvic\\\/#breadcrumb\"},\"inLanguage\":\"es\",\"potentialAction\":[{\"@type\":\"ReadAction\",\"target\":[\"https:\\\/\\\/caviar-de-neuvic.com\\\/fr\\\/partenariats-evenements\\\/on-parle-de-caviar-de-neuvic\\\/\"]}]},{\"@type\":\"ImageObject\",\"inLanguage\":\"es\",\"@id\":\"https:\\\/\\\/caviar-de-neuvic.com\\\/fr\\\/partenariats-evenements\\\/on-parle-de-caviar-de-neuvic\\\/#primaryimage\",\"url\":\"https:\\\/\\\/caviar-de-neuvic.com\\\/wp-content\\\/uploads\\\/2017\\\/12\\\/F5845EC5-DA09-48F5-A87A-B7AAE1EDECFD.jpeg\",\"contentUrl\":\"https:\\\/\\\/caviar-de-neuvic.com\\\/wp-content\\\/uploads\\\/2017\\\/12\\\/F5845EC5-DA09-48F5-A87A-B7AAE1EDECFD.jpeg\",\"width\":1920,\"height\":1280,\"caption\":\"On parle de nous\"},{\"@type\":\"BreadcrumbList\",\"@id\":\"https:\\\/\\\/caviar-de-neuvic.com\\\/fr\\\/partenariats-evenements\\\/on-parle-de-caviar-de-neuvic\\\/#breadcrumb\",\"itemListElement\":[{\"@type\":\"ListItem\",\"position\":1,\"name\":\"Caviar de Neuvic\",\"item\":\"https:\\\/\\\/caviar-de-neuvic.com\\\/\"},{\"@type\":\"ListItem\",\"position\":2,\"name\":\"Partenariats &amp; \u00c9v\u00e9nements\",\"item\":\"https:\\\/\\\/caviar-de-neuvic.com\\\/fr\\\/category\\\/partenariats-evenements\\\/\"},{\"@type\":\"ListItem\",\"position\":3,\"name\":\"On parle de nous\"}]},{\"@type\":\"WebSite\",\"@id\":\"http:\\\/\\\/caviar-de-neuvic.com\\\/fr\\\/#website\",\"url\":\"http:\\\/\\\/caviar-de-neuvic.com\\\/fr\\\/\",\"name\":\"Producteur Fran\u00e7ais De Caviar\",\"description\":\"\",\"publisher\":{\"@id\":\"http:\\\/\\\/caviar-de-neuvic.com\\\/fr\\\/#organization\"},\"potentialAction\":[{\"@type\":\"SearchAction\",\"target\":{\"@type\":\"EntryPoint\",\"urlTemplate\":\"http:\\\/\\\/caviar-de-neuvic.com\\\/fr\\\/?s={search_term_string}\"},\"query-input\":{\"@type\":\"PropertyValueSpecification\",\"valueRequired\":true,\"valueName\":\"search_term_string\"}}],\"inLanguage\":\"es\"},{\"@type\":\"Organization\",\"@id\":\"http:\\\/\\\/caviar-de-neuvic.com\\\/fr\\\/#organization\",\"name\":\"Producteur Fran\u00e7ais De Caviar\",\"url\":\"http:\\\/\\\/caviar-de-neuvic.com\\\/fr\\\/\",\"logo\":{\"@type\":\"ImageObject\",\"inLanguage\":\"es\",\"@id\":\"http:\\\/\\\/caviar-de-neuvic.com\\\/fr\\\/#\\\/schema\\\/logo\\\/image\\\/\",\"url\":\"\",\"contentUrl\":\"\",\"caption\":\"Producteur Fran\u00e7ais De Caviar\"},\"image\":{\"@id\":\"http:\\\/\\\/caviar-de-neuvic.com\\\/fr\\\/#\\\/schema\\\/logo\\\/image\\\/\"}},{\"@type\":\"Person\",\"@id\":\"http:\\\/\\\/caviar-de-neuvic.com\\\/fr\\\/#\\\/schema\\\/person\\\/89912ad55a5ddd5efeb92f2d32511b03\",\"name\":\"Laurine Gay\",\"url\":\"https:\\\/\\\/caviar-de-neuvic.com\\\/es_es\\\/author\\\/laurine-gaycaviardeneuvic-com\\\/\"}]}<\/script>\n<!-- \/ Yoast SEO plugin. -->","yoast_head_json":{"title":"On parle de nous","description":"On parle de nous. Retrouvez les articles \u00e9crits par des blogueurs culinaires mais aussi lifestyle sur les produits Caviar de Neuvic.","robots":{"index":"index","follow":"follow","max-snippet":"max-snippet:-1","max-image-preview":"max-image-preview:large","max-video-preview":"max-video-preview:-1"},"canonical":"https:\/\/caviar-de-neuvic.com\/es_es\/partenariats-evenements\/on-parle-de-caviar-de-neuvic\/","og_locale":"es_ES","og_type":"article","og_title":"On parle de nous","og_description":"On parle de nous. Retrouvez les articles \u00e9crits par des blogueurs culinaires mais aussi lifestyle sur les produits Caviar de Neuvic.","og_url":"https:\/\/caviar-de-neuvic.com\/es_es\/partenariats-evenements\/on-parle-de-caviar-de-neuvic\/","og_site_name":"Producteur Fran\u00e7ais De Caviar","article_published_time":"2017-12-19T15:11:49+00:00","article_modified_time":"2025-10-18T10:06:08+00:00","og_image":[{"width":1920,"height":1280,"url":"https:\/\/caviar-de-neuvic.com\/wp-content\/uploads\/2017\/12\/F5845EC5-DA09-48F5-A87A-B7AAE1EDECFD.jpeg","type":"image\/jpeg"}],"author":"Laurine Gay","twitter_card":"summary_large_image","twitter_misc":{"Escrito por":"Laurine Gay","Tiempo de lectura":"2 minutos"},"schema":{"@context":"https:\/\/schema.org","@graph":[{"@type":"Article","@id":"https:\/\/caviar-de-neuvic.com\/fr\/partenariats-evenements\/on-parle-de-caviar-de-neuvic\/#article","isPartOf":{"@id":"https:\/\/caviar-de-neuvic.com\/fr\/partenariats-evenements\/on-parle-de-caviar-de-neuvic\/"},"author":{"name":"Laurine Gay","@id":"http:\/\/caviar-de-neuvic.com\/fr\/#\/schema\/person\/89912ad55a5ddd5efeb92f2d32511b03"},"headline":"On parle de nous","datePublished":"2017-12-19T15:11:49+00:00","dateModified":"2025-10-18T10:06:08+00:00","mainEntityOfPage":{"@id":"https:\/\/caviar-de-neuvic.com\/fr\/partenariats-evenements\/on-parle-de-caviar-de-neuvic\/"},"wordCount":186,"commentCount":0,"publisher":{"@id":"http:\/\/caviar-de-neuvic.com\/fr\/#organization"},"image":{"@id":"https:\/\/caviar-de-neuvic.com\/fr\/partenariats-evenements\/on-parle-de-caviar-de-neuvic\/#primaryimage"},"thumbnailUrl":"https:\/\/caviar-de-neuvic.com\/wp-content\/uploads\/2017\/12\/F5845EC5-DA09-48F5-A87A-B7AAE1EDECFD.jpeg","articleSection":["Partenariats &amp; \u00c9v\u00e9nements"],"inLanguage":"es","potentialAction":[{"@type":"CommentAction","name":"Comment","target":["https:\/\/caviar-de-neuvic.com\/fr\/partenariats-evenements\/on-parle-de-caviar-de-neuvic\/#respond"]}]},{"@type":"WebPage","@id":"https:\/\/caviar-de-neuvic.com\/fr\/partenariats-evenements\/on-parle-de-caviar-de-neuvic\/","url":"https:\/\/caviar-de-neuvic.com\/fr\/partenariats-evenements\/on-parle-de-caviar-de-neuvic\/","name":"On parle de nous","isPartOf":{"@id":"http:\/\/caviar-de-neuvic.com\/fr\/#website"},"primaryImageOfPage":{"@id":"https:\/\/caviar-de-neuvic.com\/fr\/partenariats-evenements\/on-parle-de-caviar-de-neuvic\/#primaryimage"},"image":{"@id":"https:\/\/caviar-de-neuvic.com\/fr\/partenariats-evenements\/on-parle-de-caviar-de-neuvic\/#primaryimage"},"thumbnailUrl":"https:\/\/caviar-de-neuvic.com\/wp-content\/uploads\/2017\/12\/F5845EC5-DA09-48F5-A87A-B7AAE1EDECFD.jpeg","datePublished":"2017-12-19T15:11:49+00:00","dateModified":"2025-10-18T10:06:08+00:00","description":"On parle de nous. Retrouvez les articles \u00e9crits par des blogueurs culinaires mais aussi lifestyle sur les produits Caviar de Neuvic.","breadcrumb":{"@id":"https:\/\/caviar-de-neuvic.com\/fr\/partenariats-evenements\/on-parle-de-caviar-de-neuvic\/#breadcrumb"},"inLanguage":"es","potentialAction":[{"@type":"ReadAction","target":["https:\/\/caviar-de-neuvic.com\/fr\/partenariats-evenements\/on-parle-de-caviar-de-neuvic\/"]}]},{"@type":"ImageObject","inLanguage":"es","@id":"https:\/\/caviar-de-neuvic.com\/fr\/partenariats-evenements\/on-parle-de-caviar-de-neuvic\/#primaryimage","url":"https:\/\/caviar-de-neuvic.com\/wp-content\/uploads\/2017\/12\/F5845EC5-DA09-48F5-A87A-B7AAE1EDECFD.jpeg","contentUrl":"https:\/\/caviar-de-neuvic.com\/wp-content\/uploads\/2017\/12\/F5845EC5-DA09-48F5-A87A-B7AAE1EDECFD.jpeg","width":1920,"height":1280,"caption":"On parle de nous"},{"@type":"BreadcrumbList","@id":"https:\/\/caviar-de-neuvic.com\/fr\/partenariats-evenements\/on-parle-de-caviar-de-neuvic\/#breadcrumb","itemListElement":[{"@type":"ListItem","position":1,"name":"Caviar de Neuvic","item":"https:\/\/caviar-de-neuvic.com\/"},{"@type":"ListItem","position":2,"name":"Partenariats &amp; \u00c9v\u00e9nements","item":"https:\/\/caviar-de-neuvic.com\/fr\/category\/partenariats-evenements\/"},{"@type":"ListItem","position":3,"name":"On parle de nous"}]},{"@type":"WebSite","@id":"http:\/\/caviar-de-neuvic.com\/fr\/#website","url":"http:\/\/caviar-de-neuvic.com\/fr\/","name":"Producteur Fran\u00e7ais De Caviar","description":"","publisher":{"@id":"http:\/\/caviar-de-neuvic.com\/fr\/#organization"},"potentialAction":[{"@type":"SearchAction","target":{"@type":"EntryPoint","urlTemplate":"http:\/\/caviar-de-neuvic.com\/fr\/?s={search_term_string}"},"query-input":{"@type":"PropertyValueSpecification","valueRequired":true,"valueName":"search_term_string"}}],"inLanguage":"es"},{"@type":"Organization","@id":"http:\/\/caviar-de-neuvic.com\/fr\/#organization","name":"Producteur Fran\u00e7ais De Caviar","url":"http:\/\/caviar-de-neuvic.com\/fr\/","logo":{"@type":"ImageObject","inLanguage":"es","@id":"http:\/\/caviar-de-neuvic.com\/fr\/#\/schema\/logo\/image\/","url":"","contentUrl":"","caption":"Producteur Fran\u00e7ais De Caviar"},"image":{"@id":"http:\/\/caviar-de-neuvic.com\/fr\/#\/schema\/logo\/image\/"}},{"@type":"Person","@id":"http:\/\/caviar-de-neuvic.com\/fr\/#\/schema\/person\/89912ad55a5ddd5efeb92f2d32511b03","name":"Laurine Gay","url":"https:\/\/caviar-de-neuvic.com\/es_es\/author\/laurine-gaycaviardeneuvic-com\/"}]}},"_links":{"self":[{"href":"https:\/\/caviar-de-neuvic.com\/es_es\/wp-json\/wp\/v2\/posts\/20765","targetHints":{"allow":["GET"]}}],"collection":[{"href":"https:\/\/caviar-de-neuvic.com\/es_es\/wp-json\/wp\/v2\/posts"}],"about":[{"href":"https:\/\/caviar-de-neuvic.com\/es_es\/wp-json\/wp\/v2\/types\/post"}],"author":[{"embeddable":true,"href":"https:\/\/caviar-de-neuvic.com\/es_es\/wp-json\/wp\/v2\/users\/11896"}],"replies":[{"embeddable":true,"href":"https:\/\/caviar-de-neuvic.com\/es_es\/wp-json\/wp\/v2\/comments?post=20765"}],"version-history":[{"count":1,"href":"https:\/\/caviar-de-neuvic.com\/es_es\/wp-json\/wp\/v2\/posts\/20765\/revisions"}],"predecessor-version":[{"id":31365,"href":"https:\/\/caviar-de-neuvic.com\/es_es\/wp-json\/wp\/v2\/posts\/20765\/revisions\/31365"}],"wp:featuredmedia":[{"embeddable":true,"href":"https:\/\/caviar-de-neuvic.com\/es_es\/wp-json\/wp\/v2\/media\/20889"}],"wp:attachment":[{"href":"https:\/\/caviar-de-neuvic.com\/es_es\/wp-json\/wp\/v2\/media?parent=20765"}],"wp:term":[{"taxonomy":"category","embeddable":true,"href":"https:\/\/caviar-de-neuvic.com\/es_es\/wp-json\/wp\/v2\/categories?post=20765"},{"taxonomy":"post_tag","embeddable":true,"href":"https:\/\/caviar-de-neuvic.com\/es_es\/wp-json\/wp\/v2\/tags?post=20765"}],"curies":[{"name":"wp","href":"https:\/\/api.w.org\/{rel}","templated":true}]}}