{"id":20828,"date":"2023-06-19T09:00:49","date_gmt":"2023-06-19T07:00:49","guid":{"rendered":"https:\/\/caviar-de-neuvic.com\/parlons-caviar\/?p=6694"},"modified":"2023-06-19T09:00:49","modified_gmt":"2023-06-19T07:00:49","slug":"la-qualite-de-vie-chez-caviar-de-neuvic","status":"publish","type":"post","link":"https:\/\/caviar-de-neuvic.com\/es_es\/mots-gestes\/la-qualite-de-vie-chez-caviar-de-neuvic\/","title":{"rendered":"La qualit\u00e9 de vie chez Caviar de Neuvic"},"content":{"rendered":"<p><span style=\"font-weight: 400;\">Du 19 au 23 juin, <a href=\"https:\/\/caviar-de-neuvic.com\/es_es\/\" target=\"_blank\" rel=\"noopener\">Caviar de Neuvic<\/a> met en place au sein de son entreprise la Semaine de la Qualit\u00e9 de Vie et des Conditions de Travail (QVCT). Cette initiative vise \u00e0 renforcer notre engagement envers le bien-\u00eatre de nos employ\u00e9s et \u00e0 promouvoir un environnement de travail sain et \u00e9panouissant.\u00a0<\/span><\/p>\n<h3><b>Qu\u2019est-ce que la QVCT\u00a0<\/b><\/h3>\n<p><span style=\"font-weight: 400;\"><a href=\"https:\/\/www.nouvelle-aquitaine.ars.sante.fr\/promouvoir-la-qualite-de-vie-et-des-conditions-de-travail-qvct\" target=\"_blank\" rel=\"noopener\">La QVCT<\/a> (Qualit\u00e9 de Vie et des Conditions de Travail) est une d\u00e9marche visant l&rsquo;am\u00e9lioration des conditions de travail, de la qualit\u00e9 de service et de la performance des organisations. Elle se r\u00e9f\u00e8re \u00e0 la satisfaction globale des employ\u00e9s dans leur environnement de travail. Elle englobe diff\u00e9rents aspects tels que les conditions de travail, l&rsquo;\u00e9quilibre entre vie professionnelle et vie personnelle, le d\u00e9veloppement professionnel&#8230; L&rsquo;objectif de la QVCT est dans un premier temps d&rsquo;am\u00e9liorer le bien-\u00eatre des employ\u00e9s. Dans un second temps, leur motivation. Puis, dans un troisi\u00e8me temps leur engagement et leur productivit\u00e9. Tout cela en favorisant un climat de travail sain et positif.<\/span><\/p>\n<h3><b>Les 5 piliers de la QVCT<\/b><\/h3>\n<p><span style=\"font-weight: 400;\">Durant toute cette semaine de la QVCT, nous mettrons en avant cinq piliers essentiels. Ceux-ci contribuent \u00e0 un environnement de travail \u00e9panouissant. Chaque jour, nous aborderons un pilier sp\u00e9cifique gr\u00e2ce \u00e0 des webinaires ou activit\u00e9s. L&rsquo;objectif est de sensibiliser nos employ\u00e9s et de favoriser une r\u00e9flexion commune sur ces sujets cruciaux. <\/span><\/p>\n<p><span style=\"font-weight: 400;\">Les cinq piliers sont les suivants :<\/span><\/p>\n<p><img fetchpriority=\"high\" decoding=\"async\" class=\"size-medium wp-image-6695\" src=\"http:\/\/caviar-de-neuvic.com\/wp-content\/uploads\/2023\/06\/QVCT-300x213.jpg\" alt=\"LA QUALIT\u00c9 DE VIE CHEZ CAVIAR DE NEUVIC\" width=\"300\" height=\"213\" \/><\/p>\n<h3><b>1. Comp\u00e9tences et parcours professionnels<\/b><span style=\"font-weight: 400;\">\u00a0<\/span><\/h3>\n<p><span style=\"font-weight: 400;\">Nous valorisons les comp\u00e9tences de nos employ\u00e9s et encourageons leur d\u00e9veloppement professionnel. Pour l&rsquo;occasion, nous avons r\u00e9alis\u00e9 une interview sp\u00e9ciale ! En effet, nous mettons en lumi\u00e8re notre plus ancienne salari\u00e9e ! Durant cette interview elle explique ses comp\u00e9tences acquises au fil des ann\u00e9es chez Huso. Mais aussi sa remarquable reconversion professionnelle au sein de notre entreprise.\u00a0<\/span><\/p>\n<h3><b>2. Sant\u00e9 au travail<\/b><span style=\"font-weight: 400;\">\u00a0<\/span><\/h3>\n<p><span style=\"font-weight: 400;\">Nous mettrons l&rsquo;accent sur la sant\u00e9 physique et mentale de nos collaborateurs en proposant un webinaire li\u00e9 \u00e0 ce sujet vital.\u00a0<\/span><\/p>\n<h3><b>3. Egalit\u00e9 au travail <\/b><\/h3>\n<p>Nous valorisons l&rsquo;\u00e9galit\u00e9 des chances et l&rsquo;int\u00e9gration au sein de notre entreprise. En effet, nous mettons en place des actions concr\u00e8tes pour favoriser un environnement \u00e9quitable et diversifi\u00e9. Pour sensibiliser nos salari\u00e9s, nous avons pr\u00e9par\u00e9 un quiz qui mettra en lumi\u00e8re les enjeux de l&rsquo;\u00e9galit\u00e9 et de l&rsquo;int\u00e9gration. L&rsquo;objectif de celui-ci est de renforcer leurs connaissances et contribuer \u00e0 un environnement de travail plus juste. De plus, la charte de la diversit\u00e9 est disponible, d\u00e9finissant nos engagements en mati\u00e8re d&rsquo;\u00e9galit\u00e9 et de respect mutuel. Celle-ci garantis que nous agissons de mani\u00e8re responsable et \u00e9thique. Pour approfondir leurs connaissances, nous encourageons nos salari\u00e9s \u00e0 explorer le site <a href=\"https:\/\/www.egalite-femmes-hommes.gouv.fr\/\" target=\"_new\" rel=\"noopener\">https:\/\/www.egalite-femmes-hommes.gouv.fr\/. <\/a>Effectivement, ce site offre une mine d&rsquo;informations, de ressources et de bonnes pratiques pour promouvoir l&rsquo;\u00e9galit\u00e9 professionnelle.<\/p>\n<h3><b>4. Dialogue professionnel et dialogue social <\/b><\/h3>\n<p><span style=\"font-weight: 400;\">Nous encourageons les \u00e9changes constructifs et la communication ouverte entre tous les membres de notre \u00e9quipe, en valorisant le partage d&rsquo;id\u00e9es.\u00a0<\/span><\/p>\n<p><span style=\"font-weight: 400;\">Pour faciliter cette d\u00e9marche, nous offrons des avantages tels que :<\/span><\/p>\n<ul>\n<li style=\"font-weight: 400;\" aria-level=\"1\"><span style=\"font-weight: 400;\">R\u00e9\u00e9valuation des salaires par la CUMA<\/span><\/li>\n<li style=\"font-weight: 400;\" aria-level=\"1\"><span style=\"font-weight: 400;\">Carte tickets-resto r\u00e9\u00e9valuer<\/span><\/li>\n<li style=\"font-weight: 400;\" aria-level=\"1\"><span style=\"font-weight: 400;\">Entretiens annuels et professionnels pour favoriser le d\u00e9veloppement et l\u2019\u00e9panouissement professionnel.<\/span><\/li>\n<li aria-level=\"1\"><\/li>\n<\/ul>\n<h3><b>5. Projet d\u2019entreprise et management <\/b><\/h3>\n<p><span style=\"font-weight: 400;\">Finalement, nous pr\u00e9senterons plusieurs projets de d\u00e9veloppement d&rsquo;entreprise. Egalement, nous mettrons en avant les bonnes pratiques en mati\u00e8re de management. Tout cela soulignant l&rsquo;importance d&rsquo;une vision commune et d&rsquo;un leadership inspirant.<\/span><\/p>\n<p><span style=\"font-weight: 400;\">Nous sommes persuad\u00e9s que cette semaine de QVCT sera une exp\u00e9rience enrichissante pour tous nos salari\u00e9s. En effet, en renfor\u00e7ant notre engagement envers le bien-\u00eatre de nos employ\u00e9s, nous cr\u00e9ons un environnement favorable \u00e0 l&rsquo;\u00e9panouissement personnel et professionnel. <\/span><\/p>","protected":false},"excerpt":{"rendered":"<p>Du 19 au 23 juin, Caviar de Neuvic met en place au sein de son entreprise la Semaine de la Qualit\u00e9 de Vie et des Conditions de Travail (QVCT). Cette initiative vise \u00e0 renforcer notre engagement envers le bien-\u00eatre de nos employ\u00e9s et \u00e0 promouvoir un environnement de travail sain et \u00e9panouissant.\u00a0 Qu\u2019est-ce que la [&hellip;]<\/p>\n","protected":false},"author":11896,"featured_media":21058,"comment_status":"open","ping_status":"closed","sticky":false,"template":"","format":"standard","meta":{"_acf_changed":false,"ocean_post_layout":"","ocean_both_sidebars_style":"","ocean_both_sidebars_content_width":0,"ocean_both_sidebars_sidebars_width":0,"ocean_sidebar":"","ocean_second_sidebar":"","ocean_disable_margins":"enable","ocean_add_body_class":"","ocean_shortcode_before_top_bar":"","ocean_shortcode_after_top_bar":"","ocean_shortcode_before_header":"","ocean_shortcode_after_header":"","ocean_has_shortcode":"","ocean_shortcode_after_title":"","ocean_shortcode_before_footer_widgets":"","ocean_shortcode_after_footer_widgets":"","ocean_shortcode_before_footer_bottom":"","ocean_shortcode_after_footer_bottom":"","ocean_display_top_bar":"default","ocean_display_header":"default","ocean_header_style":"","ocean_center_header_left_menu":"","ocean_custom_header_template":"","ocean_custom_logo":0,"ocean_custom_retina_logo":0,"ocean_custom_logo_max_width":0,"ocean_custom_logo_tablet_max_width":0,"ocean_custom_logo_mobile_max_width":0,"ocean_custom_logo_max_height":0,"ocean_custom_logo_tablet_max_height":0,"ocean_custom_logo_mobile_max_height":0,"ocean_header_custom_menu":"","ocean_menu_typo_font_family":"","ocean_menu_typo_font_subset":"","ocean_menu_typo_font_size":0,"ocean_menu_typo_font_size_tablet":0,"ocean_menu_typo_font_size_mobile":0,"ocean_menu_typo_font_size_unit":"px","ocean_menu_typo_font_weight":"","ocean_menu_typo_font_weight_tablet":"","ocean_menu_typo_font_weight_mobile":"","ocean_menu_typo_transform":"","ocean_menu_typo_transform_tablet":"","ocean_menu_typo_transform_mobile":"","ocean_menu_typo_line_height":0,"ocean_menu_typo_line_height_tablet":0,"ocean_menu_typo_line_height_mobile":0,"ocean_menu_typo_line_height_unit":"","ocean_menu_typo_spacing":0,"ocean_menu_typo_spacing_tablet":0,"ocean_menu_typo_spacing_mobile":0,"ocean_menu_typo_spacing_unit":"","ocean_menu_link_color":"","ocean_menu_link_color_hover":"","ocean_menu_link_color_active":"","ocean_menu_link_background":"","ocean_menu_link_hover_background":"","ocean_menu_link_active_background":"","ocean_menu_social_links_bg":"","ocean_menu_social_hover_links_bg":"","ocean_menu_social_links_color":"","ocean_menu_social_hover_links_color":"","ocean_disable_title":"default","ocean_disable_heading":"default","ocean_post_title":"","ocean_post_subheading":"","ocean_post_title_style":"","ocean_post_title_background_color":"","ocean_post_title_background":0,"ocean_post_title_bg_image_position":"","ocean_post_title_bg_image_attachment":"","ocean_post_title_bg_image_repeat":"","ocean_post_title_bg_image_size":"","ocean_post_title_height":0,"ocean_post_title_bg_overlay":0.5,"ocean_post_title_bg_overlay_color":"","ocean_disable_breadcrumbs":"default","ocean_breadcrumbs_color":"","ocean_breadcrumbs_separator_color":"","ocean_breadcrumbs_links_color":"","ocean_breadcrumbs_links_hover_color":"","ocean_display_footer_widgets":"default","ocean_display_footer_bottom":"default","ocean_custom_footer_template":"","omw_enable_modal_window":"enable","ocean_post_oembed":"","ocean_post_self_hosted_media":"","ocean_post_video_embed":"","ocean_link_format":"","ocean_link_format_target":"self","ocean_quote_format":"","ocean_quote_format_link":"post","ocean_gallery_link_images":"on","ocean_gallery_id":[],"footnotes":""},"categories":[285],"tags":[],"class_list":["post-20828","post","type-post","status-publish","format-standard","has-post-thumbnail","hentry","category-mots-gestes","entry","has-media","owp-thumbs-layout-vertical","owp-btn-normal","owp-tabs-layout-horizontal","has-no-thumbnails","has-product-nav"],"acf":[],"yoast_head":"<!-- This site is optimized with the Yoast SEO plugin v27.5 - https:\/\/yoast.com\/product\/yoast-seo-wordpress\/ -->\n<title>La qualit\u00e9 de vie chez Caviar de Neuvic - Producteur Fran\u00e7ais De Caviar<\/title>\n<meta name=\"description\" content=\"LA QUALIT\u00c9 DE VIE CHEZ CAVIAR DE NEUVIC. Du 19 au 23 juin nous mettons en place la Semaine de la Qualit\u00e9 de Vie et des Conditions de Travail\" \/>\n<meta name=\"robots\" content=\"index, follow, max-snippet:-1, max-image-preview:large, max-video-preview:-1\" \/>\n<link rel=\"canonical\" href=\"https:\/\/caviar-de-neuvic.com\/es_es\/mots-gestes\/la-qualite-de-vie-chez-caviar-de-neuvic\/\" \/>\n<meta property=\"og:locale\" content=\"es_ES\" \/>\n<meta property=\"og:type\" content=\"article\" \/>\n<meta property=\"og:title\" content=\"La qualit\u00e9 de vie chez Caviar de Neuvic - Producteur Fran\u00e7ais De Caviar\" \/>\n<meta property=\"og:description\" content=\"LA QUALIT\u00c9 DE VIE CHEZ CAVIAR DE NEUVIC. Du 19 au 23 juin nous mettons en place la Semaine de la Qualit\u00e9 de Vie et des Conditions de Travail\" \/>\n<meta property=\"og:url\" content=\"https:\/\/caviar-de-neuvic.com\/es_es\/mots-gestes\/la-qualite-de-vie-chez-caviar-de-neuvic\/\" \/>\n<meta property=\"og:site_name\" content=\"Producteur Fran\u00e7ais De Caviar\" \/>\n<meta property=\"article:published_time\" content=\"2023-06-19T07:00:49+00:00\" \/>\n<meta property=\"og:image\" content=\"https:\/\/caviar-de-neuvic.com\/wp-content\/uploads\/2023\/06\/val-natura-neuvic-douzillac-sourzac-24.05.23-23.jpg\" \/>\n\t<meta property=\"og:image:width\" content=\"1920\" \/>\n\t<meta property=\"og:image:height\" content=\"1440\" \/>\n\t<meta property=\"og:image:type\" content=\"image\/jpeg\" \/>\n<meta name=\"author\" content=\"Laurine Gay\" \/>\n<meta name=\"twitter:card\" content=\"summary_large_image\" \/>\n<meta name=\"twitter:label1\" content=\"Escrito por\" \/>\n\t<meta name=\"twitter:data1\" content=\"Laurine Gay\" \/>\n\t<meta name=\"twitter:label2\" content=\"Tiempo de lectura\" \/>\n\t<meta name=\"twitter:data2\" content=\"4 minutos\" \/>\n<script type=\"application\/ld+json\" class=\"yoast-schema-graph\">{\"@context\":\"https:\\\/\\\/schema.org\",\"@graph\":[{\"@type\":\"Article\",\"@id\":\"https:\\\/\\\/caviar-de-neuvic.com\\\/mots-gestes\\\/la-qualite-de-vie-chez-caviar-de-neuvic\\\/#article\",\"isPartOf\":{\"@id\":\"https:\\\/\\\/caviar-de-neuvic.com\\\/mots-gestes\\\/la-qualite-de-vie-chez-caviar-de-neuvic\\\/\"},\"author\":{\"name\":\"Laurine Gay\",\"@id\":\"http:\\\/\\\/caviar-de-neuvic.com\\\/fr\\\/#\\\/schema\\\/person\\\/89912ad55a5ddd5efeb92f2d32511b03\"},\"headline\":\"La qualit\u00e9 de vie chez Caviar de Neuvic\",\"datePublished\":\"2023-06-19T07:00:49+00:00\",\"mainEntityOfPage\":{\"@id\":\"https:\\\/\\\/caviar-de-neuvic.com\\\/mots-gestes\\\/la-qualite-de-vie-chez-caviar-de-neuvic\\\/\"},\"wordCount\":640,\"commentCount\":0,\"publisher\":{\"@id\":\"http:\\\/\\\/caviar-de-neuvic.com\\\/fr\\\/#organization\"},\"image\":{\"@id\":\"https:\\\/\\\/caviar-de-neuvic.com\\\/mots-gestes\\\/la-qualite-de-vie-chez-caviar-de-neuvic\\\/#primaryimage\"},\"thumbnailUrl\":\"https:\\\/\\\/caviar-de-neuvic.com\\\/wp-content\\\/uploads\\\/2023\\\/06\\\/val-natura-neuvic-douzillac-sourzac-24.05.23-23.jpg\",\"articleSection\":[\"Mots &amp; Gestes\"],\"inLanguage\":\"es\",\"potentialAction\":[{\"@type\":\"CommentAction\",\"name\":\"Comment\",\"target\":[\"https:\\\/\\\/caviar-de-neuvic.com\\\/mots-gestes\\\/la-qualite-de-vie-chez-caviar-de-neuvic\\\/#respond\"]}]},{\"@type\":\"WebPage\",\"@id\":\"https:\\\/\\\/caviar-de-neuvic.com\\\/mots-gestes\\\/la-qualite-de-vie-chez-caviar-de-neuvic\\\/\",\"url\":\"https:\\\/\\\/caviar-de-neuvic.com\\\/mots-gestes\\\/la-qualite-de-vie-chez-caviar-de-neuvic\\\/\",\"name\":\"La qualit\u00e9 de vie chez Caviar de Neuvic - Producteur Fran\u00e7ais De Caviar\",\"isPartOf\":{\"@id\":\"http:\\\/\\\/caviar-de-neuvic.com\\\/fr\\\/#website\"},\"primaryImageOfPage\":{\"@id\":\"https:\\\/\\\/caviar-de-neuvic.com\\\/mots-gestes\\\/la-qualite-de-vie-chez-caviar-de-neuvic\\\/#primaryimage\"},\"image\":{\"@id\":\"https:\\\/\\\/caviar-de-neuvic.com\\\/mots-gestes\\\/la-qualite-de-vie-chez-caviar-de-neuvic\\\/#primaryimage\"},\"thumbnailUrl\":\"https:\\\/\\\/caviar-de-neuvic.com\\\/wp-content\\\/uploads\\\/2023\\\/06\\\/val-natura-neuvic-douzillac-sourzac-24.05.23-23.jpg\",\"datePublished\":\"2023-06-19T07:00:49+00:00\",\"description\":\"LA QUALIT\u00c9 DE VIE CHEZ CAVIAR DE NEUVIC. Du 19 au 23 juin nous mettons en place la Semaine de la Qualit\u00e9 de Vie et des Conditions de Travail\",\"breadcrumb\":{\"@id\":\"https:\\\/\\\/caviar-de-neuvic.com\\\/mots-gestes\\\/la-qualite-de-vie-chez-caviar-de-neuvic\\\/#breadcrumb\"},\"inLanguage\":\"es\",\"potentialAction\":[{\"@type\":\"ReadAction\",\"target\":[\"https:\\\/\\\/caviar-de-neuvic.com\\\/mots-gestes\\\/la-qualite-de-vie-chez-caviar-de-neuvic\\\/\"]}]},{\"@type\":\"ImageObject\",\"inLanguage\":\"es\",\"@id\":\"https:\\\/\\\/caviar-de-neuvic.com\\\/mots-gestes\\\/la-qualite-de-vie-chez-caviar-de-neuvic\\\/#primaryimage\",\"url\":\"https:\\\/\\\/caviar-de-neuvic.com\\\/wp-content\\\/uploads\\\/2023\\\/06\\\/val-natura-neuvic-douzillac-sourzac-24.05.23-23.jpg\",\"contentUrl\":\"https:\\\/\\\/caviar-de-neuvic.com\\\/wp-content\\\/uploads\\\/2023\\\/06\\\/val-natura-neuvic-douzillac-sourzac-24.05.23-23.jpg\",\"width\":1920,\"height\":1440,\"caption\":\"LA QUALIT\u00c9 DE VIE CHEZ CAVIAR DE NEUVIC\"},{\"@type\":\"BreadcrumbList\",\"@id\":\"https:\\\/\\\/caviar-de-neuvic.com\\\/mots-gestes\\\/la-qualite-de-vie-chez-caviar-de-neuvic\\\/#breadcrumb\",\"itemListElement\":[{\"@type\":\"ListItem\",\"position\":1,\"name\":\"Caviar de Neuvic\",\"item\":\"https:\\\/\\\/caviar-de-neuvic.com\\\/\"},{\"@type\":\"ListItem\",\"position\":2,\"name\":\"Mots &amp; Gestes\",\"item\":\"https:\\\/\\\/caviar-de-neuvic.com\\\/fr\\\/category\\\/mots-gestes\\\/\"},{\"@type\":\"ListItem\",\"position\":3,\"name\":\"La qualit\u00e9 de vie chez Caviar de Neuvic\"}]},{\"@type\":\"WebSite\",\"@id\":\"http:\\\/\\\/caviar-de-neuvic.com\\\/fr\\\/#website\",\"url\":\"http:\\\/\\\/caviar-de-neuvic.com\\\/fr\\\/\",\"name\":\"Producteur Fran\u00e7ais De Caviar\",\"description\":\"\",\"publisher\":{\"@id\":\"http:\\\/\\\/caviar-de-neuvic.com\\\/fr\\\/#organization\"},\"potentialAction\":[{\"@type\":\"SearchAction\",\"target\":{\"@type\":\"EntryPoint\",\"urlTemplate\":\"http:\\\/\\\/caviar-de-neuvic.com\\\/fr\\\/?s={search_term_string}\"},\"query-input\":{\"@type\":\"PropertyValueSpecification\",\"valueRequired\":true,\"valueName\":\"search_term_string\"}}],\"inLanguage\":\"es\"},{\"@type\":\"Organization\",\"@id\":\"http:\\\/\\\/caviar-de-neuvic.com\\\/fr\\\/#organization\",\"name\":\"Producteur Fran\u00e7ais De Caviar\",\"url\":\"http:\\\/\\\/caviar-de-neuvic.com\\\/fr\\\/\",\"logo\":{\"@type\":\"ImageObject\",\"inLanguage\":\"es\",\"@id\":\"http:\\\/\\\/caviar-de-neuvic.com\\\/fr\\\/#\\\/schema\\\/logo\\\/image\\\/\",\"url\":\"\",\"contentUrl\":\"\",\"caption\":\"Producteur Fran\u00e7ais De Caviar\"},\"image\":{\"@id\":\"http:\\\/\\\/caviar-de-neuvic.com\\\/fr\\\/#\\\/schema\\\/logo\\\/image\\\/\"}},{\"@type\":\"Person\",\"@id\":\"http:\\\/\\\/caviar-de-neuvic.com\\\/fr\\\/#\\\/schema\\\/person\\\/89912ad55a5ddd5efeb92f2d32511b03\",\"name\":\"Laurine Gay\",\"url\":\"https:\\\/\\\/caviar-de-neuvic.com\\\/es_es\\\/author\\\/laurine-gaycaviardeneuvic-com\\\/\"}]}<\/script>\n<!-- \/ Yoast SEO plugin. -->","yoast_head_json":{"title":"La qualit\u00e9 de vie chez Caviar de Neuvic - Producteur Fran\u00e7ais De Caviar","description":"LA QUALIT\u00c9 DE VIE CHEZ CAVIAR DE NEUVIC. Du 19 au 23 juin nous mettons en place la Semaine de la Qualit\u00e9 de Vie et des Conditions de Travail","robots":{"index":"index","follow":"follow","max-snippet":"max-snippet:-1","max-image-preview":"max-image-preview:large","max-video-preview":"max-video-preview:-1"},"canonical":"https:\/\/caviar-de-neuvic.com\/es_es\/mots-gestes\/la-qualite-de-vie-chez-caviar-de-neuvic\/","og_locale":"es_ES","og_type":"article","og_title":"La qualit\u00e9 de vie chez Caviar de Neuvic - Producteur Fran\u00e7ais De Caviar","og_description":"LA QUALIT\u00c9 DE VIE CHEZ CAVIAR DE NEUVIC. Du 19 au 23 juin nous mettons en place la Semaine de la Qualit\u00e9 de Vie et des Conditions de Travail","og_url":"https:\/\/caviar-de-neuvic.com\/es_es\/mots-gestes\/la-qualite-de-vie-chez-caviar-de-neuvic\/","og_site_name":"Producteur Fran\u00e7ais De Caviar","article_published_time":"2023-06-19T07:00:49+00:00","og_image":[{"width":1920,"height":1440,"url":"https:\/\/caviar-de-neuvic.com\/wp-content\/uploads\/2023\/06\/val-natura-neuvic-douzillac-sourzac-24.05.23-23.jpg","type":"image\/jpeg"}],"author":"Laurine Gay","twitter_card":"summary_large_image","twitter_misc":{"Escrito por":"Laurine Gay","Tiempo de lectura":"4 minutos"},"schema":{"@context":"https:\/\/schema.org","@graph":[{"@type":"Article","@id":"https:\/\/caviar-de-neuvic.com\/mots-gestes\/la-qualite-de-vie-chez-caviar-de-neuvic\/#article","isPartOf":{"@id":"https:\/\/caviar-de-neuvic.com\/mots-gestes\/la-qualite-de-vie-chez-caviar-de-neuvic\/"},"author":{"name":"Laurine Gay","@id":"http:\/\/caviar-de-neuvic.com\/fr\/#\/schema\/person\/89912ad55a5ddd5efeb92f2d32511b03"},"headline":"La qualit\u00e9 de vie chez Caviar de Neuvic","datePublished":"2023-06-19T07:00:49+00:00","mainEntityOfPage":{"@id":"https:\/\/caviar-de-neuvic.com\/mots-gestes\/la-qualite-de-vie-chez-caviar-de-neuvic\/"},"wordCount":640,"commentCount":0,"publisher":{"@id":"http:\/\/caviar-de-neuvic.com\/fr\/#organization"},"image":{"@id":"https:\/\/caviar-de-neuvic.com\/mots-gestes\/la-qualite-de-vie-chez-caviar-de-neuvic\/#primaryimage"},"thumbnailUrl":"https:\/\/caviar-de-neuvic.com\/wp-content\/uploads\/2023\/06\/val-natura-neuvic-douzillac-sourzac-24.05.23-23.jpg","articleSection":["Mots &amp; Gestes"],"inLanguage":"es","potentialAction":[{"@type":"CommentAction","name":"Comment","target":["https:\/\/caviar-de-neuvic.com\/mots-gestes\/la-qualite-de-vie-chez-caviar-de-neuvic\/#respond"]}]},{"@type":"WebPage","@id":"https:\/\/caviar-de-neuvic.com\/mots-gestes\/la-qualite-de-vie-chez-caviar-de-neuvic\/","url":"https:\/\/caviar-de-neuvic.com\/mots-gestes\/la-qualite-de-vie-chez-caviar-de-neuvic\/","name":"La qualit\u00e9 de vie chez Caviar de Neuvic - Producteur Fran\u00e7ais De Caviar","isPartOf":{"@id":"http:\/\/caviar-de-neuvic.com\/fr\/#website"},"primaryImageOfPage":{"@id":"https:\/\/caviar-de-neuvic.com\/mots-gestes\/la-qualite-de-vie-chez-caviar-de-neuvic\/#primaryimage"},"image":{"@id":"https:\/\/caviar-de-neuvic.com\/mots-gestes\/la-qualite-de-vie-chez-caviar-de-neuvic\/#primaryimage"},"thumbnailUrl":"https:\/\/caviar-de-neuvic.com\/wp-content\/uploads\/2023\/06\/val-natura-neuvic-douzillac-sourzac-24.05.23-23.jpg","datePublished":"2023-06-19T07:00:49+00:00","description":"LA QUALIT\u00c9 DE VIE CHEZ CAVIAR DE NEUVIC. Du 19 au 23 juin nous mettons en place la Semaine de la Qualit\u00e9 de Vie et des Conditions de Travail","breadcrumb":{"@id":"https:\/\/caviar-de-neuvic.com\/mots-gestes\/la-qualite-de-vie-chez-caviar-de-neuvic\/#breadcrumb"},"inLanguage":"es","potentialAction":[{"@type":"ReadAction","target":["https:\/\/caviar-de-neuvic.com\/mots-gestes\/la-qualite-de-vie-chez-caviar-de-neuvic\/"]}]},{"@type":"ImageObject","inLanguage":"es","@id":"https:\/\/caviar-de-neuvic.com\/mots-gestes\/la-qualite-de-vie-chez-caviar-de-neuvic\/#primaryimage","url":"https:\/\/caviar-de-neuvic.com\/wp-content\/uploads\/2023\/06\/val-natura-neuvic-douzillac-sourzac-24.05.23-23.jpg","contentUrl":"https:\/\/caviar-de-neuvic.com\/wp-content\/uploads\/2023\/06\/val-natura-neuvic-douzillac-sourzac-24.05.23-23.jpg","width":1920,"height":1440,"caption":"LA QUALIT\u00c9 DE VIE CHEZ CAVIAR DE NEUVIC"},{"@type":"BreadcrumbList","@id":"https:\/\/caviar-de-neuvic.com\/mots-gestes\/la-qualite-de-vie-chez-caviar-de-neuvic\/#breadcrumb","itemListElement":[{"@type":"ListItem","position":1,"name":"Caviar de Neuvic","item":"https:\/\/caviar-de-neuvic.com\/"},{"@type":"ListItem","position":2,"name":"Mots &amp; Gestes","item":"https:\/\/caviar-de-neuvic.com\/fr\/category\/mots-gestes\/"},{"@type":"ListItem","position":3,"name":"La qualit\u00e9 de vie chez Caviar de Neuvic"}]},{"@type":"WebSite","@id":"http:\/\/caviar-de-neuvic.com\/fr\/#website","url":"http:\/\/caviar-de-neuvic.com\/fr\/","name":"Producteur Fran\u00e7ais De Caviar","description":"","publisher":{"@id":"http:\/\/caviar-de-neuvic.com\/fr\/#organization"},"potentialAction":[{"@type":"SearchAction","target":{"@type":"EntryPoint","urlTemplate":"http:\/\/caviar-de-neuvic.com\/fr\/?s={search_term_string}"},"query-input":{"@type":"PropertyValueSpecification","valueRequired":true,"valueName":"search_term_string"}}],"inLanguage":"es"},{"@type":"Organization","@id":"http:\/\/caviar-de-neuvic.com\/fr\/#organization","name":"Producteur Fran\u00e7ais De Caviar","url":"http:\/\/caviar-de-neuvic.com\/fr\/","logo":{"@type":"ImageObject","inLanguage":"es","@id":"http:\/\/caviar-de-neuvic.com\/fr\/#\/schema\/logo\/image\/","url":"","contentUrl":"","caption":"Producteur Fran\u00e7ais De Caviar"},"image":{"@id":"http:\/\/caviar-de-neuvic.com\/fr\/#\/schema\/logo\/image\/"}},{"@type":"Person","@id":"http:\/\/caviar-de-neuvic.com\/fr\/#\/schema\/person\/89912ad55a5ddd5efeb92f2d32511b03","name":"Laurine Gay","url":"https:\/\/caviar-de-neuvic.com\/es_es\/author\/laurine-gaycaviardeneuvic-com\/"}]}},"_links":{"self":[{"href":"https:\/\/caviar-de-neuvic.com\/es_es\/wp-json\/wp\/v2\/posts\/20828","targetHints":{"allow":["GET"]}}],"collection":[{"href":"https:\/\/caviar-de-neuvic.com\/es_es\/wp-json\/wp\/v2\/posts"}],"about":[{"href":"https:\/\/caviar-de-neuvic.com\/es_es\/wp-json\/wp\/v2\/types\/post"}],"author":[{"embeddable":true,"href":"https:\/\/caviar-de-neuvic.com\/es_es\/wp-json\/wp\/v2\/users\/11896"}],"replies":[{"embeddable":true,"href":"https:\/\/caviar-de-neuvic.com\/es_es\/wp-json\/wp\/v2\/comments?post=20828"}],"version-history":[{"count":0,"href":"https:\/\/caviar-de-neuvic.com\/es_es\/wp-json\/wp\/v2\/posts\/20828\/revisions"}],"wp:featuredmedia":[{"embeddable":true,"href":"https:\/\/caviar-de-neuvic.com\/es_es\/wp-json\/wp\/v2\/media\/21058"}],"wp:attachment":[{"href":"https:\/\/caviar-de-neuvic.com\/es_es\/wp-json\/wp\/v2\/media?parent=20828"}],"wp:term":[{"taxonomy":"category","embeddable":true,"href":"https:\/\/caviar-de-neuvic.com\/es_es\/wp-json\/wp\/v2\/categories?post=20828"},{"taxonomy":"post_tag","embeddable":true,"href":"https:\/\/caviar-de-neuvic.com\/es_es\/wp-json\/wp\/v2\/tags?post=20828"}],"curies":[{"name":"wp","href":"https:\/\/api.w.org\/{rel}","templated":true}]}}