{"id":20829,"date":"2023-06-29T09:00:47","date_gmt":"2023-06-29T07:00:47","guid":{"rendered":"https:\/\/caviar-de-neuvic.com\/parlons-caviar\/?p=6704"},"modified":"2023-06-29T09:00:47","modified_gmt":"2023-06-29T07:00:47","slug":"caviar-de-neuvic-a-anglet-dans-la-defender-house","status":"publish","type":"post","link":"https:\/\/caviar-de-neuvic.com\/es_es\/partenariats-evenements\/caviar-de-neuvic-a-anglet-dans-la-defender-house\/","title":{"rendered":"Caviar de Neuvic \u00e0 Anglet dans La Defender House"},"content":{"rendered":"<p>Caviar de Neuvic \u00e0 Anglet dans La Defender House<\/p>\n<p><span style=\"font-weight: 400;\">Ce vendredi 16 juin, <a href=\"https:\/\/caviar-de-neuvic.com\/es_es\/\" target=\"_blank\" rel=\"noopener\">Caviar de Neuvic<\/a> \u00e9tait pr\u00e9sent \u00e0 Anglet dans la magnifique <a href=\"https:\/\/www.defenderhousebiarritz.fr\" target=\"_blank\" rel=\"noopener\">Defender House<\/a>\u00a0de Jaguar Land Rover. Cette\u00a0journ\u00e9e \u00e9tait plac\u00e9e sous le th\u00e8me de la \u00ab\u00a0Modern Luxury\u00a0\u00bb. Cette collaboration de longue date a permis de cr\u00e9er des souvenir m\u00e9morables aux clients de Defender. En effet,\u00a0<\/span><span style=\"font-weight: 400;\">nous avons eu le privil\u00e8ge de mettre en valeur notre caviar au sein de cet environnement prestigieux. La synergie entre notre savoir-faire et l&rsquo;atmosph\u00e8re \u00e9l\u00e9gante de la <a href=\"https:\/\/www.defenderhousebiarritz.fr\" target=\"_blank\" rel=\"noopener\">Defender House<\/a> a cr\u00e9\u00e9 une exp\u00e9rience unique en son genre.\u00a0<\/span><\/p>\n<h3><strong>\u00c0 la d\u00e9couverte de la Defender House<\/strong><\/h3>\n<p><span style=\"font-weight: 400;\">Au c\u0153ur d&rsquo;Anglet, la Defender House s&rsquo;impose comme un symbole de la marque Defender, d\u00e9sormais une marque \u00e0 part enti\u00e8re chez JLR (<a href=\"https:\/\/www.landrover.fr\/index.html?gclid=Cj0KCQjwnMWkBhDLARIsAHBOftou0O0E9yxsnVAguSrcoRcsLj5pid1cV05s1i0wfvG0SegreXCuyiYaAoU8EALw_wcB&amp;gclsrc=aw.ds\" target=\"_blank\" rel=\"noopener\">Jaguar Land Rover<\/a>). Avec son design captivant, cette demeure allie \u00e9l\u00e9gance, solidit\u00e9 et raffinement, refl\u00e9tant parfaitement l&rsquo;identit\u00e9 de la marque.<\/span><\/p>\n<p><span style=\"font-weight: 400;\">Chaque d\u00e9tail, du mobilier aux grandes baies vitr\u00e9es en passant par les touches de bois sont pr\u00e9sents pour rappeler l&rsquo;essence m\u00eame de la Defender. Cette fusion entre la voiture et la demeure permet une immersion totale dans l\u2019univers Defender.\u00a0<\/span><\/p>\n<p><span style=\"font-weight: 400;\">Enfin, ce lieu unique permet aux convives de d\u00e9couvrir les valeurs et l&rsquo;histoire de la marque de mani\u00e8re authentique.<\/span><\/p>\n<h3><strong>Quand le luxe automobile rencontre la finesse gastronomique\u00a0<\/strong><\/h3>\n<p><span style=\"font-weight: 400;\">Au sein de la prestigieuse Defender House, nous avons eu l&rsquo;opportunit\u00e9 de pr\u00e9senter notre <a href=\"https:\/\/caviar-de-neuvic.com\/es_es\/parlons-caviar\/universducaviar\/les-differentes-sortes-de-caviar\/\" target=\"_blank\" rel=\"noopener\">caviar<\/a> renomm\u00e9.<\/span><\/p>\n\t\t<style>\n\t\t\t.blog_sticker{\n\t\t\t\tmargin-top: 50px !important;\n\t\t\t\tdisplay: flex;\n  \t\t\t\tjustify-content: center;\n\t\t\t\tflex-wrap: wrap;\n\t\t\t}\n\t\t\t.blog_sticker .product-miniature-list.row .span_1_of_3{\n\t\t\t\twidth: 100%!important;\n\t\t\t\tflex: 0 0 100%!important;\n\t\t\t\tmax-width: 400px!important;\n\t\t\t}\n\t\t\t.blog_sticker_right{\n\t\t\t\tmax-width: 400px;\n\t\t\t}\n\t\t\t.product-miniature-list.row {\n\t\t\t\tdisplay: flex;\n\t\t\t\tjustify-content: center;\n\t\t\t\tflex-wrap: wrap;\n\t\t\t}\n\t\t<\/style>\n\t\t<div class=\"blog_sticker d-flex flex-wrap\">\n\t\t\t<div class=\"blog_sticker_left col-sm-12 col-md-6 products-grid\">\n\t\t\t\t<div class=\"product-miniature-list row\">\n\t\t\t\t\t\t\t\t\t<\/div>\n\t\t\t<\/div>\n\t\t\t<div class=\"blog_sticker_right col-sm-12 col-md-6\">\n\t\t\t\t\t\t\t<\/div>\n\t\t<\/div>\n\t\n<p><span style=\"font-weight: 400;\">La combinaison parfaite entre la qualit\u00e9 exceptionnelle de notre caviar et l&rsquo;atmosph\u00e8re luxueuse de la Defender House a cr\u00e9\u00e9 une synergie in\u00e9gal\u00e9e. Les convives ont savour\u00e9 chaque bouch\u00e9e de ce mets d\u00e9licat, r\u00e9v\u00e9lant ainsi les subtilit\u00e9s et l&rsquo;\u00e9l\u00e9gance de notre production. Cette exp\u00e9rience gustative a v\u00e9ritablement \u00e9t\u00e9 une rencontre de l&rsquo;excellence culinaire et du raffinement architectural. Pour le plus grand plaisir des sens&#8230;<\/span><\/p>\n<p><img fetchpriority=\"high\" decoding=\"async\" class=\"alignnone size-medium wp-image-6712\" src=\"http:\/\/caviar-de-neuvic.com\/wp-content\/uploads\/2023\/06\/CDN_2DEFENDERHOUSE_160623_\u00aeAV-15-300x200.jpg\" alt=\"\" width=\"300\" height=\"200\" \/> <img decoding=\"async\" class=\"alignnone size-medium wp-image-6713\" src=\"http:\/\/caviar-de-neuvic.com\/wp-content\/uploads\/2023\/06\/CDN_2DEFENDERHOUSE_160623_\u00aeAV-25-300x200.jpg\" alt=\"\" width=\"300\" height=\"200\" \/> <img decoding=\"async\" class=\"alignnone size-medium wp-image-6714\" src=\"http:\/\/caviar-de-neuvic.com\/wp-content\/uploads\/2023\/06\/CDN_2DEFENDERHOUSE_160623_\u00aeAV-18-300x200.jpg\" alt=\"\" width=\"300\" height=\"200\" \/> <img loading=\"lazy\" decoding=\"async\" class=\"alignnone size-medium wp-image-6715\" src=\"http:\/\/caviar-de-neuvic.com\/wp-content\/uploads\/2023\/06\/CDN_2DEFENDERHOUSE_160623_\u00aeAV-8-300x200.jpg\" alt=\"\" width=\"300\" height=\"200\" \/> <img loading=\"lazy\" decoding=\"async\" class=\"alignnone size-medium wp-image-6716\" src=\"http:\/\/caviar-de-neuvic.com\/wp-content\/uploads\/2023\/06\/CDN_2DEFENDERHOUSE_160623_\u00aeAV-40-300x200.jpg\" alt=\"\" width=\"300\" height=\"200\" \/> <img loading=\"lazy\" decoding=\"async\" class=\"alignnone size-medium wp-image-6717\" src=\"http:\/\/caviar-de-neuvic.com\/wp-content\/uploads\/2023\/06\/CDN_2DEFENDERHOUSE_160623_\u00aeAV-33-300x200.jpg\" alt=\"\" width=\"300\" height=\"200\" \/><\/p>","protected":false},"excerpt":{"rendered":"<p>Caviar de Neuvic \u00e0 Anglet dans La Defender House Ce vendredi 16 juin, Caviar de Neuvic \u00e9tait pr\u00e9sent \u00e0 Anglet dans la magnifique Defender House\u00a0de Jaguar Land Rover. Cette\u00a0journ\u00e9e \u00e9tait plac\u00e9e sous le th\u00e8me de la \u00ab\u00a0Modern Luxury\u00a0\u00bb. Cette collaboration de longue date a permis de cr\u00e9er des souvenir m\u00e9morables aux clients de Defender. En [&hellip;]<\/p>\n","protected":false},"author":11896,"featured_media":21060,"comment_status":"open","ping_status":"closed","sticky":false,"template":"","format":"standard","meta":{"_acf_changed":false,"ocean_post_layout":"","ocean_both_sidebars_style":"","ocean_both_sidebars_content_width":0,"ocean_both_sidebars_sidebars_width":0,"ocean_sidebar":"","ocean_second_sidebar":"","ocean_disable_margins":"enable","ocean_add_body_class":"","ocean_shortcode_before_top_bar":"","ocean_shortcode_after_top_bar":"","ocean_shortcode_before_header":"","ocean_shortcode_after_header":"","ocean_has_shortcode":"","ocean_shortcode_after_title":"","ocean_shortcode_before_footer_widgets":"","ocean_shortcode_after_footer_widgets":"","ocean_shortcode_before_footer_bottom":"","ocean_shortcode_after_footer_bottom":"","ocean_display_top_bar":"default","ocean_display_header":"default","ocean_header_style":"","ocean_center_header_left_menu":"","ocean_custom_header_template":"","ocean_custom_logo":0,"ocean_custom_retina_logo":0,"ocean_custom_logo_max_width":0,"ocean_custom_logo_tablet_max_width":0,"ocean_custom_logo_mobile_max_width":0,"ocean_custom_logo_max_height":0,"ocean_custom_logo_tablet_max_height":0,"ocean_custom_logo_mobile_max_height":0,"ocean_header_custom_menu":"","ocean_menu_typo_font_family":"","ocean_menu_typo_font_subset":"","ocean_menu_typo_font_size":0,"ocean_menu_typo_font_size_tablet":0,"ocean_menu_typo_font_size_mobile":0,"ocean_menu_typo_font_size_unit":"px","ocean_menu_typo_font_weight":"","ocean_menu_typo_font_weight_tablet":"","ocean_menu_typo_font_weight_mobile":"","ocean_menu_typo_transform":"","ocean_menu_typo_transform_tablet":"","ocean_menu_typo_transform_mobile":"","ocean_menu_typo_line_height":0,"ocean_menu_typo_line_height_tablet":0,"ocean_menu_typo_line_height_mobile":0,"ocean_menu_typo_line_height_unit":"","ocean_menu_typo_spacing":0,"ocean_menu_typo_spacing_tablet":0,"ocean_menu_typo_spacing_mobile":0,"ocean_menu_typo_spacing_unit":"","ocean_menu_link_color":"","ocean_menu_link_color_hover":"","ocean_menu_link_color_active":"","ocean_menu_link_background":"","ocean_menu_link_hover_background":"","ocean_menu_link_active_background":"","ocean_menu_social_links_bg":"","ocean_menu_social_hover_links_bg":"","ocean_menu_social_links_color":"","ocean_menu_social_hover_links_color":"","ocean_disable_title":"default","ocean_disable_heading":"default","ocean_post_title":"","ocean_post_subheading":"","ocean_post_title_style":"","ocean_post_title_background_color":"","ocean_post_title_background":0,"ocean_post_title_bg_image_position":"","ocean_post_title_bg_image_attachment":"","ocean_post_title_bg_image_repeat":"","ocean_post_title_bg_image_size":"","ocean_post_title_height":0,"ocean_post_title_bg_overlay":0.5,"ocean_post_title_bg_overlay_color":"","ocean_disable_breadcrumbs":"default","ocean_breadcrumbs_color":"","ocean_breadcrumbs_separator_color":"","ocean_breadcrumbs_links_color":"","ocean_breadcrumbs_links_hover_color":"","ocean_display_footer_widgets":"default","ocean_display_footer_bottom":"default","ocean_custom_footer_template":"","omw_enable_modal_window":"enable","ocean_post_oembed":"","ocean_post_self_hosted_media":"","ocean_post_video_embed":"","ocean_link_format":"","ocean_link_format_target":"self","ocean_quote_format":"","ocean_quote_format_link":"post","ocean_gallery_link_images":"on","ocean_gallery_id":[],"footnotes":""},"categories":[290],"tags":[],"class_list":["post-20829","post","type-post","status-publish","format-standard","has-post-thumbnail","hentry","category-partenariats-evenements","entry","has-media","owp-thumbs-layout-vertical","owp-btn-normal","owp-tabs-layout-horizontal","has-no-thumbnails","has-product-nav"],"acf":[],"yoast_head":"<!-- This site is optimized with the Yoast SEO plugin v27.5 - https:\/\/yoast.com\/product\/yoast-seo-wordpress\/ -->\n<title>Caviar de Neuvic \u00e0 Anglet dans La Defender House<\/title>\n<meta name=\"description\" content=\"Caviar de Neuvic \u00e0 Anglet dans La Defender House. Ce vendredi 16 juin, Caviar de Neuvic \u00e9tait pr\u00e9sent \u00e0 Anglet.\" \/>\n<meta name=\"robots\" content=\"index, follow, max-snippet:-1, max-image-preview:large, max-video-preview:-1\" \/>\n<link rel=\"canonical\" href=\"https:\/\/caviar-de-neuvic.com\/es_es\/partenariats-evenements\/caviar-de-neuvic-a-anglet-dans-la-defender-house\/\" \/>\n<meta property=\"og:locale\" content=\"es_ES\" \/>\n<meta property=\"og:type\" content=\"article\" \/>\n<meta property=\"og:title\" content=\"Caviar de Neuvic \u00e0 Anglet dans La Defender House\" \/>\n<meta property=\"og:description\" content=\"Caviar de Neuvic \u00e0 Anglet dans La Defender House. Ce vendredi 16 juin, Caviar de Neuvic \u00e9tait pr\u00e9sent \u00e0 Anglet.\" \/>\n<meta property=\"og:url\" content=\"https:\/\/caviar-de-neuvic.com\/es_es\/partenariats-evenements\/caviar-de-neuvic-a-anglet-dans-la-defender-house\/\" \/>\n<meta property=\"og:site_name\" content=\"Producteur Fran\u00e7ais De Caviar\" \/>\n<meta property=\"article:published_time\" content=\"2023-06-29T07:00:47+00:00\" \/>\n<meta property=\"og:image\" content=\"https:\/\/caviar-de-neuvic.com\/wp-content\/uploads\/2023\/06\/CDN_2DEFENDERHOUSE_160623_\u00aeAV-25.jpg\" \/>\n\t<meta property=\"og:image:width\" content=\"1920\" \/>\n\t<meta property=\"og:image:height\" content=\"1281\" \/>\n\t<meta property=\"og:image:type\" content=\"image\/jpeg\" \/>\n<meta name=\"author\" content=\"Laurine Gay\" \/>\n<meta name=\"twitter:card\" content=\"summary_large_image\" \/>\n<meta name=\"twitter:label1\" content=\"Escrito por\" \/>\n\t<meta name=\"twitter:data1\" content=\"Laurine Gay\" \/>\n\t<meta name=\"twitter:label2\" content=\"Tiempo de lectura\" \/>\n\t<meta name=\"twitter:data2\" content=\"3 minutos\" \/>\n<script type=\"application\/ld+json\" class=\"yoast-schema-graph\">{\"@context\":\"https:\\\/\\\/schema.org\",\"@graph\":[{\"@type\":\"Article\",\"@id\":\"https:\\\/\\\/caviar-de-neuvic.com\\\/de\\\/partenariats-evenements\\\/caviar-de-neuvic-a-anglet-dans-la-defender-house\\\/#article\",\"isPartOf\":{\"@id\":\"https:\\\/\\\/caviar-de-neuvic.com\\\/de\\\/partenariats-evenements\\\/caviar-de-neuvic-a-anglet-dans-la-defender-house\\\/\"},\"author\":{\"name\":\"Laurine Gay\",\"@id\":\"http:\\\/\\\/caviar-de-neuvic.com\\\/fr\\\/#\\\/schema\\\/person\\\/89912ad55a5ddd5efeb92f2d32511b03\"},\"headline\":\"Caviar de Neuvic \u00e0 Anglet dans La Defender House\",\"datePublished\":\"2023-06-29T07:00:47+00:00\",\"mainEntityOfPage\":{\"@id\":\"https:\\\/\\\/caviar-de-neuvic.com\\\/de\\\/partenariats-evenements\\\/caviar-de-neuvic-a-anglet-dans-la-defender-house\\\/\"},\"wordCount\":341,\"commentCount\":0,\"publisher\":{\"@id\":\"http:\\\/\\\/caviar-de-neuvic.com\\\/fr\\\/#organization\"},\"image\":{\"@id\":\"https:\\\/\\\/caviar-de-neuvic.com\\\/de\\\/partenariats-evenements\\\/caviar-de-neuvic-a-anglet-dans-la-defender-house\\\/#primaryimage\"},\"thumbnailUrl\":\"https:\\\/\\\/caviar-de-neuvic.com\\\/wp-content\\\/uploads\\\/2023\\\/06\\\/CDN_2DEFENDERHOUSE_160623_\u00aeAV-25.jpg\",\"articleSection\":[\"Partenariats &amp; \u00c9v\u00e9nements\"],\"inLanguage\":\"es\",\"potentialAction\":[{\"@type\":\"CommentAction\",\"name\":\"Comment\",\"target\":[\"https:\\\/\\\/caviar-de-neuvic.com\\\/de\\\/partenariats-evenements\\\/caviar-de-neuvic-a-anglet-dans-la-defender-house\\\/#respond\"]}]},{\"@type\":\"WebPage\",\"@id\":\"https:\\\/\\\/caviar-de-neuvic.com\\\/de\\\/partenariats-evenements\\\/caviar-de-neuvic-a-anglet-dans-la-defender-house\\\/\",\"url\":\"https:\\\/\\\/caviar-de-neuvic.com\\\/de\\\/partenariats-evenements\\\/caviar-de-neuvic-a-anglet-dans-la-defender-house\\\/\",\"name\":\"Caviar de Neuvic \u00e0 Anglet dans La Defender House\",\"isPartOf\":{\"@id\":\"http:\\\/\\\/caviar-de-neuvic.com\\\/fr\\\/#website\"},\"primaryImageOfPage\":{\"@id\":\"https:\\\/\\\/caviar-de-neuvic.com\\\/de\\\/partenariats-evenements\\\/caviar-de-neuvic-a-anglet-dans-la-defender-house\\\/#primaryimage\"},\"image\":{\"@id\":\"https:\\\/\\\/caviar-de-neuvic.com\\\/de\\\/partenariats-evenements\\\/caviar-de-neuvic-a-anglet-dans-la-defender-house\\\/#primaryimage\"},\"thumbnailUrl\":\"https:\\\/\\\/caviar-de-neuvic.com\\\/wp-content\\\/uploads\\\/2023\\\/06\\\/CDN_2DEFENDERHOUSE_160623_\u00aeAV-25.jpg\",\"datePublished\":\"2023-06-29T07:00:47+00:00\",\"description\":\"Caviar de Neuvic \u00e0 Anglet dans La Defender House. Ce vendredi 16 juin, Caviar de Neuvic \u00e9tait pr\u00e9sent \u00e0 Anglet.\",\"breadcrumb\":{\"@id\":\"https:\\\/\\\/caviar-de-neuvic.com\\\/de\\\/partenariats-evenements\\\/caviar-de-neuvic-a-anglet-dans-la-defender-house\\\/#breadcrumb\"},\"inLanguage\":\"es\",\"potentialAction\":[{\"@type\":\"ReadAction\",\"target\":[\"https:\\\/\\\/caviar-de-neuvic.com\\\/de\\\/partenariats-evenements\\\/caviar-de-neuvic-a-anglet-dans-la-defender-house\\\/\"]}]},{\"@type\":\"ImageObject\",\"inLanguage\":\"es\",\"@id\":\"https:\\\/\\\/caviar-de-neuvic.com\\\/de\\\/partenariats-evenements\\\/caviar-de-neuvic-a-anglet-dans-la-defender-house\\\/#primaryimage\",\"url\":\"https:\\\/\\\/caviar-de-neuvic.com\\\/wp-content\\\/uploads\\\/2023\\\/06\\\/CDN_2DEFENDERHOUSE_160623_\u00aeAV-25.jpg\",\"contentUrl\":\"https:\\\/\\\/caviar-de-neuvic.com\\\/wp-content\\\/uploads\\\/2023\\\/06\\\/CDN_2DEFENDERHOUSE_160623_\u00aeAV-25.jpg\",\"width\":1920,\"height\":1281,\"caption\":\"Caviar de Neuvic \u00e0 Anglet dans La Defender House\"},{\"@type\":\"BreadcrumbList\",\"@id\":\"https:\\\/\\\/caviar-de-neuvic.com\\\/de\\\/partenariats-evenements\\\/caviar-de-neuvic-a-anglet-dans-la-defender-house\\\/#breadcrumb\",\"itemListElement\":[{\"@type\":\"ListItem\",\"position\":1,\"name\":\"Caviar de Neuvic\",\"item\":\"https:\\\/\\\/caviar-de-neuvic.com\\\/\"},{\"@type\":\"ListItem\",\"position\":2,\"name\":\"Partenariats &amp; \u00c9v\u00e9nements\",\"item\":\"https:\\\/\\\/caviar-de-neuvic.com\\\/fr\\\/category\\\/partenariats-evenements\\\/\"},{\"@type\":\"ListItem\",\"position\":3,\"name\":\"Caviar de Neuvic \u00e0 Anglet dans La Defender House\"}]},{\"@type\":\"WebSite\",\"@id\":\"http:\\\/\\\/caviar-de-neuvic.com\\\/fr\\\/#website\",\"url\":\"http:\\\/\\\/caviar-de-neuvic.com\\\/fr\\\/\",\"name\":\"Producteur Fran\u00e7ais De Caviar\",\"description\":\"\",\"publisher\":{\"@id\":\"http:\\\/\\\/caviar-de-neuvic.com\\\/fr\\\/#organization\"},\"potentialAction\":[{\"@type\":\"SearchAction\",\"target\":{\"@type\":\"EntryPoint\",\"urlTemplate\":\"http:\\\/\\\/caviar-de-neuvic.com\\\/fr\\\/?s={search_term_string}\"},\"query-input\":{\"@type\":\"PropertyValueSpecification\",\"valueRequired\":true,\"valueName\":\"search_term_string\"}}],\"inLanguage\":\"es\"},{\"@type\":\"Organization\",\"@id\":\"http:\\\/\\\/caviar-de-neuvic.com\\\/fr\\\/#organization\",\"name\":\"Producteur Fran\u00e7ais De Caviar\",\"url\":\"http:\\\/\\\/caviar-de-neuvic.com\\\/fr\\\/\",\"logo\":{\"@type\":\"ImageObject\",\"inLanguage\":\"es\",\"@id\":\"http:\\\/\\\/caviar-de-neuvic.com\\\/fr\\\/#\\\/schema\\\/logo\\\/image\\\/\",\"url\":\"\",\"contentUrl\":\"\",\"caption\":\"Producteur Fran\u00e7ais De Caviar\"},\"image\":{\"@id\":\"http:\\\/\\\/caviar-de-neuvic.com\\\/fr\\\/#\\\/schema\\\/logo\\\/image\\\/\"}},{\"@type\":\"Person\",\"@id\":\"http:\\\/\\\/caviar-de-neuvic.com\\\/fr\\\/#\\\/schema\\\/person\\\/89912ad55a5ddd5efeb92f2d32511b03\",\"name\":\"Laurine Gay\",\"url\":\"https:\\\/\\\/caviar-de-neuvic.com\\\/es_es\\\/author\\\/laurine-gaycaviardeneuvic-com\\\/\"}]}<\/script>\n<!-- \/ Yoast SEO plugin. -->","yoast_head_json":{"title":"Caviar de Neuvic \u00e0 Anglet dans La Defender House","description":"Caviar de Neuvic \u00e0 Anglet dans La Defender House. Ce vendredi 16 juin, Caviar de Neuvic \u00e9tait pr\u00e9sent \u00e0 Anglet.","robots":{"index":"index","follow":"follow","max-snippet":"max-snippet:-1","max-image-preview":"max-image-preview:large","max-video-preview":"max-video-preview:-1"},"canonical":"https:\/\/caviar-de-neuvic.com\/es_es\/partenariats-evenements\/caviar-de-neuvic-a-anglet-dans-la-defender-house\/","og_locale":"es_ES","og_type":"article","og_title":"Caviar de Neuvic \u00e0 Anglet dans La Defender House","og_description":"Caviar de Neuvic \u00e0 Anglet dans La Defender House. Ce vendredi 16 juin, Caviar de Neuvic \u00e9tait pr\u00e9sent \u00e0 Anglet.","og_url":"https:\/\/caviar-de-neuvic.com\/es_es\/partenariats-evenements\/caviar-de-neuvic-a-anglet-dans-la-defender-house\/","og_site_name":"Producteur Fran\u00e7ais De Caviar","article_published_time":"2023-06-29T07:00:47+00:00","og_image":[{"width":1920,"height":1281,"url":"https:\/\/caviar-de-neuvic.com\/wp-content\/uploads\/2023\/06\/CDN_2DEFENDERHOUSE_160623_\u00aeAV-25.jpg","type":"image\/jpeg"}],"author":"Laurine Gay","twitter_card":"summary_large_image","twitter_misc":{"Escrito por":"Laurine Gay","Tiempo de lectura":"3 minutos"},"schema":{"@context":"https:\/\/schema.org","@graph":[{"@type":"Article","@id":"https:\/\/caviar-de-neuvic.com\/de\/partenariats-evenements\/caviar-de-neuvic-a-anglet-dans-la-defender-house\/#article","isPartOf":{"@id":"https:\/\/caviar-de-neuvic.com\/de\/partenariats-evenements\/caviar-de-neuvic-a-anglet-dans-la-defender-house\/"},"author":{"name":"Laurine Gay","@id":"http:\/\/caviar-de-neuvic.com\/fr\/#\/schema\/person\/89912ad55a5ddd5efeb92f2d32511b03"},"headline":"Caviar de Neuvic \u00e0 Anglet dans La Defender House","datePublished":"2023-06-29T07:00:47+00:00","mainEntityOfPage":{"@id":"https:\/\/caviar-de-neuvic.com\/de\/partenariats-evenements\/caviar-de-neuvic-a-anglet-dans-la-defender-house\/"},"wordCount":341,"commentCount":0,"publisher":{"@id":"http:\/\/caviar-de-neuvic.com\/fr\/#organization"},"image":{"@id":"https:\/\/caviar-de-neuvic.com\/de\/partenariats-evenements\/caviar-de-neuvic-a-anglet-dans-la-defender-house\/#primaryimage"},"thumbnailUrl":"https:\/\/caviar-de-neuvic.com\/wp-content\/uploads\/2023\/06\/CDN_2DEFENDERHOUSE_160623_\u00aeAV-25.jpg","articleSection":["Partenariats &amp; \u00c9v\u00e9nements"],"inLanguage":"es","potentialAction":[{"@type":"CommentAction","name":"Comment","target":["https:\/\/caviar-de-neuvic.com\/de\/partenariats-evenements\/caviar-de-neuvic-a-anglet-dans-la-defender-house\/#respond"]}]},{"@type":"WebPage","@id":"https:\/\/caviar-de-neuvic.com\/de\/partenariats-evenements\/caviar-de-neuvic-a-anglet-dans-la-defender-house\/","url":"https:\/\/caviar-de-neuvic.com\/de\/partenariats-evenements\/caviar-de-neuvic-a-anglet-dans-la-defender-house\/","name":"Caviar de Neuvic \u00e0 Anglet dans La Defender House","isPartOf":{"@id":"http:\/\/caviar-de-neuvic.com\/fr\/#website"},"primaryImageOfPage":{"@id":"https:\/\/caviar-de-neuvic.com\/de\/partenariats-evenements\/caviar-de-neuvic-a-anglet-dans-la-defender-house\/#primaryimage"},"image":{"@id":"https:\/\/caviar-de-neuvic.com\/de\/partenariats-evenements\/caviar-de-neuvic-a-anglet-dans-la-defender-house\/#primaryimage"},"thumbnailUrl":"https:\/\/caviar-de-neuvic.com\/wp-content\/uploads\/2023\/06\/CDN_2DEFENDERHOUSE_160623_\u00aeAV-25.jpg","datePublished":"2023-06-29T07:00:47+00:00","description":"Caviar de Neuvic \u00e0 Anglet dans La Defender House. Ce vendredi 16 juin, Caviar de Neuvic \u00e9tait pr\u00e9sent \u00e0 Anglet.","breadcrumb":{"@id":"https:\/\/caviar-de-neuvic.com\/de\/partenariats-evenements\/caviar-de-neuvic-a-anglet-dans-la-defender-house\/#breadcrumb"},"inLanguage":"es","potentialAction":[{"@type":"ReadAction","target":["https:\/\/caviar-de-neuvic.com\/de\/partenariats-evenements\/caviar-de-neuvic-a-anglet-dans-la-defender-house\/"]}]},{"@type":"ImageObject","inLanguage":"es","@id":"https:\/\/caviar-de-neuvic.com\/de\/partenariats-evenements\/caviar-de-neuvic-a-anglet-dans-la-defender-house\/#primaryimage","url":"https:\/\/caviar-de-neuvic.com\/wp-content\/uploads\/2023\/06\/CDN_2DEFENDERHOUSE_160623_\u00aeAV-25.jpg","contentUrl":"https:\/\/caviar-de-neuvic.com\/wp-content\/uploads\/2023\/06\/CDN_2DEFENDERHOUSE_160623_\u00aeAV-25.jpg","width":1920,"height":1281,"caption":"Caviar de Neuvic \u00e0 Anglet dans La Defender House"},{"@type":"BreadcrumbList","@id":"https:\/\/caviar-de-neuvic.com\/de\/partenariats-evenements\/caviar-de-neuvic-a-anglet-dans-la-defender-house\/#breadcrumb","itemListElement":[{"@type":"ListItem","position":1,"name":"Caviar de Neuvic","item":"https:\/\/caviar-de-neuvic.com\/"},{"@type":"ListItem","position":2,"name":"Partenariats &amp; \u00c9v\u00e9nements","item":"https:\/\/caviar-de-neuvic.com\/fr\/category\/partenariats-evenements\/"},{"@type":"ListItem","position":3,"name":"Caviar de Neuvic \u00e0 Anglet dans La Defender House"}]},{"@type":"WebSite","@id":"http:\/\/caviar-de-neuvic.com\/fr\/#website","url":"http:\/\/caviar-de-neuvic.com\/fr\/","name":"Producteur Fran\u00e7ais De Caviar","description":"","publisher":{"@id":"http:\/\/caviar-de-neuvic.com\/fr\/#organization"},"potentialAction":[{"@type":"SearchAction","target":{"@type":"EntryPoint","urlTemplate":"http:\/\/caviar-de-neuvic.com\/fr\/?s={search_term_string}"},"query-input":{"@type":"PropertyValueSpecification","valueRequired":true,"valueName":"search_term_string"}}],"inLanguage":"es"},{"@type":"Organization","@id":"http:\/\/caviar-de-neuvic.com\/fr\/#organization","name":"Producteur Fran\u00e7ais De Caviar","url":"http:\/\/caviar-de-neuvic.com\/fr\/","logo":{"@type":"ImageObject","inLanguage":"es","@id":"http:\/\/caviar-de-neuvic.com\/fr\/#\/schema\/logo\/image\/","url":"","contentUrl":"","caption":"Producteur Fran\u00e7ais De Caviar"},"image":{"@id":"http:\/\/caviar-de-neuvic.com\/fr\/#\/schema\/logo\/image\/"}},{"@type":"Person","@id":"http:\/\/caviar-de-neuvic.com\/fr\/#\/schema\/person\/89912ad55a5ddd5efeb92f2d32511b03","name":"Laurine Gay","url":"https:\/\/caviar-de-neuvic.com\/es_es\/author\/laurine-gaycaviardeneuvic-com\/"}]}},"_links":{"self":[{"href":"https:\/\/caviar-de-neuvic.com\/es_es\/wp-json\/wp\/v2\/posts\/20829","targetHints":{"allow":["GET"]}}],"collection":[{"href":"https:\/\/caviar-de-neuvic.com\/es_es\/wp-json\/wp\/v2\/posts"}],"about":[{"href":"https:\/\/caviar-de-neuvic.com\/es_es\/wp-json\/wp\/v2\/types\/post"}],"author":[{"embeddable":true,"href":"https:\/\/caviar-de-neuvic.com\/es_es\/wp-json\/wp\/v2\/users\/11896"}],"replies":[{"embeddable":true,"href":"https:\/\/caviar-de-neuvic.com\/es_es\/wp-json\/wp\/v2\/comments?post=20829"}],"version-history":[{"count":0,"href":"https:\/\/caviar-de-neuvic.com\/es_es\/wp-json\/wp\/v2\/posts\/20829\/revisions"}],"wp:featuredmedia":[{"embeddable":true,"href":"https:\/\/caviar-de-neuvic.com\/es_es\/wp-json\/wp\/v2\/media\/21060"}],"wp:attachment":[{"href":"https:\/\/caviar-de-neuvic.com\/es_es\/wp-json\/wp\/v2\/media?parent=20829"}],"wp:term":[{"taxonomy":"category","embeddable":true,"href":"https:\/\/caviar-de-neuvic.com\/es_es\/wp-json\/wp\/v2\/categories?post=20829"},{"taxonomy":"post_tag","embeddable":true,"href":"https:\/\/caviar-de-neuvic.com\/es_es\/wp-json\/wp\/v2\/tags?post=20829"}],"curies":[{"name":"wp","href":"https:\/\/api.w.org\/{rel}","templated":true}]}}