{"id":20859,"date":"2024-07-03T11:23:03","date_gmt":"2024-07-03T09:23:03","guid":{"rendered":"https:\/\/caviar-de-neuvic.com\/parlons-caviar-old\/?p=7857"},"modified":"2024-07-03T11:23:03","modified_gmt":"2024-07-03T09:23:03","slug":"atelier-degustation-vin-et-caviar","status":"publish","type":"post","link":"https:\/\/caviar-de-neuvic.com\/es_es\/partenariats-evenements\/atelier-degustation-vin-et-caviar\/","title":{"rendered":"Atelier D\u00e9gustation Vin et Caviar"},"content":{"rendered":"<h3>Atelier D\u00e9gustation Vin &amp; Caviar au Ch\u00e2teau de Ferrand avec Caviar de Neuvic<\/h3>\n<p>El <a href=\"https:\/\/www.chateaudeferrand.com\" target=\"_blank\" rel=\"noopener\">Ch\u00e2teau de Ferrand<\/a> s\u2019associe avec <a href=\"https:\/\/caviar-de-neuvic.com\/es_es\/\" target=\"_blank\" rel=\"noopener\">Caviar de Neuvic<\/a> pour proposer un Atelier D\u00e9gustation Vin &amp; <a href=\"https:\/\/caviar-de-neuvic.com\/es_es\/13-caviar\/\" target=\"_blank\" rel=\"noopener\">Caviar<\/a>. Cette collaboration offre une immersion dans l\u2019univers du vin et du caviar, permettant d\u2019explorer les similitudes et les particularit\u00e9s de ces deux produits prestigieux.<\/p>\n<h3>Une Exp\u00e9rience \u00c9labor\u00e9e<\/h3>\n<p>Cet atelier comprend une visite des chais du Ch\u00e2teau de Ferrand, o\u00f9 le sommelier du domaine pr\u00e9sentera les techniques de vinification. Ensuite, la Responsable Innovation de Caviar de Neuvic guidera les participants \u00e0 travers le processus d\u2019\u00e9levage et de d\u00e9gustation du caviar. Trois accords vin &amp; caviar seront propos\u00e9s pour une d\u00e9gustation comment\u00e9e.<\/p>\n\t\t<style>\n\t\t\t.blog_sticker{\n\t\t\t\tmargin-top: 50px !important;\n\t\t\t\tdisplay: flex;\n  \t\t\t\tjustify-content: center;\n\t\t\t\tflex-wrap: wrap;\n\t\t\t}\n\t\t\t.blog_sticker .product-miniature-list.row .span_1_of_3{\n\t\t\t\twidth: 100%!important;\n\t\t\t\tflex: 0 0 100%!important;\n\t\t\t\tmax-width: 400px!important;\n\t\t\t}\n\t\t\t.blog_sticker_right{\n\t\t\t\tmax-width: 400px;\n\t\t\t}\n\t\t\t.product-miniature-list.row {\n\t\t\t\tdisplay: flex;\n\t\t\t\tjustify-content: center;\n\t\t\t\tflex-wrap: wrap;\n\t\t\t}\n\t\t<\/style>\n\t\t<div class=\"blog_sticker d-flex flex-wrap\">\n\t\t\t<div class=\"blog_sticker_left col-sm-12 col-md-6 products-grid\">\n\t\t\t\t<div class=\"product-miniature-list row\">\n\t\t\t\t\t\t\t\t\t<\/div>\n\t\t\t<\/div>\n\t\t\t<div class=\"blog_sticker_right col-sm-12 col-md-6\">\n\t\t\t\t\t\t\t<\/div>\n\t\t<\/div>\n\t\n<h3>D\u00e9tails de l&rsquo;Atelier<\/h3>\n<ul>\n<li><strong>Dur\u00e9e :<\/strong> 2h00<\/li>\n<li><strong>Prix :<\/strong> 95 \u20ac TTC par personne<\/li>\n<li><strong>Groupe :<\/strong> 15 personnes maximum<\/li>\n<li><strong>Dates :<\/strong>\n<ul>\n<li>Jeudi 25 juillet 2025, de 10h \u00e0 12h<\/li>\n<li>Jeudi 8 ao\u00fbt 2025, de 10h \u00e0 12h<\/li>\n<\/ul>\n<\/li>\n<\/ul>\n<h3>Concours Sp\u00e9cial<\/h3>\n<p>Un concours est organis\u00e9 sur notre compte Instagram @caviardeneuvic pour gagner une place \u00e0 l\u2019un des ateliers. Pour participer :<\/p>\n<ol>\n<li>Abonnez-vous aux comptes Instagram <a href=\"https:\/\/www.instagram.com\/caviardeneuvic\" target=\"_new\" rel=\"noreferrer noopener\">@caviardeneuvic<\/a> et <a href=\"https:\/\/www.instagram.com\/chateaudeferrand\" target=\"_new\" rel=\"noreferrer noopener\">@chateaudeferrand<\/a>.<\/li>\n<li>Aimez la photo du concours.<\/li>\n<li>Invitez deux amis en commentaire.<\/li>\n<li>Partagez le post dans votre story.<\/li>\n<\/ol>\n<p>Le concours se termine le 10 juillet 2024. Les gagnants seront annonc\u00e9s en story et par message priv\u00e9. Le concours est r\u00e9serv\u00e9 aux r\u00e9sidents de France (hors Corse) majeurs.<\/p>\n<h3>\u00c0 Propos du Ch\u00e2teau de Ferrand<\/h3>\n<p>Le Ch\u00e2teau de Ferrand est un Grand Cru Class\u00e9 de Saint-\u00c9milion depuis 2012. Pauline Bich et son mari Philippe Chandon-Mo\u00ebt ont repris la gestion du domaine en 2005, apportant des am\u00e9liorations significatives aux vignes et aux chais. Le vignoble de 30 hectares est principalement plant\u00e9 de Merlot (70 \u00e0 80 %), avec du Cabernet-Franc (10 \u00e0 20 %) et du Cabernet-Sauvignon. Le domaine pratique l\u2019agriculture raisonn\u00e9e, respectant l\u2019environnement tout en produisant des vins de qualit\u00e9.<\/p>\n<h3>R\u00e9servation<\/h3>\n<p>Pour plus d&rsquo;informations et pour r\u00e9server votre place rendez-vous sur le site internet du <a href=\"https:\/\/www.wineactivities.net\/api\/1576661772506_fbzvps1gu\/?ppt=1719308509016_vx0sq1rhc\" target=\"_blank\" rel=\"noopener\">Ch\u00e2teau de Ferrand.<\/a><\/p>","protected":false},"excerpt":{"rendered":"<p>Atelier D\u00e9gustation Vin &amp; Caviar au Ch\u00e2teau de Ferrand avec Caviar de Neuvic Le Ch\u00e2teau de Ferrand s\u2019associe avec Caviar de Neuvic pour proposer un Atelier D\u00e9gustation Vin &amp; Caviar. Cette collaboration offre une immersion dans l\u2019univers du vin et du caviar, permettant d\u2019explorer les similitudes et les particularit\u00e9s de ces deux produits prestigieux. Une [&hellip;]<\/p>\n","protected":false},"author":11896,"featured_media":21157,"comment_status":"open","ping_status":"closed","sticky":false,"template":"","format":"standard","meta":{"_acf_changed":false,"ocean_post_layout":"","ocean_both_sidebars_style":"","ocean_both_sidebars_content_width":0,"ocean_both_sidebars_sidebars_width":0,"ocean_sidebar":"","ocean_second_sidebar":"","ocean_disable_margins":"enable","ocean_add_body_class":"","ocean_shortcode_before_top_bar":"","ocean_shortcode_after_top_bar":"","ocean_shortcode_before_header":"","ocean_shortcode_after_header":"","ocean_has_shortcode":"","ocean_shortcode_after_title":"","ocean_shortcode_before_footer_widgets":"","ocean_shortcode_after_footer_widgets":"","ocean_shortcode_before_footer_bottom":"","ocean_shortcode_after_footer_bottom":"","ocean_display_top_bar":"default","ocean_display_header":"default","ocean_header_style":"","ocean_center_header_left_menu":"","ocean_custom_header_template":"","ocean_custom_logo":0,"ocean_custom_retina_logo":0,"ocean_custom_logo_max_width":0,"ocean_custom_logo_tablet_max_width":0,"ocean_custom_logo_mobile_max_width":0,"ocean_custom_logo_max_height":0,"ocean_custom_logo_tablet_max_height":0,"ocean_custom_logo_mobile_max_height":0,"ocean_header_custom_menu":"","ocean_menu_typo_font_family":"","ocean_menu_typo_font_subset":"","ocean_menu_typo_font_size":0,"ocean_menu_typo_font_size_tablet":0,"ocean_menu_typo_font_size_mobile":0,"ocean_menu_typo_font_size_unit":"px","ocean_menu_typo_font_weight":"","ocean_menu_typo_font_weight_tablet":"","ocean_menu_typo_font_weight_mobile":"","ocean_menu_typo_transform":"","ocean_menu_typo_transform_tablet":"","ocean_menu_typo_transform_mobile":"","ocean_menu_typo_line_height":0,"ocean_menu_typo_line_height_tablet":0,"ocean_menu_typo_line_height_mobile":0,"ocean_menu_typo_line_height_unit":"","ocean_menu_typo_spacing":0,"ocean_menu_typo_spacing_tablet":0,"ocean_menu_typo_spacing_mobile":0,"ocean_menu_typo_spacing_unit":"","ocean_menu_link_color":"","ocean_menu_link_color_hover":"","ocean_menu_link_color_active":"","ocean_menu_link_background":"","ocean_menu_link_hover_background":"","ocean_menu_link_active_background":"","ocean_menu_social_links_bg":"","ocean_menu_social_hover_links_bg":"","ocean_menu_social_links_color":"","ocean_menu_social_hover_links_color":"","ocean_disable_title":"default","ocean_disable_heading":"default","ocean_post_title":"","ocean_post_subheading":"","ocean_post_title_style":"","ocean_post_title_background_color":"","ocean_post_title_background":0,"ocean_post_title_bg_image_position":"","ocean_post_title_bg_image_attachment":"","ocean_post_title_bg_image_repeat":"","ocean_post_title_bg_image_size":"","ocean_post_title_height":0,"ocean_post_title_bg_overlay":0.5,"ocean_post_title_bg_overlay_color":"","ocean_disable_breadcrumbs":"default","ocean_breadcrumbs_color":"","ocean_breadcrumbs_separator_color":"","ocean_breadcrumbs_links_color":"","ocean_breadcrumbs_links_hover_color":"","ocean_display_footer_widgets":"default","ocean_display_footer_bottom":"default","ocean_custom_footer_template":"","omw_enable_modal_window":"enable","ocean_post_oembed":"","ocean_post_self_hosted_media":"","ocean_post_video_embed":"","ocean_link_format":"","ocean_link_format_target":"self","ocean_quote_format":"","ocean_quote_format_link":"post","ocean_gallery_link_images":"on","ocean_gallery_id":[],"footnotes":""},"categories":[300,290],"tags":[],"class_list":["post-20859","post","type-post","status-publish","format-standard","has-post-thumbnail","hentry","category-actualites","category-partenariats-evenements","entry","has-media","owp-thumbs-layout-vertical","owp-btn-normal","owp-tabs-layout-horizontal","has-no-thumbnails","has-product-nav"],"acf":[],"yoast_head":"<!-- This site is optimized with the Yoast SEO plugin v27.5 - https:\/\/yoast.com\/product\/yoast-seo-wordpress\/ -->\n<title>Atelier D\u00e9gustation Vin et Caviar - Producteur Fran\u00e7ais De Caviar<\/title>\n<meta name=\"description\" content=\"Atelier D\u00e9gustation Vin et Caviar. Le Ch\u00e2teau de Ferrand s\u2019associe avec Caviar de Neuvic pour proposer un Atelier D\u00e9gustation Vin &amp; Caviar.\" \/>\n<meta name=\"robots\" content=\"index, follow, max-snippet:-1, max-image-preview:large, max-video-preview:-1\" \/>\n<link rel=\"canonical\" href=\"https:\/\/caviar-de-neuvic.com\/es_es\/partenariats-evenements\/atelier-degustation-vin-et-caviar\/\" \/>\n<meta property=\"og:locale\" content=\"es_ES\" \/>\n<meta property=\"og:type\" content=\"article\" \/>\n<meta property=\"og:title\" content=\"Atelier D\u00e9gustation Vin et Caviar - Producteur Fran\u00e7ais De Caviar\" \/>\n<meta property=\"og:description\" content=\"Atelier D\u00e9gustation Vin et Caviar. Le Ch\u00e2teau de Ferrand s\u2019associe avec Caviar de Neuvic pour proposer un Atelier D\u00e9gustation Vin &amp; Caviar.\" \/>\n<meta property=\"og:url\" content=\"https:\/\/caviar-de-neuvic.com\/es_es\/partenariats-evenements\/atelier-degustation-vin-et-caviar\/\" \/>\n<meta property=\"og:site_name\" content=\"Producteur Fran\u00e7ais De Caviar\" \/>\n<meta property=\"article:published_time\" content=\"2024-07-03T09:23:03+00:00\" \/>\n<meta property=\"og:image\" content=\"https:\/\/caviar-de-neuvic.com\/wp-content\/uploads\/2024\/07\/CDN_CHATEAUDEFERRAND_020622_\u00aeAV-43.jpg\" \/>\n\t<meta property=\"og:image:width\" content=\"1920\" \/>\n\t<meta property=\"og:image:height\" content=\"1281\" \/>\n\t<meta property=\"og:image:type\" content=\"image\/jpeg\" \/>\n<meta name=\"author\" content=\"Laurine Gay\" \/>\n<meta name=\"twitter:card\" content=\"summary_large_image\" \/>\n<meta name=\"twitter:label1\" content=\"Escrito por\" \/>\n\t<meta name=\"twitter:data1\" content=\"Laurine Gay\" \/>\n\t<meta name=\"twitter:label2\" content=\"Tiempo de lectura\" \/>\n\t<meta name=\"twitter:data2\" content=\"2 minutos\" \/>\n<script type=\"application\/ld+json\" class=\"yoast-schema-graph\">{\"@context\":\"https:\\\/\\\/schema.org\",\"@graph\":[{\"@type\":\"Article\",\"@id\":\"https:\\\/\\\/caviar-de-neuvic.com\\\/fr\\\/partenariats-evenements\\\/atelier-degustation-vin-et-caviar\\\/#article\",\"isPartOf\":{\"@id\":\"https:\\\/\\\/caviar-de-neuvic.com\\\/fr\\\/partenariats-evenements\\\/atelier-degustation-vin-et-caviar\\\/\"},\"author\":{\"name\":\"Laurine Gay\",\"@id\":\"http:\\\/\\\/caviar-de-neuvic.com\\\/fr\\\/#\\\/schema\\\/person\\\/89912ad55a5ddd5efeb92f2d32511b03\"},\"headline\":\"Atelier D\u00e9gustation Vin et Caviar\",\"datePublished\":\"2024-07-03T09:23:03+00:00\",\"mainEntityOfPage\":{\"@id\":\"https:\\\/\\\/caviar-de-neuvic.com\\\/fr\\\/partenariats-evenements\\\/atelier-degustation-vin-et-caviar\\\/\"},\"wordCount\":337,\"commentCount\":0,\"publisher\":{\"@id\":\"http:\\\/\\\/caviar-de-neuvic.com\\\/fr\\\/#organization\"},\"image\":{\"@id\":\"https:\\\/\\\/caviar-de-neuvic.com\\\/fr\\\/partenariats-evenements\\\/atelier-degustation-vin-et-caviar\\\/#primaryimage\"},\"thumbnailUrl\":\"https:\\\/\\\/caviar-de-neuvic.com\\\/wp-content\\\/uploads\\\/2024\\\/07\\\/CDN_CHATEAUDEFERRAND_020622_\u00aeAV-43.jpg\",\"articleSection\":[\"Actualit\u00e9s\",\"Partenariats &amp; \u00c9v\u00e9nements\"],\"inLanguage\":\"es\",\"potentialAction\":[{\"@type\":\"CommentAction\",\"name\":\"Comment\",\"target\":[\"https:\\\/\\\/caviar-de-neuvic.com\\\/fr\\\/partenariats-evenements\\\/atelier-degustation-vin-et-caviar\\\/#respond\"]}]},{\"@type\":\"WebPage\",\"@id\":\"https:\\\/\\\/caviar-de-neuvic.com\\\/fr\\\/partenariats-evenements\\\/atelier-degustation-vin-et-caviar\\\/\",\"url\":\"https:\\\/\\\/caviar-de-neuvic.com\\\/fr\\\/partenariats-evenements\\\/atelier-degustation-vin-et-caviar\\\/\",\"name\":\"Atelier D\u00e9gustation Vin et Caviar - Producteur Fran\u00e7ais De Caviar\",\"isPartOf\":{\"@id\":\"http:\\\/\\\/caviar-de-neuvic.com\\\/fr\\\/#website\"},\"primaryImageOfPage\":{\"@id\":\"https:\\\/\\\/caviar-de-neuvic.com\\\/fr\\\/partenariats-evenements\\\/atelier-degustation-vin-et-caviar\\\/#primaryimage\"},\"image\":{\"@id\":\"https:\\\/\\\/caviar-de-neuvic.com\\\/fr\\\/partenariats-evenements\\\/atelier-degustation-vin-et-caviar\\\/#primaryimage\"},\"thumbnailUrl\":\"https:\\\/\\\/caviar-de-neuvic.com\\\/wp-content\\\/uploads\\\/2024\\\/07\\\/CDN_CHATEAUDEFERRAND_020622_\u00aeAV-43.jpg\",\"datePublished\":\"2024-07-03T09:23:03+00:00\",\"description\":\"Atelier D\u00e9gustation Vin et Caviar. Le Ch\u00e2teau de Ferrand s\u2019associe avec Caviar de Neuvic pour proposer un Atelier D\u00e9gustation Vin & Caviar.\",\"breadcrumb\":{\"@id\":\"https:\\\/\\\/caviar-de-neuvic.com\\\/fr\\\/partenariats-evenements\\\/atelier-degustation-vin-et-caviar\\\/#breadcrumb\"},\"inLanguage\":\"es\",\"potentialAction\":[{\"@type\":\"ReadAction\",\"target\":[\"https:\\\/\\\/caviar-de-neuvic.com\\\/fr\\\/partenariats-evenements\\\/atelier-degustation-vin-et-caviar\\\/\"]}]},{\"@type\":\"ImageObject\",\"inLanguage\":\"es\",\"@id\":\"https:\\\/\\\/caviar-de-neuvic.com\\\/fr\\\/partenariats-evenements\\\/atelier-degustation-vin-et-caviar\\\/#primaryimage\",\"url\":\"https:\\\/\\\/caviar-de-neuvic.com\\\/wp-content\\\/uploads\\\/2024\\\/07\\\/CDN_CHATEAUDEFERRAND_020622_\u00aeAV-43.jpg\",\"contentUrl\":\"https:\\\/\\\/caviar-de-neuvic.com\\\/wp-content\\\/uploads\\\/2024\\\/07\\\/CDN_CHATEAUDEFERRAND_020622_\u00aeAV-43.jpg\",\"width\":1920,\"height\":1281,\"caption\":\"Atelier D\u00e9gustation Vin et Caviar\"},{\"@type\":\"BreadcrumbList\",\"@id\":\"https:\\\/\\\/caviar-de-neuvic.com\\\/fr\\\/partenariats-evenements\\\/atelier-degustation-vin-et-caviar\\\/#breadcrumb\",\"itemListElement\":[{\"@type\":\"ListItem\",\"position\":1,\"name\":\"Caviar de Neuvic\",\"item\":\"https:\\\/\\\/caviar-de-neuvic.com\\\/\"},{\"@type\":\"ListItem\",\"position\":2,\"name\":\"Atelier D\u00e9gustation Vin et Caviar\"}]},{\"@type\":\"WebSite\",\"@id\":\"http:\\\/\\\/caviar-de-neuvic.com\\\/fr\\\/#website\",\"url\":\"http:\\\/\\\/caviar-de-neuvic.com\\\/fr\\\/\",\"name\":\"Producteur Fran\u00e7ais De Caviar\",\"description\":\"\",\"publisher\":{\"@id\":\"http:\\\/\\\/caviar-de-neuvic.com\\\/fr\\\/#organization\"},\"potentialAction\":[{\"@type\":\"SearchAction\",\"target\":{\"@type\":\"EntryPoint\",\"urlTemplate\":\"http:\\\/\\\/caviar-de-neuvic.com\\\/fr\\\/?s={search_term_string}\"},\"query-input\":{\"@type\":\"PropertyValueSpecification\",\"valueRequired\":true,\"valueName\":\"search_term_string\"}}],\"inLanguage\":\"es\"},{\"@type\":\"Organization\",\"@id\":\"http:\\\/\\\/caviar-de-neuvic.com\\\/fr\\\/#organization\",\"name\":\"Producteur Fran\u00e7ais De Caviar\",\"url\":\"http:\\\/\\\/caviar-de-neuvic.com\\\/fr\\\/\",\"logo\":{\"@type\":\"ImageObject\",\"inLanguage\":\"es\",\"@id\":\"http:\\\/\\\/caviar-de-neuvic.com\\\/fr\\\/#\\\/schema\\\/logo\\\/image\\\/\",\"url\":\"\",\"contentUrl\":\"\",\"caption\":\"Producteur Fran\u00e7ais De Caviar\"},\"image\":{\"@id\":\"http:\\\/\\\/caviar-de-neuvic.com\\\/fr\\\/#\\\/schema\\\/logo\\\/image\\\/\"}},{\"@type\":\"Person\",\"@id\":\"http:\\\/\\\/caviar-de-neuvic.com\\\/fr\\\/#\\\/schema\\\/person\\\/89912ad55a5ddd5efeb92f2d32511b03\",\"name\":\"Laurine Gay\",\"url\":\"https:\\\/\\\/caviar-de-neuvic.com\\\/es_es\\\/author\\\/laurine-gaycaviardeneuvic-com\\\/\"}]}<\/script>\n<!-- \/ Yoast SEO plugin. -->","yoast_head_json":{"title":"Atelier D\u00e9gustation Vin et Caviar - Producteur Fran\u00e7ais De Caviar","description":"Atelier D\u00e9gustation Vin et Caviar. Le Ch\u00e2teau de Ferrand s\u2019associe avec Caviar de Neuvic pour proposer un Atelier D\u00e9gustation Vin & Caviar.","robots":{"index":"index","follow":"follow","max-snippet":"max-snippet:-1","max-image-preview":"max-image-preview:large","max-video-preview":"max-video-preview:-1"},"canonical":"https:\/\/caviar-de-neuvic.com\/es_es\/partenariats-evenements\/atelier-degustation-vin-et-caviar\/","og_locale":"es_ES","og_type":"article","og_title":"Atelier D\u00e9gustation Vin et Caviar - Producteur Fran\u00e7ais De Caviar","og_description":"Atelier D\u00e9gustation Vin et Caviar. Le Ch\u00e2teau de Ferrand s\u2019associe avec Caviar de Neuvic pour proposer un Atelier D\u00e9gustation Vin & Caviar.","og_url":"https:\/\/caviar-de-neuvic.com\/es_es\/partenariats-evenements\/atelier-degustation-vin-et-caviar\/","og_site_name":"Producteur Fran\u00e7ais De Caviar","article_published_time":"2024-07-03T09:23:03+00:00","og_image":[{"width":1920,"height":1281,"url":"https:\/\/caviar-de-neuvic.com\/wp-content\/uploads\/2024\/07\/CDN_CHATEAUDEFERRAND_020622_\u00aeAV-43.jpg","type":"image\/jpeg"}],"author":"Laurine Gay","twitter_card":"summary_large_image","twitter_misc":{"Escrito por":"Laurine Gay","Tiempo de lectura":"2 minutos"},"schema":{"@context":"https:\/\/schema.org","@graph":[{"@type":"Article","@id":"https:\/\/caviar-de-neuvic.com\/fr\/partenariats-evenements\/atelier-degustation-vin-et-caviar\/#article","isPartOf":{"@id":"https:\/\/caviar-de-neuvic.com\/fr\/partenariats-evenements\/atelier-degustation-vin-et-caviar\/"},"author":{"name":"Laurine Gay","@id":"http:\/\/caviar-de-neuvic.com\/fr\/#\/schema\/person\/89912ad55a5ddd5efeb92f2d32511b03"},"headline":"Atelier D\u00e9gustation Vin et Caviar","datePublished":"2024-07-03T09:23:03+00:00","mainEntityOfPage":{"@id":"https:\/\/caviar-de-neuvic.com\/fr\/partenariats-evenements\/atelier-degustation-vin-et-caviar\/"},"wordCount":337,"commentCount":0,"publisher":{"@id":"http:\/\/caviar-de-neuvic.com\/fr\/#organization"},"image":{"@id":"https:\/\/caviar-de-neuvic.com\/fr\/partenariats-evenements\/atelier-degustation-vin-et-caviar\/#primaryimage"},"thumbnailUrl":"https:\/\/caviar-de-neuvic.com\/wp-content\/uploads\/2024\/07\/CDN_CHATEAUDEFERRAND_020622_\u00aeAV-43.jpg","articleSection":["Actualit\u00e9s","Partenariats &amp; \u00c9v\u00e9nements"],"inLanguage":"es","potentialAction":[{"@type":"CommentAction","name":"Comment","target":["https:\/\/caviar-de-neuvic.com\/fr\/partenariats-evenements\/atelier-degustation-vin-et-caviar\/#respond"]}]},{"@type":"WebPage","@id":"https:\/\/caviar-de-neuvic.com\/fr\/partenariats-evenements\/atelier-degustation-vin-et-caviar\/","url":"https:\/\/caviar-de-neuvic.com\/fr\/partenariats-evenements\/atelier-degustation-vin-et-caviar\/","name":"Atelier D\u00e9gustation Vin et Caviar - Producteur Fran\u00e7ais De Caviar","isPartOf":{"@id":"http:\/\/caviar-de-neuvic.com\/fr\/#website"},"primaryImageOfPage":{"@id":"https:\/\/caviar-de-neuvic.com\/fr\/partenariats-evenements\/atelier-degustation-vin-et-caviar\/#primaryimage"},"image":{"@id":"https:\/\/caviar-de-neuvic.com\/fr\/partenariats-evenements\/atelier-degustation-vin-et-caviar\/#primaryimage"},"thumbnailUrl":"https:\/\/caviar-de-neuvic.com\/wp-content\/uploads\/2024\/07\/CDN_CHATEAUDEFERRAND_020622_\u00aeAV-43.jpg","datePublished":"2024-07-03T09:23:03+00:00","description":"Atelier D\u00e9gustation Vin et Caviar. Le Ch\u00e2teau de Ferrand s\u2019associe avec Caviar de Neuvic pour proposer un Atelier D\u00e9gustation Vin & Caviar.","breadcrumb":{"@id":"https:\/\/caviar-de-neuvic.com\/fr\/partenariats-evenements\/atelier-degustation-vin-et-caviar\/#breadcrumb"},"inLanguage":"es","potentialAction":[{"@type":"ReadAction","target":["https:\/\/caviar-de-neuvic.com\/fr\/partenariats-evenements\/atelier-degustation-vin-et-caviar\/"]}]},{"@type":"ImageObject","inLanguage":"es","@id":"https:\/\/caviar-de-neuvic.com\/fr\/partenariats-evenements\/atelier-degustation-vin-et-caviar\/#primaryimage","url":"https:\/\/caviar-de-neuvic.com\/wp-content\/uploads\/2024\/07\/CDN_CHATEAUDEFERRAND_020622_\u00aeAV-43.jpg","contentUrl":"https:\/\/caviar-de-neuvic.com\/wp-content\/uploads\/2024\/07\/CDN_CHATEAUDEFERRAND_020622_\u00aeAV-43.jpg","width":1920,"height":1281,"caption":"Atelier D\u00e9gustation Vin et Caviar"},{"@type":"BreadcrumbList","@id":"https:\/\/caviar-de-neuvic.com\/fr\/partenariats-evenements\/atelier-degustation-vin-et-caviar\/#breadcrumb","itemListElement":[{"@type":"ListItem","position":1,"name":"Caviar de Neuvic","item":"https:\/\/caviar-de-neuvic.com\/"},{"@type":"ListItem","position":2,"name":"Atelier D\u00e9gustation Vin et Caviar"}]},{"@type":"WebSite","@id":"http:\/\/caviar-de-neuvic.com\/fr\/#website","url":"http:\/\/caviar-de-neuvic.com\/fr\/","name":"Producteur Fran\u00e7ais De Caviar","description":"","publisher":{"@id":"http:\/\/caviar-de-neuvic.com\/fr\/#organization"},"potentialAction":[{"@type":"SearchAction","target":{"@type":"EntryPoint","urlTemplate":"http:\/\/caviar-de-neuvic.com\/fr\/?s={search_term_string}"},"query-input":{"@type":"PropertyValueSpecification","valueRequired":true,"valueName":"search_term_string"}}],"inLanguage":"es"},{"@type":"Organization","@id":"http:\/\/caviar-de-neuvic.com\/fr\/#organization","name":"Producteur Fran\u00e7ais De Caviar","url":"http:\/\/caviar-de-neuvic.com\/fr\/","logo":{"@type":"ImageObject","inLanguage":"es","@id":"http:\/\/caviar-de-neuvic.com\/fr\/#\/schema\/logo\/image\/","url":"","contentUrl":"","caption":"Producteur Fran\u00e7ais De Caviar"},"image":{"@id":"http:\/\/caviar-de-neuvic.com\/fr\/#\/schema\/logo\/image\/"}},{"@type":"Person","@id":"http:\/\/caviar-de-neuvic.com\/fr\/#\/schema\/person\/89912ad55a5ddd5efeb92f2d32511b03","name":"Laurine Gay","url":"https:\/\/caviar-de-neuvic.com\/es_es\/author\/laurine-gaycaviardeneuvic-com\/"}]}},"_links":{"self":[{"href":"https:\/\/caviar-de-neuvic.com\/es_es\/wp-json\/wp\/v2\/posts\/20859","targetHints":{"allow":["GET"]}}],"collection":[{"href":"https:\/\/caviar-de-neuvic.com\/es_es\/wp-json\/wp\/v2\/posts"}],"about":[{"href":"https:\/\/caviar-de-neuvic.com\/es_es\/wp-json\/wp\/v2\/types\/post"}],"author":[{"embeddable":true,"href":"https:\/\/caviar-de-neuvic.com\/es_es\/wp-json\/wp\/v2\/users\/11896"}],"replies":[{"embeddable":true,"href":"https:\/\/caviar-de-neuvic.com\/es_es\/wp-json\/wp\/v2\/comments?post=20859"}],"version-history":[{"count":0,"href":"https:\/\/caviar-de-neuvic.com\/es_es\/wp-json\/wp\/v2\/posts\/20859\/revisions"}],"wp:featuredmedia":[{"embeddable":true,"href":"https:\/\/caviar-de-neuvic.com\/es_es\/wp-json\/wp\/v2\/media\/21157"}],"wp:attachment":[{"href":"https:\/\/caviar-de-neuvic.com\/es_es\/wp-json\/wp\/v2\/media?parent=20859"}],"wp:term":[{"taxonomy":"category","embeddable":true,"href":"https:\/\/caviar-de-neuvic.com\/es_es\/wp-json\/wp\/v2\/categories?post=20859"},{"taxonomy":"post_tag","embeddable":true,"href":"https:\/\/caviar-de-neuvic.com\/es_es\/wp-json\/wp\/v2\/tags?post=20859"}],"curies":[{"name":"wp","href":"https:\/\/api.w.org\/{rel}","templated":true}]}}