{"id":20860,"date":"2024-08-30T11:21:04","date_gmt":"2024-08-30T09:21:04","guid":{"rendered":"https:\/\/caviar-de-neuvic.com\/parlons-caviar-old\/?p=7906"},"modified":"2024-08-30T11:21:04","modified_gmt":"2024-08-30T09:21:04","slug":"nouvelle-formation-e-learning-dediee-a-lunivers-du-caviar","status":"publish","type":"post","link":"https:\/\/caviar-de-neuvic.com\/es_es\/actualites\/nouvelle-formation-e-learning-dediee-a-lunivers-du-caviar\/","title":{"rendered":"Nouvelle Formation E-learning d\u00e9di\u00e9e \u00e0 l&rsquo;univers du caviar"},"content":{"rendered":"<p>Nouvelle Formation E-learning d\u00e9di\u00e9e \u00e0 l&rsquo;univers du caviar.<\/p>\n<p><span style=\"font-weight: 400;\">Caviar de Neuvic annonce la mise en ligne de son nouveau programme de formation d\u00e9di\u00e9 au <a href=\"https:\/\/caviar-de-neuvic.com\/es_es\/parlons-caviar-old\/universducaviar\/quels-sens-mobiliser-pour-la-degustation-de-caviar\/\" target=\"_blank\" rel=\"noopener\">caviar.<\/a> Nous proposons ce parcours, compos\u00e9 de 12 vid\u00e9os et de 10 \u00e9pisodes d\u00e9taill\u00e9s, en trois langues (Fran\u00e7ais, Anglais, Japonais). Il aborde l\u2019histoire du caviar, ses m\u00e9thodes de production, les diff\u00e9rentes mani\u00e8res de le d\u00e9guster tout en mettant en lumi\u00e8re les d\u00e9fis sp\u00e9cifiques rencontr\u00e9s \u00e0 Neuvic.<\/span><\/p>\n<p><iframe title=\"YouTube video player\" src=\"https:\/\/www.youtube.com\/embed\/KpJghMGPVDM?si=q58B-yPn0jtfnkZS\" width=\"560\" height=\"315\" frameborder=\"0\" allowfullscreen=\"allowfullscreen\"><\/iframe><\/p>\n<h3><b>Une formation en ligne accessible et compl\u00e8te<\/b><\/h3>\n<p><span style=\"font-weight: 400;\">Nous avons optimis\u00e9 la formation pour qu\u2019elle soit accessible sur tous les appareils \u2013 mobile, tablette et ordinateur \u2013 permettant ainsi aux participants de suivre les modules \u00e0 leur propre rythme et selon leurs disponibilit\u00e9s. Con\u00e7ue pour s\u2019adapter \u00e0 tous les niveaux d\u2019exp\u00e9rience, elle inclut une vari\u00e9t\u00e9 de supports p\u00e9dagogiques, tels que des documents PDF, des graphiques, des diagrammes organoleptiques, ainsi que des conseils pratiques.<\/span><\/p>\n<p><span style=\"font-weight: 400;\">D\u2019une dur\u00e9e totale de 3 \u00e0 4 heures, la formation est structur\u00e9e en vid\u00e9o de 15 minutes chacune. Apr\u00e8s chaque vid\u00e9o, les participants ont la possibilit\u00e9 de tester leurs connaissances gr\u00e2ce \u00e0 un quiz interactif. \u00c0 la fin du parcours, nous d\u00e9livrerons un certificat TOIC (Test Of International Caviar), sign\u00e9 par Laurent Deverlanges, pour attester de la compl\u00e9tion et de la rigueur du programme.<\/span><\/p>\n<p><span style=\"font-weight: 400;\">Les professionnels du secteur peuvent \u00e9galement demander des acc\u00e8s exclusifs aupr\u00e8s de nos formateurs, leur donnant acc\u00e8s \u00e0 des ressources suppl\u00e9mentaires pour approfondir leur expertise.<\/span><\/p>\n<h3><b>Une ouverture progressive de la formation<\/b><\/h3>\n<p><span style=\"font-weight: 400;\">La formation sera d&rsquo;abord lanc\u00e9e en septembre pour les professionnels du secteur, qui b\u00e9n\u00e9ficieront d\u2019un acc\u00e8s exclusif \u00e0 des ressources suppl\u00e9mentaires. D\u00e8s octobre, elle sera ouverte au grand public avec une offre \u00ab\u00a0phy-digitale\u00a0\u00bb combinant formation en ligne et d\u00e9gustation de produits de la Maison.\u00a0<\/span><\/p>\n<p><span style=\"font-weight: 400;\">Trois options seront propos\u00e9es aux particuliers :<\/span><\/p>\n<ol>\n<li><b>\u201cL\u2019art de la d\u00e9gustation\u201d<\/b><\/li>\n<\/ol>\n<ul>\n<li style=\"font-weight: 400;\" aria-level=\"1\"><span style=\"font-weight: 400;\">Acc\u00e8s \u00e0 l\u2019\u00e9pisode \u00ab\u00a0Art de la d\u00e9gustation\u00a0\u00bb<\/span><\/li>\n<li style=\"font-weight: 400;\" aria-level=\"1\"><span style=\"font-weight: 400;\">10g de caviar Baeri Signature<\/span><\/li>\n<li style=\"font-weight: 400;\" aria-level=\"1\"><span style=\"font-weight: 400;\">10g de caviar Osci\u00e8tre Signature<\/span><\/li>\n<li style=\"font-weight: 400;\" aria-level=\"1\"><span style=\"font-weight: 400;\">1 cuchara de n\u00e1car con logotipo.<\/span><\/li>\n<li style=\"font-weight: 400;\" aria-level=\"1\"><span style=\"font-weight: 400;\">1 llave para caviar.<\/span><\/li>\n<\/ul>\n<p><b>80 euros<\/b><\/p>\n<ol>\n<li><b>\u201cFormation caviariste\u201d<\/b><\/li>\n<\/ol>\n<ul>\n<li style=\"font-weight: 400;\" aria-level=\"1\"><span style=\"font-weight: 400;\">Acc\u00e8s \u00e0 l\u2019int\u00e9gralit\u00e9 des \u00e9pisodes de la formation<\/span><\/li>\n<\/ul>\n<p><b>99 euros<\/b><\/p>\n<ol>\n<li><b>\u201cExpert en caviarologie\u201d<\/b><\/li>\n<\/ol>\n<ul>\n<li style=\"font-weight: 400;\" aria-level=\"1\"><span style=\"font-weight: 400;\">Acc\u00e8s \u00e0 la formation compl\u00e8te<\/span><\/li>\n<li style=\"font-weight: 400;\" aria-level=\"1\"><span style=\"font-weight: 400;\">10g de caviar Baeri Signature<\/span><\/li>\n<li style=\"font-weight: 400;\" aria-level=\"1\"><span style=\"font-weight: 400;\">10g de caviar Osci\u00e8tre Signature<\/span><\/li>\n<li style=\"font-weight: 400;\" aria-level=\"1\"><span style=\"font-weight: 400;\">1 beurre de caviar<\/span><\/li>\n<li style=\"font-weight: 400;\" aria-level=\"1\"><span style=\"font-weight: 400;\">1 vodka (5cl)<\/span><\/li>\n<li style=\"font-weight: 400;\" aria-level=\"1\"><span style=\"font-weight: 400;\">1 rillettes au caviar<\/span><\/li>\n<li style=\"font-weight: 400;\" aria-level=\"1\"><span style=\"font-weight: 400;\">1 soupe d\u2019esturgeon<\/span><\/li>\n<li style=\"font-weight: 400;\" aria-level=\"1\"><span style=\"font-weight: 400;\">1 visita a la finca<\/span><\/li>\n<li style=\"font-weight: 400;\" aria-level=\"1\"><span style=\"font-weight: 400;\">1 cuchara de n\u00e1car con logotipo.<\/span><\/li>\n<li style=\"font-weight: 400;\" aria-level=\"1\"><span style=\"font-weight: 400;\">1 llave para caviar.<\/span><\/li>\n<\/ul>\n<p><b>250 euros<\/b><\/p>\n<p><span style=\"font-weight: 400;\">Ces offres permettent d\u2019allier apprentissage th\u00e9orique et exp\u00e9rience pratique, offrant ainsi une immersion compl\u00e8te dans l\u2019univers du caviar.<\/span><\/p>\n\t\t<style>\n\t\t\t.blog_sticker{\n\t\t\t\tmargin-top: 50px !important;\n\t\t\t\tdisplay: flex;\n  \t\t\t\tjustify-content: center;\n\t\t\t\tflex-wrap: wrap;\n\t\t\t}\n\t\t\t.blog_sticker .product-miniature-list.row .span_1_of_3{\n\t\t\t\twidth: 100%!important;\n\t\t\t\tflex: 0 0 100%!important;\n\t\t\t\tmax-width: 400px!important;\n\t\t\t}\n\t\t\t.blog_sticker_right{\n\t\t\t\tmax-width: 400px;\n\t\t\t}\n\t\t\t.product-miniature-list.row {\n\t\t\t\tdisplay: flex;\n\t\t\t\tjustify-content: center;\n\t\t\t\tflex-wrap: wrap;\n\t\t\t}\n\t\t<\/style>\n\t\t<div class=\"blog_sticker d-flex flex-wrap\">\n\t\t\t<div class=\"blog_sticker_left col-sm-12 col-md-6 products-grid\">\n\t\t\t\t<div class=\"product-miniature-list row\">\n\t\t\t\t\t\t\t\t\t<\/div>\n\t\t\t<\/div>\n\t\t\t<div class=\"blog_sticker_right col-sm-12 col-md-6\">\n\t\t\t\t\t\t\t<\/div>\n\t\t<\/div>\n\t\n<h3><b>Une exp\u00e9rience unique \u00e0 ne pas manquer<\/b><\/h3>\n<blockquote><p><span style=\"font-weight: 400;\">Laurent Deverlanges, fondateur de Caviar de Neuvic, d\u00e9clare : \u00a0Cette formation repr\u00e9sente une opportunit\u00e9 unique de partager notre passion pour le caviar et d\u2019offrir une exp\u00e9rience immersive \u00e0 tous ceux qui souhaitent d\u00e9couvrir cet univers exceptionnel. \u00bb<\/span><\/p><\/blockquote>\n<p><span style=\"font-weight: 400;\">Les inscriptions pour les professionnels ouvriront le 1er septembre via le lien suivant :\u00a0<\/span><\/p>\n<p><span style=\"font-weight: 400;\">Le grand public pourra s&rsquo;inscrire \u00e0 partir du 1er octobre via le lien suivant :\u00a0<\/span><\/p>\n<p><span style=\"font-weight: 400;\">Nos formations seront disponibles sur son site internet <a href=\"https:\/\/caviar-de-neuvic.com\/es_es\/\">https:\/\/caviar-de-neuvic.com\/fr\/<\/a><\/span><\/p>\n<ul>\n<li><span style=\"font-weight: 400;\">16 Rue de l&rsquo;Od\u00e9on, 75006 Paris &#8211; <\/span><a href=\"https:\/\/www.google.com\/search?client=safari&amp;rls=en&amp;q=num%C3%A9ro+telephone+caviar+de+neuvic+paris&amp;ie=UTF-8&amp;oe=UTF-8#\"><span style=\"font-weight: 400;\">01 42 39 03 73<\/span><\/a><\/li>\n<li><span style=\"font-weight: 400;\">14 passage Sarget, 33000 Bordeaux &#8211; <\/span><a href=\"https:\/\/www.google.com\/search?q=num%C3%A9ro+telephone+caviar+de+neuvic+bordeuax&amp;client=safari&amp;rls=en&amp;sxsrf=ALiCzsZfF3d3-wKv7rrDI6fFXhmsoPnh_A%3A1666080317433&amp;ei=PV5OY6qJGseKlwSE5pmYBw&amp;ved=0ahUKEwjqm_PrqOn6AhVHxYUKHQRzBnMQ4dUDCA4&amp;uact=5&amp;oq=num%C3%A9ro+telephone+caviar+de+neuvic+bordeuax&amp;gs_lcp=Cgdnd3Mtd2l6EAMyBwghEKABEAoyBwghEKABEAo6CggAEEcQ1gQQsAM6DQgAEEcQ1gQQsAMQyQM6BAgjECc6BQghEKABSgQIQRgASgQIRhgAUOUCWMsPYKMRaAFwAXgAgAGcAYgB7AiSAQMwLjmYAQCgAQHIAQjAAQE&amp;sclient=gws-wiz#\"><span style=\"font-weight: 400;\">05 57 59 54 86<\/span><\/a><\/li>\n<li><span style=\"font-weight: 400;\">84, rue du Pre\u0301sident Edouard Herriot 69002 Lyon &#8211; <\/span><a href=\"https:\/\/www.google.com\/search?q=num%C3%A9ro+telephone+caviar+de+neuvic+lyon&amp;client=safari&amp;rls=en&amp;sxsrf=ALiCzsanf5I7h6zbmUAK6KHqC8z_yu7AOQ%3A1666080351969&amp;ei=X15OY-7iOoXUaca_tagD&amp;ved=0ahUKEwiujq_8qOn6AhUFahoKHcZfDTUQ4dUDCA4&amp;uact=5&amp;oq=num%C3%A9ro+telephone+caviar+de+neuvic+lyon&amp;gs_lcp=Cgdnd3Mtd2l6EAMyBQghEKABMgUIIRCgATIFCCEQoAE6BAgAEEc6BAgjECc6BAghEBVKBAhBGABKBAhGGABQcli1FGCdFmgAcAJ4AIABhASIAZISkgEJMC44LjMuNS0xmAEAoAEByAEIwAEB&amp;sclient=gws-wiz#\"><span style=\"font-weight: 400;\">04 78 82 34 17<\/span><\/a><\/li>\n<li><span style=\"font-weight: 400;\">430 route de la Veyssiere, 24190 Neuvic &#8211; <\/span><a href=\"https:\/\/www.google.com\/search?q=num%C3%A9ro+telephone+caviar+de+neuvic&amp;client=safari&amp;rls=en&amp;sxsrf=ALiCzsbhwurzOW-IjAhe0mEFbTWDPo1yDQ%3A1666080356032&amp;ei=ZF5OY_zEAYT4acfKrFA&amp;ved=0ahUKEwj8hqf-qOn6AhUEfBoKHUclCwoQ4dUDCA4&amp;uact=5&amp;oq=num%C3%A9ro+telephone+caviar+de+neuvic&amp;gs_lcp=Cgdnd3Mtd2l6EAMyBAgjECcyBAgjECcyBAgjECc6CggAEEcQ1gQQsAM6DQgAEEcQ1gQQsAMQyQM6DQgAEOQCENYEELADGAFKBAhNGAFKBAhBGABKBAhGGAFQ8QJY8QJgvQVoAXABeACAAXaIAXaSAQMwLjGYAQCgAQHIAQ3AAQHaAQYIARABGAk&amp;sclient=gws-wiz#\"><span style=\"font-weight: 400;\">05 53 80 89 57<\/span><\/a><\/li>\n<\/ul>","protected":false},"excerpt":{"rendered":"<p>Nouvelle Formation E-learning d\u00e9di\u00e9e \u00e0 l&rsquo;univers du caviar. Caviar de Neuvic annonce la mise en ligne de son nouveau programme de formation d\u00e9di\u00e9 au caviar. Nous proposons ce parcours, compos\u00e9 de 12 vid\u00e9os et de 10 \u00e9pisodes d\u00e9taill\u00e9s, en trois langues (Fran\u00e7ais, Anglais, Japonais). Il aborde l\u2019histoire du caviar, ses m\u00e9thodes de production, les diff\u00e9rentes [&hellip;]<\/p>\n","protected":false},"author":11896,"featured_media":21159,"comment_status":"open","ping_status":"closed","sticky":false,"template":"","format":"standard","meta":{"_acf_changed":false,"ocean_post_layout":"","ocean_both_sidebars_style":"","ocean_both_sidebars_content_width":0,"ocean_both_sidebars_sidebars_width":0,"ocean_sidebar":"","ocean_second_sidebar":"","ocean_disable_margins":"enable","ocean_add_body_class":"","ocean_shortcode_before_top_bar":"","ocean_shortcode_after_top_bar":"","ocean_shortcode_before_header":"","ocean_shortcode_after_header":"","ocean_has_shortcode":"","ocean_shortcode_after_title":"","ocean_shortcode_before_footer_widgets":"","ocean_shortcode_after_footer_widgets":"","ocean_shortcode_before_footer_bottom":"","ocean_shortcode_after_footer_bottom":"","ocean_display_top_bar":"default","ocean_display_header":"default","ocean_header_style":"","ocean_center_header_left_menu":"","ocean_custom_header_template":"","ocean_custom_logo":0,"ocean_custom_retina_logo":0,"ocean_custom_logo_max_width":0,"ocean_custom_logo_tablet_max_width":0,"ocean_custom_logo_mobile_max_width":0,"ocean_custom_logo_max_height":0,"ocean_custom_logo_tablet_max_height":0,"ocean_custom_logo_mobile_max_height":0,"ocean_header_custom_menu":"","ocean_menu_typo_font_family":"","ocean_menu_typo_font_subset":"","ocean_menu_typo_font_size":0,"ocean_menu_typo_font_size_tablet":0,"ocean_menu_typo_font_size_mobile":0,"ocean_menu_typo_font_size_unit":"px","ocean_menu_typo_font_weight":"","ocean_menu_typo_font_weight_tablet":"","ocean_menu_typo_font_weight_mobile":"","ocean_menu_typo_transform":"","ocean_menu_typo_transform_tablet":"","ocean_menu_typo_transform_mobile":"","ocean_menu_typo_line_height":0,"ocean_menu_typo_line_height_tablet":0,"ocean_menu_typo_line_height_mobile":0,"ocean_menu_typo_line_height_unit":"","ocean_menu_typo_spacing":0,"ocean_menu_typo_spacing_tablet":0,"ocean_menu_typo_spacing_mobile":0,"ocean_menu_typo_spacing_unit":"","ocean_menu_link_color":"","ocean_menu_link_color_hover":"","ocean_menu_link_color_active":"","ocean_menu_link_background":"","ocean_menu_link_hover_background":"","ocean_menu_link_active_background":"","ocean_menu_social_links_bg":"","ocean_menu_social_hover_links_bg":"","ocean_menu_social_links_color":"","ocean_menu_social_hover_links_color":"","ocean_disable_title":"default","ocean_disable_heading":"default","ocean_post_title":"","ocean_post_subheading":"","ocean_post_title_style":"","ocean_post_title_background_color":"","ocean_post_title_background":0,"ocean_post_title_bg_image_position":"","ocean_post_title_bg_image_attachment":"","ocean_post_title_bg_image_repeat":"","ocean_post_title_bg_image_size":"","ocean_post_title_height":0,"ocean_post_title_bg_overlay":0.5,"ocean_post_title_bg_overlay_color":"","ocean_disable_breadcrumbs":"default","ocean_breadcrumbs_color":"","ocean_breadcrumbs_separator_color":"","ocean_breadcrumbs_links_color":"","ocean_breadcrumbs_links_hover_color":"","ocean_display_footer_widgets":"default","ocean_display_footer_bottom":"default","ocean_custom_footer_template":"","omw_enable_modal_window":"enable","ocean_post_oembed":"","ocean_post_self_hosted_media":"","ocean_post_video_embed":"","ocean_link_format":"","ocean_link_format_target":"self","ocean_quote_format":"","ocean_quote_format_link":"post","ocean_gallery_link_images":"on","ocean_gallery_id":[],"footnotes":""},"categories":[300],"tags":[],"class_list":["post-20860","post","type-post","status-publish","format-standard","has-post-thumbnail","hentry","category-actualites","entry","has-media","owp-thumbs-layout-vertical","owp-btn-normal","owp-tabs-layout-horizontal","has-no-thumbnails","has-product-nav"],"acf":[],"yoast_head":"<!-- This site is optimized with the Yoast SEO plugin v27.4 - https:\/\/yoast.com\/product\/yoast-seo-wordpress\/ -->\n<title>Nouvelle Formation E-learning d\u00e9di\u00e9e \u00e0 l&#039;univers du caviar - Producteur Fran\u00e7ais De Caviar<\/title>\n<meta name=\"description\" content=\"Nouvelle Formation E-learning d\u00e9di\u00e9e \u00e0 l&#039;univers du caviar. Caviar de Neuvic annonce la mise en ligne de son nouveau programme de formation.\" \/>\n<meta name=\"robots\" content=\"index, follow, max-snippet:-1, max-image-preview:large, max-video-preview:-1\" \/>\n<link rel=\"canonical\" href=\"https:\/\/caviar-de-neuvic.com\/es_es\/actualites\/nouvelle-formation-e-learning-dediee-a-lunivers-du-caviar\/\" \/>\n<meta property=\"og:locale\" content=\"es_ES\" \/>\n<meta property=\"og:type\" content=\"article\" \/>\n<meta property=\"og:title\" content=\"Nouvelle Formation E-learning d\u00e9di\u00e9e \u00e0 l&#039;univers du caviar - Producteur Fran\u00e7ais De Caviar\" \/>\n<meta property=\"og:description\" content=\"Nouvelle Formation E-learning d\u00e9di\u00e9e \u00e0 l&#039;univers du caviar. Caviar de Neuvic annonce la mise en ligne de son nouveau programme de formation.\" \/>\n<meta property=\"og:url\" content=\"https:\/\/caviar-de-neuvic.com\/es_es\/actualites\/nouvelle-formation-e-learning-dediee-a-lunivers-du-caviar\/\" \/>\n<meta property=\"og:site_name\" content=\"Producteur Fran\u00e7ais De Caviar\" \/>\n<meta property=\"article:published_time\" content=\"2024-08-30T09:21:04+00:00\" \/>\n<meta property=\"og:image\" content=\"https:\/\/caviar-de-neuvic.com\/wp-content\/uploads\/2024\/09\/TEASER-VF_2_300824.gif\" \/>\n\t<meta property=\"og:image:width\" content=\"600\" \/>\n\t<meta property=\"og:image:height\" content=\"338\" \/>\n\t<meta property=\"og:image:type\" content=\"image\/gif\" \/>\n<meta name=\"author\" content=\"Laurine Gay\" \/>\n<meta name=\"twitter:card\" content=\"summary_large_image\" \/>\n<meta name=\"twitter:label1\" content=\"Escrito por\" \/>\n\t<meta name=\"twitter:data1\" content=\"Laurine Gay\" \/>\n\t<meta name=\"twitter:label2\" content=\"Tiempo de lectura\" \/>\n\t<meta name=\"twitter:data2\" content=\"3 minutos\" \/>\n<script type=\"application\/ld+json\" class=\"yoast-schema-graph\">{\"@context\":\"https:\\\/\\\/schema.org\",\"@graph\":[{\"@type\":\"Article\",\"@id\":\"https:\\\/\\\/caviar-de-neuvic.com\\\/fr\\\/actualites\\\/nouvelle-formation-e-learning-dediee-a-lunivers-du-caviar\\\/#article\",\"isPartOf\":{\"@id\":\"https:\\\/\\\/caviar-de-neuvic.com\\\/fr\\\/actualites\\\/nouvelle-formation-e-learning-dediee-a-lunivers-du-caviar\\\/\"},\"author\":{\"name\":\"Laurine Gay\",\"@id\":\"http:\\\/\\\/caviar-de-neuvic.com\\\/fr\\\/#\\\/schema\\\/person\\\/89912ad55a5ddd5efeb92f2d32511b03\"},\"headline\":\"Nouvelle Formation E-learning d\u00e9di\u00e9e \u00e0 l&rsquo;univers du caviar\",\"datePublished\":\"2024-08-30T09:21:04+00:00\",\"mainEntityOfPage\":{\"@id\":\"https:\\\/\\\/caviar-de-neuvic.com\\\/fr\\\/actualites\\\/nouvelle-formation-e-learning-dediee-a-lunivers-du-caviar\\\/\"},\"wordCount\":558,\"commentCount\":0,\"publisher\":{\"@id\":\"http:\\\/\\\/caviar-de-neuvic.com\\\/fr\\\/#organization\"},\"image\":{\"@id\":\"https:\\\/\\\/caviar-de-neuvic.com\\\/fr\\\/actualites\\\/nouvelle-formation-e-learning-dediee-a-lunivers-du-caviar\\\/#primaryimage\"},\"thumbnailUrl\":\"https:\\\/\\\/caviar-de-neuvic.com\\\/wp-content\\\/uploads\\\/2024\\\/09\\\/TEASER-VF_2_300824.gif\",\"articleSection\":[\"Actualit\u00e9s\"],\"inLanguage\":\"es\",\"potentialAction\":[{\"@type\":\"CommentAction\",\"name\":\"Comment\",\"target\":[\"https:\\\/\\\/caviar-de-neuvic.com\\\/fr\\\/actualites\\\/nouvelle-formation-e-learning-dediee-a-lunivers-du-caviar\\\/#respond\"]}]},{\"@type\":\"WebPage\",\"@id\":\"https:\\\/\\\/caviar-de-neuvic.com\\\/fr\\\/actualites\\\/nouvelle-formation-e-learning-dediee-a-lunivers-du-caviar\\\/\",\"url\":\"https:\\\/\\\/caviar-de-neuvic.com\\\/fr\\\/actualites\\\/nouvelle-formation-e-learning-dediee-a-lunivers-du-caviar\\\/\",\"name\":\"Nouvelle Formation E-learning d\u00e9di\u00e9e \u00e0 l'univers du caviar - Producteur Fran\u00e7ais De Caviar\",\"isPartOf\":{\"@id\":\"http:\\\/\\\/caviar-de-neuvic.com\\\/fr\\\/#website\"},\"primaryImageOfPage\":{\"@id\":\"https:\\\/\\\/caviar-de-neuvic.com\\\/fr\\\/actualites\\\/nouvelle-formation-e-learning-dediee-a-lunivers-du-caviar\\\/#primaryimage\"},\"image\":{\"@id\":\"https:\\\/\\\/caviar-de-neuvic.com\\\/fr\\\/actualites\\\/nouvelle-formation-e-learning-dediee-a-lunivers-du-caviar\\\/#primaryimage\"},\"thumbnailUrl\":\"https:\\\/\\\/caviar-de-neuvic.com\\\/wp-content\\\/uploads\\\/2024\\\/09\\\/TEASER-VF_2_300824.gif\",\"datePublished\":\"2024-08-30T09:21:04+00:00\",\"description\":\"Nouvelle Formation E-learning d\u00e9di\u00e9e \u00e0 l'univers du caviar. Caviar de Neuvic annonce la mise en ligne de son nouveau programme de formation.\",\"breadcrumb\":{\"@id\":\"https:\\\/\\\/caviar-de-neuvic.com\\\/fr\\\/actualites\\\/nouvelle-formation-e-learning-dediee-a-lunivers-du-caviar\\\/#breadcrumb\"},\"inLanguage\":\"es\",\"potentialAction\":[{\"@type\":\"ReadAction\",\"target\":[\"https:\\\/\\\/caviar-de-neuvic.com\\\/fr\\\/actualites\\\/nouvelle-formation-e-learning-dediee-a-lunivers-du-caviar\\\/\"]}]},{\"@type\":\"ImageObject\",\"inLanguage\":\"es\",\"@id\":\"https:\\\/\\\/caviar-de-neuvic.com\\\/fr\\\/actualites\\\/nouvelle-formation-e-learning-dediee-a-lunivers-du-caviar\\\/#primaryimage\",\"url\":\"https:\\\/\\\/caviar-de-neuvic.com\\\/wp-content\\\/uploads\\\/2024\\\/09\\\/TEASER-VF_2_300824.gif\",\"contentUrl\":\"https:\\\/\\\/caviar-de-neuvic.com\\\/wp-content\\\/uploads\\\/2024\\\/09\\\/TEASER-VF_2_300824.gif\",\"width\":600,\"height\":338,\"caption\":\"Nouvelle Formation E-learning d\u00e9di\u00e9e \u00e0 l'univers du caviar\"},{\"@type\":\"BreadcrumbList\",\"@id\":\"https:\\\/\\\/caviar-de-neuvic.com\\\/fr\\\/actualites\\\/nouvelle-formation-e-learning-dediee-a-lunivers-du-caviar\\\/#breadcrumb\",\"itemListElement\":[{\"@type\":\"ListItem\",\"position\":1,\"name\":\"Caviar de Neuvic\",\"item\":\"https:\\\/\\\/caviar-de-neuvic.com\\\/\"},{\"@type\":\"ListItem\",\"position\":2,\"name\":\"Nouvelle Formation E-learning d\u00e9di\u00e9e \u00e0 l&rsquo;univers du caviar\"}]},{\"@type\":\"WebSite\",\"@id\":\"http:\\\/\\\/caviar-de-neuvic.com\\\/fr\\\/#website\",\"url\":\"http:\\\/\\\/caviar-de-neuvic.com\\\/fr\\\/\",\"name\":\"Producteur Fran\u00e7ais De Caviar\",\"description\":\"\",\"publisher\":{\"@id\":\"http:\\\/\\\/caviar-de-neuvic.com\\\/fr\\\/#organization\"},\"potentialAction\":[{\"@type\":\"SearchAction\",\"target\":{\"@type\":\"EntryPoint\",\"urlTemplate\":\"http:\\\/\\\/caviar-de-neuvic.com\\\/fr\\\/?s={search_term_string}\"},\"query-input\":{\"@type\":\"PropertyValueSpecification\",\"valueRequired\":true,\"valueName\":\"search_term_string\"}}],\"inLanguage\":\"es\"},{\"@type\":\"Organization\",\"@id\":\"http:\\\/\\\/caviar-de-neuvic.com\\\/fr\\\/#organization\",\"name\":\"Producteur Fran\u00e7ais De Caviar\",\"url\":\"http:\\\/\\\/caviar-de-neuvic.com\\\/fr\\\/\",\"logo\":{\"@type\":\"ImageObject\",\"inLanguage\":\"es\",\"@id\":\"http:\\\/\\\/caviar-de-neuvic.com\\\/fr\\\/#\\\/schema\\\/logo\\\/image\\\/\",\"url\":\"\",\"contentUrl\":\"\",\"caption\":\"Producteur Fran\u00e7ais De Caviar\"},\"image\":{\"@id\":\"http:\\\/\\\/caviar-de-neuvic.com\\\/fr\\\/#\\\/schema\\\/logo\\\/image\\\/\"}},{\"@type\":\"Person\",\"@id\":\"http:\\\/\\\/caviar-de-neuvic.com\\\/fr\\\/#\\\/schema\\\/person\\\/89912ad55a5ddd5efeb92f2d32511b03\",\"name\":\"Laurine Gay\",\"url\":\"https:\\\/\\\/caviar-de-neuvic.com\\\/es_es\\\/author\\\/laurine-gaycaviardeneuvic-com\\\/\"}]}<\/script>\n<!-- \/ Yoast SEO plugin. -->","yoast_head_json":{"title":"Nouvelle Formation E-learning d\u00e9di\u00e9e \u00e0 l'univers du caviar - Producteur Fran\u00e7ais De Caviar","description":"Nouvelle Formation E-learning d\u00e9di\u00e9e \u00e0 l'univers du caviar. Caviar de Neuvic annonce la mise en ligne de son nouveau programme de formation.","robots":{"index":"index","follow":"follow","max-snippet":"max-snippet:-1","max-image-preview":"max-image-preview:large","max-video-preview":"max-video-preview:-1"},"canonical":"https:\/\/caviar-de-neuvic.com\/es_es\/actualites\/nouvelle-formation-e-learning-dediee-a-lunivers-du-caviar\/","og_locale":"es_ES","og_type":"article","og_title":"Nouvelle Formation E-learning d\u00e9di\u00e9e \u00e0 l'univers du caviar - Producteur Fran\u00e7ais De Caviar","og_description":"Nouvelle Formation E-learning d\u00e9di\u00e9e \u00e0 l'univers du caviar. Caviar de Neuvic annonce la mise en ligne de son nouveau programme de formation.","og_url":"https:\/\/caviar-de-neuvic.com\/es_es\/actualites\/nouvelle-formation-e-learning-dediee-a-lunivers-du-caviar\/","og_site_name":"Producteur Fran\u00e7ais De Caviar","article_published_time":"2024-08-30T09:21:04+00:00","og_image":[{"url":"https:\/\/caviar-de-neuvic.com\/wp-content\/uploads\/2024\/09\/TEASER-VF_2_300824.gif","width":600,"height":338,"type":"image\/gif"}],"author":"Laurine Gay","twitter_card":"summary_large_image","twitter_misc":{"Escrito por":"Laurine Gay","Tiempo de lectura":"3 minutos"},"schema":{"@context":"https:\/\/schema.org","@graph":[{"@type":"Article","@id":"https:\/\/caviar-de-neuvic.com\/fr\/actualites\/nouvelle-formation-e-learning-dediee-a-lunivers-du-caviar\/#article","isPartOf":{"@id":"https:\/\/caviar-de-neuvic.com\/fr\/actualites\/nouvelle-formation-e-learning-dediee-a-lunivers-du-caviar\/"},"author":{"name":"Laurine Gay","@id":"http:\/\/caviar-de-neuvic.com\/fr\/#\/schema\/person\/89912ad55a5ddd5efeb92f2d32511b03"},"headline":"Nouvelle Formation E-learning d\u00e9di\u00e9e \u00e0 l&rsquo;univers du caviar","datePublished":"2024-08-30T09:21:04+00:00","mainEntityOfPage":{"@id":"https:\/\/caviar-de-neuvic.com\/fr\/actualites\/nouvelle-formation-e-learning-dediee-a-lunivers-du-caviar\/"},"wordCount":558,"commentCount":0,"publisher":{"@id":"http:\/\/caviar-de-neuvic.com\/fr\/#organization"},"image":{"@id":"https:\/\/caviar-de-neuvic.com\/fr\/actualites\/nouvelle-formation-e-learning-dediee-a-lunivers-du-caviar\/#primaryimage"},"thumbnailUrl":"https:\/\/caviar-de-neuvic.com\/wp-content\/uploads\/2024\/09\/TEASER-VF_2_300824.gif","articleSection":["Actualit\u00e9s"],"inLanguage":"es","potentialAction":[{"@type":"CommentAction","name":"Comment","target":["https:\/\/caviar-de-neuvic.com\/fr\/actualites\/nouvelle-formation-e-learning-dediee-a-lunivers-du-caviar\/#respond"]}]},{"@type":"WebPage","@id":"https:\/\/caviar-de-neuvic.com\/fr\/actualites\/nouvelle-formation-e-learning-dediee-a-lunivers-du-caviar\/","url":"https:\/\/caviar-de-neuvic.com\/fr\/actualites\/nouvelle-formation-e-learning-dediee-a-lunivers-du-caviar\/","name":"Nouvelle Formation E-learning d\u00e9di\u00e9e \u00e0 l'univers du caviar - Producteur Fran\u00e7ais De Caviar","isPartOf":{"@id":"http:\/\/caviar-de-neuvic.com\/fr\/#website"},"primaryImageOfPage":{"@id":"https:\/\/caviar-de-neuvic.com\/fr\/actualites\/nouvelle-formation-e-learning-dediee-a-lunivers-du-caviar\/#primaryimage"},"image":{"@id":"https:\/\/caviar-de-neuvic.com\/fr\/actualites\/nouvelle-formation-e-learning-dediee-a-lunivers-du-caviar\/#primaryimage"},"thumbnailUrl":"https:\/\/caviar-de-neuvic.com\/wp-content\/uploads\/2024\/09\/TEASER-VF_2_300824.gif","datePublished":"2024-08-30T09:21:04+00:00","description":"Nouvelle Formation E-learning d\u00e9di\u00e9e \u00e0 l'univers du caviar. Caviar de Neuvic annonce la mise en ligne de son nouveau programme de formation.","breadcrumb":{"@id":"https:\/\/caviar-de-neuvic.com\/fr\/actualites\/nouvelle-formation-e-learning-dediee-a-lunivers-du-caviar\/#breadcrumb"},"inLanguage":"es","potentialAction":[{"@type":"ReadAction","target":["https:\/\/caviar-de-neuvic.com\/fr\/actualites\/nouvelle-formation-e-learning-dediee-a-lunivers-du-caviar\/"]}]},{"@type":"ImageObject","inLanguage":"es","@id":"https:\/\/caviar-de-neuvic.com\/fr\/actualites\/nouvelle-formation-e-learning-dediee-a-lunivers-du-caviar\/#primaryimage","url":"https:\/\/caviar-de-neuvic.com\/wp-content\/uploads\/2024\/09\/TEASER-VF_2_300824.gif","contentUrl":"https:\/\/caviar-de-neuvic.com\/wp-content\/uploads\/2024\/09\/TEASER-VF_2_300824.gif","width":600,"height":338,"caption":"Nouvelle Formation E-learning d\u00e9di\u00e9e \u00e0 l'univers du caviar"},{"@type":"BreadcrumbList","@id":"https:\/\/caviar-de-neuvic.com\/fr\/actualites\/nouvelle-formation-e-learning-dediee-a-lunivers-du-caviar\/#breadcrumb","itemListElement":[{"@type":"ListItem","position":1,"name":"Caviar de Neuvic","item":"https:\/\/caviar-de-neuvic.com\/"},{"@type":"ListItem","position":2,"name":"Nouvelle Formation E-learning d\u00e9di\u00e9e \u00e0 l&rsquo;univers du caviar"}]},{"@type":"WebSite","@id":"http:\/\/caviar-de-neuvic.com\/fr\/#website","url":"http:\/\/caviar-de-neuvic.com\/fr\/","name":"Producteur Fran\u00e7ais De Caviar","description":"","publisher":{"@id":"http:\/\/caviar-de-neuvic.com\/fr\/#organization"},"potentialAction":[{"@type":"SearchAction","target":{"@type":"EntryPoint","urlTemplate":"http:\/\/caviar-de-neuvic.com\/fr\/?s={search_term_string}"},"query-input":{"@type":"PropertyValueSpecification","valueRequired":true,"valueName":"search_term_string"}}],"inLanguage":"es"},{"@type":"Organization","@id":"http:\/\/caviar-de-neuvic.com\/fr\/#organization","name":"Producteur Fran\u00e7ais De Caviar","url":"http:\/\/caviar-de-neuvic.com\/fr\/","logo":{"@type":"ImageObject","inLanguage":"es","@id":"http:\/\/caviar-de-neuvic.com\/fr\/#\/schema\/logo\/image\/","url":"","contentUrl":"","caption":"Producteur Fran\u00e7ais De Caviar"},"image":{"@id":"http:\/\/caviar-de-neuvic.com\/fr\/#\/schema\/logo\/image\/"}},{"@type":"Person","@id":"http:\/\/caviar-de-neuvic.com\/fr\/#\/schema\/person\/89912ad55a5ddd5efeb92f2d32511b03","name":"Laurine Gay","url":"https:\/\/caviar-de-neuvic.com\/es_es\/author\/laurine-gaycaviardeneuvic-com\/"}]}},"_links":{"self":[{"href":"https:\/\/caviar-de-neuvic.com\/es_es\/wp-json\/wp\/v2\/posts\/20860","targetHints":{"allow":["GET"]}}],"collection":[{"href":"https:\/\/caviar-de-neuvic.com\/es_es\/wp-json\/wp\/v2\/posts"}],"about":[{"href":"https:\/\/caviar-de-neuvic.com\/es_es\/wp-json\/wp\/v2\/types\/post"}],"author":[{"embeddable":true,"href":"https:\/\/caviar-de-neuvic.com\/es_es\/wp-json\/wp\/v2\/users\/11896"}],"replies":[{"embeddable":true,"href":"https:\/\/caviar-de-neuvic.com\/es_es\/wp-json\/wp\/v2\/comments?post=20860"}],"version-history":[{"count":0,"href":"https:\/\/caviar-de-neuvic.com\/es_es\/wp-json\/wp\/v2\/posts\/20860\/revisions"}],"wp:featuredmedia":[{"embeddable":true,"href":"https:\/\/caviar-de-neuvic.com\/es_es\/wp-json\/wp\/v2\/media\/21159"}],"wp:attachment":[{"href":"https:\/\/caviar-de-neuvic.com\/es_es\/wp-json\/wp\/v2\/media?parent=20860"}],"wp:term":[{"taxonomy":"category","embeddable":true,"href":"https:\/\/caviar-de-neuvic.com\/es_es\/wp-json\/wp\/v2\/categories?post=20860"},{"taxonomy":"post_tag","embeddable":true,"href":"https:\/\/caviar-de-neuvic.com\/es_es\/wp-json\/wp\/v2\/tags?post=20860"}],"curies":[{"name":"wp","href":"https:\/\/api.w.org\/{rel}","templated":true}]}}