{"id":20874,"date":"2025-04-24T10:00:18","date_gmt":"2025-04-24T08:00:18","guid":{"rendered":"https:\/\/caviar-de-neuvic.com\/parlons-caviar-old\/?p=8574"},"modified":"2025-11-19T14:01:32","modified_gmt":"2025-11-19T13:01:32","slug":"caviar-de-neuvic-present-pour-taste-of-paris","status":"publish","type":"post","link":"https:\/\/caviar-de-neuvic.com\/es_es\/partenariats-evenements\/caviar-de-neuvic-present-pour-taste-of-paris\/","title":{"rendered":"Caviar de Neuvic pr\u00e9sent pour Taste of Paris"},"content":{"rendered":"<p>Caviar de Neuvic pr\u00e9sent pour Taste of Paris<\/p>\n<p style=\"text-align: justify\">Du 8 au 11 mai 2025, <a href=\"https:\/\/caviar-de-neuvic.com\/es_es\/\" target=\"_blank\" rel=\"noopener\">Caviar de Neuvic<\/a> sera pr\u00e9sent sous la verri\u00e8re majestueuse de la Nef du Grand Palais, \u00e0 l\u2019occasion du retour tr\u00e8s attendu du festival <a href=\"https:\/\/paris.tastefestivals.com\" target=\"_blank\" rel=\"noopener\">Taste of Paris<\/a>. Pour c\u00e9l\u00e9brer les 10 ans de l\u2019\u00e9v\u00e9nement, le festival culinaire retrouve enfin son lieu d\u2019origine apr\u00e8s quatre ann\u00e9es de r\u00e9novation, pour une \u00e9dition exceptionnelle qui r\u00e9unira le meilleur de la sc\u00e8ne gastronomique fran\u00e7aise.<\/p>\n<h3 style=\"text-align: justify\">Une vitrine d\u2019excellence et de go\u00fbt<\/h3>\n<p style=\"text-align: justify\">Chefs \u00e9toil\u00e9s, jeunes talents prometteurs, artisans et producteurs engag\u00e9s : Taste of Paris est un rendez-vous incontournable pour les passionn\u00e9s de cuisine d\u2019exception. Sur place, les visiteurs pourront d\u00e9guster les plats signatures des restaurants les plus convoit\u00e9s du moment, en format d\u00e9gustation.<\/p>\n<p style=\"text-align: justify\">C\u00f4t\u00e9 producteurs, Caviar de Neuvic prendra place, aux c\u00f4t\u00e9s d\u2019autres maisonsd\u2019exception s\u00e9lectionn\u00e9es pour la qualit\u00e9 et l\u2019authenticit\u00e9 de leur savoir-faire.<\/p>\n<h3 style=\"text-align: justify\">Trois planches \u00e0 d\u00e9guster<\/h3>\n<p style=\"text-align: justify\">\u00c0 l\u2019occasion des quatre jours du festival, Caviar de Neuvic proposera trois compositions autour de l\u2019esturgeon et du caviar, \u00e0 consommer sur place. Bien entendu, les visiteurs auront \u00e9galement la possibilit\u00e9 de d\u00e9guster le <a href=\"https:\/\/caviar-de-neuvic.com\/es_es\/13-caviar\/\" target=\"_blank\" rel=\"noopener\">caviar<\/a> seul. Ils peuvent choisir le grammage souhait\u00e9, servi \u00ab\u00a0on the rock\u00a0\u00bb, sur gla\u00e7on.<\/p>\n<h4 style=\"text-align: justify\"><strong>Initiation \u2013 19\u20ac<\/strong><\/h4>\n<ul style=\"text-align: justify\">\n<li><a href=\"https:\/\/caviar-de-neuvic.com\/es_es\/beurres-et-taramas\/498-tarama-au-caviar.html\/\" target=\"_blank\" rel=\"noopener\">Tarama con caviar<\/a><\/li>\n<li><a href=\"https:\/\/caviar-de-neuvic.com\/es_es\/rillettes-d-esturgeon\/434-rillettes-d-esturgeon-au-citron.html\/\" target=\"_blank\" rel=\"noopener\">Rillette d\u2019esturgeon au citron<\/a><\/li>\n<li><a href=\"https:\/\/caviar-de-neuvic.com\/es_es\/l-epicerie-neuvic\/115-minis-blinis-par-16.html\/\" target=\"_blank\" rel=\"noopener\">Blinis<\/a><\/li>\n<\/ul>\n<h4 style=\"text-align: justify\"><strong>Signature \u2013 23\u20ac<\/strong><\/h4>\n<ul style=\"text-align: justify\">\n<li><a href=\"https:\/\/caviar-de-neuvic.com\/es_es\/l-epicerie-neuvic\/496-tarama-au-naturel.html\/\" target=\"_blank\" rel=\"noopener\">Tarama premium<\/a><\/li>\n<li>Rillette d\u2019esturgeon au citron<\/li>\n<li><a href=\"https:\/\/caviar-de-neuvic.com\/es_es\/epicerie-caviar\/271-535-beurre-de-caviar.html\/#\/47-choisissez_le_poids_-45g\" target=\"_blank\" rel=\"noopener\">Beurre de caviar (25 g)<\/a><\/li>\n<li>Blinis<\/li>\n<\/ul>\n<h4 style=\"text-align: justify\"><strong>Caract\u00e8re \u2013 29\u20ac<\/strong><\/h4>\n<ul style=\"text-align: justify\">\n<li><a href=\"https:\/\/caviar-de-neuvic.com\/es_es\/epicerie-truffe\/540-tarama-a-la-truffe.html\/\" target=\"_blank\" rel=\"noopener\">Tarama \u00e0 la truffe<\/a><\/li>\n<li><a href=\"https:\/\/caviar-de-neuvic.com\/es_es\/rillettes-d-esturgeon\/14-rillettes-d-esturgeon-au-caviar-3760115030060.html\/\" target=\"_blank\" rel=\"noopener\">Rillette d\u2019esturgeon au caviar<\/a><\/li>\n<li>Beurre de caviar (25 g)<\/li>\n<li>Blinis<\/li>\n<\/ul>\n<p style=\"text-align: justify\"><strong>Suppl\u00e9ment caviar Nano :<\/strong><\/p>\n<p style=\"text-align: justify\"><strong>+15 \u20ac<\/strong><\/p>\n<p><img fetchpriority=\"high\" decoding=\"async\" class=\"alignnone size-medium wp-image-8577\" src=\"http:\/\/caviar-de-neuvic.com\/wp-content\/uploads\/2025\/04\/Plan-de-travail-25-225x300.jpg\" alt=\"\" width=\"225\" height=\"300\" \/> <img decoding=\"async\" class=\"alignnone size-medium wp-image-8578\" src=\"http:\/\/caviar-de-neuvic.com\/wp-content\/uploads\/2025\/04\/Plan-de-travail-26-225x300.jpg\" alt=\"\" width=\"225\" height=\"300\" \/><\/p>\n<h3 style=\"text-align: justify\">Un moment de partage et de convivialit\u00e9<\/h3>\n<p style=\"text-align: justify\">Les visiteurs auront la possibilit\u00e9 de s\u2019inscrire au Club Caviar de Neuvic, un programme destin\u00e9 \u00e0 renforcer le lien entre la maison et ses clients, en leur proposant des avantages concrets et durables.<\/p>\n<p style=\"text-align: justify\">L\u2019adh\u00e9sion au Club permet notamment de b\u00e9n\u00e9ficier des conditions suivantes :<\/p>\n<ul style=\"text-align: justify\">\n<li><strong>20 %<\/strong> de r\u00e9duction sur le caviar,<\/li>\n<li><strong>30 %<\/strong> de r\u00e9duction sur les autres produits propos\u00e9s par la maison,<\/li>\n<li><strong>10 %<\/strong> de remise sur la boutique en ligne, accessible \u00e0 tout moment,<\/li>\n<li>Acc\u00e8s \u00e0 des \u00e9v\u00e9nements organis\u00e9s par la maison, en nombre limit\u00e9 et sur invitation,<\/li>\n<li>Participation \u00e0 des d\u00e9gustations priv\u00e9es et \u00e0 des pr\u00e9sentations de nouveaux produits en avant-premi\u00e8re.<\/li>\n<\/ul>\n<p style=\"text-align: justify\">Ce dispositif a \u00e9t\u00e9 con\u00e7u pour accompagner les membres tout au long de l\u2019ann\u00e9e, en leur donnant acc\u00e8s \u00e0 une offre privil\u00e9gi\u00e9e et \u00e0 des temps d\u2019\u00e9change autour du savoir-faire de Caviar de Neuvic.<\/p>\n<h3>JEU CONCOURS<\/h3>\n<div class=\"\">\u00c0 cette occasion, Caviar de Neuvic organise un concours pour emporter 4 entr\u00e9es pour le festival sur son r\u00e9seaux social Instagram<\/div>\n<div class=\"\">\u00c0 gagner : 2 x 2 places pour Taste of Paris<\/div>\n<div class=\"\">+ une planche de d\u00e9gustation (la plus accessible de la carte) offerte par lot, \u00e0 retirer sur le stand.<\/div>\n<div class=\"\">Retrouvez toutes les conditions sur le compte <a href=\"https:\/\/www.instagram.com\/caviardeneuvic\/\" target=\"_blank\" rel=\"noopener\">Instagram @caviardeneuvic<\/a><\/div>\n<h3 style=\"text-align: justify\">Informations pratiques<\/h3>\n<p style=\"text-align: justify\">Taste of Paris \u2013 du 8 au 11 mai 2025<\/p>\n<p style=\"text-align: justify\">Grand Palais, 3 avenue du G\u00e9n\u00e9ral Eisenhower, 75008 Paris<\/p>\n<p style=\"text-align: justify\">Sessions :<\/p>\n<ul style=\"text-align: justify\">\n<li>Journ\u00e9e : 11h30 \u2013 16h00<\/li>\n<li>Soir\u00e9e : 19h00 \u2013 23h30<\/li>\n<\/ul>\n<p style=\"text-align: justify\">Billets \u00e0 partir de 20 \u20ac<\/p>\n<p style=\"text-align: justify\">Toutes les infos et r\u00e9servations sur :<\/p>\n<p style=\"text-align: justify\"><a href=\"https:\/\/paris.tastefestivals.com\" target=\"_blank\" rel=\"noopener\">https:\/\/paris.tastefestivals.com<\/a><\/p>","protected":false},"excerpt":{"rendered":"<p>Caviar de Neuvic pr\u00e9sent pour Taste of Paris Du 8 au 11 mai 2025, Caviar de Neuvic sera pr\u00e9sent sous la verri\u00e8re majestueuse de la Nef du Grand Palais, \u00e0 l\u2019occasion du retour tr\u00e8s attendu du festival Taste of Paris. Pour c\u00e9l\u00e9brer les 10 ans de l\u2019\u00e9v\u00e9nement, le festival culinaire retrouve enfin son lieu d\u2019origine [&hellip;]<\/p>\n","protected":false},"author":11896,"featured_media":21227,"comment_status":"open","ping_status":"closed","sticky":false,"template":"","format":"standard","meta":{"_acf_changed":false,"ocean_post_layout":"","ocean_both_sidebars_style":"","ocean_both_sidebars_content_width":0,"ocean_both_sidebars_sidebars_width":0,"ocean_sidebar":"0","ocean_second_sidebar":"0","ocean_disable_margins":"enable","ocean_add_body_class":"","ocean_shortcode_before_top_bar":"","ocean_shortcode_after_top_bar":"","ocean_shortcode_before_header":"","ocean_shortcode_after_header":"","ocean_has_shortcode":"","ocean_shortcode_after_title":"","ocean_shortcode_before_footer_widgets":"","ocean_shortcode_after_footer_widgets":"","ocean_shortcode_before_footer_bottom":"","ocean_shortcode_after_footer_bottom":"","ocean_display_top_bar":"default","ocean_display_header":"default","ocean_header_style":"","ocean_center_header_left_menu":"0","ocean_custom_header_template":"0","ocean_custom_logo":0,"ocean_custom_retina_logo":0,"ocean_custom_logo_max_width":0,"ocean_custom_logo_tablet_max_width":0,"ocean_custom_logo_mobile_max_width":0,"ocean_custom_logo_max_height":0,"ocean_custom_logo_tablet_max_height":0,"ocean_custom_logo_mobile_max_height":0,"ocean_header_custom_menu":"0","ocean_menu_typo_font_family":"0","ocean_menu_typo_font_subset":"","ocean_menu_typo_font_size":0,"ocean_menu_typo_font_size_tablet":0,"ocean_menu_typo_font_size_mobile":0,"ocean_menu_typo_font_size_unit":"px","ocean_menu_typo_font_weight":"","ocean_menu_typo_font_weight_tablet":"","ocean_menu_typo_font_weight_mobile":"","ocean_menu_typo_transform":"","ocean_menu_typo_transform_tablet":"","ocean_menu_typo_transform_mobile":"","ocean_menu_typo_line_height":0,"ocean_menu_typo_line_height_tablet":0,"ocean_menu_typo_line_height_mobile":0,"ocean_menu_typo_line_height_unit":"","ocean_menu_typo_spacing":0,"ocean_menu_typo_spacing_tablet":0,"ocean_menu_typo_spacing_mobile":0,"ocean_menu_typo_spacing_unit":"","ocean_menu_link_color":"","ocean_menu_link_color_hover":"","ocean_menu_link_color_active":"","ocean_menu_link_background":"","ocean_menu_link_hover_background":"","ocean_menu_link_active_background":"","ocean_menu_social_links_bg":"","ocean_menu_social_hover_links_bg":"","ocean_menu_social_links_color":"","ocean_menu_social_hover_links_color":"","ocean_disable_title":"default","ocean_disable_heading":"default","ocean_post_title":"","ocean_post_subheading":"","ocean_post_title_style":"","ocean_post_title_background_color":"","ocean_post_title_background":0,"ocean_post_title_bg_image_position":"","ocean_post_title_bg_image_attachment":"","ocean_post_title_bg_image_repeat":"","ocean_post_title_bg_image_size":"","ocean_post_title_height":0,"ocean_post_title_bg_overlay":0.5,"ocean_post_title_bg_overlay_color":"","ocean_disable_breadcrumbs":"default","ocean_breadcrumbs_color":"","ocean_breadcrumbs_separator_color":"","ocean_breadcrumbs_links_color":"","ocean_breadcrumbs_links_hover_color":"","ocean_display_footer_widgets":"default","ocean_display_footer_bottom":"default","ocean_custom_footer_template":"0","omw_enable_modal_window":"enable","ocean_post_oembed":"","ocean_post_self_hosted_media":"","ocean_post_video_embed":"","ocean_link_format":"","ocean_link_format_target":"self","ocean_quote_format":"","ocean_quote_format_link":"post","ocean_gallery_link_images":"on","ocean_gallery_id":[],"footnotes":""},"categories":[295,309,290],"tags":[473,472,471],"class_list":["post-20874","post","type-post","status-publish","format-standard","has-post-thumbnail","hentry","category-evenements","category-non-classe","category-partenariats-evenements","tag-le-grand-palais","tag-salon-a-paris","tag-taste-of-paris","entry","has-media","owp-thumbs-layout-vertical","owp-btn-normal","owp-tabs-layout-horizontal","has-no-thumbnails","has-product-nav"],"acf":[],"yoast_head":"<!-- This site is optimized with the Yoast SEO plugin v27.5 - https:\/\/yoast.com\/product\/yoast-seo-wordpress\/ -->\n<title>Caviar de Neuvic pr\u00e9sent pour Taste of Paris - Producteur Fran\u00e7ais De Caviar<\/title>\n<meta name=\"description\" content=\"Caviar de Neuvic pr\u00e9sent pour Taste of Paris. Du 8 au 11 mai 2025, Caviar de Neuvic sera pr\u00e9sent sous la verri\u00e8re de la Nef du Grand Palais.\" \/>\n<meta name=\"robots\" content=\"index, follow, max-snippet:-1, max-image-preview:large, max-video-preview:-1\" \/>\n<link rel=\"canonical\" href=\"https:\/\/caviar-de-neuvic.com\/es_es\/partenariats-evenements\/caviar-de-neuvic-present-pour-taste-of-paris\/\" \/>\n<meta property=\"og:locale\" content=\"es_ES\" \/>\n<meta property=\"og:type\" content=\"article\" \/>\n<meta property=\"og:title\" content=\"Caviar de Neuvic pr\u00e9sent pour Taste of Paris - Producteur Fran\u00e7ais De Caviar\" \/>\n<meta property=\"og:description\" content=\"Caviar de Neuvic pr\u00e9sent pour Taste of Paris. Du 8 au 11 mai 2025, Caviar de Neuvic sera pr\u00e9sent sous la verri\u00e8re de la Nef du Grand Palais.\" \/>\n<meta property=\"og:url\" content=\"https:\/\/caviar-de-neuvic.com\/es_es\/partenariats-evenements\/caviar-de-neuvic-present-pour-taste-of-paris\/\" \/>\n<meta property=\"og:site_name\" content=\"Producteur Fran\u00e7ais De Caviar\" \/>\n<meta property=\"article:published_time\" content=\"2025-04-24T08:00:18+00:00\" \/>\n<meta property=\"article:modified_time\" content=\"2025-11-19T13:01:32+00:00\" \/>\n<meta property=\"og:image\" content=\"https:\/\/caviar-de-neuvic.com\/wp-content\/uploads\/2025\/04\/Plan-de-travail-2-3.jpg\" \/>\n\t<meta property=\"og:image:width\" content=\"1050\" \/>\n\t<meta property=\"og:image:height\" content=\"1400\" \/>\n\t<meta property=\"og:image:type\" content=\"image\/jpeg\" \/>\n<meta name=\"author\" content=\"Laurine Gay\" \/>\n<meta name=\"twitter:card\" content=\"summary_large_image\" \/>\n<meta name=\"twitter:label1\" content=\"Escrito por\" \/>\n\t<meta name=\"twitter:data1\" content=\"Laurine Gay\" \/>\n\t<meta name=\"twitter:label2\" content=\"Tiempo de lectura\" \/>\n\t<meta name=\"twitter:data2\" content=\"4 minutos\" \/>\n<script type=\"application\/ld+json\" class=\"yoast-schema-graph\">{\"@context\":\"https:\\\/\\\/schema.org\",\"@graph\":[{\"@type\":\"Article\",\"@id\":\"https:\\\/\\\/caviar-de-neuvic.com\\\/partenariats-evenements\\\/caviar-de-neuvic-present-pour-taste-of-paris\\\/#article\",\"isPartOf\":{\"@id\":\"https:\\\/\\\/caviar-de-neuvic.com\\\/partenariats-evenements\\\/caviar-de-neuvic-present-pour-taste-of-paris\\\/\"},\"author\":{\"name\":\"Laurine Gay\",\"@id\":\"http:\\\/\\\/caviar-de-neuvic.com\\\/fr\\\/#\\\/schema\\\/person\\\/89912ad55a5ddd5efeb92f2d32511b03\"},\"headline\":\"Caviar de Neuvic pr\u00e9sent pour Taste of Paris\",\"datePublished\":\"2025-04-24T08:00:18+00:00\",\"dateModified\":\"2025-11-19T13:01:32+00:00\",\"mainEntityOfPage\":{\"@id\":\"https:\\\/\\\/caviar-de-neuvic.com\\\/partenariats-evenements\\\/caviar-de-neuvic-present-pour-taste-of-paris\\\/\"},\"wordCount\":523,\"commentCount\":0,\"publisher\":{\"@id\":\"http:\\\/\\\/caviar-de-neuvic.com\\\/fr\\\/#organization\"},\"image\":{\"@id\":\"https:\\\/\\\/caviar-de-neuvic.com\\\/partenariats-evenements\\\/caviar-de-neuvic-present-pour-taste-of-paris\\\/#primaryimage\"},\"thumbnailUrl\":\"https:\\\/\\\/caviar-de-neuvic.com\\\/wp-content\\\/uploads\\\/2025\\\/04\\\/Plan-de-travail-2-3.jpg\",\"keywords\":[\"Le Grand Palais\",\"Salon \u00e0 Paris\",\"Taste of Paris\"],\"articleSection\":[\"\u00c9venements\",\"Non class\u00e9\",\"Partenariats &amp; \u00c9v\u00e9nements\"],\"inLanguage\":\"es\",\"potentialAction\":[{\"@type\":\"CommentAction\",\"name\":\"Comment\",\"target\":[\"https:\\\/\\\/caviar-de-neuvic.com\\\/partenariats-evenements\\\/caviar-de-neuvic-present-pour-taste-of-paris\\\/#respond\"]}]},{\"@type\":\"WebPage\",\"@id\":\"https:\\\/\\\/caviar-de-neuvic.com\\\/partenariats-evenements\\\/caviar-de-neuvic-present-pour-taste-of-paris\\\/\",\"url\":\"https:\\\/\\\/caviar-de-neuvic.com\\\/partenariats-evenements\\\/caviar-de-neuvic-present-pour-taste-of-paris\\\/\",\"name\":\"Caviar de Neuvic pr\u00e9sent pour Taste of Paris - Producteur Fran\u00e7ais De Caviar\",\"isPartOf\":{\"@id\":\"http:\\\/\\\/caviar-de-neuvic.com\\\/fr\\\/#website\"},\"primaryImageOfPage\":{\"@id\":\"https:\\\/\\\/caviar-de-neuvic.com\\\/partenariats-evenements\\\/caviar-de-neuvic-present-pour-taste-of-paris\\\/#primaryimage\"},\"image\":{\"@id\":\"https:\\\/\\\/caviar-de-neuvic.com\\\/partenariats-evenements\\\/caviar-de-neuvic-present-pour-taste-of-paris\\\/#primaryimage\"},\"thumbnailUrl\":\"https:\\\/\\\/caviar-de-neuvic.com\\\/wp-content\\\/uploads\\\/2025\\\/04\\\/Plan-de-travail-2-3.jpg\",\"datePublished\":\"2025-04-24T08:00:18+00:00\",\"dateModified\":\"2025-11-19T13:01:32+00:00\",\"description\":\"Caviar de Neuvic pr\u00e9sent pour Taste of Paris. Du 8 au 11 mai 2025, Caviar de Neuvic sera pr\u00e9sent sous la verri\u00e8re de la Nef du Grand Palais.\",\"breadcrumb\":{\"@id\":\"https:\\\/\\\/caviar-de-neuvic.com\\\/partenariats-evenements\\\/caviar-de-neuvic-present-pour-taste-of-paris\\\/#breadcrumb\"},\"inLanguage\":\"es\",\"potentialAction\":[{\"@type\":\"ReadAction\",\"target\":[\"https:\\\/\\\/caviar-de-neuvic.com\\\/partenariats-evenements\\\/caviar-de-neuvic-present-pour-taste-of-paris\\\/\"]}]},{\"@type\":\"ImageObject\",\"inLanguage\":\"es\",\"@id\":\"https:\\\/\\\/caviar-de-neuvic.com\\\/partenariats-evenements\\\/caviar-de-neuvic-present-pour-taste-of-paris\\\/#primaryimage\",\"url\":\"https:\\\/\\\/caviar-de-neuvic.com\\\/wp-content\\\/uploads\\\/2025\\\/04\\\/Plan-de-travail-2-3.jpg\",\"contentUrl\":\"https:\\\/\\\/caviar-de-neuvic.com\\\/wp-content\\\/uploads\\\/2025\\\/04\\\/Plan-de-travail-2-3.jpg\",\"width\":1050,\"height\":1400,\"caption\":\"Caviar de Neuvic pr\u00e9sent pour Taste of Paris\"},{\"@type\":\"BreadcrumbList\",\"@id\":\"https:\\\/\\\/caviar-de-neuvic.com\\\/partenariats-evenements\\\/caviar-de-neuvic-present-pour-taste-of-paris\\\/#breadcrumb\",\"itemListElement\":[{\"@type\":\"ListItem\",\"position\":1,\"name\":\"Caviar de Neuvic\",\"item\":\"https:\\\/\\\/caviar-de-neuvic.com\\\/\"},{\"@type\":\"ListItem\",\"position\":2,\"name\":\"\u00c9venements\",\"item\":\"https:\\\/\\\/caviar-de-neuvic.com\\\/category\\\/evenements\\\/\"},{\"@type\":\"ListItem\",\"position\":3,\"name\":\"Caviar de Neuvic pr\u00e9sent pour Taste of Paris\"}]},{\"@type\":\"WebSite\",\"@id\":\"http:\\\/\\\/caviar-de-neuvic.com\\\/fr\\\/#website\",\"url\":\"http:\\\/\\\/caviar-de-neuvic.com\\\/fr\\\/\",\"name\":\"Producteur Fran\u00e7ais De Caviar\",\"description\":\"\",\"publisher\":{\"@id\":\"http:\\\/\\\/caviar-de-neuvic.com\\\/fr\\\/#organization\"},\"potentialAction\":[{\"@type\":\"SearchAction\",\"target\":{\"@type\":\"EntryPoint\",\"urlTemplate\":\"http:\\\/\\\/caviar-de-neuvic.com\\\/fr\\\/?s={search_term_string}\"},\"query-input\":{\"@type\":\"PropertyValueSpecification\",\"valueRequired\":true,\"valueName\":\"search_term_string\"}}],\"inLanguage\":\"es\"},{\"@type\":\"Organization\",\"@id\":\"http:\\\/\\\/caviar-de-neuvic.com\\\/fr\\\/#organization\",\"name\":\"Producteur Fran\u00e7ais De Caviar\",\"url\":\"http:\\\/\\\/caviar-de-neuvic.com\\\/fr\\\/\",\"logo\":{\"@type\":\"ImageObject\",\"inLanguage\":\"es\",\"@id\":\"http:\\\/\\\/caviar-de-neuvic.com\\\/fr\\\/#\\\/schema\\\/logo\\\/image\\\/\",\"url\":\"\",\"contentUrl\":\"\",\"caption\":\"Producteur Fran\u00e7ais De Caviar\"},\"image\":{\"@id\":\"http:\\\/\\\/caviar-de-neuvic.com\\\/fr\\\/#\\\/schema\\\/logo\\\/image\\\/\"}},{\"@type\":\"Person\",\"@id\":\"http:\\\/\\\/caviar-de-neuvic.com\\\/fr\\\/#\\\/schema\\\/person\\\/89912ad55a5ddd5efeb92f2d32511b03\",\"name\":\"Laurine Gay\",\"url\":\"https:\\\/\\\/caviar-de-neuvic.com\\\/es_es\\\/author\\\/laurine-gaycaviardeneuvic-com\\\/\"}]}<\/script>\n<!-- \/ Yoast SEO plugin. -->","yoast_head_json":{"title":"Caviar de Neuvic pr\u00e9sent pour Taste of Paris - Producteur Fran\u00e7ais De Caviar","description":"Caviar de Neuvic pr\u00e9sent pour Taste of Paris. Du 8 au 11 mai 2025, Caviar de Neuvic sera pr\u00e9sent sous la verri\u00e8re de la Nef du Grand Palais.","robots":{"index":"index","follow":"follow","max-snippet":"max-snippet:-1","max-image-preview":"max-image-preview:large","max-video-preview":"max-video-preview:-1"},"canonical":"https:\/\/caviar-de-neuvic.com\/es_es\/partenariats-evenements\/caviar-de-neuvic-present-pour-taste-of-paris\/","og_locale":"es_ES","og_type":"article","og_title":"Caviar de Neuvic pr\u00e9sent pour Taste of Paris - Producteur Fran\u00e7ais De Caviar","og_description":"Caviar de Neuvic pr\u00e9sent pour Taste of Paris. Du 8 au 11 mai 2025, Caviar de Neuvic sera pr\u00e9sent sous la verri\u00e8re de la Nef du Grand Palais.","og_url":"https:\/\/caviar-de-neuvic.com\/es_es\/partenariats-evenements\/caviar-de-neuvic-present-pour-taste-of-paris\/","og_site_name":"Producteur Fran\u00e7ais De Caviar","article_published_time":"2025-04-24T08:00:18+00:00","article_modified_time":"2025-11-19T13:01:32+00:00","og_image":[{"width":1050,"height":1400,"url":"https:\/\/caviar-de-neuvic.com\/wp-content\/uploads\/2025\/04\/Plan-de-travail-2-3.jpg","type":"image\/jpeg"}],"author":"Laurine Gay","twitter_card":"summary_large_image","twitter_misc":{"Escrito por":"Laurine Gay","Tiempo de lectura":"4 minutos"},"schema":{"@context":"https:\/\/schema.org","@graph":[{"@type":"Article","@id":"https:\/\/caviar-de-neuvic.com\/partenariats-evenements\/caviar-de-neuvic-present-pour-taste-of-paris\/#article","isPartOf":{"@id":"https:\/\/caviar-de-neuvic.com\/partenariats-evenements\/caviar-de-neuvic-present-pour-taste-of-paris\/"},"author":{"name":"Laurine Gay","@id":"http:\/\/caviar-de-neuvic.com\/fr\/#\/schema\/person\/89912ad55a5ddd5efeb92f2d32511b03"},"headline":"Caviar de Neuvic pr\u00e9sent pour Taste of Paris","datePublished":"2025-04-24T08:00:18+00:00","dateModified":"2025-11-19T13:01:32+00:00","mainEntityOfPage":{"@id":"https:\/\/caviar-de-neuvic.com\/partenariats-evenements\/caviar-de-neuvic-present-pour-taste-of-paris\/"},"wordCount":523,"commentCount":0,"publisher":{"@id":"http:\/\/caviar-de-neuvic.com\/fr\/#organization"},"image":{"@id":"https:\/\/caviar-de-neuvic.com\/partenariats-evenements\/caviar-de-neuvic-present-pour-taste-of-paris\/#primaryimage"},"thumbnailUrl":"https:\/\/caviar-de-neuvic.com\/wp-content\/uploads\/2025\/04\/Plan-de-travail-2-3.jpg","keywords":["Le Grand Palais","Salon \u00e0 Paris","Taste of Paris"],"articleSection":["\u00c9venements","Non class\u00e9","Partenariats &amp; \u00c9v\u00e9nements"],"inLanguage":"es","potentialAction":[{"@type":"CommentAction","name":"Comment","target":["https:\/\/caviar-de-neuvic.com\/partenariats-evenements\/caviar-de-neuvic-present-pour-taste-of-paris\/#respond"]}]},{"@type":"WebPage","@id":"https:\/\/caviar-de-neuvic.com\/partenariats-evenements\/caviar-de-neuvic-present-pour-taste-of-paris\/","url":"https:\/\/caviar-de-neuvic.com\/partenariats-evenements\/caviar-de-neuvic-present-pour-taste-of-paris\/","name":"Caviar de Neuvic pr\u00e9sent pour Taste of Paris - Producteur Fran\u00e7ais De Caviar","isPartOf":{"@id":"http:\/\/caviar-de-neuvic.com\/fr\/#website"},"primaryImageOfPage":{"@id":"https:\/\/caviar-de-neuvic.com\/partenariats-evenements\/caviar-de-neuvic-present-pour-taste-of-paris\/#primaryimage"},"image":{"@id":"https:\/\/caviar-de-neuvic.com\/partenariats-evenements\/caviar-de-neuvic-present-pour-taste-of-paris\/#primaryimage"},"thumbnailUrl":"https:\/\/caviar-de-neuvic.com\/wp-content\/uploads\/2025\/04\/Plan-de-travail-2-3.jpg","datePublished":"2025-04-24T08:00:18+00:00","dateModified":"2025-11-19T13:01:32+00:00","description":"Caviar de Neuvic pr\u00e9sent pour Taste of Paris. Du 8 au 11 mai 2025, Caviar de Neuvic sera pr\u00e9sent sous la verri\u00e8re de la Nef du Grand Palais.","breadcrumb":{"@id":"https:\/\/caviar-de-neuvic.com\/partenariats-evenements\/caviar-de-neuvic-present-pour-taste-of-paris\/#breadcrumb"},"inLanguage":"es","potentialAction":[{"@type":"ReadAction","target":["https:\/\/caviar-de-neuvic.com\/partenariats-evenements\/caviar-de-neuvic-present-pour-taste-of-paris\/"]}]},{"@type":"ImageObject","inLanguage":"es","@id":"https:\/\/caviar-de-neuvic.com\/partenariats-evenements\/caviar-de-neuvic-present-pour-taste-of-paris\/#primaryimage","url":"https:\/\/caviar-de-neuvic.com\/wp-content\/uploads\/2025\/04\/Plan-de-travail-2-3.jpg","contentUrl":"https:\/\/caviar-de-neuvic.com\/wp-content\/uploads\/2025\/04\/Plan-de-travail-2-3.jpg","width":1050,"height":1400,"caption":"Caviar de Neuvic pr\u00e9sent pour Taste of Paris"},{"@type":"BreadcrumbList","@id":"https:\/\/caviar-de-neuvic.com\/partenariats-evenements\/caviar-de-neuvic-present-pour-taste-of-paris\/#breadcrumb","itemListElement":[{"@type":"ListItem","position":1,"name":"Caviar de Neuvic","item":"https:\/\/caviar-de-neuvic.com\/"},{"@type":"ListItem","position":2,"name":"\u00c9venements","item":"https:\/\/caviar-de-neuvic.com\/category\/evenements\/"},{"@type":"ListItem","position":3,"name":"Caviar de Neuvic pr\u00e9sent pour Taste of Paris"}]},{"@type":"WebSite","@id":"http:\/\/caviar-de-neuvic.com\/fr\/#website","url":"http:\/\/caviar-de-neuvic.com\/fr\/","name":"Producteur Fran\u00e7ais De Caviar","description":"","publisher":{"@id":"http:\/\/caviar-de-neuvic.com\/fr\/#organization"},"potentialAction":[{"@type":"SearchAction","target":{"@type":"EntryPoint","urlTemplate":"http:\/\/caviar-de-neuvic.com\/fr\/?s={search_term_string}"},"query-input":{"@type":"PropertyValueSpecification","valueRequired":true,"valueName":"search_term_string"}}],"inLanguage":"es"},{"@type":"Organization","@id":"http:\/\/caviar-de-neuvic.com\/fr\/#organization","name":"Producteur Fran\u00e7ais De Caviar","url":"http:\/\/caviar-de-neuvic.com\/fr\/","logo":{"@type":"ImageObject","inLanguage":"es","@id":"http:\/\/caviar-de-neuvic.com\/fr\/#\/schema\/logo\/image\/","url":"","contentUrl":"","caption":"Producteur Fran\u00e7ais De Caviar"},"image":{"@id":"http:\/\/caviar-de-neuvic.com\/fr\/#\/schema\/logo\/image\/"}},{"@type":"Person","@id":"http:\/\/caviar-de-neuvic.com\/fr\/#\/schema\/person\/89912ad55a5ddd5efeb92f2d32511b03","name":"Laurine Gay","url":"https:\/\/caviar-de-neuvic.com\/es_es\/author\/laurine-gaycaviardeneuvic-com\/"}]}},"_links":{"self":[{"href":"https:\/\/caviar-de-neuvic.com\/es_es\/wp-json\/wp\/v2\/posts\/20874","targetHints":{"allow":["GET"]}}],"collection":[{"href":"https:\/\/caviar-de-neuvic.com\/es_es\/wp-json\/wp\/v2\/posts"}],"about":[{"href":"https:\/\/caviar-de-neuvic.com\/es_es\/wp-json\/wp\/v2\/types\/post"}],"author":[{"embeddable":true,"href":"https:\/\/caviar-de-neuvic.com\/es_es\/wp-json\/wp\/v2\/users\/11896"}],"replies":[{"embeddable":true,"href":"https:\/\/caviar-de-neuvic.com\/es_es\/wp-json\/wp\/v2\/comments?post=20874"}],"version-history":[{"count":4,"href":"https:\/\/caviar-de-neuvic.com\/es_es\/wp-json\/wp\/v2\/posts\/20874\/revisions"}],"predecessor-version":[{"id":32160,"href":"https:\/\/caviar-de-neuvic.com\/es_es\/wp-json\/wp\/v2\/posts\/20874\/revisions\/32160"}],"wp:featuredmedia":[{"embeddable":true,"href":"https:\/\/caviar-de-neuvic.com\/es_es\/wp-json\/wp\/v2\/media\/21227"}],"wp:attachment":[{"href":"https:\/\/caviar-de-neuvic.com\/es_es\/wp-json\/wp\/v2\/media?parent=20874"}],"wp:term":[{"taxonomy":"category","embeddable":true,"href":"https:\/\/caviar-de-neuvic.com\/es_es\/wp-json\/wp\/v2\/categories?post=20874"},{"taxonomy":"post_tag","embeddable":true,"href":"https:\/\/caviar-de-neuvic.com\/es_es\/wp-json\/wp\/v2\/tags?post=20874"}],"curies":[{"name":"wp","href":"https:\/\/api.w.org\/{rel}","templated":true}]}}