{"id":20872,"date":"2025-04-15T10:39:18","date_gmt":"2025-04-15T08:39:18","guid":{"rendered":"https:\/\/caviar-de-neuvic.com\/parlons-caviar-old\/?p=8555"},"modified":"2025-11-19T14:03:54","modified_gmt":"2025-11-19T13:03:54","slug":"menu-de-paques-caviar-de-neuvic","status":"publish","type":"post","link":"https:\/\/caviar-de-neuvic.com\/fr_be\/actualites\/menu-de-paques-caviar-de-neuvic\/","title":{"rendered":"MENU DE P\u00c2QUES CAVIAR DE NEUVIC"},"content":{"rendered":"<h1 style=\"text-align: justify\">MENU DE P\u00c2QUES CAVIAR DE NEUVIC<\/h1>\n<div class=\"\" style=\"text-align: justify\">Du 23 au 26 avril \u00e0 12h30, notre chef vous invite \u00e0 d\u00e9couvrir un menu sp\u00e9cial <a href=\"https:\/\/caviar-de-neuvic.com\/parlons-caviar-old\/caviar-chocolat-une-rencontre-autour-de-paques\/\" target=\"_blank\" rel=\"noopener\">P\u00e2ques,<\/a> imagin\u00e9 autour de l\u2019esturgeon et du caviar, au c\u0153ur de notre <a href=\"https:\/\/caviar-de-neuvic.com\/parlons-caviar-old\/restaurant-le-domaine-caviar-de-neuvic\/\" target=\"_blank\" rel=\"noopener\">restaurant<\/a> \u00e0 Neuvic.<\/div>\n<div style=\"text-align: justify\">C\u00e9l\u00e9brez P\u00e2ques dans une ambiance chaleureuse et conviviale autour d\u2019un festin gourmand. Notre Chef a imagin\u00e9 un menu d\u2019exception mettant \u00e0 l\u2019honneur les saveurs de saison et les produits de notre Domaine.<\/div>\n<div style=\"text-align: justify\">Chaque plat est pr\u00e9par\u00e9 avec soin, \u00e0 partir d\u2019ingr\u00e9dients s\u00e9lectionn\u00e9s pour ravir petits et grands. Partagez un moment unique en famille et laissez-vous s\u00e9duire par une exp\u00e9rience culinaire authentique et raffin\u00e9e<\/div>\n<div><\/div>\n<h3 style=\"text-align: justify\"><strong>\ud83c\udf74 AU MENU :<\/strong><\/h3>\n<div class=\"\" style=\"text-align: justify\">\ud83e\udd56<strong> Amuse-bouche<\/strong><\/div>\n<div class=\"\" style=\"text-align: justify\">Tartine au ma\u00efs grill\u00e9, \u0153uf de caille &amp; Caviar Baeri<\/div>\n<div class=\"\" style=\"text-align: justify\">\ud83e\udd5f <strong>Entr\u00e9e<\/strong><\/div>\n<div class=\"\" style=\"text-align: justify\">Raviole d\u2019esturgeon &amp; ricotta, bouillon aux notes asiatiques<\/div>\n<div class=\"\" style=\"text-align: justify\">\ud83c\udf44 <strong>Plat<\/strong><\/div>\n<div class=\"\" style=\"text-align: justify\">Risotto Pasqual d\u2019esturgeon, c\u00e8pes &amp; morilles<\/div>\n<div class=\"\" style=\"text-align: justify\">\ud83c\udf6b <strong>Dessert<\/strong><\/div>\n<div class=\"\" style=\"text-align: justify\">\u0152uf de P\u00e2ques chocolat, citron &amp; noisettes<\/div>\n<h3><img fetchpriority=\"high\" decoding=\"async\" class=\"alignnone size-medium wp-image-8556\" src=\"http:\/\/caviar-de-neuvic.com\/wp-content\/uploads\/2025\/04\/CDN_PAQUES_110425_\u00aeAV-13-200x300.jpg\" alt=\"\" width=\"200\" height=\"300\" \/> <img decoding=\"async\" class=\"alignnone size-medium wp-image-8557\" src=\"http:\/\/caviar-de-neuvic.com\/wp-content\/uploads\/2025\/04\/CDN_PAQUES_110425_\u00aeAV-11-200x300.jpg\" alt=\"\" width=\"200\" height=\"300\" \/> <img decoding=\"async\" class=\"alignnone size-medium wp-image-8558\" src=\"http:\/\/caviar-de-neuvic.com\/wp-content\/uploads\/2025\/04\/CDN_PAQUES_110425_\u00aeAV-200x300.jpg\" alt=\"\" width=\"200\" height=\"300\" \/> <img loading=\"lazy\" decoding=\"async\" class=\"alignnone size-medium wp-image-8559\" src=\"http:\/\/caviar-de-neuvic.com\/wp-content\/uploads\/2025\/04\/CDN_PAQUES_110425_\u00aeAV-15-200x300.jpg\" alt=\"\" width=\"200\" height=\"300\" \/><\/h3>\n<p>&nbsp;<\/p>\n<h3>Infos pratiques sur le menu<\/h3>\n<div class=\"\">\ud83d\udcc5 Du 23 au 26 avril \u2013 service \u00e0 12h30<\/div>\n<div class=\"\">\ud83d\udccd 430 route de la Veyssi\u00e8re, Neuvic (24190)<\/div>\n<div class=\"\">\ud83d\udcde R\u00e9servation au 05 53 80 89 57<\/div>\n<div class=\"\">\ud83c\udf10 Ou en ligne : <a href=\"https:\/\/visites.caviar-de-neuvic.com\/fr\/produit\/menu-de-paques\/\" target=\"_blank\" rel=\"noopener\">[Ici]<\/a><\/div>\n<div class=\"\">\ud83d\udcdd Menu adaptable sur demande (pr\u00e9venir 24h \u00e0 l\u2019avance)<\/div>\n","protected":false},"excerpt":{"rendered":"<p>MENU DE P\u00c2QUES CAVIAR DE NEUVIC Du 23 au 26 avril \u00e0 12h30, notre chef vous invite \u00e0 d\u00e9couvrir un menu sp\u00e9cial P\u00e2ques, imagin\u00e9 autour de l\u2019esturgeon et du caviar, au c\u0153ur de notre restaurant \u00e0 Neuvic. C\u00e9l\u00e9brez P\u00e2ques dans une ambiance chaleureuse et conviviale autour d\u2019un festin gourmand. Notre Chef a imagin\u00e9 un menu [&hellip;]<\/p>\n","protected":false},"author":11896,"featured_media":21225,"comment_status":"open","ping_status":"closed","sticky":false,"template":"","format":"standard","meta":{"_acf_changed":false,"ocean_post_layout":"","ocean_both_sidebars_style":"","ocean_both_sidebars_content_width":0,"ocean_both_sidebars_sidebars_width":0,"ocean_sidebar":"0","ocean_second_sidebar":"0","ocean_disable_margins":"enable","ocean_add_body_class":"","ocean_shortcode_before_top_bar":"","ocean_shortcode_after_top_bar":"","ocean_shortcode_before_header":"","ocean_shortcode_after_header":"","ocean_has_shortcode":"","ocean_shortcode_after_title":"","ocean_shortcode_before_footer_widgets":"","ocean_shortcode_after_footer_widgets":"","ocean_shortcode_before_footer_bottom":"","ocean_shortcode_after_footer_bottom":"","ocean_display_top_bar":"default","ocean_display_header":"default","ocean_header_style":"","ocean_center_header_left_menu":"0","ocean_custom_header_template":"0","ocean_custom_logo":0,"ocean_custom_retina_logo":0,"ocean_custom_logo_max_width":0,"ocean_custom_logo_tablet_max_width":0,"ocean_custom_logo_mobile_max_width":0,"ocean_custom_logo_max_height":0,"ocean_custom_logo_tablet_max_height":0,"ocean_custom_logo_mobile_max_height":0,"ocean_header_custom_menu":"0","ocean_menu_typo_font_family":"0","ocean_menu_typo_font_subset":"","ocean_menu_typo_font_size":0,"ocean_menu_typo_font_size_tablet":0,"ocean_menu_typo_font_size_mobile":0,"ocean_menu_typo_font_size_unit":"px","ocean_menu_typo_font_weight":"","ocean_menu_typo_font_weight_tablet":"","ocean_menu_typo_font_weight_mobile":"","ocean_menu_typo_transform":"","ocean_menu_typo_transform_tablet":"","ocean_menu_typo_transform_mobile":"","ocean_menu_typo_line_height":0,"ocean_menu_typo_line_height_tablet":0,"ocean_menu_typo_line_height_mobile":0,"ocean_menu_typo_line_height_unit":"","ocean_menu_typo_spacing":0,"ocean_menu_typo_spacing_tablet":0,"ocean_menu_typo_spacing_mobile":0,"ocean_menu_typo_spacing_unit":"","ocean_menu_link_color":"","ocean_menu_link_color_hover":"","ocean_menu_link_color_active":"","ocean_menu_link_background":"","ocean_menu_link_hover_background":"","ocean_menu_link_active_background":"","ocean_menu_social_links_bg":"","ocean_menu_social_hover_links_bg":"","ocean_menu_social_links_color":"","ocean_menu_social_hover_links_color":"","ocean_disable_title":"default","ocean_disable_heading":"default","ocean_post_title":"","ocean_post_subheading":"","ocean_post_title_style":"","ocean_post_title_background_color":"","ocean_post_title_background":0,"ocean_post_title_bg_image_position":"","ocean_post_title_bg_image_attachment":"","ocean_post_title_bg_image_repeat":"","ocean_post_title_bg_image_size":"","ocean_post_title_height":0,"ocean_post_title_bg_overlay":0.5,"ocean_post_title_bg_overlay_color":"","ocean_disable_breadcrumbs":"default","ocean_breadcrumbs_color":"","ocean_breadcrumbs_separator_color":"","ocean_breadcrumbs_links_color":"","ocean_breadcrumbs_links_hover_color":"","ocean_display_footer_widgets":"default","ocean_display_footer_bottom":"default","ocean_custom_footer_template":"0","omw_enable_modal_window":"enable","ocean_post_oembed":"","ocean_post_self_hosted_media":"","ocean_post_video_embed":"","ocean_link_format":"","ocean_link_format_target":"self","ocean_quote_format":"","ocean_quote_format_link":"post","ocean_gallery_link_images":"on","ocean_gallery_id":[],"footnotes":""},"categories":[300],"tags":[474,475],"class_list":["post-20872","post","type-post","status-publish","format-standard","has-post-thumbnail","hentry","category-actualites","tag-menu-de-paques","tag-menu-special","entry","has-media","owp-thumbs-layout-vertical","owp-btn-normal","owp-tabs-layout-horizontal","has-no-thumbnails","has-product-nav"],"acf":[],"yoast_head":"<!-- This site is optimized with the Yoast SEO plugin v27.5 - https:\/\/yoast.com\/product\/yoast-seo-wordpress\/ -->\n<title>MENU DE P\u00c2QUES CAVIAR DE NEUVIC - Producteur Fran\u00e7ais De Caviar<\/title>\n<meta name=\"description\" content=\"MENU DE P\u00c2QUES CAVIAR DE NEUVIC. Du 23 au 26 avril \u00e0 12h30, notre chef vous invite \u00e0 d\u00e9couvrir un menu sp\u00e9cial P\u00e2ques.\" \/>\n<meta name=\"robots\" content=\"index, follow, max-snippet:-1, max-image-preview:large, max-video-preview:-1\" \/>\n<link rel=\"canonical\" href=\"https:\/\/caviar-de-neuvic.com\/fr_be\/actualites\/menu-de-paques-caviar-de-neuvic\/\" \/>\n<meta property=\"og:locale\" content=\"fr_FR\" \/>\n<meta property=\"og:type\" content=\"article\" \/>\n<meta property=\"og:title\" content=\"MENU DE P\u00c2QUES CAVIAR DE NEUVIC - Producteur Fran\u00e7ais De Caviar\" \/>\n<meta property=\"og:description\" content=\"MENU DE P\u00c2QUES CAVIAR DE NEUVIC. Du 23 au 26 avril \u00e0 12h30, notre chef vous invite \u00e0 d\u00e9couvrir un menu sp\u00e9cial P\u00e2ques.\" \/>\n<meta property=\"og:url\" content=\"https:\/\/caviar-de-neuvic.com\/fr_be\/actualites\/menu-de-paques-caviar-de-neuvic\/\" \/>\n<meta property=\"og:site_name\" content=\"Producteur Fran\u00e7ais De Caviar\" \/>\n<meta property=\"article:published_time\" content=\"2025-04-15T08:39:18+00:00\" \/>\n<meta property=\"article:modified_time\" content=\"2025-11-19T13:03:54+00:00\" \/>\n<meta property=\"og:image\" content=\"https:\/\/caviar-de-neuvic.com\/wp-content\/uploads\/2025\/04\/CDN_PAQUES_110425_\u00aeAV-21.jpg\" \/>\n\t<meta property=\"og:image:width\" content=\"1920\" \/>\n\t<meta property=\"og:image:height\" content=\"1280\" \/>\n\t<meta property=\"og:image:type\" content=\"image\/jpeg\" \/>\n<meta name=\"author\" content=\"Laurine Gay\" \/>\n<meta name=\"twitter:card\" content=\"summary_large_image\" \/>\n<meta name=\"twitter:label1\" content=\"\u00c9crit par\" \/>\n\t<meta name=\"twitter:data1\" content=\"Laurine Gay\" \/>\n\t<meta name=\"twitter:label2\" content=\"Dur\u00e9e de lecture est.\" \/>\n\t<meta name=\"twitter:data2\" content=\"2 minutes\" \/>\n<script type=\"application\/ld+json\" class=\"yoast-schema-graph\">{\"@context\":\"https:\\\/\\\/schema.org\",\"@graph\":[{\"@type\":\"Article\",\"@id\":\"https:\\\/\\\/caviar-de-neuvic.com\\\/actualites\\\/menu-de-paques-caviar-de-neuvic\\\/#article\",\"isPartOf\":{\"@id\":\"https:\\\/\\\/caviar-de-neuvic.com\\\/actualites\\\/menu-de-paques-caviar-de-neuvic\\\/\"},\"author\":{\"name\":\"Laurine Gay\",\"@id\":\"http:\\\/\\\/caviar-de-neuvic.com\\\/fr\\\/#\\\/schema\\\/person\\\/89912ad55a5ddd5efeb92f2d32511b03\"},\"headline\":\"MENU DE P\u00c2QUES CAVIAR DE NEUVIC\",\"datePublished\":\"2025-04-15T08:39:18+00:00\",\"dateModified\":\"2025-11-19T13:03:54+00:00\",\"mainEntityOfPage\":{\"@id\":\"https:\\\/\\\/caviar-de-neuvic.com\\\/actualites\\\/menu-de-paques-caviar-de-neuvic\\\/\"},\"wordCount\":196,\"commentCount\":0,\"publisher\":{\"@id\":\"http:\\\/\\\/caviar-de-neuvic.com\\\/fr\\\/#organization\"},\"image\":{\"@id\":\"https:\\\/\\\/caviar-de-neuvic.com\\\/actualites\\\/menu-de-paques-caviar-de-neuvic\\\/#primaryimage\"},\"thumbnailUrl\":\"https:\\\/\\\/caviar-de-neuvic.com\\\/wp-content\\\/uploads\\\/2025\\\/04\\\/CDN_PAQUES_110425_\u00aeAV-21.jpg\",\"keywords\":[\"Menu de P\u00e2ques\",\"Menu sp\u00e9cial\"],\"articleSection\":[\"Actualit\u00e9s\"],\"inLanguage\":\"fr-BE\",\"potentialAction\":[{\"@type\":\"CommentAction\",\"name\":\"Comment\",\"target\":[\"https:\\\/\\\/caviar-de-neuvic.com\\\/actualites\\\/menu-de-paques-caviar-de-neuvic\\\/#respond\"]}]},{\"@type\":\"WebPage\",\"@id\":\"https:\\\/\\\/caviar-de-neuvic.com\\\/actualites\\\/menu-de-paques-caviar-de-neuvic\\\/\",\"url\":\"https:\\\/\\\/caviar-de-neuvic.com\\\/actualites\\\/menu-de-paques-caviar-de-neuvic\\\/\",\"name\":\"MENU DE P\u00c2QUES CAVIAR DE NEUVIC - Producteur Fran\u00e7ais De Caviar\",\"isPartOf\":{\"@id\":\"http:\\\/\\\/caviar-de-neuvic.com\\\/fr\\\/#website\"},\"primaryImageOfPage\":{\"@id\":\"https:\\\/\\\/caviar-de-neuvic.com\\\/actualites\\\/menu-de-paques-caviar-de-neuvic\\\/#primaryimage\"},\"image\":{\"@id\":\"https:\\\/\\\/caviar-de-neuvic.com\\\/actualites\\\/menu-de-paques-caviar-de-neuvic\\\/#primaryimage\"},\"thumbnailUrl\":\"https:\\\/\\\/caviar-de-neuvic.com\\\/wp-content\\\/uploads\\\/2025\\\/04\\\/CDN_PAQUES_110425_\u00aeAV-21.jpg\",\"datePublished\":\"2025-04-15T08:39:18+00:00\",\"dateModified\":\"2025-11-19T13:03:54+00:00\",\"description\":\"MENU DE P\u00c2QUES CAVIAR DE NEUVIC. Du 23 au 26 avril \u00e0 12h30, notre chef vous invite \u00e0 d\u00e9couvrir un menu sp\u00e9cial P\u00e2ques.\",\"breadcrumb\":{\"@id\":\"https:\\\/\\\/caviar-de-neuvic.com\\\/actualites\\\/menu-de-paques-caviar-de-neuvic\\\/#breadcrumb\"},\"inLanguage\":\"fr-BE\",\"potentialAction\":[{\"@type\":\"ReadAction\",\"target\":[\"https:\\\/\\\/caviar-de-neuvic.com\\\/actualites\\\/menu-de-paques-caviar-de-neuvic\\\/\"]}]},{\"@type\":\"ImageObject\",\"inLanguage\":\"fr-BE\",\"@id\":\"https:\\\/\\\/caviar-de-neuvic.com\\\/actualites\\\/menu-de-paques-caviar-de-neuvic\\\/#primaryimage\",\"url\":\"https:\\\/\\\/caviar-de-neuvic.com\\\/wp-content\\\/uploads\\\/2025\\\/04\\\/CDN_PAQUES_110425_\u00aeAV-21.jpg\",\"contentUrl\":\"https:\\\/\\\/caviar-de-neuvic.com\\\/wp-content\\\/uploads\\\/2025\\\/04\\\/CDN_PAQUES_110425_\u00aeAV-21.jpg\",\"width\":1920,\"height\":1280,\"caption\":\"MENU DE P\u00c2QUES CAVIAR DE NEUVIC\"},{\"@type\":\"BreadcrumbList\",\"@id\":\"https:\\\/\\\/caviar-de-neuvic.com\\\/actualites\\\/menu-de-paques-caviar-de-neuvic\\\/#breadcrumb\",\"itemListElement\":[{\"@type\":\"ListItem\",\"position\":1,\"name\":\"Caviar de Neuvic\",\"item\":\"https:\\\/\\\/caviar-de-neuvic.com\\\/\"},{\"@type\":\"ListItem\",\"position\":2,\"name\":\"Actualit\u00e9s\",\"item\":\"https:\\\/\\\/caviar-de-neuvic.com\\\/fr\\\/category\\\/actualites\\\/\"},{\"@type\":\"ListItem\",\"position\":3,\"name\":\"MENU DE P\u00c2QUES CAVIAR DE NEUVIC\"}]},{\"@type\":\"WebSite\",\"@id\":\"http:\\\/\\\/caviar-de-neuvic.com\\\/fr\\\/#website\",\"url\":\"http:\\\/\\\/caviar-de-neuvic.com\\\/fr\\\/\",\"name\":\"Producteur Fran\u00e7ais De Caviar\",\"description\":\"\",\"publisher\":{\"@id\":\"http:\\\/\\\/caviar-de-neuvic.com\\\/fr\\\/#organization\"},\"potentialAction\":[{\"@type\":\"SearchAction\",\"target\":{\"@type\":\"EntryPoint\",\"urlTemplate\":\"http:\\\/\\\/caviar-de-neuvic.com\\\/fr\\\/?s={search_term_string}\"},\"query-input\":{\"@type\":\"PropertyValueSpecification\",\"valueRequired\":true,\"valueName\":\"search_term_string\"}}],\"inLanguage\":\"fr-BE\"},{\"@type\":\"Organization\",\"@id\":\"http:\\\/\\\/caviar-de-neuvic.com\\\/fr\\\/#organization\",\"name\":\"Producteur Fran\u00e7ais De Caviar\",\"url\":\"http:\\\/\\\/caviar-de-neuvic.com\\\/fr\\\/\",\"logo\":{\"@type\":\"ImageObject\",\"inLanguage\":\"fr-BE\",\"@id\":\"http:\\\/\\\/caviar-de-neuvic.com\\\/fr\\\/#\\\/schema\\\/logo\\\/image\\\/\",\"url\":\"\",\"contentUrl\":\"\",\"caption\":\"Producteur Fran\u00e7ais De Caviar\"},\"image\":{\"@id\":\"http:\\\/\\\/caviar-de-neuvic.com\\\/fr\\\/#\\\/schema\\\/logo\\\/image\\\/\"}},{\"@type\":\"Person\",\"@id\":\"http:\\\/\\\/caviar-de-neuvic.com\\\/fr\\\/#\\\/schema\\\/person\\\/89912ad55a5ddd5efeb92f2d32511b03\",\"name\":\"Laurine Gay\",\"url\":\"https:\\\/\\\/caviar-de-neuvic.com\\\/fr_be\\\/author\\\/laurine-gaycaviardeneuvic-com\\\/\"}]}<\/script>\n<!-- \/ Yoast SEO plugin. -->","yoast_head_json":{"title":"MENU DE P\u00c2QUES CAVIAR DE NEUVIC - Producteur Fran\u00e7ais De Caviar","description":"MENU DE P\u00c2QUES CAVIAR DE NEUVIC. Du 23 au 26 avril \u00e0 12h30, notre chef vous invite \u00e0 d\u00e9couvrir un menu sp\u00e9cial P\u00e2ques.","robots":{"index":"index","follow":"follow","max-snippet":"max-snippet:-1","max-image-preview":"max-image-preview:large","max-video-preview":"max-video-preview:-1"},"canonical":"https:\/\/caviar-de-neuvic.com\/fr_be\/actualites\/menu-de-paques-caviar-de-neuvic\/","og_locale":"fr_FR","og_type":"article","og_title":"MENU DE P\u00c2QUES CAVIAR DE NEUVIC - Producteur Fran\u00e7ais De Caviar","og_description":"MENU DE P\u00c2QUES CAVIAR DE NEUVIC. Du 23 au 26 avril \u00e0 12h30, notre chef vous invite \u00e0 d\u00e9couvrir un menu sp\u00e9cial P\u00e2ques.","og_url":"https:\/\/caviar-de-neuvic.com\/fr_be\/actualites\/menu-de-paques-caviar-de-neuvic\/","og_site_name":"Producteur Fran\u00e7ais De Caviar","article_published_time":"2025-04-15T08:39:18+00:00","article_modified_time":"2025-11-19T13:03:54+00:00","og_image":[{"width":1920,"height":1280,"url":"https:\/\/caviar-de-neuvic.com\/wp-content\/uploads\/2025\/04\/CDN_PAQUES_110425_\u00aeAV-21.jpg","type":"image\/jpeg"}],"author":"Laurine Gay","twitter_card":"summary_large_image","twitter_misc":{"\u00c9crit par":"Laurine Gay","Dur\u00e9e de lecture est.":"2 minutes"},"schema":{"@context":"https:\/\/schema.org","@graph":[{"@type":"Article","@id":"https:\/\/caviar-de-neuvic.com\/actualites\/menu-de-paques-caviar-de-neuvic\/#article","isPartOf":{"@id":"https:\/\/caviar-de-neuvic.com\/actualites\/menu-de-paques-caviar-de-neuvic\/"},"author":{"name":"Laurine Gay","@id":"http:\/\/caviar-de-neuvic.com\/fr\/#\/schema\/person\/89912ad55a5ddd5efeb92f2d32511b03"},"headline":"MENU DE P\u00c2QUES CAVIAR DE NEUVIC","datePublished":"2025-04-15T08:39:18+00:00","dateModified":"2025-11-19T13:03:54+00:00","mainEntityOfPage":{"@id":"https:\/\/caviar-de-neuvic.com\/actualites\/menu-de-paques-caviar-de-neuvic\/"},"wordCount":196,"commentCount":0,"publisher":{"@id":"http:\/\/caviar-de-neuvic.com\/fr\/#organization"},"image":{"@id":"https:\/\/caviar-de-neuvic.com\/actualites\/menu-de-paques-caviar-de-neuvic\/#primaryimage"},"thumbnailUrl":"https:\/\/caviar-de-neuvic.com\/wp-content\/uploads\/2025\/04\/CDN_PAQUES_110425_\u00aeAV-21.jpg","keywords":["Menu de P\u00e2ques","Menu sp\u00e9cial"],"articleSection":["Actualit\u00e9s"],"inLanguage":"fr-BE","potentialAction":[{"@type":"CommentAction","name":"Comment","target":["https:\/\/caviar-de-neuvic.com\/actualites\/menu-de-paques-caviar-de-neuvic\/#respond"]}]},{"@type":"WebPage","@id":"https:\/\/caviar-de-neuvic.com\/actualites\/menu-de-paques-caviar-de-neuvic\/","url":"https:\/\/caviar-de-neuvic.com\/actualites\/menu-de-paques-caviar-de-neuvic\/","name":"MENU DE P\u00c2QUES CAVIAR DE NEUVIC - Producteur Fran\u00e7ais De Caviar","isPartOf":{"@id":"http:\/\/caviar-de-neuvic.com\/fr\/#website"},"primaryImageOfPage":{"@id":"https:\/\/caviar-de-neuvic.com\/actualites\/menu-de-paques-caviar-de-neuvic\/#primaryimage"},"image":{"@id":"https:\/\/caviar-de-neuvic.com\/actualites\/menu-de-paques-caviar-de-neuvic\/#primaryimage"},"thumbnailUrl":"https:\/\/caviar-de-neuvic.com\/wp-content\/uploads\/2025\/04\/CDN_PAQUES_110425_\u00aeAV-21.jpg","datePublished":"2025-04-15T08:39:18+00:00","dateModified":"2025-11-19T13:03:54+00:00","description":"MENU DE P\u00c2QUES CAVIAR DE NEUVIC. Du 23 au 26 avril \u00e0 12h30, notre chef vous invite \u00e0 d\u00e9couvrir un menu sp\u00e9cial P\u00e2ques.","breadcrumb":{"@id":"https:\/\/caviar-de-neuvic.com\/actualites\/menu-de-paques-caviar-de-neuvic\/#breadcrumb"},"inLanguage":"fr-BE","potentialAction":[{"@type":"ReadAction","target":["https:\/\/caviar-de-neuvic.com\/actualites\/menu-de-paques-caviar-de-neuvic\/"]}]},{"@type":"ImageObject","inLanguage":"fr-BE","@id":"https:\/\/caviar-de-neuvic.com\/actualites\/menu-de-paques-caviar-de-neuvic\/#primaryimage","url":"https:\/\/caviar-de-neuvic.com\/wp-content\/uploads\/2025\/04\/CDN_PAQUES_110425_\u00aeAV-21.jpg","contentUrl":"https:\/\/caviar-de-neuvic.com\/wp-content\/uploads\/2025\/04\/CDN_PAQUES_110425_\u00aeAV-21.jpg","width":1920,"height":1280,"caption":"MENU DE P\u00c2QUES CAVIAR DE NEUVIC"},{"@type":"BreadcrumbList","@id":"https:\/\/caviar-de-neuvic.com\/actualites\/menu-de-paques-caviar-de-neuvic\/#breadcrumb","itemListElement":[{"@type":"ListItem","position":1,"name":"Caviar de Neuvic","item":"https:\/\/caviar-de-neuvic.com\/"},{"@type":"ListItem","position":2,"name":"Actualit\u00e9s","item":"https:\/\/caviar-de-neuvic.com\/fr\/category\/actualites\/"},{"@type":"ListItem","position":3,"name":"MENU DE P\u00c2QUES CAVIAR DE NEUVIC"}]},{"@type":"WebSite","@id":"http:\/\/caviar-de-neuvic.com\/fr\/#website","url":"http:\/\/caviar-de-neuvic.com\/fr\/","name":"Producteur Fran\u00e7ais De Caviar","description":"","publisher":{"@id":"http:\/\/caviar-de-neuvic.com\/fr\/#organization"},"potentialAction":[{"@type":"SearchAction","target":{"@type":"EntryPoint","urlTemplate":"http:\/\/caviar-de-neuvic.com\/fr\/?s={search_term_string}"},"query-input":{"@type":"PropertyValueSpecification","valueRequired":true,"valueName":"search_term_string"}}],"inLanguage":"fr-BE"},{"@type":"Organization","@id":"http:\/\/caviar-de-neuvic.com\/fr\/#organization","name":"Producteur Fran\u00e7ais De Caviar","url":"http:\/\/caviar-de-neuvic.com\/fr\/","logo":{"@type":"ImageObject","inLanguage":"fr-BE","@id":"http:\/\/caviar-de-neuvic.com\/fr\/#\/schema\/logo\/image\/","url":"","contentUrl":"","caption":"Producteur Fran\u00e7ais De Caviar"},"image":{"@id":"http:\/\/caviar-de-neuvic.com\/fr\/#\/schema\/logo\/image\/"}},{"@type":"Person","@id":"http:\/\/caviar-de-neuvic.com\/fr\/#\/schema\/person\/89912ad55a5ddd5efeb92f2d32511b03","name":"Laurine Gay","url":"https:\/\/caviar-de-neuvic.com\/fr_be\/author\/laurine-gaycaviardeneuvic-com\/"}]}},"_links":{"self":[{"href":"https:\/\/caviar-de-neuvic.com\/fr_be\/wp-json\/wp\/v2\/posts\/20872","targetHints":{"allow":["GET"]}}],"collection":[{"href":"https:\/\/caviar-de-neuvic.com\/fr_be\/wp-json\/wp\/v2\/posts"}],"about":[{"href":"https:\/\/caviar-de-neuvic.com\/fr_be\/wp-json\/wp\/v2\/types\/post"}],"author":[{"embeddable":true,"href":"https:\/\/caviar-de-neuvic.com\/fr_be\/wp-json\/wp\/v2\/users\/11896"}],"replies":[{"embeddable":true,"href":"https:\/\/caviar-de-neuvic.com\/fr_be\/wp-json\/wp\/v2\/comments?post=20872"}],"version-history":[{"count":1,"href":"https:\/\/caviar-de-neuvic.com\/fr_be\/wp-json\/wp\/v2\/posts\/20872\/revisions"}],"predecessor-version":[{"id":32164,"href":"https:\/\/caviar-de-neuvic.com\/fr_be\/wp-json\/wp\/v2\/posts\/20872\/revisions\/32164"}],"wp:featuredmedia":[{"embeddable":true,"href":"https:\/\/caviar-de-neuvic.com\/fr_be\/wp-json\/wp\/v2\/media\/21225"}],"wp:attachment":[{"href":"https:\/\/caviar-de-neuvic.com\/fr_be\/wp-json\/wp\/v2\/media?parent=20872"}],"wp:term":[{"taxonomy":"category","embeddable":true,"href":"https:\/\/caviar-de-neuvic.com\/fr_be\/wp-json\/wp\/v2\/categories?post=20872"},{"taxonomy":"post_tag","embeddable":true,"href":"https:\/\/caviar-de-neuvic.com\/fr_be\/wp-json\/wp\/v2\/tags?post=20872"}],"curies":[{"name":"wp","href":"https:\/\/api.w.org\/{rel}","templated":true}]}}