{"id":31950,"date":"2025-11-13T10:37:12","date_gmt":"2025-11-13T09:37:12","guid":{"rendered":"https:\/\/caviar-de-neuvic.com\/?p=31950"},"modified":"2025-11-19T14:19:37","modified_gmt":"2025-11-19T13:19:37","slug":"khavyar-la-naissance-dun-mythe-reedition-2025","status":"publish","type":"post","link":"https:\/\/caviar-de-neuvic.com\/fr_be\/actualites\/khavyar-la-naissance-dun-mythe-reedition-2025\/","title":{"rendered":"R\u00e9\u00e9dition de notre livre Khavyar"},"content":{"rendered":"<h3>Khavyar la naissance d\u2019un mythe r\u00e9\u00e9dition 2025<\/h3>\n<p><span style=\"font-weight: 400\">En 2024, Caviar de Neuvic lan\u00e7ait <a href=\"https:\/\/caviar-de-neuvic.com\/fr_be\/p\/accueil\/accompagner-le-caviar\/livre-khavyar-la-naissance-d-un-mythe\/\" target=\"_blank\" rel=\"noopener\">Khavyar, la naissance d\u2019un mythe<\/a>, un ouvrage d\u00e9di\u00e9 \u00e0 l\u2019univers du caviar et aux chefs qui le subliment. V\u00e9ritable hommage au savoir-faire gastronomique fran\u00e7ais, le livre r\u00e9unissait douze chefs et autant de cr\u00e9ations autour de ce produit d\u2019exception.<\/span><\/p>\n<p><span style=\"font-weight: 400\">En 2025, l\u2019histoire continue.<\/span><span style=\"font-weight: 400\"><br \/>\n<\/span><span style=\"font-weight: 400\">Caviar de Neuvic d\u00e9voile la r\u00e9\u00e9dition de Khavyar, enrichie de huit nouveaux chefs venus de toute la France et de seize recettes in\u00e9dites, imagin\u00e9es exclusivement pour cet ouvrage.<\/span><\/p>\n<h3><strong>Les nouveaux chefs invit\u00e9s<\/strong><\/h3>\n<ul>\n<li style=\"font-weight: 400\"><span style=\"font-weight: 400\">Camille Durand \u2013 <a href=\"https:\/\/maison-nouvelle.fr\" target=\"_blank\" rel=\"noopener\">Maison Nouvelle<\/a> (33)<\/span><\/li>\n<li style=\"font-weight: 400\"><span style=\"font-weight: 400\">Baptiste Borderie \u2013 <a href=\"https:\/\/colvert.paris\" target=\"_blank\" rel=\"noopener\">Colvert<\/a> (75)<\/span><\/li>\n<li style=\"font-weight: 400\"><span style=\"font-weight: 400\">Rodolphe Despagne \u2013 <a href=\"https:\/\/lechristine.becsparisiens.fr\" target=\"_blank\" rel=\"noopener\">Christine<\/a> (75)<\/span><\/li>\n<li style=\"font-weight: 400\"><span style=\"font-weight: 400\">Julien Haj \u2013 <a href=\"https:\/\/caviar-de-neuvic.com\/fr_be\/\" target=\"_blank\" rel=\"noopener\">Caviar de Neuvic<\/a> (24)<\/span><\/li>\n<li style=\"font-weight: 400\"><span style=\"font-weight: 400\">Jean-Michel Carrette \u2013 <a href=\"https:\/\/www.aux-terrasses.com\/fr\/\" target=\"_blank\" rel=\"noopener\">Aux Terrasses<\/a> (71)<\/span><\/li>\n<li style=\"font-weight: 400\"><span style=\"font-weight: 400\">Masashi Ijichi \u2013 <a href=\"https:\/\/www.lacachette-valence.fr\/fr\/\" target=\"_blank\" rel=\"noopener\">La Cachette<\/a> (26)<\/span><\/li>\n<li style=\"font-weight: 400\"><span style=\"font-weight: 400\">\u00c9milien Rouable \u2013 <a href=\"https:\/\/www.restaurantlinattendu.com\" target=\"_blank\" rel=\"noopener\">L\u2019Inattendu<\/a> (94)<\/span><\/li>\n<li style=\"font-weight: 400\"><span style=\"font-weight: 400\">S\u00e9bastien Bonnet \u2013 <a href=\"https:\/\/lamaisonbonnet.fr\/fr\/restaurant-gastronomique-le-kleber.html\" target=\"_blank\" rel=\"noopener\">Le Kl\u00e9ber<\/a> (26)<\/span><\/li>\n<\/ul>\n<div id='gallery-1' class='gallery galleryid-31950 gallery-columns-8 gallery-size-medium'><figure class='gallery-item'>\n\t\t\t<div class='gallery-icon portrait'>\n\t\t\t\t<a href='https:\/\/caviar-de-neuvic.com\/fr_be\/recipe\/canneloni-saint-jacques-et-esturgeon-cremes-de-legumes-et-caviar\/attachment\/cdn_lacachette_290825_av-4\/'><img fetchpriority=\"high\" decoding=\"async\" width=\"200\" height=\"300\" src=\"https:\/\/caviar-de-neuvic.com\/wp-content\/uploads\/2025\/09\/CDN_LACACHETTE_290825_\u00aeAV-4-200x300.jpg\" class=\"attachment-medium size-medium\" alt=\"\" srcset=\"https:\/\/caviar-de-neuvic.com\/wp-content\/uploads\/2025\/09\/CDN_LACACHETTE_290825_\u00aeAV-4-200x300.jpg 200w, https:\/\/caviar-de-neuvic.com\/wp-content\/uploads\/2025\/09\/CDN_LACACHETTE_290825_\u00aeAV-4-683x1024.jpg 683w, https:\/\/caviar-de-neuvic.com\/wp-content\/uploads\/2025\/09\/CDN_LACACHETTE_290825_\u00aeAV-4-768x1152.jpg 768w, https:\/\/caviar-de-neuvic.com\/wp-content\/uploads\/2025\/09\/CDN_LACACHETTE_290825_\u00aeAV-4-1024x1536.jpg 1024w, https:\/\/caviar-de-neuvic.com\/wp-content\/uploads\/2025\/09\/CDN_LACACHETTE_290825_\u00aeAV-4-1365x2048.jpg 1365w, https:\/\/caviar-de-neuvic.com\/wp-content\/uploads\/2025\/09\/CDN_LACACHETTE_290825_\u00aeAV-4-8x12.jpg 8w, https:\/\/caviar-de-neuvic.com\/wp-content\/uploads\/2025\/09\/CDN_LACACHETTE_290825_\u00aeAV-4-454x681.jpg 454w, https:\/\/caviar-de-neuvic.com\/wp-content\/uploads\/2025\/09\/CDN_LACACHETTE_290825_\u00aeAV-4-scaled.jpg 1707w\" sizes=\"(max-width: 200px) 100vw, 200px\" \/><\/a>\n\t\t\t<\/div><\/figure><figure class='gallery-item'>\n\t\t\t<div class='gallery-icon portrait'>\n\t\t\t\t<a href='https:\/\/caviar-de-neuvic.com\/fr_be\/chef\/chef-emilien-rouable-restaurant-linattendu\/attachment\/cdn_inattendu_070725_av-5\/'><img decoding=\"async\" width=\"200\" height=\"300\" src=\"https:\/\/caviar-de-neuvic.com\/wp-content\/uploads\/2025\/11\/CDN_Inattendu_070725_\u00aeAV-5-200x300.jpg\" class=\"attachment-medium size-medium\" alt=\"Chef Emilien Rouable - Restaurant L&#039;inattendu\" aria-describedby=\"gallery-1-31612\" srcset=\"https:\/\/caviar-de-neuvic.com\/wp-content\/uploads\/2025\/11\/CDN_Inattendu_070725_\u00aeAV-5-200x300.jpg 200w, https:\/\/caviar-de-neuvic.com\/wp-content\/uploads\/2025\/11\/CDN_Inattendu_070725_\u00aeAV-5-683x1024.jpg 683w, https:\/\/caviar-de-neuvic.com\/wp-content\/uploads\/2025\/11\/CDN_Inattendu_070725_\u00aeAV-5-768x1152.jpg 768w, https:\/\/caviar-de-neuvic.com\/wp-content\/uploads\/2025\/11\/CDN_Inattendu_070725_\u00aeAV-5-1024x1536.jpg 1024w, https:\/\/caviar-de-neuvic.com\/wp-content\/uploads\/2025\/11\/CDN_Inattendu_070725_\u00aeAV-5-1365x2048.jpg 1365w, https:\/\/caviar-de-neuvic.com\/wp-content\/uploads\/2025\/11\/CDN_Inattendu_070725_\u00aeAV-5-8x12.jpg 8w, https:\/\/caviar-de-neuvic.com\/wp-content\/uploads\/2025\/11\/CDN_Inattendu_070725_\u00aeAV-5-454x681.jpg 454w, https:\/\/caviar-de-neuvic.com\/wp-content\/uploads\/2025\/11\/CDN_Inattendu_070725_\u00aeAV-5-scaled.jpg 1707w\" sizes=\"(max-width: 200px) 100vw, 200px\" \/><\/a>\n\t\t\t<\/div>\n\t\t\t\t<figcaption class='wp-caption-text gallery-caption' id='gallery-1-31612'>\n\t\t\t\tChef Emilien Rouable &#8211; Restaurant L&rsquo;inattendu\n\t\t\t\t<\/figcaption><\/figure><figure class='gallery-item'>\n\t\t\t<div class='gallery-icon portrait'>\n\t\t\t\t<a href='https:\/\/caviar-de-neuvic.com\/fr_be\/chef\/chef-sebastien-bonnet-restaurant-le-kleber\/attachment\/cdn_lekleber_290825_av-68\/'><img decoding=\"async\" width=\"200\" height=\"300\" src=\"https:\/\/caviar-de-neuvic.com\/wp-content\/uploads\/2025\/12\/CDN_LEKLEBER_290825_\u00aeAV-68-200x300.jpg\" class=\"attachment-medium size-medium\" alt=\"Chef S\u00e9bastien Bonnet - Restaurant Le Kleber\" aria-describedby=\"gallery-1-31611\" srcset=\"https:\/\/caviar-de-neuvic.com\/wp-content\/uploads\/2025\/12\/CDN_LEKLEBER_290825_\u00aeAV-68-200x300.jpg 200w, https:\/\/caviar-de-neuvic.com\/wp-content\/uploads\/2025\/12\/CDN_LEKLEBER_290825_\u00aeAV-68-683x1024.jpg 683w, https:\/\/caviar-de-neuvic.com\/wp-content\/uploads\/2025\/12\/CDN_LEKLEBER_290825_\u00aeAV-68-768x1152.jpg 768w, https:\/\/caviar-de-neuvic.com\/wp-content\/uploads\/2025\/12\/CDN_LEKLEBER_290825_\u00aeAV-68-1024x1536.jpg 1024w, https:\/\/caviar-de-neuvic.com\/wp-content\/uploads\/2025\/12\/CDN_LEKLEBER_290825_\u00aeAV-68-1365x2048.jpg 1365w, https:\/\/caviar-de-neuvic.com\/wp-content\/uploads\/2025\/12\/CDN_LEKLEBER_290825_\u00aeAV-68-8x12.jpg 8w, https:\/\/caviar-de-neuvic.com\/wp-content\/uploads\/2025\/12\/CDN_LEKLEBER_290825_\u00aeAV-68-454x681.jpg 454w, https:\/\/caviar-de-neuvic.com\/wp-content\/uploads\/2025\/12\/CDN_LEKLEBER_290825_\u00aeAV-68-scaled.jpg 1707w\" sizes=\"(max-width: 200px) 100vw, 200px\" \/><\/a>\n\t\t\t<\/div>\n\t\t\t\t<figcaption class='wp-caption-text gallery-caption' id='gallery-1-31611'>\n\t\t\t\tChef S\u00e9bastien Bonnet &#8211; Restaurant Le Kleber\n\t\t\t\t<\/figcaption><\/figure><figure class='gallery-item'>\n\t\t\t<div class='gallery-icon portrait'>\n\t\t\t\t<a href='https:\/\/caviar-de-neuvic.com\/fr_be\/chef\/chef-baptiste-borderie-restaurant-le-colvert\/attachment\/cdn_colvert_250725_av-123\/'><img loading=\"lazy\" decoding=\"async\" width=\"200\" height=\"300\" src=\"https:\/\/caviar-de-neuvic.com\/wp-content\/uploads\/2025\/12\/CDN_COLVERT_250725_\u00aeAV-123-200x300.jpg\" class=\"attachment-medium size-medium\" alt=\"Chef Baptiste Borderie - Restaurant Le Colvert\" aria-describedby=\"gallery-1-31610\" srcset=\"https:\/\/caviar-de-neuvic.com\/wp-content\/uploads\/2025\/12\/CDN_COLVERT_250725_\u00aeAV-123-200x300.jpg 200w, https:\/\/caviar-de-neuvic.com\/wp-content\/uploads\/2025\/12\/CDN_COLVERT_250725_\u00aeAV-123-683x1024.jpg 683w, https:\/\/caviar-de-neuvic.com\/wp-content\/uploads\/2025\/12\/CDN_COLVERT_250725_\u00aeAV-123-768x1152.jpg 768w, https:\/\/caviar-de-neuvic.com\/wp-content\/uploads\/2025\/12\/CDN_COLVERT_250725_\u00aeAV-123-1024x1536.jpg 1024w, https:\/\/caviar-de-neuvic.com\/wp-content\/uploads\/2025\/12\/CDN_COLVERT_250725_\u00aeAV-123-1365x2048.jpg 1365w, https:\/\/caviar-de-neuvic.com\/wp-content\/uploads\/2025\/12\/CDN_COLVERT_250725_\u00aeAV-123-8x12.jpg 8w, https:\/\/caviar-de-neuvic.com\/wp-content\/uploads\/2025\/12\/CDN_COLVERT_250725_\u00aeAV-123-454x681.jpg 454w, https:\/\/caviar-de-neuvic.com\/wp-content\/uploads\/2025\/12\/CDN_COLVERT_250725_\u00aeAV-123-scaled.jpg 1707w\" sizes=\"(max-width: 200px) 100vw, 200px\" \/><\/a>\n\t\t\t<\/div>\n\t\t\t\t<figcaption class='wp-caption-text gallery-caption' id='gallery-1-31610'>\n\t\t\t\tChef Baptiste Borderie &#8211; Restaurant Le Colvert\n\t\t\t\t<\/figcaption><\/figure><figure class='gallery-item'>\n\t\t\t<div class='gallery-icon portrait'>\n\t\t\t\t<a href='https:\/\/caviar-de-neuvic.com\/fr_be\/recipe\/medaillon-desturgeon-wakame-et-dashi\/attachment\/cdn_auxterrasses_280825_av-40\/'><img loading=\"lazy\" decoding=\"async\" width=\"200\" height=\"300\" src=\"https:\/\/caviar-de-neuvic.com\/wp-content\/uploads\/2025\/09\/CDN_AUXTERRASSES_280825_\u00aeAV-40-200x300.jpg\" class=\"attachment-medium size-medium\" alt=\"Chef Jean-Michel Carrette - Restaurant Aux Terrasses\" aria-describedby=\"gallery-1-31603\" srcset=\"https:\/\/caviar-de-neuvic.com\/wp-content\/uploads\/2025\/09\/CDN_AUXTERRASSES_280825_\u00aeAV-40-200x300.jpg 200w, https:\/\/caviar-de-neuvic.com\/wp-content\/uploads\/2025\/09\/CDN_AUXTERRASSES_280825_\u00aeAV-40-683x1024.jpg 683w, https:\/\/caviar-de-neuvic.com\/wp-content\/uploads\/2025\/09\/CDN_AUXTERRASSES_280825_\u00aeAV-40-768x1152.jpg 768w, https:\/\/caviar-de-neuvic.com\/wp-content\/uploads\/2025\/09\/CDN_AUXTERRASSES_280825_\u00aeAV-40-1024x1536.jpg 1024w, https:\/\/caviar-de-neuvic.com\/wp-content\/uploads\/2025\/09\/CDN_AUXTERRASSES_280825_\u00aeAV-40-1365x2048.jpg 1365w, https:\/\/caviar-de-neuvic.com\/wp-content\/uploads\/2025\/09\/CDN_AUXTERRASSES_280825_\u00aeAV-40-8x12.jpg 8w, https:\/\/caviar-de-neuvic.com\/wp-content\/uploads\/2025\/09\/CDN_AUXTERRASSES_280825_\u00aeAV-40-454x681.jpg 454w, https:\/\/caviar-de-neuvic.com\/wp-content\/uploads\/2025\/09\/CDN_AUXTERRASSES_280825_\u00aeAV-40-scaled.jpg 1707w\" sizes=\"(max-width: 200px) 100vw, 200px\" \/><\/a>\n\t\t\t<\/div>\n\t\t\t\t<figcaption class='wp-caption-text gallery-caption' id='gallery-1-31603'>\n\t\t\t\tChef Jean-Michel Carrette &#8211; Restaurant Aux Terrasses\n\t\t\t\t<\/figcaption><\/figure><figure class='gallery-item'>\n\t\t\t<div class='gallery-icon portrait'>\n\t\t\t\t<a href='https:\/\/caviar-de-neuvic.com\/fr_be\/chef\/chef-rodolphe-despagne-restaurant-christine\/attachment\/christine-janvier25-plats_hugosourdin-hd-093\/'><img loading=\"lazy\" decoding=\"async\" width=\"200\" height=\"300\" src=\"https:\/\/caviar-de-neuvic.com\/wp-content\/uploads\/2025\/10\/christine-janvier25-plats_hugosourdin-hd-093-200x300.jpeg\" class=\"attachment-medium size-medium\" alt=\"Chef Rodolphe Despagne - Restaurant Christine\" aria-describedby=\"gallery-1-31497\" srcset=\"https:\/\/caviar-de-neuvic.com\/wp-content\/uploads\/2025\/10\/christine-janvier25-plats_hugosourdin-hd-093-200x300.jpeg 200w, https:\/\/caviar-de-neuvic.com\/wp-content\/uploads\/2025\/10\/christine-janvier25-plats_hugosourdin-hd-093-683x1024.jpeg 683w, https:\/\/caviar-de-neuvic.com\/wp-content\/uploads\/2025\/10\/christine-janvier25-plats_hugosourdin-hd-093-768x1152.jpeg 768w, https:\/\/caviar-de-neuvic.com\/wp-content\/uploads\/2025\/10\/christine-janvier25-plats_hugosourdin-hd-093-1024x1536.jpeg 1024w, https:\/\/caviar-de-neuvic.com\/wp-content\/uploads\/2025\/10\/christine-janvier25-plats_hugosourdin-hd-093-1365x2048.jpeg 1365w, https:\/\/caviar-de-neuvic.com\/wp-content\/uploads\/2025\/10\/christine-janvier25-plats_hugosourdin-hd-093-8x12.jpeg 8w, https:\/\/caviar-de-neuvic.com\/wp-content\/uploads\/2025\/10\/christine-janvier25-plats_hugosourdin-hd-093-454x681.jpeg 454w, https:\/\/caviar-de-neuvic.com\/wp-content\/uploads\/2025\/10\/christine-janvier25-plats_hugosourdin-hd-093-scaled.jpeg 1707w\" sizes=\"(max-width: 200px) 100vw, 200px\" \/><\/a>\n\t\t\t<\/div>\n\t\t\t\t<figcaption class='wp-caption-text gallery-caption' id='gallery-1-31497'>\n\t\t\t\tChef Rodolphe Despagne &#8211; Restaurant Christine \n\t\t\t\t<\/figcaption><\/figure><figure class='gallery-item'>\n\t\t\t<div class='gallery-icon portrait'>\n\t\t\t\t<a href='https:\/\/caviar-de-neuvic.com\/fr_be\/actualites\/khavyar-la-naissance-dun-mythe-reedition-2025\/attachment\/img_7152_2-2\/'><img loading=\"lazy\" decoding=\"async\" width=\"200\" height=\"300\" src=\"https:\/\/caviar-de-neuvic.com\/wp-content\/uploads\/2024\/06\/IMG_7152_2-200x300.jpg\" class=\"attachment-medium size-medium\" alt=\"Julien Haj Chef Cuisinier\u00a0\" aria-describedby=\"gallery-1-24641\" srcset=\"https:\/\/caviar-de-neuvic.com\/wp-content\/uploads\/2024\/06\/IMG_7152_2-200x300.jpg 200w, https:\/\/caviar-de-neuvic.com\/wp-content\/uploads\/2024\/06\/IMG_7152_2-683x1024.jpg 683w, https:\/\/caviar-de-neuvic.com\/wp-content\/uploads\/2024\/06\/IMG_7152_2-768x1152.jpg 768w, https:\/\/caviar-de-neuvic.com\/wp-content\/uploads\/2024\/06\/IMG_7152_2-1024x1536.jpg 1024w, https:\/\/caviar-de-neuvic.com\/wp-content\/uploads\/2024\/06\/IMG_7152_2-8x12.jpg 8w, https:\/\/caviar-de-neuvic.com\/wp-content\/uploads\/2024\/06\/IMG_7152_2-454x681.jpg 454w, https:\/\/caviar-de-neuvic.com\/wp-content\/uploads\/2024\/06\/IMG_7152_2.jpg 1280w\" sizes=\"(max-width: 200px) 100vw, 200px\" \/><\/a>\n\t\t\t<\/div>\n\t\t\t\t<figcaption class='wp-caption-text gallery-caption' id='gallery-1-24641'>\n\t\t\t\tJulien Haj Chef Cuisinier\u00a0\n\t\t\t\t<\/figcaption><\/figure><figure class='gallery-item'>\n\t\t\t<div class='gallery-icon portrait'>\n\t\t\t\t<a href='https:\/\/caviar-de-neuvic.com\/fr_be\/cdn_camilledurand_mn_250525_av-34\/'><img loading=\"lazy\" decoding=\"async\" width=\"200\" height=\"300\" src=\"https:\/\/caviar-de-neuvic.com\/wp-content\/uploads\/2025\/07\/CDN_CAMILLEDURAND_MN_250525_\u00aeAV-34-200x300.jpg\" class=\"attachment-medium size-medium\" alt=\"\" aria-describedby=\"gallery-1-22555\" srcset=\"https:\/\/caviar-de-neuvic.com\/wp-content\/uploads\/2025\/07\/CDN_CAMILLEDURAND_MN_250525_\u00aeAV-34-200x300.jpg 200w, https:\/\/caviar-de-neuvic.com\/wp-content\/uploads\/2025\/07\/CDN_CAMILLEDURAND_MN_250525_\u00aeAV-34-768x1152.jpg 768w, https:\/\/caviar-de-neuvic.com\/wp-content\/uploads\/2025\/07\/CDN_CAMILLEDURAND_MN_250525_\u00aeAV-34-683x1024.jpg 683w, https:\/\/caviar-de-neuvic.com\/wp-content\/uploads\/2025\/07\/CDN_CAMILLEDURAND_MN_250525_\u00aeAV-34-1024x1536.jpg 1024w, https:\/\/caviar-de-neuvic.com\/wp-content\/uploads\/2025\/07\/CDN_CAMILLEDURAND_MN_250525_\u00aeAV-34-8x12.jpg 8w, https:\/\/caviar-de-neuvic.com\/wp-content\/uploads\/2025\/07\/CDN_CAMILLEDURAND_MN_250525_\u00aeAV-34-454x681.jpg 454w, https:\/\/caviar-de-neuvic.com\/wp-content\/uploads\/2025\/07\/CDN_CAMILLEDURAND_MN_250525_\u00aeAV-34.jpg 1280w\" sizes=\"(max-width: 200px) 100vw, 200px\" \/><\/a>\n\t\t\t<\/div>\n\t\t\t\t<figcaption class='wp-caption-text gallery-caption' id='gallery-1-22555'>\n\t\t\t\tChef Camille Durand\n\t\t\t\t<\/figcaption><\/figure>\n\t\t<\/div>\n\n<h3><\/h3>\n<h3><strong>Les chefs d\u00e9j\u00e0 pr\u00e9sents dans la premi\u00e8re \u00e9dition<\/strong><\/h3>\n<ul>\n<li><span style=\"font-weight: 400\">Abel Dupuis \u2013 Cilaos \u2013 Neuvic<\/span><\/li>\n<li><span style=\"font-weight: 400\">Antoine Romagn\u00e9 \u2013 Oxalis \u2013 P\u00e9rigueux<\/span><\/li>\n<li><span style=\"font-weight: 400\">Charles Guillou \u2013 Goustut \u2013 Capbreton<\/span><\/li>\n<li><span style=\"font-weight: 400\">Fr\u00e9d\u00e9ric Murati \u2013 Le Moulin de l\u2019Abbaye \u2013 Brant\u00f4me<\/span><\/li>\n<li><span style=\"font-weight: 400\">Guillaume Veyssi\u00e8re \u2013 Les Sources de Fontbelle \u2013 Angoul\u00eame<\/span><\/li>\n<li><span style=\"font-weight: 400\">Herv\u00e9 Battiston \u2013 L\u2019Imparfait \u2013 Bergerac<\/span><\/li>\n<li><span style=\"font-weight: 400\">Louis Festa \u2013 Les Singuliers \u2013 Saint-Astier<\/span><\/li>\n<li><span style=\"font-weight: 400\">Malo Tual \u2013 P\u00e9trocore \u2013 P\u00e9rigueux<\/span><\/li>\n<li><span style=\"font-weight: 400\">Marilyn Madray \u2013 Ch\u00e2teau de Ferrand \u2013 Saint-\u00c9milion<\/span><\/li>\n<li><span style=\"font-weight: 400\">Matthieu Pasgrimaud \u2013 Le Domaine des \u00c9tangs \u2013 Massignac<\/span><\/li>\n<li><span style=\"font-weight: 400\">Mickael Clautour \u2013 Aumi \u2013 Puymoyen<\/span><\/li>\n<li><span style=\"font-weight: 400\">Nick Honeyman \u2013 Le Petit L\u00e9on \u2013 Saint-L\u00e9on-sur-V\u00e9z\u00e8re<\/span><\/li>\n<\/ul>\n<h3><strong>Un lancement officiel au Festival du Livre Gourmand de P\u00e9rigueux<\/strong><\/h3>\n<p><span style=\"font-weight: 400\">La r\u00e9\u00e9dition de Khavyar sera d\u00e9voil\u00e9e en avant-premi\u00e8re lors du Festival du Livre Gourmand de P\u00e9rigueux, les 14, 15 et 16 novembre 2025.<\/span><\/p>\n<p><span style=\"font-weight: 400\">Le livre sera propos\u00e9 au tarif de 19,90 \u20ac, disponible dans toutes nos boutiques et sur notre site internet.<\/span><span style=\"font-weight: 400\"><br \/>\n<\/span><span style=\"font-weight: 400\">Le livre sera pr\u00e9sent\u00e9 et accompagn\u00e9 de d\u00e9gustations tout au long de l\u2019\u00e9v\u00e9nement.<\/span><\/p>\n<p>Cr\u00e9dit photo : <a href=\"https:\/\/avstudio.fr\/\" target=\"_blank\" rel=\"noopener\">AV Studio<\/a> &#8211; <a href=\"https:\/\/adelia-photo.com\" target=\"_blank\" rel=\"noopener\">AD Photographe<\/a><\/p>","protected":false},"excerpt":{"rendered":"<p>Khavyar la naissance d\u2019un mythe r\u00e9\u00e9dition 2025 En 2024, Caviar de Neuvic lan\u00e7ait Khavyar, la naissance d\u2019un mythe, un ouvrage d\u00e9di\u00e9 \u00e0 l\u2019univers du caviar et aux chefs qui le subliment. V\u00e9ritable hommage au savoir-faire gastronomique fran\u00e7ais, le livre r\u00e9unissait douze chefs et autant de cr\u00e9ations autour de ce produit d\u2019exception. En 2025, l\u2019histoire continue. [&hellip;]<\/p>\n","protected":false},"author":11896,"featured_media":31951,"comment_status":"closed","ping_status":"open","sticky":false,"template":"","format":"standard","meta":{"_acf_changed":false,"ocean_post_layout":"","ocean_both_sidebars_style":"","ocean_both_sidebars_content_width":0,"ocean_both_sidebars_sidebars_width":0,"ocean_sidebar":"0","ocean_second_sidebar":"0","ocean_disable_margins":"enable","ocean_add_body_class":"","ocean_shortcode_before_top_bar":"","ocean_shortcode_after_top_bar":"","ocean_shortcode_before_header":"","ocean_shortcode_after_header":"","ocean_has_shortcode":"","ocean_shortcode_after_title":"","ocean_shortcode_before_footer_widgets":"","ocean_shortcode_after_footer_widgets":"","ocean_shortcode_before_footer_bottom":"","ocean_shortcode_after_footer_bottom":"","ocean_display_top_bar":"default","ocean_display_header":"default","ocean_header_style":"","ocean_center_header_left_menu":"0","ocean_custom_header_template":"0","ocean_custom_logo":0,"ocean_custom_retina_logo":0,"ocean_custom_logo_max_width":0,"ocean_custom_logo_tablet_max_width":0,"ocean_custom_logo_mobile_max_width":0,"ocean_custom_logo_max_height":0,"ocean_custom_logo_tablet_max_height":0,"ocean_custom_logo_mobile_max_height":0,"ocean_header_custom_menu":"0","ocean_menu_typo_font_family":"0","ocean_menu_typo_font_subset":"","ocean_menu_typo_font_size":0,"ocean_menu_typo_font_size_tablet":0,"ocean_menu_typo_font_size_mobile":0,"ocean_menu_typo_font_size_unit":"px","ocean_menu_typo_font_weight":"","ocean_menu_typo_font_weight_tablet":"","ocean_menu_typo_font_weight_mobile":"","ocean_menu_typo_transform":"","ocean_menu_typo_transform_tablet":"","ocean_menu_typo_transform_mobile":"","ocean_menu_typo_line_height":0,"ocean_menu_typo_line_height_tablet":0,"ocean_menu_typo_line_height_mobile":0,"ocean_menu_typo_line_height_unit":"","ocean_menu_typo_spacing":0,"ocean_menu_typo_spacing_tablet":0,"ocean_menu_typo_spacing_mobile":0,"ocean_menu_typo_spacing_unit":"","ocean_menu_link_color":"","ocean_menu_link_color_hover":"","ocean_menu_link_color_active":"","ocean_menu_link_background":"","ocean_menu_link_hover_background":"","ocean_menu_link_active_background":"","ocean_menu_social_links_bg":"","ocean_menu_social_hover_links_bg":"","ocean_menu_social_links_color":"","ocean_menu_social_hover_links_color":"","ocean_disable_title":"default","ocean_disable_heading":"default","ocean_post_title":"","ocean_post_subheading":"","ocean_post_title_style":"","ocean_post_title_background_color":"","ocean_post_title_background":0,"ocean_post_title_bg_image_position":"","ocean_post_title_bg_image_attachment":"","ocean_post_title_bg_image_repeat":"","ocean_post_title_bg_image_size":"","ocean_post_title_height":0,"ocean_post_title_bg_overlay":0.5,"ocean_post_title_bg_overlay_color":"","ocean_disable_breadcrumbs":"default","ocean_breadcrumbs_color":"","ocean_breadcrumbs_separator_color":"","ocean_breadcrumbs_links_color":"","ocean_breadcrumbs_links_hover_color":"","ocean_display_footer_widgets":"default","ocean_display_footer_bottom":"default","ocean_custom_footer_template":"0","omw_enable_modal_window":"enable","ocean_post_oembed":"","ocean_post_self_hosted_media":"","ocean_post_video_embed":"","ocean_link_format":"","ocean_link_format_target":"self","ocean_quote_format":"","ocean_quote_format_link":"post","ocean_gallery_link_images":"on","ocean_gallery_id":[],"footnotes":""},"categories":[300],"tags":[464,462,463],"class_list":["post-31950","post","type-post","status-publish","format-standard","has-post-thumbnail","hentry","category-actualites","tag-livre-gourmand-de-perigueux","tag-livre-khavyar","tag-savoir-faire-gastronomique-francais","entry","has-media","owp-thumbs-layout-vertical","owp-btn-normal","owp-tabs-layout-horizontal","has-no-thumbnails","has-product-nav"],"acf":[],"yoast_head":"<!-- This site is optimized with the Yoast SEO plugin v27.5 - https:\/\/yoast.com\/product\/yoast-seo-wordpress\/ -->\n<title>R\u00e9\u00e9dition de notre livre Khavyar - Producteur Fran\u00e7ais De Caviar<\/title>\n<meta name=\"description\" content=\"Khavyar la naissance d\u2019un mythe r\u00e9\u00e9dition 2025. Un ouvrage d\u00e9di\u00e9 \u00e0 l\u2019univers du caviar et aux chefs qui le subliment\" \/>\n<meta name=\"robots\" content=\"index, follow, max-snippet:-1, max-image-preview:large, max-video-preview:-1\" \/>\n<link rel=\"canonical\" href=\"https:\/\/caviar-de-neuvic.com\/fr_be\/actualites\/khavyar-la-naissance-dun-mythe-reedition-2025\/\" \/>\n<meta property=\"og:locale\" content=\"fr_FR\" \/>\n<meta property=\"og:type\" content=\"article\" \/>\n<meta property=\"og:title\" content=\"R\u00e9\u00e9dition de notre livre Khavyar - Producteur Fran\u00e7ais De Caviar\" \/>\n<meta property=\"og:description\" content=\"Khavyar la naissance d\u2019un mythe r\u00e9\u00e9dition 2025. Un ouvrage d\u00e9di\u00e9 \u00e0 l\u2019univers du caviar et aux chefs qui le subliment\" \/>\n<meta property=\"og:url\" content=\"https:\/\/caviar-de-neuvic.com\/fr_be\/actualites\/khavyar-la-naissance-dun-mythe-reedition-2025\/\" \/>\n<meta property=\"og:site_name\" content=\"Producteur Fran\u00e7ais De Caviar\" \/>\n<meta property=\"article:published_time\" content=\"2025-11-13T09:37:12+00:00\" \/>\n<meta property=\"article:modified_time\" content=\"2025-11-19T13:19:37+00:00\" \/>\n<meta property=\"og:image\" content=\"https:\/\/caviar-de-neuvic.com\/wp-content\/uploads\/2025\/11\/CDN_131124_\u00aeAV-109-scaled.jpg\" \/>\n\t<meta property=\"og:image:width\" content=\"1707\" \/>\n\t<meta property=\"og:image:height\" content=\"2560\" \/>\n\t<meta property=\"og:image:type\" content=\"image\/jpeg\" \/>\n<meta name=\"author\" content=\"Laurine Gay\" \/>\n<meta name=\"twitter:card\" content=\"summary_large_image\" \/>\n<meta name=\"twitter:label1\" content=\"\u00c9crit par\" \/>\n\t<meta name=\"twitter:data1\" content=\"Laurine Gay\" \/>\n\t<meta name=\"twitter:label2\" content=\"Dur\u00e9e de lecture est.\" \/>\n\t<meta name=\"twitter:data2\" content=\"2 minutes\" \/>\n<script type=\"application\/ld+json\" class=\"yoast-schema-graph\">{\"@context\":\"https:\\\/\\\/schema.org\",\"@graph\":[{\"@type\":\"Article\",\"@id\":\"https:\\\/\\\/caviar-de-neuvic.com\\\/actualites\\\/khavyar-la-naissance-dun-mythe-reedition-2025\\\/#article\",\"isPartOf\":{\"@id\":\"https:\\\/\\\/caviar-de-neuvic.com\\\/actualites\\\/khavyar-la-naissance-dun-mythe-reedition-2025\\\/\"},\"author\":{\"name\":\"Laurine Gay\",\"@id\":\"http:\\\/\\\/caviar-de-neuvic.com\\\/fr\\\/#\\\/schema\\\/person\\\/89912ad55a5ddd5efeb92f2d32511b03\"},\"headline\":\"R\u00e9\u00e9dition de notre livre Khavyar\",\"datePublished\":\"2025-11-13T09:37:12+00:00\",\"dateModified\":\"2025-11-19T13:19:37+00:00\",\"mainEntityOfPage\":{\"@id\":\"https:\\\/\\\/caviar-de-neuvic.com\\\/actualites\\\/khavyar-la-naissance-dun-mythe-reedition-2025\\\/\"},\"wordCount\":310,\"publisher\":{\"@id\":\"http:\\\/\\\/caviar-de-neuvic.com\\\/fr\\\/#organization\"},\"image\":{\"@id\":\"https:\\\/\\\/caviar-de-neuvic.com\\\/actualites\\\/khavyar-la-naissance-dun-mythe-reedition-2025\\\/#primaryimage\"},\"thumbnailUrl\":\"https:\\\/\\\/caviar-de-neuvic.com\\\/wp-content\\\/uploads\\\/2025\\\/11\\\/CDN_131124_\u00aeAV-109-scaled.jpg\",\"keywords\":[\"Livre Gourmand de P\u00e9rigueux\",\"Livre Khavyar\",\"Savoir-faire gastronomique fran\u00e7ais\"],\"articleSection\":[\"Actualit\u00e9s\"],\"inLanguage\":\"fr-BE\"},{\"@type\":\"WebPage\",\"@id\":\"https:\\\/\\\/caviar-de-neuvic.com\\\/actualites\\\/khavyar-la-naissance-dun-mythe-reedition-2025\\\/\",\"url\":\"https:\\\/\\\/caviar-de-neuvic.com\\\/actualites\\\/khavyar-la-naissance-dun-mythe-reedition-2025\\\/\",\"name\":\"R\u00e9\u00e9dition de notre livre Khavyar - Producteur Fran\u00e7ais De Caviar\",\"isPartOf\":{\"@id\":\"http:\\\/\\\/caviar-de-neuvic.com\\\/fr\\\/#website\"},\"primaryImageOfPage\":{\"@id\":\"https:\\\/\\\/caviar-de-neuvic.com\\\/actualites\\\/khavyar-la-naissance-dun-mythe-reedition-2025\\\/#primaryimage\"},\"image\":{\"@id\":\"https:\\\/\\\/caviar-de-neuvic.com\\\/actualites\\\/khavyar-la-naissance-dun-mythe-reedition-2025\\\/#primaryimage\"},\"thumbnailUrl\":\"https:\\\/\\\/caviar-de-neuvic.com\\\/wp-content\\\/uploads\\\/2025\\\/11\\\/CDN_131124_\u00aeAV-109-scaled.jpg\",\"datePublished\":\"2025-11-13T09:37:12+00:00\",\"dateModified\":\"2025-11-19T13:19:37+00:00\",\"description\":\"Khavyar la naissance d\u2019un mythe r\u00e9\u00e9dition 2025. Un ouvrage d\u00e9di\u00e9 \u00e0 l\u2019univers du caviar et aux chefs qui le subliment\",\"breadcrumb\":{\"@id\":\"https:\\\/\\\/caviar-de-neuvic.com\\\/actualites\\\/khavyar-la-naissance-dun-mythe-reedition-2025\\\/#breadcrumb\"},\"inLanguage\":\"fr-BE\",\"potentialAction\":[{\"@type\":\"ReadAction\",\"target\":[\"https:\\\/\\\/caviar-de-neuvic.com\\\/actualites\\\/khavyar-la-naissance-dun-mythe-reedition-2025\\\/\"]}]},{\"@type\":\"ImageObject\",\"inLanguage\":\"fr-BE\",\"@id\":\"https:\\\/\\\/caviar-de-neuvic.com\\\/actualites\\\/khavyar-la-naissance-dun-mythe-reedition-2025\\\/#primaryimage\",\"url\":\"https:\\\/\\\/caviar-de-neuvic.com\\\/wp-content\\\/uploads\\\/2025\\\/11\\\/CDN_131124_\u00aeAV-109-scaled.jpg\",\"contentUrl\":\"https:\\\/\\\/caviar-de-neuvic.com\\\/wp-content\\\/uploads\\\/2025\\\/11\\\/CDN_131124_\u00aeAV-109-scaled.jpg\",\"width\":1707,\"height\":2560,\"caption\":\"Khavyar la naissance d\u2019un mythe r\u00e9\u00e9dition 2025\"},{\"@type\":\"BreadcrumbList\",\"@id\":\"https:\\\/\\\/caviar-de-neuvic.com\\\/actualites\\\/khavyar-la-naissance-dun-mythe-reedition-2025\\\/#breadcrumb\",\"itemListElement\":[{\"@type\":\"ListItem\",\"position\":1,\"name\":\"Caviar de Neuvic\",\"item\":\"https:\\\/\\\/caviar-de-neuvic.com\\\/\"},{\"@type\":\"ListItem\",\"position\":2,\"name\":\"Actualit\u00e9s\",\"item\":\"https:\\\/\\\/caviar-de-neuvic.com\\\/fr\\\/category\\\/actualites\\\/\"},{\"@type\":\"ListItem\",\"position\":3,\"name\":\"R\u00e9\u00e9dition de notre livre Khavyar\"}]},{\"@type\":\"WebSite\",\"@id\":\"http:\\\/\\\/caviar-de-neuvic.com\\\/fr\\\/#website\",\"url\":\"http:\\\/\\\/caviar-de-neuvic.com\\\/fr\\\/\",\"name\":\"Producteur Fran\u00e7ais De Caviar\",\"description\":\"\",\"publisher\":{\"@id\":\"http:\\\/\\\/caviar-de-neuvic.com\\\/fr\\\/#organization\"},\"potentialAction\":[{\"@type\":\"SearchAction\",\"target\":{\"@type\":\"EntryPoint\",\"urlTemplate\":\"http:\\\/\\\/caviar-de-neuvic.com\\\/fr\\\/?s={search_term_string}\"},\"query-input\":{\"@type\":\"PropertyValueSpecification\",\"valueRequired\":true,\"valueName\":\"search_term_string\"}}],\"inLanguage\":\"fr-BE\"},{\"@type\":\"Organization\",\"@id\":\"http:\\\/\\\/caviar-de-neuvic.com\\\/fr\\\/#organization\",\"name\":\"Producteur Fran\u00e7ais De Caviar\",\"url\":\"http:\\\/\\\/caviar-de-neuvic.com\\\/fr\\\/\",\"logo\":{\"@type\":\"ImageObject\",\"inLanguage\":\"fr-BE\",\"@id\":\"http:\\\/\\\/caviar-de-neuvic.com\\\/fr\\\/#\\\/schema\\\/logo\\\/image\\\/\",\"url\":\"\",\"contentUrl\":\"\",\"caption\":\"Producteur Fran\u00e7ais De Caviar\"},\"image\":{\"@id\":\"http:\\\/\\\/caviar-de-neuvic.com\\\/fr\\\/#\\\/schema\\\/logo\\\/image\\\/\"}},{\"@type\":\"Person\",\"@id\":\"http:\\\/\\\/caviar-de-neuvic.com\\\/fr\\\/#\\\/schema\\\/person\\\/89912ad55a5ddd5efeb92f2d32511b03\",\"name\":\"Laurine Gay\",\"url\":\"https:\\\/\\\/caviar-de-neuvic.com\\\/fr_be\\\/author\\\/laurine-gaycaviardeneuvic-com\\\/\"}]}<\/script>\n<!-- \/ Yoast SEO plugin. -->","yoast_head_json":{"title":"R\u00e9\u00e9dition de notre livre Khavyar - Producteur Fran\u00e7ais De Caviar","description":"Khavyar la naissance d\u2019un mythe r\u00e9\u00e9dition 2025. Un ouvrage d\u00e9di\u00e9 \u00e0 l\u2019univers du caviar et aux chefs qui le subliment","robots":{"index":"index","follow":"follow","max-snippet":"max-snippet:-1","max-image-preview":"max-image-preview:large","max-video-preview":"max-video-preview:-1"},"canonical":"https:\/\/caviar-de-neuvic.com\/fr_be\/actualites\/khavyar-la-naissance-dun-mythe-reedition-2025\/","og_locale":"fr_FR","og_type":"article","og_title":"R\u00e9\u00e9dition de notre livre Khavyar - Producteur Fran\u00e7ais De Caviar","og_description":"Khavyar la naissance d\u2019un mythe r\u00e9\u00e9dition 2025. Un ouvrage d\u00e9di\u00e9 \u00e0 l\u2019univers du caviar et aux chefs qui le subliment","og_url":"https:\/\/caviar-de-neuvic.com\/fr_be\/actualites\/khavyar-la-naissance-dun-mythe-reedition-2025\/","og_site_name":"Producteur Fran\u00e7ais De Caviar","article_published_time":"2025-11-13T09:37:12+00:00","article_modified_time":"2025-11-19T13:19:37+00:00","og_image":[{"width":1707,"height":2560,"url":"https:\/\/caviar-de-neuvic.com\/wp-content\/uploads\/2025\/11\/CDN_131124_\u00aeAV-109-scaled.jpg","type":"image\/jpeg"}],"author":"Laurine Gay","twitter_card":"summary_large_image","twitter_misc":{"\u00c9crit par":"Laurine Gay","Dur\u00e9e de lecture est.":"2 minutes"},"schema":{"@context":"https:\/\/schema.org","@graph":[{"@type":"Article","@id":"https:\/\/caviar-de-neuvic.com\/actualites\/khavyar-la-naissance-dun-mythe-reedition-2025\/#article","isPartOf":{"@id":"https:\/\/caviar-de-neuvic.com\/actualites\/khavyar-la-naissance-dun-mythe-reedition-2025\/"},"author":{"name":"Laurine Gay","@id":"http:\/\/caviar-de-neuvic.com\/fr\/#\/schema\/person\/89912ad55a5ddd5efeb92f2d32511b03"},"headline":"R\u00e9\u00e9dition de notre livre Khavyar","datePublished":"2025-11-13T09:37:12+00:00","dateModified":"2025-11-19T13:19:37+00:00","mainEntityOfPage":{"@id":"https:\/\/caviar-de-neuvic.com\/actualites\/khavyar-la-naissance-dun-mythe-reedition-2025\/"},"wordCount":310,"publisher":{"@id":"http:\/\/caviar-de-neuvic.com\/fr\/#organization"},"image":{"@id":"https:\/\/caviar-de-neuvic.com\/actualites\/khavyar-la-naissance-dun-mythe-reedition-2025\/#primaryimage"},"thumbnailUrl":"https:\/\/caviar-de-neuvic.com\/wp-content\/uploads\/2025\/11\/CDN_131124_\u00aeAV-109-scaled.jpg","keywords":["Livre Gourmand de P\u00e9rigueux","Livre Khavyar","Savoir-faire gastronomique fran\u00e7ais"],"articleSection":["Actualit\u00e9s"],"inLanguage":"fr-BE"},{"@type":"WebPage","@id":"https:\/\/caviar-de-neuvic.com\/actualites\/khavyar-la-naissance-dun-mythe-reedition-2025\/","url":"https:\/\/caviar-de-neuvic.com\/actualites\/khavyar-la-naissance-dun-mythe-reedition-2025\/","name":"R\u00e9\u00e9dition de notre livre Khavyar - Producteur Fran\u00e7ais De Caviar","isPartOf":{"@id":"http:\/\/caviar-de-neuvic.com\/fr\/#website"},"primaryImageOfPage":{"@id":"https:\/\/caviar-de-neuvic.com\/actualites\/khavyar-la-naissance-dun-mythe-reedition-2025\/#primaryimage"},"image":{"@id":"https:\/\/caviar-de-neuvic.com\/actualites\/khavyar-la-naissance-dun-mythe-reedition-2025\/#primaryimage"},"thumbnailUrl":"https:\/\/caviar-de-neuvic.com\/wp-content\/uploads\/2025\/11\/CDN_131124_\u00aeAV-109-scaled.jpg","datePublished":"2025-11-13T09:37:12+00:00","dateModified":"2025-11-19T13:19:37+00:00","description":"Khavyar la naissance d\u2019un mythe r\u00e9\u00e9dition 2025. Un ouvrage d\u00e9di\u00e9 \u00e0 l\u2019univers du caviar et aux chefs qui le subliment","breadcrumb":{"@id":"https:\/\/caviar-de-neuvic.com\/actualites\/khavyar-la-naissance-dun-mythe-reedition-2025\/#breadcrumb"},"inLanguage":"fr-BE","potentialAction":[{"@type":"ReadAction","target":["https:\/\/caviar-de-neuvic.com\/actualites\/khavyar-la-naissance-dun-mythe-reedition-2025\/"]}]},{"@type":"ImageObject","inLanguage":"fr-BE","@id":"https:\/\/caviar-de-neuvic.com\/actualites\/khavyar-la-naissance-dun-mythe-reedition-2025\/#primaryimage","url":"https:\/\/caviar-de-neuvic.com\/wp-content\/uploads\/2025\/11\/CDN_131124_\u00aeAV-109-scaled.jpg","contentUrl":"https:\/\/caviar-de-neuvic.com\/wp-content\/uploads\/2025\/11\/CDN_131124_\u00aeAV-109-scaled.jpg","width":1707,"height":2560,"caption":"Khavyar la naissance d\u2019un mythe r\u00e9\u00e9dition 2025"},{"@type":"BreadcrumbList","@id":"https:\/\/caviar-de-neuvic.com\/actualites\/khavyar-la-naissance-dun-mythe-reedition-2025\/#breadcrumb","itemListElement":[{"@type":"ListItem","position":1,"name":"Caviar de Neuvic","item":"https:\/\/caviar-de-neuvic.com\/"},{"@type":"ListItem","position":2,"name":"Actualit\u00e9s","item":"https:\/\/caviar-de-neuvic.com\/fr\/category\/actualites\/"},{"@type":"ListItem","position":3,"name":"R\u00e9\u00e9dition de notre livre Khavyar"}]},{"@type":"WebSite","@id":"http:\/\/caviar-de-neuvic.com\/fr\/#website","url":"http:\/\/caviar-de-neuvic.com\/fr\/","name":"Producteur Fran\u00e7ais De Caviar","description":"","publisher":{"@id":"http:\/\/caviar-de-neuvic.com\/fr\/#organization"},"potentialAction":[{"@type":"SearchAction","target":{"@type":"EntryPoint","urlTemplate":"http:\/\/caviar-de-neuvic.com\/fr\/?s={search_term_string}"},"query-input":{"@type":"PropertyValueSpecification","valueRequired":true,"valueName":"search_term_string"}}],"inLanguage":"fr-BE"},{"@type":"Organization","@id":"http:\/\/caviar-de-neuvic.com\/fr\/#organization","name":"Producteur Fran\u00e7ais De Caviar","url":"http:\/\/caviar-de-neuvic.com\/fr\/","logo":{"@type":"ImageObject","inLanguage":"fr-BE","@id":"http:\/\/caviar-de-neuvic.com\/fr\/#\/schema\/logo\/image\/","url":"","contentUrl":"","caption":"Producteur Fran\u00e7ais De Caviar"},"image":{"@id":"http:\/\/caviar-de-neuvic.com\/fr\/#\/schema\/logo\/image\/"}},{"@type":"Person","@id":"http:\/\/caviar-de-neuvic.com\/fr\/#\/schema\/person\/89912ad55a5ddd5efeb92f2d32511b03","name":"Laurine Gay","url":"https:\/\/caviar-de-neuvic.com\/fr_be\/author\/laurine-gaycaviardeneuvic-com\/"}]}},"_links":{"self":[{"href":"https:\/\/caviar-de-neuvic.com\/fr_be\/wp-json\/wp\/v2\/posts\/31950","targetHints":{"allow":["GET"]}}],"collection":[{"href":"https:\/\/caviar-de-neuvic.com\/fr_be\/wp-json\/wp\/v2\/posts"}],"about":[{"href":"https:\/\/caviar-de-neuvic.com\/fr_be\/wp-json\/wp\/v2\/types\/post"}],"author":[{"embeddable":true,"href":"https:\/\/caviar-de-neuvic.com\/fr_be\/wp-json\/wp\/v2\/users\/11896"}],"replies":[{"embeddable":true,"href":"https:\/\/caviar-de-neuvic.com\/fr_be\/wp-json\/wp\/v2\/comments?post=31950"}],"version-history":[{"count":11,"href":"https:\/\/caviar-de-neuvic.com\/fr_be\/wp-json\/wp\/v2\/posts\/31950\/revisions"}],"predecessor-version":[{"id":32193,"href":"https:\/\/caviar-de-neuvic.com\/fr_be\/wp-json\/wp\/v2\/posts\/31950\/revisions\/32193"}],"wp:featuredmedia":[{"embeddable":true,"href":"https:\/\/caviar-de-neuvic.com\/fr_be\/wp-json\/wp\/v2\/media\/31951"}],"wp:attachment":[{"href":"https:\/\/caviar-de-neuvic.com\/fr_be\/wp-json\/wp\/v2\/media?parent=31950"}],"wp:term":[{"taxonomy":"category","embeddable":true,"href":"https:\/\/caviar-de-neuvic.com\/fr_be\/wp-json\/wp\/v2\/categories?post=31950"},{"taxonomy":"post_tag","embeddable":true,"href":"https:\/\/caviar-de-neuvic.com\/fr_be\/wp-json\/wp\/v2\/tags?post=31950"}],"curies":[{"name":"wp","href":"https:\/\/api.w.org\/{rel}","templated":true}]}}