{"id":20781,"date":"2019-05-23T13:25:23","date_gmt":"2019-05-23T11:25:23","guid":{"rendered":"https:\/\/caviar-de-neuvic.com\/parlons-caviar\/?p=4528"},"modified":"2025-10-18T12:04:08","modified_gmt":"2025-10-18T10:04:08","slug":"notre-ferme-partenaire-en-bulgarie","status":"publish","type":"post","link":"https:\/\/caviar-de-neuvic.com\/fr_ch\/mots-gestes\/notre-ferme-partenaire-en-bulgarie\/","title":{"rendered":"Notre ferme partenaire en Bulgarie"},"content":{"rendered":"<p>Au Domaine Caviar de Neuvic, nous \u00e9levons des esturgeons sib\u00e9riens mais aussi des osci\u00e8tres. Pour nos clients qui souhaitent parfois du <a href=\"https:\/\/caviar-de-neuvic.com\/fr_ch\/17-caviar-beluga-selection\/\" target=\"_blank\" rel=\"noopener noreferrer\">caviar beluga<\/a>, nous avons choisi de travailler en exclusivit\u00e9 avec le producteur Matei, avec qui nous avons notre ferme partenaire en Bulgarie.<\/p>\r\n\t\t<style>\n\t\t\t.blog_sticker{\n\t\t\t\tmargin-top: 50px !important;\n\t\t\t\tdisplay: flex;\n  \t\t\t\tjustify-content: center;\n\t\t\t\tflex-wrap: wrap;\n\t\t\t}\n\t\t\t.blog_sticker .product-miniature-list.row .span_1_of_3{\n\t\t\t\twidth: 100%!important;\n\t\t\t\tflex: 0 0 100%!important;\n\t\t\t\tmax-width: 400px!important;\n\t\t\t}\n\t\t\t.blog_sticker_right{\n\t\t\t\tmax-width: 400px;\n\t\t\t}\n\t\t\t.product-miniature-list.row {\n\t\t\t\tdisplay: flex;\n\t\t\t\tjustify-content: center;\n\t\t\t\tflex-wrap: wrap;\n\t\t\t}\n\t\t<\/style>\n\t\t<div class=\"blog_sticker d-flex flex-wrap\">\n\t\t\t<div class=\"blog_sticker_left col-sm-12 col-md-6 products-grid\">\n\t\t\t\t<div class=\"product-miniature-list row\">\n\t\t\t\t\t\t\t\t\t<\/div>\n\t\t\t<\/div>\n\t\t\t<div class=\"blog_sticker_right col-sm-12 col-md-6\">\n\t\t\t\t\t\t\t<\/div>\n\t\t<\/div>\n\t\r\n<!-- \/wp:post-content -->\r\n\r\n<!-- wp:paragraph -->\r\n<p>Chez notre ferme partenaire en Bulgarie, les Belugas sont \u00e9lev\u00e9s dans des cages flottantes, sur un immense lac situ\u00e9 dans la montagne, \u00e0 la fronti\u00e8re grecque. L\u2019eau de ce lac est constitu\u00e9e par la fonte des neiges. Il mesure plus de 30 kilom\u00e8tres de long sur plus de 100 m\u00e8tres de profondeur et permet d\u2019\u00e9lever dans des conditions optimales les belugas.<\/p>\r\n<!-- \/wp:paragraph -->\r\n\r\n<!-- wp:paragraph -->\r\n<p>Les esturgeons belugas sont des poissons assez importants par la taille mais aussi pouvant atteindre plusieurs centaines de kilos. Ces esturgeons sont nourris avec une alimentation de qualit\u00e9. Elle ne comprend bien entendu pas d\u2019OGM, pas de prot\u00e9ines d\u2019animaux terrestres, ni d\u2019antibiotiques.<\/p>\r\n<!-- \/wp:paragraph -->\r\n\r\n<!-- wp:paragraph -->\r\n<p>Il faut, au minimum, une vingtaine d\u2019ann\u00e9es pour produire du caviar avec un esturgeon beluga. Les conditions d\u2019\u00e9levage optimales et le soin apport\u00e9 aux poissons sur cette longue p\u00e9riode, nous permettent d\u2019obtenir un caviar exceptionnel. Un bonheur pour \u00e9gayer les plus belles tables du monde.<\/p>\r\n<p>D&rsquo;abord, son grain est le plus gros tous les caviars. Ensuite, sont go\u00fbt est puissant et enfin la texture des grains est cr\u00e9meuse. Sa couleur aussi, varie dans une nuance de gris clair.<\/p>\r\n<!-- \/wp:paragraph -->\r\n\r\n<!-- wp:paragraph -->\r\n<p>Nous avons travaill\u00e9 avec Matei \u00e0 la construction d\u2019un laboratoire pour transformer l\u2019esturgeon sur place. Ensuite, toutes la production est ensuite envoy\u00e9e chez <a href=\"https:\/\/caviar-de-neuvic.com\/fr_ch\/\" target=\"_blank\" rel=\"noopener noreferrer\">Caviar de Neuvic<\/a> pour \u00eatre distribu\u00e9e dans le monde entier.<\/p>\r\n<p><img fetchpriority=\"high\" decoding=\"async\" class=\"alignnone size-medium wp-image-7934\" src=\"http:\/\/caviar-de-neuvic.com\/wp-content\/uploads\/2019\/05\/Bulgarie_2024-2-300x200.jpg\" alt=\"\" width=\"300\" height=\"200\" \/> <img decoding=\"async\" class=\"alignnone size-medium wp-image-7935\" src=\"http:\/\/caviar-de-neuvic.com\/wp-content\/uploads\/2019\/05\/Bulgarie_2024-74-300x200.jpg\" alt=\"\" width=\"300\" height=\"200\" \/> <img decoding=\"async\" class=\"alignnone size-medium wp-image-7936\" src=\"http:\/\/caviar-de-neuvic.com\/wp-content\/uploads\/2019\/05\/Bulgarie_2024-41-300x200.jpg\" alt=\"\" width=\"300\" height=\"200\" \/> <img loading=\"lazy\" decoding=\"async\" class=\"alignnone size-medium wp-image-7937\" src=\"http:\/\/caviar-de-neuvic.com\/wp-content\/uploads\/2019\/05\/Bulgarie_2024-21-300x200.jpg\" alt=\"\" width=\"300\" height=\"200\" \/> <img loading=\"lazy\" decoding=\"async\" class=\"alignnone size-medium wp-image-7938\" src=\"http:\/\/caviar-de-neuvic.com\/wp-content\/uploads\/2019\/05\/Bulgarie_2024-9-300x200.jpg\" alt=\"\" width=\"300\" height=\"200\" \/> <img loading=\"lazy\" decoding=\"async\" class=\"alignnone size-medium wp-image-7939\" src=\"http:\/\/caviar-de-neuvic.com\/wp-content\/uploads\/2019\/05\/Bulgarie_2024-17-300x200.jpg\" alt=\"\" width=\"300\" height=\"200\" \/> <img loading=\"lazy\" decoding=\"async\" class=\"alignnone size-medium wp-image-7940\" src=\"http:\/\/caviar-de-neuvic.com\/wp-content\/uploads\/2019\/05\/Bulgarie_2024-43-300x200.jpg\" alt=\"\" width=\"300\" height=\"200\" \/><img loading=\"lazy\" decoding=\"async\" class=\"alignnone size-medium wp-image-7941\" src=\"http:\/\/caviar-de-neuvic.com\/wp-content\/uploads\/2019\/05\/Bulgarie_2024-22-300x200.jpg\" alt=\"\" width=\"300\" height=\"200\" \/> <img loading=\"lazy\" decoding=\"async\" class=\"alignnone size-medium wp-image-7942\" src=\"http:\/\/caviar-de-neuvic.com\/wp-content\/uploads\/2019\/05\/Bulgarie_2024-20-300x200.jpg\" alt=\"\" width=\"300\" height=\"200\" \/><\/p>\r\n<!-- \/wp:paragraph -->\r\n<p style=\"text-align: center;\"><iframe src=\"https:\/\/www.youtube.com\/embed\/EVQS744zTkY\" width=\"560\" height=\"315\" frameborder=\"0\" allowfullscreen=\"allowfullscreen\"><\/iframe><\/p>","protected":false},"excerpt":{"rendered":"<p>Au Domaine Caviar de Neuvic, nous \u00e9levons des esturgeons sib\u00e9riens mais aussi des osci\u00e8tres. Pour nos clients qui souhaitent parfois du caviar beluga, nous avons choisi de travailler en exclusivit\u00e9 avec le producteur Matei, avec qui nous avons notre ferme partenaire en Bulgarie. Chez notre ferme partenaire en Bulgarie, les Belugas sont \u00e9lev\u00e9s dans des [&hellip;]<\/p>\n","protected":false},"author":11896,"featured_media":20919,"comment_status":"open","ping_status":"closed","sticky":false,"template":"","format":"standard","meta":{"_acf_changed":false,"ocean_post_layout":"","ocean_both_sidebars_style":"","ocean_both_sidebars_content_width":0,"ocean_both_sidebars_sidebars_width":0,"ocean_sidebar":"0","ocean_second_sidebar":"0","ocean_disable_margins":"enable","ocean_add_body_class":"","ocean_shortcode_before_top_bar":"","ocean_shortcode_after_top_bar":"","ocean_shortcode_before_header":"","ocean_shortcode_after_header":"","ocean_has_shortcode":"","ocean_shortcode_after_title":"","ocean_shortcode_before_footer_widgets":"","ocean_shortcode_after_footer_widgets":"","ocean_shortcode_before_footer_bottom":"","ocean_shortcode_after_footer_bottom":"","ocean_display_top_bar":"default","ocean_display_header":"default","ocean_header_style":"","ocean_center_header_left_menu":"0","ocean_custom_header_template":"0","ocean_custom_logo":0,"ocean_custom_retina_logo":0,"ocean_custom_logo_max_width":0,"ocean_custom_logo_tablet_max_width":0,"ocean_custom_logo_mobile_max_width":0,"ocean_custom_logo_max_height":0,"ocean_custom_logo_tablet_max_height":0,"ocean_custom_logo_mobile_max_height":0,"ocean_header_custom_menu":"0","ocean_menu_typo_font_family":"0","ocean_menu_typo_font_subset":"","ocean_menu_typo_font_size":0,"ocean_menu_typo_font_size_tablet":0,"ocean_menu_typo_font_size_mobile":0,"ocean_menu_typo_font_size_unit":"px","ocean_menu_typo_font_weight":"","ocean_menu_typo_font_weight_tablet":"","ocean_menu_typo_font_weight_mobile":"","ocean_menu_typo_transform":"","ocean_menu_typo_transform_tablet":"","ocean_menu_typo_transform_mobile":"","ocean_menu_typo_line_height":0,"ocean_menu_typo_line_height_tablet":0,"ocean_menu_typo_line_height_mobile":0,"ocean_menu_typo_line_height_unit":"","ocean_menu_typo_spacing":0,"ocean_menu_typo_spacing_tablet":0,"ocean_menu_typo_spacing_mobile":0,"ocean_menu_typo_spacing_unit":"","ocean_menu_link_color":"","ocean_menu_link_color_hover":"","ocean_menu_link_color_active":"","ocean_menu_link_background":"","ocean_menu_link_hover_background":"","ocean_menu_link_active_background":"","ocean_menu_social_links_bg":"","ocean_menu_social_hover_links_bg":"","ocean_menu_social_links_color":"","ocean_menu_social_hover_links_color":"","ocean_disable_title":"default","ocean_disable_heading":"default","ocean_post_title":"","ocean_post_subheading":"","ocean_post_title_style":"","ocean_post_title_background_color":"","ocean_post_title_background":0,"ocean_post_title_bg_image_position":"","ocean_post_title_bg_image_attachment":"","ocean_post_title_bg_image_repeat":"","ocean_post_title_bg_image_size":"","ocean_post_title_height":0,"ocean_post_title_bg_overlay":0.5,"ocean_post_title_bg_overlay_color":"","ocean_disable_breadcrumbs":"default","ocean_breadcrumbs_color":"","ocean_breadcrumbs_separator_color":"","ocean_breadcrumbs_links_color":"","ocean_breadcrumbs_links_hover_color":"","ocean_display_footer_widgets":"default","ocean_display_footer_bottom":"default","ocean_custom_footer_template":"0","omw_enable_modal_window":"enable","ocean_post_oembed":"","ocean_post_self_hosted_media":"","ocean_post_video_embed":"","ocean_link_format":"","ocean_link_format_target":"self","ocean_quote_format":"","ocean_quote_format_link":"post","ocean_gallery_link_images":"on","ocean_gallery_id":[],"footnotes":""},"categories":[285],"tags":[],"class_list":["post-20781","post","type-post","status-publish","format-standard","has-post-thumbnail","hentry","category-mots-gestes","entry","has-media","owp-thumbs-layout-vertical","owp-btn-normal","owp-tabs-layout-horizontal","has-no-thumbnails","has-product-nav"],"acf":[],"yoast_head":"<!-- This site is optimized with the Yoast SEO plugin v27.4 - https:\/\/yoast.com\/product\/yoast-seo-wordpress\/ -->\n<title>Notre ferme partenaire en Bulgarie pour le caviar beluga<\/title>\n<meta name=\"description\" content=\"Notre ferme partenaire en Bulgarie. A Neuvic, nous \u00e9levons des esturgeons sib\u00e9riens, osci\u00e8tres. Le Beluga, nous travaillons avec Matei.\" \/>\n<meta name=\"robots\" content=\"index, follow, max-snippet:-1, max-image-preview:large, max-video-preview:-1\" \/>\n<link rel=\"canonical\" href=\"https:\/\/caviar-de-neuvic.com\/fr_ch\/mots-gestes\/notre-ferme-partenaire-en-bulgarie\/\" \/>\n<meta property=\"og:locale\" content=\"fr_FR\" \/>\n<meta property=\"og:type\" content=\"article\" \/>\n<meta property=\"og:title\" content=\"Notre ferme partenaire en Bulgarie pour le caviar beluga\" \/>\n<meta property=\"og:description\" content=\"Notre ferme partenaire en Bulgarie. A Neuvic, nous \u00e9levons des esturgeons sib\u00e9riens, osci\u00e8tres. Le Beluga, nous travaillons avec Matei.\" \/>\n<meta property=\"og:url\" content=\"https:\/\/caviar-de-neuvic.com\/fr_ch\/mots-gestes\/notre-ferme-partenaire-en-bulgarie\/\" \/>\n<meta property=\"og:site_name\" content=\"Producteur Fran\u00e7ais De Caviar\" \/>\n<meta property=\"article:published_time\" content=\"2019-05-23T11:25:23+00:00\" \/>\n<meta property=\"article:modified_time\" content=\"2025-10-18T10:04:08+00:00\" \/>\n<meta property=\"og:image\" content=\"https:\/\/caviar-de-neuvic.com\/wp-content\/uploads\/2019\/05\/Notre-ferme-partenaire-en-Bulgarie-scaled-1.jpg\" \/>\n\t<meta property=\"og:image:width\" content=\"2560\" \/>\n\t<meta property=\"og:image:height\" content=\"1707\" \/>\n\t<meta property=\"og:image:type\" content=\"image\/jpeg\" \/>\n<meta name=\"author\" content=\"Laurine Gay\" \/>\n<meta name=\"twitter:card\" content=\"summary_large_image\" \/>\n<meta name=\"twitter:label1\" content=\"Written by\" \/>\n\t<meta name=\"twitter:data1\" content=\"Laurine Gay\" \/>\n\t<meta name=\"twitter:label2\" content=\"Est. reading time\" \/>\n\t<meta name=\"twitter:data2\" content=\"4 minutes\" \/>\n<script type=\"application\/ld+json\" class=\"yoast-schema-graph\">{\"@context\":\"https:\\\/\\\/schema.org\",\"@graph\":[{\"@type\":\"Article\",\"@id\":\"https:\\\/\\\/caviar-de-neuvic.com\\\/fr\\\/mots-gestes\\\/notre-ferme-partenaire-en-bulgarie\\\/#article\",\"isPartOf\":{\"@id\":\"https:\\\/\\\/caviar-de-neuvic.com\\\/fr\\\/mots-gestes\\\/notre-ferme-partenaire-en-bulgarie\\\/\"},\"author\":{\"name\":\"Laurine Gay\",\"@id\":\"http:\\\/\\\/caviar-de-neuvic.com\\\/fr\\\/#\\\/schema\\\/person\\\/89912ad55a5ddd5efeb92f2d32511b03\"},\"headline\":\"Notre ferme partenaire en Bulgarie\",\"datePublished\":\"2019-05-23T11:25:23+00:00\",\"dateModified\":\"2025-10-18T10:04:08+00:00\",\"mainEntityOfPage\":{\"@id\":\"https:\\\/\\\/caviar-de-neuvic.com\\\/fr\\\/mots-gestes\\\/notre-ferme-partenaire-en-bulgarie\\\/\"},\"wordCount\":287,\"commentCount\":0,\"publisher\":{\"@id\":\"http:\\\/\\\/caviar-de-neuvic.com\\\/fr\\\/#organization\"},\"image\":{\"@id\":\"https:\\\/\\\/caviar-de-neuvic.com\\\/fr\\\/mots-gestes\\\/notre-ferme-partenaire-en-bulgarie\\\/#primaryimage\"},\"thumbnailUrl\":\"https:\\\/\\\/caviar-de-neuvic.com\\\/wp-content\\\/uploads\\\/2019\\\/05\\\/Notre-ferme-partenaire-en-Bulgarie-scaled-1.jpg\",\"articleSection\":[\"Mots &amp; Gestes\"],\"inLanguage\":\"fr-CH\",\"potentialAction\":[{\"@type\":\"CommentAction\",\"name\":\"Comment\",\"target\":[\"https:\\\/\\\/caviar-de-neuvic.com\\\/fr\\\/mots-gestes\\\/notre-ferme-partenaire-en-bulgarie\\\/#respond\"]}]},{\"@type\":\"WebPage\",\"@id\":\"https:\\\/\\\/caviar-de-neuvic.com\\\/fr\\\/mots-gestes\\\/notre-ferme-partenaire-en-bulgarie\\\/\",\"url\":\"https:\\\/\\\/caviar-de-neuvic.com\\\/fr\\\/mots-gestes\\\/notre-ferme-partenaire-en-bulgarie\\\/\",\"name\":\"Notre ferme partenaire en Bulgarie pour le caviar beluga\",\"isPartOf\":{\"@id\":\"http:\\\/\\\/caviar-de-neuvic.com\\\/fr\\\/#website\"},\"primaryImageOfPage\":{\"@id\":\"https:\\\/\\\/caviar-de-neuvic.com\\\/fr\\\/mots-gestes\\\/notre-ferme-partenaire-en-bulgarie\\\/#primaryimage\"},\"image\":{\"@id\":\"https:\\\/\\\/caviar-de-neuvic.com\\\/fr\\\/mots-gestes\\\/notre-ferme-partenaire-en-bulgarie\\\/#primaryimage\"},\"thumbnailUrl\":\"https:\\\/\\\/caviar-de-neuvic.com\\\/wp-content\\\/uploads\\\/2019\\\/05\\\/Notre-ferme-partenaire-en-Bulgarie-scaled-1.jpg\",\"datePublished\":\"2019-05-23T11:25:23+00:00\",\"dateModified\":\"2025-10-18T10:04:08+00:00\",\"description\":\"Notre ferme partenaire en Bulgarie. A Neuvic, nous \u00e9levons des esturgeons sib\u00e9riens, osci\u00e8tres. Le Beluga, nous travaillons avec Matei.\",\"breadcrumb\":{\"@id\":\"https:\\\/\\\/caviar-de-neuvic.com\\\/fr\\\/mots-gestes\\\/notre-ferme-partenaire-en-bulgarie\\\/#breadcrumb\"},\"inLanguage\":\"fr-CH\",\"potentialAction\":[{\"@type\":\"ReadAction\",\"target\":[\"https:\\\/\\\/caviar-de-neuvic.com\\\/fr\\\/mots-gestes\\\/notre-ferme-partenaire-en-bulgarie\\\/\"]}]},{\"@type\":\"ImageObject\",\"inLanguage\":\"fr-CH\",\"@id\":\"https:\\\/\\\/caviar-de-neuvic.com\\\/fr\\\/mots-gestes\\\/notre-ferme-partenaire-en-bulgarie\\\/#primaryimage\",\"url\":\"https:\\\/\\\/caviar-de-neuvic.com\\\/wp-content\\\/uploads\\\/2019\\\/05\\\/Notre-ferme-partenaire-en-Bulgarie-scaled-1.jpg\",\"contentUrl\":\"https:\\\/\\\/caviar-de-neuvic.com\\\/wp-content\\\/uploads\\\/2019\\\/05\\\/Notre-ferme-partenaire-en-Bulgarie-scaled-1.jpg\",\"width\":2560,\"height\":1707,\"caption\":\"Notre ferme partenaire en Bulgarie\"},{\"@type\":\"BreadcrumbList\",\"@id\":\"https:\\\/\\\/caviar-de-neuvic.com\\\/fr\\\/mots-gestes\\\/notre-ferme-partenaire-en-bulgarie\\\/#breadcrumb\",\"itemListElement\":[{\"@type\":\"ListItem\",\"position\":1,\"name\":\"Caviar de Neuvic\",\"item\":\"https:\\\/\\\/caviar-de-neuvic.com\\\/\"},{\"@type\":\"ListItem\",\"position\":2,\"name\":\"Mots &amp; Gestes\",\"item\":\"https:\\\/\\\/caviar-de-neuvic.com\\\/fr\\\/category\\\/mots-gestes\\\/\"},{\"@type\":\"ListItem\",\"position\":3,\"name\":\"Notre ferme partenaire en Bulgarie\"}]},{\"@type\":\"WebSite\",\"@id\":\"http:\\\/\\\/caviar-de-neuvic.com\\\/fr\\\/#website\",\"url\":\"http:\\\/\\\/caviar-de-neuvic.com\\\/fr\\\/\",\"name\":\"Producteur Fran\u00e7ais De Caviar\",\"description\":\"\",\"publisher\":{\"@id\":\"http:\\\/\\\/caviar-de-neuvic.com\\\/fr\\\/#organization\"},\"potentialAction\":[{\"@type\":\"SearchAction\",\"target\":{\"@type\":\"EntryPoint\",\"urlTemplate\":\"http:\\\/\\\/caviar-de-neuvic.com\\\/fr\\\/?s={search_term_string}\"},\"query-input\":{\"@type\":\"PropertyValueSpecification\",\"valueRequired\":true,\"valueName\":\"search_term_string\"}}],\"inLanguage\":\"fr-CH\"},{\"@type\":\"Organization\",\"@id\":\"http:\\\/\\\/caviar-de-neuvic.com\\\/fr\\\/#organization\",\"name\":\"Producteur Fran\u00e7ais De Caviar\",\"url\":\"http:\\\/\\\/caviar-de-neuvic.com\\\/fr\\\/\",\"logo\":{\"@type\":\"ImageObject\",\"inLanguage\":\"fr-CH\",\"@id\":\"http:\\\/\\\/caviar-de-neuvic.com\\\/fr\\\/#\\\/schema\\\/logo\\\/image\\\/\",\"url\":\"\",\"contentUrl\":\"\",\"caption\":\"Producteur Fran\u00e7ais De Caviar\"},\"image\":{\"@id\":\"http:\\\/\\\/caviar-de-neuvic.com\\\/fr\\\/#\\\/schema\\\/logo\\\/image\\\/\"}},{\"@type\":\"Person\",\"@id\":\"http:\\\/\\\/caviar-de-neuvic.com\\\/fr\\\/#\\\/schema\\\/person\\\/89912ad55a5ddd5efeb92f2d32511b03\",\"name\":\"Laurine Gay\",\"url\":\"https:\\\/\\\/caviar-de-neuvic.com\\\/fr_ch\\\/author\\\/laurine-gaycaviardeneuvic-com\\\/\"}]}<\/script>\n<!-- \/ Yoast SEO plugin. -->","yoast_head_json":{"title":"Notre ferme partenaire en Bulgarie pour le caviar beluga","description":"Notre ferme partenaire en Bulgarie. A Neuvic, nous \u00e9levons des esturgeons sib\u00e9riens, osci\u00e8tres. Le Beluga, nous travaillons avec Matei.","robots":{"index":"index","follow":"follow","max-snippet":"max-snippet:-1","max-image-preview":"max-image-preview:large","max-video-preview":"max-video-preview:-1"},"canonical":"https:\/\/caviar-de-neuvic.com\/fr_ch\/mots-gestes\/notre-ferme-partenaire-en-bulgarie\/","og_locale":"fr_FR","og_type":"article","og_title":"Notre ferme partenaire en Bulgarie pour le caviar beluga","og_description":"Notre ferme partenaire en Bulgarie. A Neuvic, nous \u00e9levons des esturgeons sib\u00e9riens, osci\u00e8tres. Le Beluga, nous travaillons avec Matei.","og_url":"https:\/\/caviar-de-neuvic.com\/fr_ch\/mots-gestes\/notre-ferme-partenaire-en-bulgarie\/","og_site_name":"Producteur Fran\u00e7ais De Caviar","article_published_time":"2019-05-23T11:25:23+00:00","article_modified_time":"2025-10-18T10:04:08+00:00","og_image":[{"width":2560,"height":1707,"url":"https:\/\/caviar-de-neuvic.com\/wp-content\/uploads\/2019\/05\/Notre-ferme-partenaire-en-Bulgarie-scaled-1.jpg","type":"image\/jpeg"}],"author":"Laurine Gay","twitter_card":"summary_large_image","twitter_misc":{"Written by":"Laurine Gay","Est. reading time":"4 minutes"},"schema":{"@context":"https:\/\/schema.org","@graph":[{"@type":"Article","@id":"https:\/\/caviar-de-neuvic.com\/fr\/mots-gestes\/notre-ferme-partenaire-en-bulgarie\/#article","isPartOf":{"@id":"https:\/\/caviar-de-neuvic.com\/fr\/mots-gestes\/notre-ferme-partenaire-en-bulgarie\/"},"author":{"name":"Laurine Gay","@id":"http:\/\/caviar-de-neuvic.com\/fr\/#\/schema\/person\/89912ad55a5ddd5efeb92f2d32511b03"},"headline":"Notre ferme partenaire en Bulgarie","datePublished":"2019-05-23T11:25:23+00:00","dateModified":"2025-10-18T10:04:08+00:00","mainEntityOfPage":{"@id":"https:\/\/caviar-de-neuvic.com\/fr\/mots-gestes\/notre-ferme-partenaire-en-bulgarie\/"},"wordCount":287,"commentCount":0,"publisher":{"@id":"http:\/\/caviar-de-neuvic.com\/fr\/#organization"},"image":{"@id":"https:\/\/caviar-de-neuvic.com\/fr\/mots-gestes\/notre-ferme-partenaire-en-bulgarie\/#primaryimage"},"thumbnailUrl":"https:\/\/caviar-de-neuvic.com\/wp-content\/uploads\/2019\/05\/Notre-ferme-partenaire-en-Bulgarie-scaled-1.jpg","articleSection":["Mots &amp; Gestes"],"inLanguage":"fr-CH","potentialAction":[{"@type":"CommentAction","name":"Comment","target":["https:\/\/caviar-de-neuvic.com\/fr\/mots-gestes\/notre-ferme-partenaire-en-bulgarie\/#respond"]}]},{"@type":"WebPage","@id":"https:\/\/caviar-de-neuvic.com\/fr\/mots-gestes\/notre-ferme-partenaire-en-bulgarie\/","url":"https:\/\/caviar-de-neuvic.com\/fr\/mots-gestes\/notre-ferme-partenaire-en-bulgarie\/","name":"Notre ferme partenaire en Bulgarie pour le caviar beluga","isPartOf":{"@id":"http:\/\/caviar-de-neuvic.com\/fr\/#website"},"primaryImageOfPage":{"@id":"https:\/\/caviar-de-neuvic.com\/fr\/mots-gestes\/notre-ferme-partenaire-en-bulgarie\/#primaryimage"},"image":{"@id":"https:\/\/caviar-de-neuvic.com\/fr\/mots-gestes\/notre-ferme-partenaire-en-bulgarie\/#primaryimage"},"thumbnailUrl":"https:\/\/caviar-de-neuvic.com\/wp-content\/uploads\/2019\/05\/Notre-ferme-partenaire-en-Bulgarie-scaled-1.jpg","datePublished":"2019-05-23T11:25:23+00:00","dateModified":"2025-10-18T10:04:08+00:00","description":"Notre ferme partenaire en Bulgarie. A Neuvic, nous \u00e9levons des esturgeons sib\u00e9riens, osci\u00e8tres. Le Beluga, nous travaillons avec Matei.","breadcrumb":{"@id":"https:\/\/caviar-de-neuvic.com\/fr\/mots-gestes\/notre-ferme-partenaire-en-bulgarie\/#breadcrumb"},"inLanguage":"fr-CH","potentialAction":[{"@type":"ReadAction","target":["https:\/\/caviar-de-neuvic.com\/fr\/mots-gestes\/notre-ferme-partenaire-en-bulgarie\/"]}]},{"@type":"ImageObject","inLanguage":"fr-CH","@id":"https:\/\/caviar-de-neuvic.com\/fr\/mots-gestes\/notre-ferme-partenaire-en-bulgarie\/#primaryimage","url":"https:\/\/caviar-de-neuvic.com\/wp-content\/uploads\/2019\/05\/Notre-ferme-partenaire-en-Bulgarie-scaled-1.jpg","contentUrl":"https:\/\/caviar-de-neuvic.com\/wp-content\/uploads\/2019\/05\/Notre-ferme-partenaire-en-Bulgarie-scaled-1.jpg","width":2560,"height":1707,"caption":"Notre ferme partenaire en Bulgarie"},{"@type":"BreadcrumbList","@id":"https:\/\/caviar-de-neuvic.com\/fr\/mots-gestes\/notre-ferme-partenaire-en-bulgarie\/#breadcrumb","itemListElement":[{"@type":"ListItem","position":1,"name":"Caviar de Neuvic","item":"https:\/\/caviar-de-neuvic.com\/"},{"@type":"ListItem","position":2,"name":"Mots &amp; Gestes","item":"https:\/\/caviar-de-neuvic.com\/fr\/category\/mots-gestes\/"},{"@type":"ListItem","position":3,"name":"Notre ferme partenaire en Bulgarie"}]},{"@type":"WebSite","@id":"http:\/\/caviar-de-neuvic.com\/fr\/#website","url":"http:\/\/caviar-de-neuvic.com\/fr\/","name":"Producteur Fran\u00e7ais De Caviar","description":"","publisher":{"@id":"http:\/\/caviar-de-neuvic.com\/fr\/#organization"},"potentialAction":[{"@type":"SearchAction","target":{"@type":"EntryPoint","urlTemplate":"http:\/\/caviar-de-neuvic.com\/fr\/?s={search_term_string}"},"query-input":{"@type":"PropertyValueSpecification","valueRequired":true,"valueName":"search_term_string"}}],"inLanguage":"fr-CH"},{"@type":"Organization","@id":"http:\/\/caviar-de-neuvic.com\/fr\/#organization","name":"Producteur Fran\u00e7ais De Caviar","url":"http:\/\/caviar-de-neuvic.com\/fr\/","logo":{"@type":"ImageObject","inLanguage":"fr-CH","@id":"http:\/\/caviar-de-neuvic.com\/fr\/#\/schema\/logo\/image\/","url":"","contentUrl":"","caption":"Producteur Fran\u00e7ais De Caviar"},"image":{"@id":"http:\/\/caviar-de-neuvic.com\/fr\/#\/schema\/logo\/image\/"}},{"@type":"Person","@id":"http:\/\/caviar-de-neuvic.com\/fr\/#\/schema\/person\/89912ad55a5ddd5efeb92f2d32511b03","name":"Laurine Gay","url":"https:\/\/caviar-de-neuvic.com\/fr_ch\/author\/laurine-gaycaviardeneuvic-com\/"}]}},"_links":{"self":[{"href":"https:\/\/caviar-de-neuvic.com\/fr_ch\/wp-json\/wp\/v2\/posts\/20781","targetHints":{"allow":["GET"]}}],"collection":[{"href":"https:\/\/caviar-de-neuvic.com\/fr_ch\/wp-json\/wp\/v2\/posts"}],"about":[{"href":"https:\/\/caviar-de-neuvic.com\/fr_ch\/wp-json\/wp\/v2\/types\/post"}],"author":[{"embeddable":true,"href":"https:\/\/caviar-de-neuvic.com\/fr_ch\/wp-json\/wp\/v2\/users\/11896"}],"replies":[{"embeddable":true,"href":"https:\/\/caviar-de-neuvic.com\/fr_ch\/wp-json\/wp\/v2\/comments?post=20781"}],"version-history":[{"count":1,"href":"https:\/\/caviar-de-neuvic.com\/fr_ch\/wp-json\/wp\/v2\/posts\/20781\/revisions"}],"predecessor-version":[{"id":31355,"href":"https:\/\/caviar-de-neuvic.com\/fr_ch\/wp-json\/wp\/v2\/posts\/20781\/revisions\/31355"}],"wp:featuredmedia":[{"embeddable":true,"href":"https:\/\/caviar-de-neuvic.com\/fr_ch\/wp-json\/wp\/v2\/media\/20919"}],"wp:attachment":[{"href":"https:\/\/caviar-de-neuvic.com\/fr_ch\/wp-json\/wp\/v2\/media?parent=20781"}],"wp:term":[{"taxonomy":"category","embeddable":true,"href":"https:\/\/caviar-de-neuvic.com\/fr_ch\/wp-json\/wp\/v2\/categories?post=20781"},{"taxonomy":"post_tag","embeddable":true,"href":"https:\/\/caviar-de-neuvic.com\/fr_ch\/wp-json\/wp\/v2\/tags?post=20781"}],"curies":[{"name":"wp","href":"https:\/\/api.w.org\/{rel}","templated":true}]}}