{"id":20792,"date":"2020-10-09T15:35:14","date_gmt":"2020-10-09T13:35:14","guid":{"rendered":"https:\/\/caviar-de-neuvic.com\/parlons-caviar\/?p=5222"},"modified":"2025-10-18T12:02:21","modified_gmt":"2025-10-18T10:02:21","slug":"16-octobre-journee-nationale-de-lutte-contre-le-gaspillage-alimentaire","status":"publish","type":"post","link":"https:\/\/caviar-de-neuvic.com\/fr_ch\/mots-gestes\/16-octobre-journee-nationale-de-lutte-contre-le-gaspillage-alimentaire\/","title":{"rendered":"16 octobre  journ\u00e9e nationale de lutte contre le gaspillage alimentaire"},"content":{"rendered":"<h3><img fetchpriority=\"high\" decoding=\"async\" class=\"aligncenter wp-image-5252 size-large\" title=\"16 octobre journ\u00e9e nationale de lutte contre le gaspillage alimentaire\" src=\"http:\/\/caviar-de-neuvic.com\/wp-content\/uploads\/2020\/11\/oeufs-saumon-fontaine-ouvert-e1605278728290-1024x680.png\" alt=\"16 octobre journ\u00e9e nationale de lutte contre le gaspillage alimentaire\" width=\"820\" height=\"545\" \/><\/h3>\n<h3>16 octobre journ\u00e9e nationale de lutte contre le gaspillage alimentaire<\/h3>\n<h3>Pour lutter, il faut informer\u00a0!<\/h3>\n<p>Dans un contexte d\u2019urgence climatique qui exige le changement, l\u2019alimentation est un sujet incontournable, qui concerne chacun d\u2019entre nous. Au carrefour des enjeux d\u2019\u00e9nergie, d\u2019agriculture, de biodiversit\u00e9, de transport et de sant\u00e9, l\u2019alimentation est au c\u0153ur des probl\u00e9matiques environnementales et sociales d\u2019aujourd\u2019hui.<\/p>\n<p>Chaque ann\u00e9e, c&rsquo;est un tiers de la production alimentaire qui est perdue ou jet\u00e9e. Les dates de consommation participent \u00e0 ce gaspillage, qui pourrait \u00eatre facilement \u00e9vit\u00e9 si nous \u00e9tions mieux inform\u00e9s. En effet, il existe deux types de dates :<br \/>\n\u00ab\u00a0<em>A consommer jusqu&rsquo;au<\/em>\u00a0\u00bb &#8211; Date Limite de Consommation (DLC). C&rsquo;est une date sanitaire, apr\u00e8s laquelle le produit peut pr\u00e9senter des risques pour la sant\u00e9.<br \/>\n\u00ab\u00a0<em>A consommer de pr\u00e9f\u00e9rence avant le\/fin<\/em>\u00a0\u00bb &#8211; Date de Durabilit\u00e9 Minimale (DDM). C&rsquo;est une date indicative, apr\u00e8s laquelle le produit peut \u00e9voluer, mais sans risques pour la sant\u00e9.<\/p>\n<p>Par exemple pour nos caviars, la DDM est une date indicative apr\u00e8s laquelle les\u00a0qualit\u00e9s organoleptiques originelles du produit ne sont plus garanties.<\/p>\n<p>Pour le caviar, la maturation induit une r\u00e9duction de la taille des \u0153ufs et l\u2019augmentation de l\u2019<em>exsudat<\/em>\u00a0dans la boite. La couleur des grains peut \u00e9galement l\u00e9g\u00e8rement s\u2019obscurcir. Le go\u00fbt devient un peu plus m\u00e9tallique et \u00e9galement plus fort qu\u2019un jeune caviar. C\u2019est ainsi que se consommait le caviar il y a seulement 40 ans. De nombreux connaisseurs recherchent ce type de caviar. Comme pour le cas de la plupart des fromages, jusqu\u2019\u00e0 2 mois apr\u00e8s la DDM, le caviar ne pr\u00e9sentera pas de risque pour la sant\u00e9 mais son go\u00fbt aura \u00e9volu\u00e9.<\/p>\n<h3>To Good To Go, qu\u00e8saco\u00a0?<\/h3>\n<h3><img decoding=\"async\" class=\"wp-image-5244 alignright\" src=\"https:\/\/caviar-de-neuvic.com\/parlons-caviar-old\/wp-content\/uploads\/2020\/10\/TGTG_Logo_2000x2000_RGB_Rastered-2-300x300.png\" alt=\"logo too good to go presentation\" width=\"129\" height=\"129\" \/><\/h3>\n<p><a href=\"https:\/\/toogoodtogo.fr\/fr\">Too Good To Go<\/a> est une application qui permet de r\u00e9duire le gaspillage alimentaire. Elle veut inspirer et donner le pouvoir \u00e0 chacun de\u00a0lutter contre le gaspillage alimentaire, fl\u00e9au du XXI\u00e8me si\u00e8cle. Elle s\u2019inscrit dans une nouvelle initiative\u00a0: contribuer autant que possible \u00e0 la cr\u00e9ation d\u2019un mouvement global de lutte contre le gaspillage alimentaire dans le but de g\u00e9n\u00e9rer un changement positif.<\/p>\n<h3><\/h3>\n<h3>Action, r\u00e9action\u00a0!<\/h3>\n<p>Dans cette d\u00e9marche de lutter\u00a0contre le gaspillage alimentaire et dans son action au quotidien pour le d\u00e9veloppement durable, Caviar de Neuvic vous propose ponctuellement des produits remis\u00e9s \u00e0\u00a0DDM (Date de Durabilit\u00e9 Minimale) courtes.<br \/>\nIl faut avoir qu\u2019en France, les pertes et le gaspillage alimentaires repr\u00e9sentent 10 millions de tonnes de produits par an selon l\u2019agence de la transition \u00e9cologique.<br \/>\nCaviar de Neuvic est signataire du pacte initi\u00e9 par\u00a0Too Good To Go\u00a0pour la r\u00e9duction des d\u00e9chets alimentaires.<\/p>\n<p>N&rsquo;oubliez pas la date : 16 octobre journ\u00e9e nationale de lutte contre le gaspillage alimentaire !<\/p>\n<div class=\"wp-block-button aligncenter is-style-outline\"><a class=\"wp-block-button__link\" href=\"https:\/\/caviar-de-neuvic.com\/fr_ch\/70-offres-anti-gaspillage\/\" target=\"_blank\" rel=\"noopener noreferrer\">Je profite de l&rsquo;offre Anti gaspillage<\/a><\/div>","protected":false},"excerpt":{"rendered":"<p>16 octobre journ\u00e9e nationale de lutte contre le gaspillage alimentaire Pour lutter, il faut informer\u00a0! Dans un contexte d\u2019urgence climatique qui exige le changement, l\u2019alimentation est un sujet incontournable, qui concerne chacun d\u2019entre nous. Au carrefour des enjeux d\u2019\u00e9nergie, d\u2019agriculture, de biodiversit\u00e9, de transport et de sant\u00e9, l\u2019alimentation est au c\u0153ur des probl\u00e9matiques environnementales et [&hellip;]<\/p>\n","protected":false},"author":11896,"featured_media":20959,"comment_status":"open","ping_status":"closed","sticky":false,"template":"","format":"standard","meta":{"_acf_changed":false,"ocean_post_layout":"","ocean_both_sidebars_style":"","ocean_both_sidebars_content_width":0,"ocean_both_sidebars_sidebars_width":0,"ocean_sidebar":"0","ocean_second_sidebar":"0","ocean_disable_margins":"enable","ocean_add_body_class":"","ocean_shortcode_before_top_bar":"","ocean_shortcode_after_top_bar":"","ocean_shortcode_before_header":"","ocean_shortcode_after_header":"","ocean_has_shortcode":"","ocean_shortcode_after_title":"","ocean_shortcode_before_footer_widgets":"","ocean_shortcode_after_footer_widgets":"","ocean_shortcode_before_footer_bottom":"","ocean_shortcode_after_footer_bottom":"","ocean_display_top_bar":"default","ocean_display_header":"default","ocean_header_style":"","ocean_center_header_left_menu":"0","ocean_custom_header_template":"0","ocean_custom_logo":0,"ocean_custom_retina_logo":0,"ocean_custom_logo_max_width":0,"ocean_custom_logo_tablet_max_width":0,"ocean_custom_logo_mobile_max_width":0,"ocean_custom_logo_max_height":0,"ocean_custom_logo_tablet_max_height":0,"ocean_custom_logo_mobile_max_height":0,"ocean_header_custom_menu":"0","ocean_menu_typo_font_family":"0","ocean_menu_typo_font_subset":"","ocean_menu_typo_font_size":0,"ocean_menu_typo_font_size_tablet":0,"ocean_menu_typo_font_size_mobile":0,"ocean_menu_typo_font_size_unit":"px","ocean_menu_typo_font_weight":"","ocean_menu_typo_font_weight_tablet":"","ocean_menu_typo_font_weight_mobile":"","ocean_menu_typo_transform":"","ocean_menu_typo_transform_tablet":"","ocean_menu_typo_transform_mobile":"","ocean_menu_typo_line_height":0,"ocean_menu_typo_line_height_tablet":0,"ocean_menu_typo_line_height_mobile":0,"ocean_menu_typo_line_height_unit":"","ocean_menu_typo_spacing":0,"ocean_menu_typo_spacing_tablet":0,"ocean_menu_typo_spacing_mobile":0,"ocean_menu_typo_spacing_unit":"","ocean_menu_link_color":"","ocean_menu_link_color_hover":"","ocean_menu_link_color_active":"","ocean_menu_link_background":"","ocean_menu_link_hover_background":"","ocean_menu_link_active_background":"","ocean_menu_social_links_bg":"","ocean_menu_social_hover_links_bg":"","ocean_menu_social_links_color":"","ocean_menu_social_hover_links_color":"","ocean_disable_title":"default","ocean_disable_heading":"default","ocean_post_title":"","ocean_post_subheading":"","ocean_post_title_style":"","ocean_post_title_background_color":"","ocean_post_title_background":0,"ocean_post_title_bg_image_position":"","ocean_post_title_bg_image_attachment":"","ocean_post_title_bg_image_repeat":"","ocean_post_title_bg_image_size":"","ocean_post_title_height":0,"ocean_post_title_bg_overlay":0.5,"ocean_post_title_bg_overlay_color":"","ocean_disable_breadcrumbs":"default","ocean_breadcrumbs_color":"","ocean_breadcrumbs_separator_color":"","ocean_breadcrumbs_links_color":"","ocean_breadcrumbs_links_hover_color":"","ocean_display_footer_widgets":"default","ocean_display_footer_bottom":"default","ocean_custom_footer_template":"0","omw_enable_modal_window":"enable","ocean_post_oembed":"","ocean_post_self_hosted_media":"","ocean_post_video_embed":"","ocean_link_format":"","ocean_link_format_target":"self","ocean_quote_format":"","ocean_quote_format_link":"post","ocean_gallery_link_images":"on","ocean_gallery_id":[],"footnotes":""},"categories":[285],"tags":[],"class_list":["post-20792","post","type-post","status-publish","format-standard","has-post-thumbnail","hentry","category-mots-gestes","entry","has-media","owp-thumbs-layout-vertical","owp-btn-normal","owp-tabs-layout-horizontal","has-no-thumbnails","has-product-nav"],"acf":[],"yoast_head":"<!-- This site is optimized with the Yoast SEO plugin v27.5 - https:\/\/yoast.com\/product\/yoast-seo-wordpress\/ -->\n<title>16 octobre journ\u00e9e nationale de lutte contre le gaspillage alimentaire<\/title>\n<meta name=\"description\" content=\"16 octobre journ\u00e9e nationale de lutte contre le gaspillage alimentaire. Caviar de Neuvic lutte contre le gaspillage alimentaire.\" \/>\n<meta name=\"robots\" content=\"index, follow, max-snippet:-1, max-image-preview:large, max-video-preview:-1\" \/>\n<link rel=\"canonical\" href=\"https:\/\/caviar-de-neuvic.com\/fr_ch\/mots-gestes\/16-octobre-journee-nationale-de-lutte-contre-le-gaspillage-alimentaire\/\" \/>\n<meta property=\"og:locale\" content=\"fr_FR\" \/>\n<meta property=\"og:type\" content=\"article\" \/>\n<meta property=\"og:title\" content=\"16 octobre journ\u00e9e nationale de lutte contre le gaspillage alimentaire\" \/>\n<meta property=\"og:description\" content=\"16 octobre journ\u00e9e nationale de lutte contre le gaspillage alimentaire. Caviar de Neuvic lutte contre le gaspillage alimentaire.\" \/>\n<meta property=\"og:url\" content=\"https:\/\/caviar-de-neuvic.com\/fr_ch\/mots-gestes\/16-octobre-journee-nationale-de-lutte-contre-le-gaspillage-alimentaire\/\" \/>\n<meta property=\"og:site_name\" content=\"Producteur Fran\u00e7ais De Caviar\" \/>\n<meta property=\"article:published_time\" content=\"2020-10-09T13:35:14+00:00\" \/>\n<meta property=\"article:modified_time\" content=\"2025-10-18T10:02:21+00:00\" \/>\n<meta property=\"og:image\" content=\"https:\/\/caviar-de-neuvic.com\/wp-content\/uploads\/2020\/11\/oeufs-saumon-fontaine-ouvert-e1605278728290-scaled.png\" \/>\n\t<meta property=\"og:image:width\" content=\"2560\" \/>\n\t<meta property=\"og:image:height\" content=\"1701\" \/>\n\t<meta property=\"og:image:type\" content=\"image\/png\" \/>\n<meta name=\"author\" content=\"Laurine Gay\" \/>\n<meta name=\"twitter:card\" content=\"summary_large_image\" \/>\n<meta name=\"twitter:label1\" content=\"Written by\" \/>\n\t<meta name=\"twitter:data1\" content=\"Laurine Gay\" \/>\n\t<meta name=\"twitter:label2\" content=\"Est. reading time\" \/>\n\t<meta name=\"twitter:data2\" content=\"3 minutes\" \/>\n<script type=\"application\/ld+json\" class=\"yoast-schema-graph\">{\"@context\":\"https:\\\/\\\/schema.org\",\"@graph\":[{\"@type\":\"Article\",\"@id\":\"https:\\\/\\\/caviar-de-neuvic.com\\\/fr\\\/mots-gestes\\\/16-octobre-journee-nationale-de-lutte-contre-le-gaspillage-alimentaire\\\/#article\",\"isPartOf\":{\"@id\":\"https:\\\/\\\/caviar-de-neuvic.com\\\/fr\\\/mots-gestes\\\/16-octobre-journee-nationale-de-lutte-contre-le-gaspillage-alimentaire\\\/\"},\"author\":{\"name\":\"Laurine Gay\",\"@id\":\"http:\\\/\\\/caviar-de-neuvic.com\\\/fr\\\/#\\\/schema\\\/person\\\/89912ad55a5ddd5efeb92f2d32511b03\"},\"headline\":\"16 octobre journ\u00e9e nationale de lutte contre le gaspillage alimentaire\",\"datePublished\":\"2020-10-09T13:35:14+00:00\",\"dateModified\":\"2025-10-18T10:02:21+00:00\",\"mainEntityOfPage\":{\"@id\":\"https:\\\/\\\/caviar-de-neuvic.com\\\/fr\\\/mots-gestes\\\/16-octobre-journee-nationale-de-lutte-contre-le-gaspillage-alimentaire\\\/\"},\"wordCount\":497,\"commentCount\":0,\"publisher\":{\"@id\":\"http:\\\/\\\/caviar-de-neuvic.com\\\/fr\\\/#organization\"},\"image\":{\"@id\":\"https:\\\/\\\/caviar-de-neuvic.com\\\/fr\\\/mots-gestes\\\/16-octobre-journee-nationale-de-lutte-contre-le-gaspillage-alimentaire\\\/#primaryimage\"},\"thumbnailUrl\":\"https:\\\/\\\/caviar-de-neuvic.com\\\/wp-content\\\/uploads\\\/2020\\\/11\\\/oeufs-saumon-fontaine-ouvert-e1605278728290-scaled.png\",\"articleSection\":[\"Mots &amp; Gestes\"],\"inLanguage\":\"fr-CH\",\"potentialAction\":[{\"@type\":\"CommentAction\",\"name\":\"Comment\",\"target\":[\"https:\\\/\\\/caviar-de-neuvic.com\\\/fr\\\/mots-gestes\\\/16-octobre-journee-nationale-de-lutte-contre-le-gaspillage-alimentaire\\\/#respond\"]}]},{\"@type\":\"WebPage\",\"@id\":\"https:\\\/\\\/caviar-de-neuvic.com\\\/fr\\\/mots-gestes\\\/16-octobre-journee-nationale-de-lutte-contre-le-gaspillage-alimentaire\\\/\",\"url\":\"https:\\\/\\\/caviar-de-neuvic.com\\\/fr\\\/mots-gestes\\\/16-octobre-journee-nationale-de-lutte-contre-le-gaspillage-alimentaire\\\/\",\"name\":\"16 octobre journ\u00e9e nationale de lutte contre le gaspillage alimentaire\",\"isPartOf\":{\"@id\":\"http:\\\/\\\/caviar-de-neuvic.com\\\/fr\\\/#website\"},\"primaryImageOfPage\":{\"@id\":\"https:\\\/\\\/caviar-de-neuvic.com\\\/fr\\\/mots-gestes\\\/16-octobre-journee-nationale-de-lutte-contre-le-gaspillage-alimentaire\\\/#primaryimage\"},\"image\":{\"@id\":\"https:\\\/\\\/caviar-de-neuvic.com\\\/fr\\\/mots-gestes\\\/16-octobre-journee-nationale-de-lutte-contre-le-gaspillage-alimentaire\\\/#primaryimage\"},\"thumbnailUrl\":\"https:\\\/\\\/caviar-de-neuvic.com\\\/wp-content\\\/uploads\\\/2020\\\/11\\\/oeufs-saumon-fontaine-ouvert-e1605278728290-scaled.png\",\"datePublished\":\"2020-10-09T13:35:14+00:00\",\"dateModified\":\"2025-10-18T10:02:21+00:00\",\"description\":\"16 octobre journ\u00e9e nationale de lutte contre le gaspillage alimentaire. Caviar de Neuvic lutte contre le gaspillage alimentaire.\",\"breadcrumb\":{\"@id\":\"https:\\\/\\\/caviar-de-neuvic.com\\\/fr\\\/mots-gestes\\\/16-octobre-journee-nationale-de-lutte-contre-le-gaspillage-alimentaire\\\/#breadcrumb\"},\"inLanguage\":\"fr-CH\",\"potentialAction\":[{\"@type\":\"ReadAction\",\"target\":[\"https:\\\/\\\/caviar-de-neuvic.com\\\/fr\\\/mots-gestes\\\/16-octobre-journee-nationale-de-lutte-contre-le-gaspillage-alimentaire\\\/\"]}]},{\"@type\":\"ImageObject\",\"inLanguage\":\"fr-CH\",\"@id\":\"https:\\\/\\\/caviar-de-neuvic.com\\\/fr\\\/mots-gestes\\\/16-octobre-journee-nationale-de-lutte-contre-le-gaspillage-alimentaire\\\/#primaryimage\",\"url\":\"https:\\\/\\\/caviar-de-neuvic.com\\\/wp-content\\\/uploads\\\/2020\\\/11\\\/oeufs-saumon-fontaine-ouvert-e1605278728290-scaled.png\",\"contentUrl\":\"https:\\\/\\\/caviar-de-neuvic.com\\\/wp-content\\\/uploads\\\/2020\\\/11\\\/oeufs-saumon-fontaine-ouvert-e1605278728290-scaled.png\",\"width\":2560,\"height\":1701,\"caption\":\"16 octobre journ\u00e9e nationale de lutte contre le gaspillage alimentaire\"},{\"@type\":\"BreadcrumbList\",\"@id\":\"https:\\\/\\\/caviar-de-neuvic.com\\\/fr\\\/mots-gestes\\\/16-octobre-journee-nationale-de-lutte-contre-le-gaspillage-alimentaire\\\/#breadcrumb\",\"itemListElement\":[{\"@type\":\"ListItem\",\"position\":1,\"name\":\"Caviar de Neuvic\",\"item\":\"https:\\\/\\\/caviar-de-neuvic.com\\\/\"},{\"@type\":\"ListItem\",\"position\":2,\"name\":\"Mots &amp; Gestes\",\"item\":\"https:\\\/\\\/caviar-de-neuvic.com\\\/fr\\\/category\\\/mots-gestes\\\/\"},{\"@type\":\"ListItem\",\"position\":3,\"name\":\"16 octobre journ\u00e9e nationale de lutte contre le gaspillage alimentaire\"}]},{\"@type\":\"WebSite\",\"@id\":\"http:\\\/\\\/caviar-de-neuvic.com\\\/fr\\\/#website\",\"url\":\"http:\\\/\\\/caviar-de-neuvic.com\\\/fr\\\/\",\"name\":\"Producteur Fran\u00e7ais De Caviar\",\"description\":\"\",\"publisher\":{\"@id\":\"http:\\\/\\\/caviar-de-neuvic.com\\\/fr\\\/#organization\"},\"potentialAction\":[{\"@type\":\"SearchAction\",\"target\":{\"@type\":\"EntryPoint\",\"urlTemplate\":\"http:\\\/\\\/caviar-de-neuvic.com\\\/fr\\\/?s={search_term_string}\"},\"query-input\":{\"@type\":\"PropertyValueSpecification\",\"valueRequired\":true,\"valueName\":\"search_term_string\"}}],\"inLanguage\":\"fr-CH\"},{\"@type\":\"Organization\",\"@id\":\"http:\\\/\\\/caviar-de-neuvic.com\\\/fr\\\/#organization\",\"name\":\"Producteur Fran\u00e7ais De Caviar\",\"url\":\"http:\\\/\\\/caviar-de-neuvic.com\\\/fr\\\/\",\"logo\":{\"@type\":\"ImageObject\",\"inLanguage\":\"fr-CH\",\"@id\":\"http:\\\/\\\/caviar-de-neuvic.com\\\/fr\\\/#\\\/schema\\\/logo\\\/image\\\/\",\"url\":\"\",\"contentUrl\":\"\",\"caption\":\"Producteur Fran\u00e7ais De Caviar\"},\"image\":{\"@id\":\"http:\\\/\\\/caviar-de-neuvic.com\\\/fr\\\/#\\\/schema\\\/logo\\\/image\\\/\"}},{\"@type\":\"Person\",\"@id\":\"http:\\\/\\\/caviar-de-neuvic.com\\\/fr\\\/#\\\/schema\\\/person\\\/89912ad55a5ddd5efeb92f2d32511b03\",\"name\":\"Laurine Gay\",\"url\":\"https:\\\/\\\/caviar-de-neuvic.com\\\/fr_ch\\\/author\\\/laurine-gaycaviardeneuvic-com\\\/\"}]}<\/script>\n<!-- \/ Yoast SEO plugin. -->","yoast_head_json":{"title":"16 octobre journ\u00e9e nationale de lutte contre le gaspillage alimentaire","description":"16 octobre journ\u00e9e nationale de lutte contre le gaspillage alimentaire. Caviar de Neuvic lutte contre le gaspillage alimentaire.","robots":{"index":"index","follow":"follow","max-snippet":"max-snippet:-1","max-image-preview":"max-image-preview:large","max-video-preview":"max-video-preview:-1"},"canonical":"https:\/\/caviar-de-neuvic.com\/fr_ch\/mots-gestes\/16-octobre-journee-nationale-de-lutte-contre-le-gaspillage-alimentaire\/","og_locale":"fr_FR","og_type":"article","og_title":"16 octobre journ\u00e9e nationale de lutte contre le gaspillage alimentaire","og_description":"16 octobre journ\u00e9e nationale de lutte contre le gaspillage alimentaire. Caviar de Neuvic lutte contre le gaspillage alimentaire.","og_url":"https:\/\/caviar-de-neuvic.com\/fr_ch\/mots-gestes\/16-octobre-journee-nationale-de-lutte-contre-le-gaspillage-alimentaire\/","og_site_name":"Producteur Fran\u00e7ais De Caviar","article_published_time":"2020-10-09T13:35:14+00:00","article_modified_time":"2025-10-18T10:02:21+00:00","og_image":[{"width":2560,"height":1701,"url":"https:\/\/caviar-de-neuvic.com\/wp-content\/uploads\/2020\/11\/oeufs-saumon-fontaine-ouvert-e1605278728290-scaled.png","type":"image\/png"}],"author":"Laurine Gay","twitter_card":"summary_large_image","twitter_misc":{"Written by":"Laurine Gay","Est. reading time":"3 minutes"},"schema":{"@context":"https:\/\/schema.org","@graph":[{"@type":"Article","@id":"https:\/\/caviar-de-neuvic.com\/fr\/mots-gestes\/16-octobre-journee-nationale-de-lutte-contre-le-gaspillage-alimentaire\/#article","isPartOf":{"@id":"https:\/\/caviar-de-neuvic.com\/fr\/mots-gestes\/16-octobre-journee-nationale-de-lutte-contre-le-gaspillage-alimentaire\/"},"author":{"name":"Laurine Gay","@id":"http:\/\/caviar-de-neuvic.com\/fr\/#\/schema\/person\/89912ad55a5ddd5efeb92f2d32511b03"},"headline":"16 octobre journ\u00e9e nationale de lutte contre le gaspillage alimentaire","datePublished":"2020-10-09T13:35:14+00:00","dateModified":"2025-10-18T10:02:21+00:00","mainEntityOfPage":{"@id":"https:\/\/caviar-de-neuvic.com\/fr\/mots-gestes\/16-octobre-journee-nationale-de-lutte-contre-le-gaspillage-alimentaire\/"},"wordCount":497,"commentCount":0,"publisher":{"@id":"http:\/\/caviar-de-neuvic.com\/fr\/#organization"},"image":{"@id":"https:\/\/caviar-de-neuvic.com\/fr\/mots-gestes\/16-octobre-journee-nationale-de-lutte-contre-le-gaspillage-alimentaire\/#primaryimage"},"thumbnailUrl":"https:\/\/caviar-de-neuvic.com\/wp-content\/uploads\/2020\/11\/oeufs-saumon-fontaine-ouvert-e1605278728290-scaled.png","articleSection":["Mots &amp; Gestes"],"inLanguage":"fr-CH","potentialAction":[{"@type":"CommentAction","name":"Comment","target":["https:\/\/caviar-de-neuvic.com\/fr\/mots-gestes\/16-octobre-journee-nationale-de-lutte-contre-le-gaspillage-alimentaire\/#respond"]}]},{"@type":"WebPage","@id":"https:\/\/caviar-de-neuvic.com\/fr\/mots-gestes\/16-octobre-journee-nationale-de-lutte-contre-le-gaspillage-alimentaire\/","url":"https:\/\/caviar-de-neuvic.com\/fr\/mots-gestes\/16-octobre-journee-nationale-de-lutte-contre-le-gaspillage-alimentaire\/","name":"16 octobre journ\u00e9e nationale de lutte contre le gaspillage alimentaire","isPartOf":{"@id":"http:\/\/caviar-de-neuvic.com\/fr\/#website"},"primaryImageOfPage":{"@id":"https:\/\/caviar-de-neuvic.com\/fr\/mots-gestes\/16-octobre-journee-nationale-de-lutte-contre-le-gaspillage-alimentaire\/#primaryimage"},"image":{"@id":"https:\/\/caviar-de-neuvic.com\/fr\/mots-gestes\/16-octobre-journee-nationale-de-lutte-contre-le-gaspillage-alimentaire\/#primaryimage"},"thumbnailUrl":"https:\/\/caviar-de-neuvic.com\/wp-content\/uploads\/2020\/11\/oeufs-saumon-fontaine-ouvert-e1605278728290-scaled.png","datePublished":"2020-10-09T13:35:14+00:00","dateModified":"2025-10-18T10:02:21+00:00","description":"16 octobre journ\u00e9e nationale de lutte contre le gaspillage alimentaire. Caviar de Neuvic lutte contre le gaspillage alimentaire.","breadcrumb":{"@id":"https:\/\/caviar-de-neuvic.com\/fr\/mots-gestes\/16-octobre-journee-nationale-de-lutte-contre-le-gaspillage-alimentaire\/#breadcrumb"},"inLanguage":"fr-CH","potentialAction":[{"@type":"ReadAction","target":["https:\/\/caviar-de-neuvic.com\/fr\/mots-gestes\/16-octobre-journee-nationale-de-lutte-contre-le-gaspillage-alimentaire\/"]}]},{"@type":"ImageObject","inLanguage":"fr-CH","@id":"https:\/\/caviar-de-neuvic.com\/fr\/mots-gestes\/16-octobre-journee-nationale-de-lutte-contre-le-gaspillage-alimentaire\/#primaryimage","url":"https:\/\/caviar-de-neuvic.com\/wp-content\/uploads\/2020\/11\/oeufs-saumon-fontaine-ouvert-e1605278728290-scaled.png","contentUrl":"https:\/\/caviar-de-neuvic.com\/wp-content\/uploads\/2020\/11\/oeufs-saumon-fontaine-ouvert-e1605278728290-scaled.png","width":2560,"height":1701,"caption":"16 octobre journ\u00e9e nationale de lutte contre le gaspillage alimentaire"},{"@type":"BreadcrumbList","@id":"https:\/\/caviar-de-neuvic.com\/fr\/mots-gestes\/16-octobre-journee-nationale-de-lutte-contre-le-gaspillage-alimentaire\/#breadcrumb","itemListElement":[{"@type":"ListItem","position":1,"name":"Caviar de Neuvic","item":"https:\/\/caviar-de-neuvic.com\/"},{"@type":"ListItem","position":2,"name":"Mots &amp; Gestes","item":"https:\/\/caviar-de-neuvic.com\/fr\/category\/mots-gestes\/"},{"@type":"ListItem","position":3,"name":"16 octobre journ\u00e9e nationale de lutte contre le gaspillage alimentaire"}]},{"@type":"WebSite","@id":"http:\/\/caviar-de-neuvic.com\/fr\/#website","url":"http:\/\/caviar-de-neuvic.com\/fr\/","name":"Producteur Fran\u00e7ais De Caviar","description":"","publisher":{"@id":"http:\/\/caviar-de-neuvic.com\/fr\/#organization"},"potentialAction":[{"@type":"SearchAction","target":{"@type":"EntryPoint","urlTemplate":"http:\/\/caviar-de-neuvic.com\/fr\/?s={search_term_string}"},"query-input":{"@type":"PropertyValueSpecification","valueRequired":true,"valueName":"search_term_string"}}],"inLanguage":"fr-CH"},{"@type":"Organization","@id":"http:\/\/caviar-de-neuvic.com\/fr\/#organization","name":"Producteur Fran\u00e7ais De Caviar","url":"http:\/\/caviar-de-neuvic.com\/fr\/","logo":{"@type":"ImageObject","inLanguage":"fr-CH","@id":"http:\/\/caviar-de-neuvic.com\/fr\/#\/schema\/logo\/image\/","url":"","contentUrl":"","caption":"Producteur Fran\u00e7ais De Caviar"},"image":{"@id":"http:\/\/caviar-de-neuvic.com\/fr\/#\/schema\/logo\/image\/"}},{"@type":"Person","@id":"http:\/\/caviar-de-neuvic.com\/fr\/#\/schema\/person\/89912ad55a5ddd5efeb92f2d32511b03","name":"Laurine Gay","url":"https:\/\/caviar-de-neuvic.com\/fr_ch\/author\/laurine-gaycaviardeneuvic-com\/"}]}},"_links":{"self":[{"href":"https:\/\/caviar-de-neuvic.com\/fr_ch\/wp-json\/wp\/v2\/posts\/20792","targetHints":{"allow":["GET"]}}],"collection":[{"href":"https:\/\/caviar-de-neuvic.com\/fr_ch\/wp-json\/wp\/v2\/posts"}],"about":[{"href":"https:\/\/caviar-de-neuvic.com\/fr_ch\/wp-json\/wp\/v2\/types\/post"}],"author":[{"embeddable":true,"href":"https:\/\/caviar-de-neuvic.com\/fr_ch\/wp-json\/wp\/v2\/users\/11896"}],"replies":[{"embeddable":true,"href":"https:\/\/caviar-de-neuvic.com\/fr_ch\/wp-json\/wp\/v2\/comments?post=20792"}],"version-history":[{"count":1,"href":"https:\/\/caviar-de-neuvic.com\/fr_ch\/wp-json\/wp\/v2\/posts\/20792\/revisions"}],"predecessor-version":[{"id":31347,"href":"https:\/\/caviar-de-neuvic.com\/fr_ch\/wp-json\/wp\/v2\/posts\/20792\/revisions\/31347"}],"wp:featuredmedia":[{"embeddable":true,"href":"https:\/\/caviar-de-neuvic.com\/fr_ch\/wp-json\/wp\/v2\/media\/20959"}],"wp:attachment":[{"href":"https:\/\/caviar-de-neuvic.com\/fr_ch\/wp-json\/wp\/v2\/media?parent=20792"}],"wp:term":[{"taxonomy":"category","embeddable":true,"href":"https:\/\/caviar-de-neuvic.com\/fr_ch\/wp-json\/wp\/v2\/categories?post=20792"},{"taxonomy":"post_tag","embeddable":true,"href":"https:\/\/caviar-de-neuvic.com\/fr_ch\/wp-json\/wp\/v2\/tags?post=20792"}],"curies":[{"name":"wp","href":"https:\/\/api.w.org\/{rel}","templated":true}]}}