{"id":20849,"date":"2024-04-04T16:24:59","date_gmt":"2024-04-04T14:24:59","guid":{"rendered":"https:\/\/caviar-de-neuvic.com\/parlons-caviar\/?p=7233"},"modified":"2024-04-04T16:24:59","modified_gmt":"2024-04-04T14:24:59","slug":"le-caviar-grande-reserve","status":"publish","type":"post","link":"https:\/\/caviar-de-neuvic.com\/fr_ch\/actualites\/le-caviar-grande-reserve\/","title":{"rendered":"Le Caviar Grande R\u00e9serve"},"content":{"rendered":"<p>LE CAVIAR GRANDE RESERVE<\/p>\n<p><span style=\"font-weight: 400;\">\u00c0 partir du 15 avril, <a href=\"https:\/\/caviar-de-neuvic.com\/fr_ch\/\" target=\"_blank\" rel=\"noopener\">Caviar de Neuvic<\/a> d\u00e9voile sa toute nouvelle gamme de caviar. Apr\u00e8s le succ\u00e8s rencontr\u00e9 par nos collections <a href=\"https:\/\/caviar-de-neuvic.com\/fr_ch\/13-caviar\/\" target=\"_blank\" rel=\"noopener\">Signature<\/a> et <a href=\"https:\/\/caviar-de-neuvic.com\/fr_ch\/caviar-oscietre\/293-402-caviar-oscietre-reserve.html\/#\/2-choisissez_le_poids_-30g\" target=\"_blank\" rel=\"noopener\">R\u00e9serve<\/a>, nous sommes heureux de pr\u00e9senter notre derni\u00e8re cr\u00e9ation : la Grande R\u00e9serve.<\/span><\/p>\n<h3><b>Les diff\u00e9rentes Gammes chez Caviar de Neuvic<\/b><\/h3>\n<p><span style=\"font-weight: 400;\">Chez Caviar de Neuvic, nous sommes fiers de vous proposer une vari\u00e9t\u00e9 de gammes de caviar, chacune offrant une exp\u00e9rience unique. En effet, la nature nous r\u00e9serve parfois des surprises, et certains esturgeons nous gratifient de caviar d&rsquo;une qualit\u00e9 exceptionnelle. Il est fascinant de constater que le m\u00eame poisson peut produire des grains de <a href=\"https:\/\/caviar-de-neuvic.com\/fr_ch\/parlons-caviar\/universducaviar\/quelles-differences-entre-les-caviars\/\" target=\"_blank\" rel=\"noopener\">caviar aux caract\u00e9ristiques vari\u00e9es. <\/a>Certains se distinguant par leur couleur, taille, longueur&#8230; Ainsi, chaque grain est m\u00e9ticuleusement tri\u00e9, un par un, puis class\u00e9 dans l&rsquo;une de nos diff\u00e9rentes gammes.\u00a0<\/span><\/p>\n<h3><b>Gamme Signature\u00a0<\/b><\/h3>\n<p><span style=\"font-weight: 400;\">Notre gamme <a href=\"https:\/\/caviar-de-neuvic.com\/fr_ch\/caviar-baeri\/81-64-caviar-baeri-signature.html\/#\/2-choisissez_le_poids_-30g\" target=\"_blank\" rel=\"noopener\">Signature<\/a> incarne tout ce que Caviar de Neuvic repr\u00e9sente : l&rsquo;excellence, la qualit\u00e9 et le savoir-faire. Chaque grain de caviar qui porte notre signature est le r\u00e9sultat d&rsquo;un \u00e9levage m\u00e9ticuleux, o\u00f9 rien n&rsquo;est laiss\u00e9 au hasard. Nos esturgeons \u00e9voluent dans un environnement id\u00e9al, avec une eau d&rsquo;une puret\u00e9 irr\u00e9prochable, une alimentation biologique soigneusement s\u00e9lectionn\u00e9e et une attention particuli\u00e8re port\u00e9e \u00e0 leur bien-\u00eatre.\u00a0<\/span><\/p>\n\t\t<style>\n\t\t\t.blog_sticker{\n\t\t\t\tmargin-top: 50px !important;\n\t\t\t\tdisplay: flex;\n  \t\t\t\tjustify-content: center;\n\t\t\t\tflex-wrap: wrap;\n\t\t\t}\n\t\t\t.blog_sticker .product-miniature-list.row .span_1_of_3{\n\t\t\t\twidth: 100%!important;\n\t\t\t\tflex: 0 0 100%!important;\n\t\t\t\tmax-width: 400px!important;\n\t\t\t}\n\t\t\t.blog_sticker_right{\n\t\t\t\tmax-width: 400px;\n\t\t\t}\n\t\t\t.product-miniature-list.row {\n\t\t\t\tdisplay: flex;\n\t\t\t\tjustify-content: center;\n\t\t\t\tflex-wrap: wrap;\n\t\t\t}\n\t\t<\/style>\n\t\t<div class=\"blog_sticker d-flex flex-wrap\">\n\t\t\t<div class=\"blog_sticker_left col-sm-12 col-md-6 products-grid\">\n\t\t\t\t<div class=\"product-miniature-list row\">\n\t\t\t\t\t\t\t\t\t<\/div>\n\t\t\t<\/div>\n\t\t\t<div class=\"blog_sticker_right col-sm-12 col-md-6\">\n\t\t\t\t\t\t\t<\/div>\n\t\t<\/div>\n\t\n<h3><b>Gamme R\u00e9serve\u00a0<\/b><\/h3>\n<p><span style=\"font-weight: 400;\">Dans notre gamme <a href=\"https:\/\/caviar-de-neuvic.com\/fr_ch\/caviar-baeri\/82-69-caviar-baeri-reserve.html\/#\/2-choisissez_le_poids_-30g\" target=\"_blank\" rel=\"noopener\">R\u00e9serve<\/a>, nous c\u00e9l\u00e9brons les surprises que la nature nous r\u00e9serve. En effet, certains esturgeons nous offrent l&rsquo;honneur de produire un caviar d&rsquo;exception. Ce caviar R\u00e9serve se distingue par une longueur en bouche impressionnante, attestant de sa qualit\u00e9 incomparable. Le Caviar Osci\u00e8tre R\u00e9serve est le fruit d&rsquo;une s\u00e9lection minutieuse parmi les meilleurs grains de cette esp\u00e8ce. Seuls quelques esturgeons ont le privil\u00e8ge de produire un caviar de cette qualit\u00e9 remarquable. Les grains les plus exceptionnels sont choisis pour leur taille et leur longueur en bouche incomparable, offrant une texture plus ferme et une couleur d&rsquo;une clart\u00e9 exceptionnelle.\u00a0<\/span><\/p>\n\t\t<style>\n\t\t\t.blog_sticker{\n\t\t\t\tmargin-top: 50px !important;\n\t\t\t\tdisplay: flex;\n  \t\t\t\tjustify-content: center;\n\t\t\t\tflex-wrap: wrap;\n\t\t\t}\n\t\t\t.blog_sticker .product-miniature-list.row .span_1_of_3{\n\t\t\t\twidth: 100%!important;\n\t\t\t\tflex: 0 0 100%!important;\n\t\t\t\tmax-width: 400px!important;\n\t\t\t}\n\t\t\t.blog_sticker_right{\n\t\t\t\tmax-width: 400px;\n\t\t\t}\n\t\t\t.product-miniature-list.row {\n\t\t\t\tdisplay: flex;\n\t\t\t\tjustify-content: center;\n\t\t\t\tflex-wrap: wrap;\n\t\t\t}\n\t\t<\/style>\n\t\t<div class=\"blog_sticker d-flex flex-wrap\">\n\t\t\t<div class=\"blog_sticker_left col-sm-12 col-md-6 products-grid\">\n\t\t\t\t<div class=\"product-miniature-list row\">\n\t\t\t\t\t\t\t\t\t<\/div>\n\t\t\t<\/div>\n\t\t\t<div class=\"blog_sticker_right col-sm-12 col-md-6\">\n\t\t\t\t\t\t\t<\/div>\n\t\t<\/div>\n\t\n<h3><b>Gamme Grande R\u00e9serve<\/b><\/h3>\n<p><span style=\"font-weight: 400;\">Mais au-del\u00e0 de nos collections existantes, la Gamme Grande R\u00e9serve occupe une place \u00e0 part. C&rsquo;est le fruit d&rsquo;un processus de s\u00e9lection particuli\u00e8rement exigeant, r\u00e9serv\u00e9 \u00e0 nos clients les plus fid\u00e8les et les plus prestigieux. Cette cuv\u00e9e exceptionnelle est le r\u00e9sultat du tri minutieux de notre caviar R\u00e9serve, d\u00e9j\u00e0 reconnu pour sa qualit\u00e9 hors pair. La raret\u00e9 de cette gamme est telle qu&rsquo;elle ne se pr\u00e9sente qu&rsquo;une fois par an, faisant de son arriv\u00e9e un \u00e9v\u00e9nement tr\u00e8s attendu et hautement exclusif. D\u00e9sormais, ce caviar d&rsquo;exception est disponible uniquement sur r\u00e9servation, offrant aux clients les plus exigeants l&rsquo;opportunit\u00e9 de d\u00e9guster l&rsquo;excellence \u00e0 son apog\u00e9e.<\/span><\/p>\n<p><img fetchpriority=\"high\" decoding=\"async\" class=\"alignnone size-medium wp-image-7240\" src=\"http:\/\/caviar-de-neuvic.com\/wp-content\/uploads\/2024\/04\/Grande-Reserve-14_01_2021-\u00aeAV-2-200x300.jpg\" alt=\"\" width=\"200\" height=\"300\" \/><img decoding=\"async\" class=\"alignnone size-medium wp-image-7242\" src=\"http:\/\/caviar-de-neuvic.com\/wp-content\/uploads\/2024\/04\/Grande-Reserve-14_01_2021-\u00aeAV-9-200x300.jpg\" alt=\"\" width=\"200\" height=\"300\" \/><img decoding=\"async\" class=\"alignnone size-medium wp-image-7243\" src=\"http:\/\/caviar-de-neuvic.com\/wp-content\/uploads\/2024\/04\/Grande-Reserve-14_01_2021-\u00aeAV-14-200x300.jpg\" alt=\"\" width=\"200\" height=\"300\" \/><img loading=\"lazy\" decoding=\"async\" class=\"alignnone size-medium wp-image-7245\" src=\"http:\/\/caviar-de-neuvic.com\/wp-content\/uploads\/2024\/04\/Packshot_GR_V2-3-300x300.png\" alt=\"\" width=\"300\" height=\"300\" \/><\/p>","protected":false},"excerpt":{"rendered":"<p>LE CAVIAR GRANDE RESERVE \u00c0 partir du 15 avril, Caviar de Neuvic d\u00e9voile sa toute nouvelle gamme de caviar. Apr\u00e8s le succ\u00e8s rencontr\u00e9 par nos collections Signature et R\u00e9serve, nous sommes heureux de pr\u00e9senter notre derni\u00e8re cr\u00e9ation : la Grande R\u00e9serve. Les diff\u00e9rentes Gammes chez Caviar de Neuvic Chez Caviar de Neuvic, nous sommes fiers [&hellip;]<\/p>\n","protected":false},"author":11896,"featured_media":21124,"comment_status":"open","ping_status":"closed","sticky":false,"template":"","format":"standard","meta":{"_acf_changed":false,"ocean_post_layout":"","ocean_both_sidebars_style":"","ocean_both_sidebars_content_width":0,"ocean_both_sidebars_sidebars_width":0,"ocean_sidebar":"","ocean_second_sidebar":"","ocean_disable_margins":"enable","ocean_add_body_class":"","ocean_shortcode_before_top_bar":"","ocean_shortcode_after_top_bar":"","ocean_shortcode_before_header":"","ocean_shortcode_after_header":"","ocean_has_shortcode":"","ocean_shortcode_after_title":"","ocean_shortcode_before_footer_widgets":"","ocean_shortcode_after_footer_widgets":"","ocean_shortcode_before_footer_bottom":"","ocean_shortcode_after_footer_bottom":"","ocean_display_top_bar":"default","ocean_display_header":"default","ocean_header_style":"","ocean_center_header_left_menu":"","ocean_custom_header_template":"","ocean_custom_logo":0,"ocean_custom_retina_logo":0,"ocean_custom_logo_max_width":0,"ocean_custom_logo_tablet_max_width":0,"ocean_custom_logo_mobile_max_width":0,"ocean_custom_logo_max_height":0,"ocean_custom_logo_tablet_max_height":0,"ocean_custom_logo_mobile_max_height":0,"ocean_header_custom_menu":"","ocean_menu_typo_font_family":"","ocean_menu_typo_font_subset":"","ocean_menu_typo_font_size":0,"ocean_menu_typo_font_size_tablet":0,"ocean_menu_typo_font_size_mobile":0,"ocean_menu_typo_font_size_unit":"px","ocean_menu_typo_font_weight":"","ocean_menu_typo_font_weight_tablet":"","ocean_menu_typo_font_weight_mobile":"","ocean_menu_typo_transform":"","ocean_menu_typo_transform_tablet":"","ocean_menu_typo_transform_mobile":"","ocean_menu_typo_line_height":0,"ocean_menu_typo_line_height_tablet":0,"ocean_menu_typo_line_height_mobile":0,"ocean_menu_typo_line_height_unit":"","ocean_menu_typo_spacing":0,"ocean_menu_typo_spacing_tablet":0,"ocean_menu_typo_spacing_mobile":0,"ocean_menu_typo_spacing_unit":"","ocean_menu_link_color":"","ocean_menu_link_color_hover":"","ocean_menu_link_color_active":"","ocean_menu_link_background":"","ocean_menu_link_hover_background":"","ocean_menu_link_active_background":"","ocean_menu_social_links_bg":"","ocean_menu_social_hover_links_bg":"","ocean_menu_social_links_color":"","ocean_menu_social_hover_links_color":"","ocean_disable_title":"default","ocean_disable_heading":"default","ocean_post_title":"","ocean_post_subheading":"","ocean_post_title_style":"","ocean_post_title_background_color":"","ocean_post_title_background":0,"ocean_post_title_bg_image_position":"","ocean_post_title_bg_image_attachment":"","ocean_post_title_bg_image_repeat":"","ocean_post_title_bg_image_size":"","ocean_post_title_height":0,"ocean_post_title_bg_overlay":0.5,"ocean_post_title_bg_overlay_color":"","ocean_disable_breadcrumbs":"default","ocean_breadcrumbs_color":"","ocean_breadcrumbs_separator_color":"","ocean_breadcrumbs_links_color":"","ocean_breadcrumbs_links_hover_color":"","ocean_display_footer_widgets":"default","ocean_display_footer_bottom":"default","ocean_custom_footer_template":"","omw_enable_modal_window":"enable","ocean_post_oembed":"","ocean_post_self_hosted_media":"","ocean_post_video_embed":"","ocean_link_format":"","ocean_link_format_target":"self","ocean_quote_format":"","ocean_quote_format_link":"post","ocean_gallery_link_images":"on","ocean_gallery_id":[],"footnotes":""},"categories":[300],"tags":[],"class_list":["post-20849","post","type-post","status-publish","format-standard","has-post-thumbnail","hentry","category-actualites","entry","has-media","owp-thumbs-layout-vertical","owp-btn-normal","owp-tabs-layout-horizontal","has-no-thumbnails","has-product-nav"],"acf":[],"yoast_head":"<!-- This site is optimized with the Yoast SEO plugin v27.5 - https:\/\/yoast.com\/product\/yoast-seo-wordpress\/ -->\n<title>Le Caviar Grande R\u00e9serve - Producteur Fran\u00e7ais De Caviar<\/title>\n<meta name=\"description\" content=\"LE CAVIAR GRANDE RESERVE. \u00c0 partir du 15 avril, Caviar de Neuvic d\u00e9voile sa toute nouvelle gamme de caviar.\" \/>\n<meta name=\"robots\" content=\"index, follow, max-snippet:-1, max-image-preview:large, max-video-preview:-1\" \/>\n<link rel=\"canonical\" href=\"https:\/\/caviar-de-neuvic.com\/fr_ch\/actualites\/le-caviar-grande-reserve\/\" \/>\n<meta property=\"og:locale\" content=\"fr_FR\" \/>\n<meta property=\"og:type\" content=\"article\" \/>\n<meta property=\"og:title\" content=\"Le Caviar Grande R\u00e9serve - Producteur Fran\u00e7ais De Caviar\" \/>\n<meta property=\"og:description\" content=\"LE CAVIAR GRANDE RESERVE. \u00c0 partir du 15 avril, Caviar de Neuvic d\u00e9voile sa toute nouvelle gamme de caviar.\" \/>\n<meta property=\"og:url\" content=\"https:\/\/caviar-de-neuvic.com\/fr_ch\/actualites\/le-caviar-grande-reserve\/\" \/>\n<meta property=\"og:site_name\" content=\"Producteur Fran\u00e7ais De Caviar\" \/>\n<meta property=\"article:published_time\" content=\"2024-04-04T14:24:59+00:00\" \/>\n<meta property=\"og:image\" content=\"https:\/\/caviar-de-neuvic.com\/wp-content\/uploads\/2024\/04\/Grande-Reserve-14_01_2021-\u00aeAV-8.jpg\" \/>\n\t<meta property=\"og:image:width\" content=\"1920\" \/>\n\t<meta property=\"og:image:height\" content=\"1920\" \/>\n\t<meta property=\"og:image:type\" content=\"image\/jpeg\" \/>\n<meta name=\"author\" content=\"Laurine Gay\" \/>\n<meta name=\"twitter:card\" content=\"summary_large_image\" \/>\n<meta name=\"twitter:label1\" content=\"Written by\" \/>\n\t<meta name=\"twitter:data1\" content=\"Laurine Gay\" \/>\n\t<meta name=\"twitter:label2\" content=\"Est. reading time\" \/>\n\t<meta name=\"twitter:data2\" content=\"4 minutes\" \/>\n<script type=\"application\/ld+json\" class=\"yoast-schema-graph\">{\"@context\":\"https:\\\/\\\/schema.org\",\"@graph\":[{\"@type\":\"Article\",\"@id\":\"https:\\\/\\\/caviar-de-neuvic.com\\\/fr\\\/actualites\\\/le-caviar-grande-reserve\\\/#article\",\"isPartOf\":{\"@id\":\"https:\\\/\\\/caviar-de-neuvic.com\\\/fr\\\/actualites\\\/le-caviar-grande-reserve\\\/\"},\"author\":{\"name\":\"Laurine Gay\",\"@id\":\"http:\\\/\\\/caviar-de-neuvic.com\\\/fr\\\/#\\\/schema\\\/person\\\/89912ad55a5ddd5efeb92f2d32511b03\"},\"headline\":\"Le Caviar Grande R\u00e9serve\",\"datePublished\":\"2024-04-04T14:24:59+00:00\",\"mainEntityOfPage\":{\"@id\":\"https:\\\/\\\/caviar-de-neuvic.com\\\/fr\\\/actualites\\\/le-caviar-grande-reserve\\\/\"},\"wordCount\":482,\"commentCount\":0,\"publisher\":{\"@id\":\"http:\\\/\\\/caviar-de-neuvic.com\\\/fr\\\/#organization\"},\"image\":{\"@id\":\"https:\\\/\\\/caviar-de-neuvic.com\\\/fr\\\/actualites\\\/le-caviar-grande-reserve\\\/#primaryimage\"},\"thumbnailUrl\":\"https:\\\/\\\/caviar-de-neuvic.com\\\/wp-content\\\/uploads\\\/2024\\\/04\\\/Grande-Reserve-14_01_2021-\u00aeAV-8.jpg\",\"articleSection\":[\"Actualit\u00e9s\"],\"inLanguage\":\"fr-CH\",\"potentialAction\":[{\"@type\":\"CommentAction\",\"name\":\"Comment\",\"target\":[\"https:\\\/\\\/caviar-de-neuvic.com\\\/fr\\\/actualites\\\/le-caviar-grande-reserve\\\/#respond\"]}]},{\"@type\":\"WebPage\",\"@id\":\"https:\\\/\\\/caviar-de-neuvic.com\\\/fr\\\/actualites\\\/le-caviar-grande-reserve\\\/\",\"url\":\"https:\\\/\\\/caviar-de-neuvic.com\\\/fr\\\/actualites\\\/le-caviar-grande-reserve\\\/\",\"name\":\"Le Caviar Grande R\u00e9serve - Producteur Fran\u00e7ais De Caviar\",\"isPartOf\":{\"@id\":\"http:\\\/\\\/caviar-de-neuvic.com\\\/fr\\\/#website\"},\"primaryImageOfPage\":{\"@id\":\"https:\\\/\\\/caviar-de-neuvic.com\\\/fr\\\/actualites\\\/le-caviar-grande-reserve\\\/#primaryimage\"},\"image\":{\"@id\":\"https:\\\/\\\/caviar-de-neuvic.com\\\/fr\\\/actualites\\\/le-caviar-grande-reserve\\\/#primaryimage\"},\"thumbnailUrl\":\"https:\\\/\\\/caviar-de-neuvic.com\\\/wp-content\\\/uploads\\\/2024\\\/04\\\/Grande-Reserve-14_01_2021-\u00aeAV-8.jpg\",\"datePublished\":\"2024-04-04T14:24:59+00:00\",\"description\":\"LE CAVIAR GRANDE RESERVE. \u00c0 partir du 15 avril, Caviar de Neuvic d\u00e9voile sa toute nouvelle gamme de caviar.\",\"breadcrumb\":{\"@id\":\"https:\\\/\\\/caviar-de-neuvic.com\\\/fr\\\/actualites\\\/le-caviar-grande-reserve\\\/#breadcrumb\"},\"inLanguage\":\"fr-CH\",\"potentialAction\":[{\"@type\":\"ReadAction\",\"target\":[\"https:\\\/\\\/caviar-de-neuvic.com\\\/fr\\\/actualites\\\/le-caviar-grande-reserve\\\/\"]}]},{\"@type\":\"ImageObject\",\"inLanguage\":\"fr-CH\",\"@id\":\"https:\\\/\\\/caviar-de-neuvic.com\\\/fr\\\/actualites\\\/le-caviar-grande-reserve\\\/#primaryimage\",\"url\":\"https:\\\/\\\/caviar-de-neuvic.com\\\/wp-content\\\/uploads\\\/2024\\\/04\\\/Grande-Reserve-14_01_2021-\u00aeAV-8.jpg\",\"contentUrl\":\"https:\\\/\\\/caviar-de-neuvic.com\\\/wp-content\\\/uploads\\\/2024\\\/04\\\/Grande-Reserve-14_01_2021-\u00aeAV-8.jpg\",\"width\":1920,\"height\":1920,\"caption\":\"LE CAVIAR GRANDE RESERVE\"},{\"@type\":\"BreadcrumbList\",\"@id\":\"https:\\\/\\\/caviar-de-neuvic.com\\\/fr\\\/actualites\\\/le-caviar-grande-reserve\\\/#breadcrumb\",\"itemListElement\":[{\"@type\":\"ListItem\",\"position\":1,\"name\":\"Caviar de Neuvic\",\"item\":\"https:\\\/\\\/caviar-de-neuvic.com\\\/\"},{\"@type\":\"ListItem\",\"position\":2,\"name\":\"Le Caviar Grande R\u00e9serve\"}]},{\"@type\":\"WebSite\",\"@id\":\"http:\\\/\\\/caviar-de-neuvic.com\\\/fr\\\/#website\",\"url\":\"http:\\\/\\\/caviar-de-neuvic.com\\\/fr\\\/\",\"name\":\"Producteur Fran\u00e7ais De Caviar\",\"description\":\"\",\"publisher\":{\"@id\":\"http:\\\/\\\/caviar-de-neuvic.com\\\/fr\\\/#organization\"},\"potentialAction\":[{\"@type\":\"SearchAction\",\"target\":{\"@type\":\"EntryPoint\",\"urlTemplate\":\"http:\\\/\\\/caviar-de-neuvic.com\\\/fr\\\/?s={search_term_string}\"},\"query-input\":{\"@type\":\"PropertyValueSpecification\",\"valueRequired\":true,\"valueName\":\"search_term_string\"}}],\"inLanguage\":\"fr-CH\"},{\"@type\":\"Organization\",\"@id\":\"http:\\\/\\\/caviar-de-neuvic.com\\\/fr\\\/#organization\",\"name\":\"Producteur Fran\u00e7ais De Caviar\",\"url\":\"http:\\\/\\\/caviar-de-neuvic.com\\\/fr\\\/\",\"logo\":{\"@type\":\"ImageObject\",\"inLanguage\":\"fr-CH\",\"@id\":\"http:\\\/\\\/caviar-de-neuvic.com\\\/fr\\\/#\\\/schema\\\/logo\\\/image\\\/\",\"url\":\"\",\"contentUrl\":\"\",\"caption\":\"Producteur Fran\u00e7ais De Caviar\"},\"image\":{\"@id\":\"http:\\\/\\\/caviar-de-neuvic.com\\\/fr\\\/#\\\/schema\\\/logo\\\/image\\\/\"}},{\"@type\":\"Person\",\"@id\":\"http:\\\/\\\/caviar-de-neuvic.com\\\/fr\\\/#\\\/schema\\\/person\\\/89912ad55a5ddd5efeb92f2d32511b03\",\"name\":\"Laurine Gay\",\"url\":\"https:\\\/\\\/caviar-de-neuvic.com\\\/fr_ch\\\/author\\\/laurine-gaycaviardeneuvic-com\\\/\"}]}<\/script>\n<!-- \/ Yoast SEO plugin. -->","yoast_head_json":{"title":"Le Caviar Grande R\u00e9serve - Producteur Fran\u00e7ais De Caviar","description":"LE CAVIAR GRANDE RESERVE. \u00c0 partir du 15 avril, Caviar de Neuvic d\u00e9voile sa toute nouvelle gamme de caviar.","robots":{"index":"index","follow":"follow","max-snippet":"max-snippet:-1","max-image-preview":"max-image-preview:large","max-video-preview":"max-video-preview:-1"},"canonical":"https:\/\/caviar-de-neuvic.com\/fr_ch\/actualites\/le-caviar-grande-reserve\/","og_locale":"fr_FR","og_type":"article","og_title":"Le Caviar Grande R\u00e9serve - Producteur Fran\u00e7ais De Caviar","og_description":"LE CAVIAR GRANDE RESERVE. \u00c0 partir du 15 avril, Caviar de Neuvic d\u00e9voile sa toute nouvelle gamme de caviar.","og_url":"https:\/\/caviar-de-neuvic.com\/fr_ch\/actualites\/le-caviar-grande-reserve\/","og_site_name":"Producteur Fran\u00e7ais De Caviar","article_published_time":"2024-04-04T14:24:59+00:00","og_image":[{"width":1920,"height":1920,"url":"https:\/\/caviar-de-neuvic.com\/wp-content\/uploads\/2024\/04\/Grande-Reserve-14_01_2021-\u00aeAV-8.jpg","type":"image\/jpeg"}],"author":"Laurine Gay","twitter_card":"summary_large_image","twitter_misc":{"Written by":"Laurine Gay","Est. reading time":"4 minutes"},"schema":{"@context":"https:\/\/schema.org","@graph":[{"@type":"Article","@id":"https:\/\/caviar-de-neuvic.com\/fr\/actualites\/le-caviar-grande-reserve\/#article","isPartOf":{"@id":"https:\/\/caviar-de-neuvic.com\/fr\/actualites\/le-caviar-grande-reserve\/"},"author":{"name":"Laurine Gay","@id":"http:\/\/caviar-de-neuvic.com\/fr\/#\/schema\/person\/89912ad55a5ddd5efeb92f2d32511b03"},"headline":"Le Caviar Grande R\u00e9serve","datePublished":"2024-04-04T14:24:59+00:00","mainEntityOfPage":{"@id":"https:\/\/caviar-de-neuvic.com\/fr\/actualites\/le-caviar-grande-reserve\/"},"wordCount":482,"commentCount":0,"publisher":{"@id":"http:\/\/caviar-de-neuvic.com\/fr\/#organization"},"image":{"@id":"https:\/\/caviar-de-neuvic.com\/fr\/actualites\/le-caviar-grande-reserve\/#primaryimage"},"thumbnailUrl":"https:\/\/caviar-de-neuvic.com\/wp-content\/uploads\/2024\/04\/Grande-Reserve-14_01_2021-\u00aeAV-8.jpg","articleSection":["Actualit\u00e9s"],"inLanguage":"fr-CH","potentialAction":[{"@type":"CommentAction","name":"Comment","target":["https:\/\/caviar-de-neuvic.com\/fr\/actualites\/le-caviar-grande-reserve\/#respond"]}]},{"@type":"WebPage","@id":"https:\/\/caviar-de-neuvic.com\/fr\/actualites\/le-caviar-grande-reserve\/","url":"https:\/\/caviar-de-neuvic.com\/fr\/actualites\/le-caviar-grande-reserve\/","name":"Le Caviar Grande R\u00e9serve - Producteur Fran\u00e7ais De Caviar","isPartOf":{"@id":"http:\/\/caviar-de-neuvic.com\/fr\/#website"},"primaryImageOfPage":{"@id":"https:\/\/caviar-de-neuvic.com\/fr\/actualites\/le-caviar-grande-reserve\/#primaryimage"},"image":{"@id":"https:\/\/caviar-de-neuvic.com\/fr\/actualites\/le-caviar-grande-reserve\/#primaryimage"},"thumbnailUrl":"https:\/\/caviar-de-neuvic.com\/wp-content\/uploads\/2024\/04\/Grande-Reserve-14_01_2021-\u00aeAV-8.jpg","datePublished":"2024-04-04T14:24:59+00:00","description":"LE CAVIAR GRANDE RESERVE. \u00c0 partir du 15 avril, Caviar de Neuvic d\u00e9voile sa toute nouvelle gamme de caviar.","breadcrumb":{"@id":"https:\/\/caviar-de-neuvic.com\/fr\/actualites\/le-caviar-grande-reserve\/#breadcrumb"},"inLanguage":"fr-CH","potentialAction":[{"@type":"ReadAction","target":["https:\/\/caviar-de-neuvic.com\/fr\/actualites\/le-caviar-grande-reserve\/"]}]},{"@type":"ImageObject","inLanguage":"fr-CH","@id":"https:\/\/caviar-de-neuvic.com\/fr\/actualites\/le-caviar-grande-reserve\/#primaryimage","url":"https:\/\/caviar-de-neuvic.com\/wp-content\/uploads\/2024\/04\/Grande-Reserve-14_01_2021-\u00aeAV-8.jpg","contentUrl":"https:\/\/caviar-de-neuvic.com\/wp-content\/uploads\/2024\/04\/Grande-Reserve-14_01_2021-\u00aeAV-8.jpg","width":1920,"height":1920,"caption":"LE CAVIAR GRANDE RESERVE"},{"@type":"BreadcrumbList","@id":"https:\/\/caviar-de-neuvic.com\/fr\/actualites\/le-caviar-grande-reserve\/#breadcrumb","itemListElement":[{"@type":"ListItem","position":1,"name":"Caviar de Neuvic","item":"https:\/\/caviar-de-neuvic.com\/"},{"@type":"ListItem","position":2,"name":"Le Caviar Grande R\u00e9serve"}]},{"@type":"WebSite","@id":"http:\/\/caviar-de-neuvic.com\/fr\/#website","url":"http:\/\/caviar-de-neuvic.com\/fr\/","name":"Producteur Fran\u00e7ais De Caviar","description":"","publisher":{"@id":"http:\/\/caviar-de-neuvic.com\/fr\/#organization"},"potentialAction":[{"@type":"SearchAction","target":{"@type":"EntryPoint","urlTemplate":"http:\/\/caviar-de-neuvic.com\/fr\/?s={search_term_string}"},"query-input":{"@type":"PropertyValueSpecification","valueRequired":true,"valueName":"search_term_string"}}],"inLanguage":"fr-CH"},{"@type":"Organization","@id":"http:\/\/caviar-de-neuvic.com\/fr\/#organization","name":"Producteur Fran\u00e7ais De Caviar","url":"http:\/\/caviar-de-neuvic.com\/fr\/","logo":{"@type":"ImageObject","inLanguage":"fr-CH","@id":"http:\/\/caviar-de-neuvic.com\/fr\/#\/schema\/logo\/image\/","url":"","contentUrl":"","caption":"Producteur Fran\u00e7ais De Caviar"},"image":{"@id":"http:\/\/caviar-de-neuvic.com\/fr\/#\/schema\/logo\/image\/"}},{"@type":"Person","@id":"http:\/\/caviar-de-neuvic.com\/fr\/#\/schema\/person\/89912ad55a5ddd5efeb92f2d32511b03","name":"Laurine Gay","url":"https:\/\/caviar-de-neuvic.com\/fr_ch\/author\/laurine-gaycaviardeneuvic-com\/"}]}},"_links":{"self":[{"href":"https:\/\/caviar-de-neuvic.com\/fr_ch\/wp-json\/wp\/v2\/posts\/20849","targetHints":{"allow":["GET"]}}],"collection":[{"href":"https:\/\/caviar-de-neuvic.com\/fr_ch\/wp-json\/wp\/v2\/posts"}],"about":[{"href":"https:\/\/caviar-de-neuvic.com\/fr_ch\/wp-json\/wp\/v2\/types\/post"}],"author":[{"embeddable":true,"href":"https:\/\/caviar-de-neuvic.com\/fr_ch\/wp-json\/wp\/v2\/users\/11896"}],"replies":[{"embeddable":true,"href":"https:\/\/caviar-de-neuvic.com\/fr_ch\/wp-json\/wp\/v2\/comments?post=20849"}],"version-history":[{"count":0,"href":"https:\/\/caviar-de-neuvic.com\/fr_ch\/wp-json\/wp\/v2\/posts\/20849\/revisions"}],"wp:featuredmedia":[{"embeddable":true,"href":"https:\/\/caviar-de-neuvic.com\/fr_ch\/wp-json\/wp\/v2\/media\/21124"}],"wp:attachment":[{"href":"https:\/\/caviar-de-neuvic.com\/fr_ch\/wp-json\/wp\/v2\/media?parent=20849"}],"wp:term":[{"taxonomy":"category","embeddable":true,"href":"https:\/\/caviar-de-neuvic.com\/fr_ch\/wp-json\/wp\/v2\/categories?post=20849"},{"taxonomy":"post_tag","embeddable":true,"href":"https:\/\/caviar-de-neuvic.com\/fr_ch\/wp-json\/wp\/v2\/tags?post=20849"}],"curies":[{"name":"wp","href":"https:\/\/api.w.org\/{rel}","templated":true}]}}