{"id":20854,"date":"2024-06-06T10:34:31","date_gmt":"2024-06-06T08:34:31","guid":{"rendered":"https:\/\/caviar-de-neuvic.com\/parlons-caviar\/?p=7477"},"modified":"2024-06-06T10:34:31","modified_gmt":"2024-06-06T08:34:31","slug":"du-caviar-a-couvert-sous-abri-photovoltaique","status":"publish","type":"post","link":"https:\/\/caviar-de-neuvic.com\/fr_ch\/mots-gestes\/du-caviar-a-couvert-sous-abri-photovoltaique\/","title":{"rendered":"Du caviar \u00e0 couvert sous abri photovolta\u00efque"},"content":{"rendered":"<p>Du caviar \u00e0 couvert sous abri photovolta\u00efque.<\/p>\n<p>Conscients de notre impact environnemental, nous avons pris l&rsquo;initiative de recouvrir l&rsquo;ensemble de nos bassins de panneaux photovolta\u00efques. Cette d\u00e9marche, r\u00e9alis\u00e9e en partenariat avec <a href=\"https:\/\/reden.solar\" target=\"_blank\" rel=\"noopener\">REDEN<\/a>, d\u00e9passe le simple objectif de production d&rsquo;\u00e9lectricit\u00e9. En effet, elle vise \u00e9galement \u00e0 prot\u00e9ger les esturgeons, sensibles \u00e0 une luminosit\u00e9 excessive et \u00e0 la temp\u00e9rature de l&rsquo;eau.<\/p>\n<p>\u00c0 l&rsquo;occasion de cet anniversaire, un parcours interactif a \u00e9t\u00e9 con\u00e7u pour permettre aux participants de d\u00e9couvrir les coulisses du projet, et d&rsquo;en explorer ainsi les \u00e9l\u00e9ments cl\u00e9s. C&rsquo;\u00e9tait l&rsquo;occasion privil\u00e9gi\u00e9e d&rsquo;acqu\u00e9rir une expertise technique sur les installations photovolta\u00efques. Avec un accent particulier sur la durabilit\u00e9 dans le domaine de la pisciculture. Il a \u00e9t\u00e9 d\u00e9montr\u00e9 comment l&rsquo;innovation peut s&rsquo;int\u00e9grer de mani\u00e8re harmonieuse dans des pratiques traditionnelles. La pr\u00e9sence d&rsquo;experts renomm\u00e9s du secteur a garanti des \u00e9changes pertinents, permettant aux participants de rester inform\u00e9s sur les tendances \u00e9mergentes en mati\u00e8re d&rsquo;\u00e9nergies renouvelables.<\/p>\n<h3>Les chiffres cl\u00e9s associ\u00e9s \u00e0 cette d\u00e9marche<\/h3>\n<ul>\n<li>&#x2705;5 ans (2019-2024)<\/li>\n<li>&#x2705;5 540 MWh\/an<\/li>\n<li>&#x2705;\u00c9quivalent \u00e0 la consommation de 2700 habitants (soit 3\/4 de Neuvic-sur-l&rsquo;Isle)<\/li>\n<li>&#x2705;26 000 m\u00b2 de couverture, soit 11 000 modules photovolta\u00efques<\/li>\n<li>&#x2705;\u00c9conomie de 150 tonnes de CO2 par an<\/li>\n<li>&#x2705;Un investissement de 6 millions d&rsquo;euros, avec une part en actionnariat participatif (94 personnes r\u00e9sidant en Dordogne et dans les d\u00e9partements limitrophes)<\/li>\n<\/ul>\n<p><iframe title=\"YouTube video player\" src=\"https:\/\/www.youtube.com\/embed\/T1cRNU4R6GE?si=ZI70iuxmgThWpPGJ\" width=\"560\" height=\"315\" frameborder=\"0\" allowfullscreen=\"allowfullscreen\"><\/iframe><\/p>\n<h3>Retour d&rsquo;exp\u00e9rience &#8211; Pisciculture<\/h3>\n<p>Laurent DEVERLANGES, Fondateur et PDG de <a href=\"https:\/\/caviar-de-neuvic.com\/fr_ch\/\" target=\"_blank\" rel=\"noopener\">Caviar de Neuvic<\/a>, et<a href=\"https:\/\/www.linkedin.com\/in\/vincent-larribe\/\"> Vincent Larribe<\/a>, Directeur du D\u00e9veloppement de<a href=\"https:\/\/www.linkedin.com\/company\/redensolar\/\"> REDEN<\/a> en France, partagent aujourd&rsquo;hui les enseignements tir\u00e9s de cinq ann\u00e9es d&rsquo;utilisation de la couverture photovolta\u00efque dans notre pisciculture.<\/p>\n<p>Depuis la fondation de Caviar de Neuvic, nous cherchions une solution pour prot\u00e9ger nos poissons de la lumi\u00e8re, et c&rsquo;est gr\u00e2ce \u00e0 notre partenariat avec Reden que nous avons trouv\u00e9 une r\u00e9ponse ad\u00e9quate : l&rsquo;installation de panneaux photovolta\u00efques.<\/p>\n<p>Les avantages de cette couverture pour nos poissons sont nombreux<\/p>\n<ul>\n<li>&#x2705; Elle a compl\u00e8tement \u00e9limin\u00e9 l&rsquo;impact de la lumi\u00e8re sur le r\u00e9chauffement des bassins, r\u00e9duisant ainsi leur stress.<\/li>\n<li>&#x2705; De plus, nos employ\u00e9s b\u00e9n\u00e9ficient d&rsquo;un environnement de travail s\u00e9curis\u00e9 et abrit\u00e9 des intemp\u00e9ries et des fortes chaleurs.<\/li>\n<li>&#x2705; Sur le plan environnemental, cette initiative a permis de r\u00e9duire notre empreinte carbone. En effet, dans le bilan carbone de notre soci\u00e9t\u00e9, qui s&rsquo;\u00e9levait \u00e0 9000 tonnes en 2022, la partie d&rsquo;autoconsommation \u00e9lectrique produite gr\u00e2ce \u00e0 cette installation nous permet d&rsquo;\u00e9conomiser environ 150 tonnes par an.<\/li>\n<\/ul>\n<p><iframe title=\"YouTube video player\" src=\"https:\/\/www.youtube.com\/embed\/3bzXOscVEig?si=Msmtsyl-PmBaIU-f\" width=\"560\" height=\"315\" frameborder=\"0\" allowfullscreen=\"allowfullscreen\"><\/iframe><\/p>\n<h3>Retour d&rsquo;exp\u00e9rience &#8211; Installations Techniques<\/h3>\n<p><a href=\"https:\/\/www.linkedin.com\/in\/olivier-bousquet-69350286\/\">Olivier Bousquet<\/a>, Directeur ex\u00e9cutif du d\u00e9veloppement France chez<a href=\"https:\/\/www.linkedin.com\/company\/redensolar\/\"> REDEN<\/a>, responsable de la partie op\u00e9rationnelle du d\u00e9veloppement jusqu&rsquo;\u00e0 la phase de construction, partage son expertise dans cette vid\u00e9o. Il y explique les subtilit\u00e9s techniques d\u2019une centrale solaire en toiture, sp\u00e9cialement adapt\u00e9e \u00e0 la pisciculture. Olivier d\u00e9taille les diff\u00e9rentes \u00e9tapes de d\u00e9veloppement du projet. Etude, production des modules photovolta\u00efques, construction, ajustements aux infrastructures existantes, exploitation et maintenance.<\/p>\n<p><iframe title=\"YouTube video player\" src=\"https:\/\/www.youtube.com\/embed\/nYJggxlgfME?si=my56dXoQxwWd5yeq\" width=\"560\" height=\"315\" frameborder=\"0\" allowfullscreen=\"allowfullscreen\"><\/iframe><\/p>\n<h3><strong>Retour d&rsquo;exp\u00e9rience Reden X Caviar de Neuvic &#8211; Biodiversit\u00e9<\/strong><\/h3>\n<p><span style=\"font-weight: 400;\">Gr\u00e2ce \u00e0 l\u2019aide pr\u00e9cieuse des responsables agro-environnementaux des \u00e9quipes<\/span> <span style=\"font-weight: 400;\">REDEN<\/span> <span style=\"font-weight: 400;\">et des animateurs de<\/span><a href=\"https:\/\/www.linkedin.com\/company\/natura-2000\/\"> <span style=\"font-weight: 400;\">Natura 2000<\/span><\/a> <span style=\"font-weight: 400;\">notamment<\/span><a href=\"https:\/\/www.linkedin.com\/in\/c%C3%A9cile-long-gomez-bbab66a4\/\"> <span style=\"font-weight: 400;\">C\u00e9cile Long Gomez<\/span><\/a><span style=\"font-weight: 400;\">, responsable agro-environnement chez Reden Solar,<\/span><a href=\"https:\/\/www.linkedin.com\/in\/chloe-millan\/\"> <span style=\"font-weight: 400;\">Chlo\u00e9 Millan<\/span><\/a><span style=\"font-weight: 400;\">, responsable marketing et innovation chez<\/span><a href=\"https:\/\/www.linkedin.com\/company\/caviar-de-neuvic\/\"> <span style=\"font-weight: 400;\">Caviar de Neuvic<\/span><\/a><span style=\"font-weight: 400;\">, et Florian Rambaud, technicien zones humides et animateur du site Natura 2000 de la Vall\u00e9e de l\u2019Isle, sous la gestion du Syndicat Mixte du Bassin de l\u2019Isle, d\u00e9couvrez les actions mises en place pour concilier au mieux les enjeux environnementaux et l\u2019installation des panneaux <\/span><span style=\"font-weight: 400;\">photovolta\u00efques<\/span> <span style=\"font-weight: 400;\">chez Caviar de Neuvic.\u00a0<\/span><\/p>\n<p><iframe title=\"YouTube video player\" src=\"https:\/\/www.youtube.com\/embed\/w_6ufTLHLlg?si=ms3xNjRezvx8ratf\" width=\"560\" height=\"315\" frameborder=\"0\" allowfullscreen=\"allowfullscreen\"><\/iframe><\/p>\n<p><b>&#x1f3a5;<\/b><a href=\"https:\/\/www.linkedin.com\/in\/adrien-viller-avstudio\/\"> <b>Adrien Viller<\/b><\/a><a href=\"https:\/\/www.linkedin.com\/in\/romaindeoliveira\/\"> <b>Romain De Oliveira<\/b><\/a><\/p>","protected":false},"excerpt":{"rendered":"<p>Du caviar \u00e0 couvert sous abri photovolta\u00efque. Conscients de notre impact environnemental, nous avons pris l&rsquo;initiative de recouvrir l&rsquo;ensemble de nos bassins de panneaux photovolta\u00efques. Cette d\u00e9marche, r\u00e9alis\u00e9e en partenariat avec REDEN, d\u00e9passe le simple objectif de production d&rsquo;\u00e9lectricit\u00e9. En effet, elle vise \u00e9galement \u00e0 prot\u00e9ger les esturgeons, sensibles \u00e0 une luminosit\u00e9 excessive et \u00e0 [&hellip;]<\/p>\n","protected":false},"author":11896,"featured_media":21142,"comment_status":"open","ping_status":"closed","sticky":false,"template":"","format":"standard","meta":{"_acf_changed":false,"ocean_post_layout":"","ocean_both_sidebars_style":"","ocean_both_sidebars_content_width":0,"ocean_both_sidebars_sidebars_width":0,"ocean_sidebar":"","ocean_second_sidebar":"","ocean_disable_margins":"enable","ocean_add_body_class":"","ocean_shortcode_before_top_bar":"","ocean_shortcode_after_top_bar":"","ocean_shortcode_before_header":"","ocean_shortcode_after_header":"","ocean_has_shortcode":"","ocean_shortcode_after_title":"","ocean_shortcode_before_footer_widgets":"","ocean_shortcode_after_footer_widgets":"","ocean_shortcode_before_footer_bottom":"","ocean_shortcode_after_footer_bottom":"","ocean_display_top_bar":"default","ocean_display_header":"default","ocean_header_style":"","ocean_center_header_left_menu":"","ocean_custom_header_template":"","ocean_custom_logo":0,"ocean_custom_retina_logo":0,"ocean_custom_logo_max_width":0,"ocean_custom_logo_tablet_max_width":0,"ocean_custom_logo_mobile_max_width":0,"ocean_custom_logo_max_height":0,"ocean_custom_logo_tablet_max_height":0,"ocean_custom_logo_mobile_max_height":0,"ocean_header_custom_menu":"","ocean_menu_typo_font_family":"","ocean_menu_typo_font_subset":"","ocean_menu_typo_font_size":0,"ocean_menu_typo_font_size_tablet":0,"ocean_menu_typo_font_size_mobile":0,"ocean_menu_typo_font_size_unit":"px","ocean_menu_typo_font_weight":"","ocean_menu_typo_font_weight_tablet":"","ocean_menu_typo_font_weight_mobile":"","ocean_menu_typo_transform":"","ocean_menu_typo_transform_tablet":"","ocean_menu_typo_transform_mobile":"","ocean_menu_typo_line_height":0,"ocean_menu_typo_line_height_tablet":0,"ocean_menu_typo_line_height_mobile":0,"ocean_menu_typo_line_height_unit":"","ocean_menu_typo_spacing":0,"ocean_menu_typo_spacing_tablet":0,"ocean_menu_typo_spacing_mobile":0,"ocean_menu_typo_spacing_unit":"","ocean_menu_link_color":"","ocean_menu_link_color_hover":"","ocean_menu_link_color_active":"","ocean_menu_link_background":"","ocean_menu_link_hover_background":"","ocean_menu_link_active_background":"","ocean_menu_social_links_bg":"","ocean_menu_social_hover_links_bg":"","ocean_menu_social_links_color":"","ocean_menu_social_hover_links_color":"","ocean_disable_title":"default","ocean_disable_heading":"default","ocean_post_title":"","ocean_post_subheading":"","ocean_post_title_style":"","ocean_post_title_background_color":"","ocean_post_title_background":0,"ocean_post_title_bg_image_position":"","ocean_post_title_bg_image_attachment":"","ocean_post_title_bg_image_repeat":"","ocean_post_title_bg_image_size":"","ocean_post_title_height":0,"ocean_post_title_bg_overlay":0.5,"ocean_post_title_bg_overlay_color":"","ocean_disable_breadcrumbs":"default","ocean_breadcrumbs_color":"","ocean_breadcrumbs_separator_color":"","ocean_breadcrumbs_links_color":"","ocean_breadcrumbs_links_hover_color":"","ocean_display_footer_widgets":"default","ocean_display_footer_bottom":"default","ocean_custom_footer_template":"","omw_enable_modal_window":"enable","ocean_post_oembed":"","ocean_post_self_hosted_media":"","ocean_post_video_embed":"","ocean_link_format":"","ocean_link_format_target":"self","ocean_quote_format":"","ocean_quote_format_link":"post","ocean_gallery_link_images":"on","ocean_gallery_id":[],"footnotes":""},"categories":[285],"tags":[],"class_list":["post-20854","post","type-post","status-publish","format-standard","has-post-thumbnail","hentry","category-mots-gestes","entry","has-media","owp-thumbs-layout-vertical","owp-btn-normal","owp-tabs-layout-horizontal","has-no-thumbnails","has-product-nav"],"acf":[],"yoast_head":"<!-- This site is optimized with the Yoast SEO plugin v27.5 - https:\/\/yoast.com\/product\/yoast-seo-wordpress\/ -->\n<title>Du caviar \u00e0 couvert sous abri photovolta\u00efque - Producteur Fran\u00e7ais De Caviar<\/title>\n<meta name=\"description\" content=\"Du caviar \u00e0 couvert sous abri photovolta\u00efque. Caviar de Neuvic a recouvert les bassins de panneaux photovolta\u00efques avec REDEN SOLAR.\" \/>\n<meta name=\"robots\" content=\"index, follow, max-snippet:-1, max-image-preview:large, max-video-preview:-1\" \/>\n<link rel=\"canonical\" href=\"https:\/\/caviar-de-neuvic.com\/fr_ch\/mots-gestes\/du-caviar-a-couvert-sous-abri-photovoltaique\/\" \/>\n<meta property=\"og:locale\" content=\"fr_FR\" \/>\n<meta property=\"og:type\" content=\"article\" \/>\n<meta property=\"og:title\" content=\"Du caviar \u00e0 couvert sous abri photovolta\u00efque - Producteur Fran\u00e7ais De Caviar\" \/>\n<meta property=\"og:description\" content=\"Du caviar \u00e0 couvert sous abri photovolta\u00efque. Caviar de Neuvic a recouvert les bassins de panneaux photovolta\u00efques avec REDEN SOLAR.\" \/>\n<meta property=\"og:url\" content=\"https:\/\/caviar-de-neuvic.com\/fr_ch\/mots-gestes\/du-caviar-a-couvert-sous-abri-photovoltaique\/\" \/>\n<meta property=\"og:site_name\" content=\"Producteur Fran\u00e7ais De Caviar\" \/>\n<meta property=\"article:published_time\" content=\"2024-06-06T08:34:31+00:00\" \/>\n<meta property=\"og:image\" content=\"https:\/\/caviar-de-neuvic.com\/wp-content\/uploads\/2024\/06\/Capture-decran-2024-06-06-a-10.31.45.jpg\" \/>\n\t<meta property=\"og:image:width\" content=\"1100\" \/>\n\t<meta property=\"og:image:height\" content=\"484\" \/>\n\t<meta property=\"og:image:type\" content=\"image\/jpeg\" \/>\n<meta name=\"author\" content=\"Laurine Gay\" \/>\n<meta name=\"twitter:card\" content=\"summary_large_image\" \/>\n<meta name=\"twitter:label1\" content=\"Written by\" \/>\n\t<meta name=\"twitter:data1\" content=\"Laurine Gay\" \/>\n\t<meta name=\"twitter:label2\" content=\"Est. reading time\" \/>\n\t<meta name=\"twitter:data2\" content=\"4 minutes\" \/>\n<script type=\"application\/ld+json\" class=\"yoast-schema-graph\">{\"@context\":\"https:\\\/\\\/schema.org\",\"@graph\":[{\"@type\":\"Article\",\"@id\":\"https:\\\/\\\/caviar-de-neuvic.com\\\/mots-gestes\\\/du-caviar-a-couvert-sous-abri-photovoltaique\\\/#article\",\"isPartOf\":{\"@id\":\"https:\\\/\\\/caviar-de-neuvic.com\\\/mots-gestes\\\/du-caviar-a-couvert-sous-abri-photovoltaique\\\/\"},\"author\":{\"name\":\"Laurine Gay\",\"@id\":\"http:\\\/\\\/caviar-de-neuvic.com\\\/fr\\\/#\\\/schema\\\/person\\\/89912ad55a5ddd5efeb92f2d32511b03\"},\"headline\":\"Du caviar \u00e0 couvert sous abri photovolta\u00efque\",\"datePublished\":\"2024-06-06T08:34:31+00:00\",\"mainEntityOfPage\":{\"@id\":\"https:\\\/\\\/caviar-de-neuvic.com\\\/mots-gestes\\\/du-caviar-a-couvert-sous-abri-photovoltaique\\\/\"},\"wordCount\":645,\"commentCount\":0,\"publisher\":{\"@id\":\"http:\\\/\\\/caviar-de-neuvic.com\\\/fr\\\/#organization\"},\"image\":{\"@id\":\"https:\\\/\\\/caviar-de-neuvic.com\\\/mots-gestes\\\/du-caviar-a-couvert-sous-abri-photovoltaique\\\/#primaryimage\"},\"thumbnailUrl\":\"https:\\\/\\\/caviar-de-neuvic.com\\\/wp-content\\\/uploads\\\/2024\\\/06\\\/Capture-decran-2024-06-06-a-10.31.45.jpg\",\"articleSection\":[\"Mots &amp; Gestes\"],\"inLanguage\":\"fr-CH\",\"potentialAction\":[{\"@type\":\"CommentAction\",\"name\":\"Comment\",\"target\":[\"https:\\\/\\\/caviar-de-neuvic.com\\\/mots-gestes\\\/du-caviar-a-couvert-sous-abri-photovoltaique\\\/#respond\"]}]},{\"@type\":\"WebPage\",\"@id\":\"https:\\\/\\\/caviar-de-neuvic.com\\\/mots-gestes\\\/du-caviar-a-couvert-sous-abri-photovoltaique\\\/\",\"url\":\"https:\\\/\\\/caviar-de-neuvic.com\\\/mots-gestes\\\/du-caviar-a-couvert-sous-abri-photovoltaique\\\/\",\"name\":\"Du caviar \u00e0 couvert sous abri photovolta\u00efque - Producteur Fran\u00e7ais De Caviar\",\"isPartOf\":{\"@id\":\"http:\\\/\\\/caviar-de-neuvic.com\\\/fr\\\/#website\"},\"primaryImageOfPage\":{\"@id\":\"https:\\\/\\\/caviar-de-neuvic.com\\\/mots-gestes\\\/du-caviar-a-couvert-sous-abri-photovoltaique\\\/#primaryimage\"},\"image\":{\"@id\":\"https:\\\/\\\/caviar-de-neuvic.com\\\/mots-gestes\\\/du-caviar-a-couvert-sous-abri-photovoltaique\\\/#primaryimage\"},\"thumbnailUrl\":\"https:\\\/\\\/caviar-de-neuvic.com\\\/wp-content\\\/uploads\\\/2024\\\/06\\\/Capture-decran-2024-06-06-a-10.31.45.jpg\",\"datePublished\":\"2024-06-06T08:34:31+00:00\",\"description\":\"Du caviar \u00e0 couvert sous abri photovolta\u00efque. Caviar de Neuvic a recouvert les bassins de panneaux photovolta\u00efques avec REDEN SOLAR.\",\"breadcrumb\":{\"@id\":\"https:\\\/\\\/caviar-de-neuvic.com\\\/mots-gestes\\\/du-caviar-a-couvert-sous-abri-photovoltaique\\\/#breadcrumb\"},\"inLanguage\":\"fr-CH\",\"potentialAction\":[{\"@type\":\"ReadAction\",\"target\":[\"https:\\\/\\\/caviar-de-neuvic.com\\\/mots-gestes\\\/du-caviar-a-couvert-sous-abri-photovoltaique\\\/\"]}]},{\"@type\":\"ImageObject\",\"inLanguage\":\"fr-CH\",\"@id\":\"https:\\\/\\\/caviar-de-neuvic.com\\\/mots-gestes\\\/du-caviar-a-couvert-sous-abri-photovoltaique\\\/#primaryimage\",\"url\":\"https:\\\/\\\/caviar-de-neuvic.com\\\/wp-content\\\/uploads\\\/2024\\\/06\\\/Capture-decran-2024-06-06-a-10.31.45.jpg\",\"contentUrl\":\"https:\\\/\\\/caviar-de-neuvic.com\\\/wp-content\\\/uploads\\\/2024\\\/06\\\/Capture-decran-2024-06-06-a-10.31.45.jpg\",\"width\":1100,\"height\":484,\"caption\":\"Du caviar \u00e0 couvert sous abri photovolta\u00efque\"},{\"@type\":\"BreadcrumbList\",\"@id\":\"https:\\\/\\\/caviar-de-neuvic.com\\\/mots-gestes\\\/du-caviar-a-couvert-sous-abri-photovoltaique\\\/#breadcrumb\",\"itemListElement\":[{\"@type\":\"ListItem\",\"position\":1,\"name\":\"Caviar de Neuvic\",\"item\":\"https:\\\/\\\/caviar-de-neuvic.com\\\/\"},{\"@type\":\"ListItem\",\"position\":2,\"name\":\"Mots &amp; Gestes\",\"item\":\"https:\\\/\\\/caviar-de-neuvic.com\\\/fr\\\/category\\\/mots-gestes\\\/\"},{\"@type\":\"ListItem\",\"position\":3,\"name\":\"Du caviar \u00e0 couvert sous abri photovolta\u00efque\"}]},{\"@type\":\"WebSite\",\"@id\":\"http:\\\/\\\/caviar-de-neuvic.com\\\/fr\\\/#website\",\"url\":\"http:\\\/\\\/caviar-de-neuvic.com\\\/fr\\\/\",\"name\":\"Producteur Fran\u00e7ais De Caviar\",\"description\":\"\",\"publisher\":{\"@id\":\"http:\\\/\\\/caviar-de-neuvic.com\\\/fr\\\/#organization\"},\"potentialAction\":[{\"@type\":\"SearchAction\",\"target\":{\"@type\":\"EntryPoint\",\"urlTemplate\":\"http:\\\/\\\/caviar-de-neuvic.com\\\/fr\\\/?s={search_term_string}\"},\"query-input\":{\"@type\":\"PropertyValueSpecification\",\"valueRequired\":true,\"valueName\":\"search_term_string\"}}],\"inLanguage\":\"fr-CH\"},{\"@type\":\"Organization\",\"@id\":\"http:\\\/\\\/caviar-de-neuvic.com\\\/fr\\\/#organization\",\"name\":\"Producteur Fran\u00e7ais De Caviar\",\"url\":\"http:\\\/\\\/caviar-de-neuvic.com\\\/fr\\\/\",\"logo\":{\"@type\":\"ImageObject\",\"inLanguage\":\"fr-CH\",\"@id\":\"http:\\\/\\\/caviar-de-neuvic.com\\\/fr\\\/#\\\/schema\\\/logo\\\/image\\\/\",\"url\":\"\",\"contentUrl\":\"\",\"caption\":\"Producteur Fran\u00e7ais De Caviar\"},\"image\":{\"@id\":\"http:\\\/\\\/caviar-de-neuvic.com\\\/fr\\\/#\\\/schema\\\/logo\\\/image\\\/\"}},{\"@type\":\"Person\",\"@id\":\"http:\\\/\\\/caviar-de-neuvic.com\\\/fr\\\/#\\\/schema\\\/person\\\/89912ad55a5ddd5efeb92f2d32511b03\",\"name\":\"Laurine Gay\",\"url\":\"https:\\\/\\\/caviar-de-neuvic.com\\\/fr_ch\\\/author\\\/laurine-gaycaviardeneuvic-com\\\/\"}]}<\/script>\n<!-- \/ Yoast SEO plugin. -->","yoast_head_json":{"title":"Du caviar \u00e0 couvert sous abri photovolta\u00efque - Producteur Fran\u00e7ais De Caviar","description":"Du caviar \u00e0 couvert sous abri photovolta\u00efque. Caviar de Neuvic a recouvert les bassins de panneaux photovolta\u00efques avec REDEN SOLAR.","robots":{"index":"index","follow":"follow","max-snippet":"max-snippet:-1","max-image-preview":"max-image-preview:large","max-video-preview":"max-video-preview:-1"},"canonical":"https:\/\/caviar-de-neuvic.com\/fr_ch\/mots-gestes\/du-caviar-a-couvert-sous-abri-photovoltaique\/","og_locale":"fr_FR","og_type":"article","og_title":"Du caviar \u00e0 couvert sous abri photovolta\u00efque - Producteur Fran\u00e7ais De Caviar","og_description":"Du caviar \u00e0 couvert sous abri photovolta\u00efque. Caviar de Neuvic a recouvert les bassins de panneaux photovolta\u00efques avec REDEN SOLAR.","og_url":"https:\/\/caviar-de-neuvic.com\/fr_ch\/mots-gestes\/du-caviar-a-couvert-sous-abri-photovoltaique\/","og_site_name":"Producteur Fran\u00e7ais De Caviar","article_published_time":"2024-06-06T08:34:31+00:00","og_image":[{"width":1100,"height":484,"url":"https:\/\/caviar-de-neuvic.com\/wp-content\/uploads\/2024\/06\/Capture-decran-2024-06-06-a-10.31.45.jpg","type":"image\/jpeg"}],"author":"Laurine Gay","twitter_card":"summary_large_image","twitter_misc":{"Written by":"Laurine Gay","Est. reading time":"4 minutes"},"schema":{"@context":"https:\/\/schema.org","@graph":[{"@type":"Article","@id":"https:\/\/caviar-de-neuvic.com\/mots-gestes\/du-caviar-a-couvert-sous-abri-photovoltaique\/#article","isPartOf":{"@id":"https:\/\/caviar-de-neuvic.com\/mots-gestes\/du-caviar-a-couvert-sous-abri-photovoltaique\/"},"author":{"name":"Laurine Gay","@id":"http:\/\/caviar-de-neuvic.com\/fr\/#\/schema\/person\/89912ad55a5ddd5efeb92f2d32511b03"},"headline":"Du caviar \u00e0 couvert sous abri photovolta\u00efque","datePublished":"2024-06-06T08:34:31+00:00","mainEntityOfPage":{"@id":"https:\/\/caviar-de-neuvic.com\/mots-gestes\/du-caviar-a-couvert-sous-abri-photovoltaique\/"},"wordCount":645,"commentCount":0,"publisher":{"@id":"http:\/\/caviar-de-neuvic.com\/fr\/#organization"},"image":{"@id":"https:\/\/caviar-de-neuvic.com\/mots-gestes\/du-caviar-a-couvert-sous-abri-photovoltaique\/#primaryimage"},"thumbnailUrl":"https:\/\/caviar-de-neuvic.com\/wp-content\/uploads\/2024\/06\/Capture-decran-2024-06-06-a-10.31.45.jpg","articleSection":["Mots &amp; Gestes"],"inLanguage":"fr-CH","potentialAction":[{"@type":"CommentAction","name":"Comment","target":["https:\/\/caviar-de-neuvic.com\/mots-gestes\/du-caviar-a-couvert-sous-abri-photovoltaique\/#respond"]}]},{"@type":"WebPage","@id":"https:\/\/caviar-de-neuvic.com\/mots-gestes\/du-caviar-a-couvert-sous-abri-photovoltaique\/","url":"https:\/\/caviar-de-neuvic.com\/mots-gestes\/du-caviar-a-couvert-sous-abri-photovoltaique\/","name":"Du caviar \u00e0 couvert sous abri photovolta\u00efque - Producteur Fran\u00e7ais De Caviar","isPartOf":{"@id":"http:\/\/caviar-de-neuvic.com\/fr\/#website"},"primaryImageOfPage":{"@id":"https:\/\/caviar-de-neuvic.com\/mots-gestes\/du-caviar-a-couvert-sous-abri-photovoltaique\/#primaryimage"},"image":{"@id":"https:\/\/caviar-de-neuvic.com\/mots-gestes\/du-caviar-a-couvert-sous-abri-photovoltaique\/#primaryimage"},"thumbnailUrl":"https:\/\/caviar-de-neuvic.com\/wp-content\/uploads\/2024\/06\/Capture-decran-2024-06-06-a-10.31.45.jpg","datePublished":"2024-06-06T08:34:31+00:00","description":"Du caviar \u00e0 couvert sous abri photovolta\u00efque. Caviar de Neuvic a recouvert les bassins de panneaux photovolta\u00efques avec REDEN SOLAR.","breadcrumb":{"@id":"https:\/\/caviar-de-neuvic.com\/mots-gestes\/du-caviar-a-couvert-sous-abri-photovoltaique\/#breadcrumb"},"inLanguage":"fr-CH","potentialAction":[{"@type":"ReadAction","target":["https:\/\/caviar-de-neuvic.com\/mots-gestes\/du-caviar-a-couvert-sous-abri-photovoltaique\/"]}]},{"@type":"ImageObject","inLanguage":"fr-CH","@id":"https:\/\/caviar-de-neuvic.com\/mots-gestes\/du-caviar-a-couvert-sous-abri-photovoltaique\/#primaryimage","url":"https:\/\/caviar-de-neuvic.com\/wp-content\/uploads\/2024\/06\/Capture-decran-2024-06-06-a-10.31.45.jpg","contentUrl":"https:\/\/caviar-de-neuvic.com\/wp-content\/uploads\/2024\/06\/Capture-decran-2024-06-06-a-10.31.45.jpg","width":1100,"height":484,"caption":"Du caviar \u00e0 couvert sous abri photovolta\u00efque"},{"@type":"BreadcrumbList","@id":"https:\/\/caviar-de-neuvic.com\/mots-gestes\/du-caviar-a-couvert-sous-abri-photovoltaique\/#breadcrumb","itemListElement":[{"@type":"ListItem","position":1,"name":"Caviar de Neuvic","item":"https:\/\/caviar-de-neuvic.com\/"},{"@type":"ListItem","position":2,"name":"Mots &amp; Gestes","item":"https:\/\/caviar-de-neuvic.com\/fr\/category\/mots-gestes\/"},{"@type":"ListItem","position":3,"name":"Du caviar \u00e0 couvert sous abri photovolta\u00efque"}]},{"@type":"WebSite","@id":"http:\/\/caviar-de-neuvic.com\/fr\/#website","url":"http:\/\/caviar-de-neuvic.com\/fr\/","name":"Producteur Fran\u00e7ais De Caviar","description":"","publisher":{"@id":"http:\/\/caviar-de-neuvic.com\/fr\/#organization"},"potentialAction":[{"@type":"SearchAction","target":{"@type":"EntryPoint","urlTemplate":"http:\/\/caviar-de-neuvic.com\/fr\/?s={search_term_string}"},"query-input":{"@type":"PropertyValueSpecification","valueRequired":true,"valueName":"search_term_string"}}],"inLanguage":"fr-CH"},{"@type":"Organization","@id":"http:\/\/caviar-de-neuvic.com\/fr\/#organization","name":"Producteur Fran\u00e7ais De Caviar","url":"http:\/\/caviar-de-neuvic.com\/fr\/","logo":{"@type":"ImageObject","inLanguage":"fr-CH","@id":"http:\/\/caviar-de-neuvic.com\/fr\/#\/schema\/logo\/image\/","url":"","contentUrl":"","caption":"Producteur Fran\u00e7ais De Caviar"},"image":{"@id":"http:\/\/caviar-de-neuvic.com\/fr\/#\/schema\/logo\/image\/"}},{"@type":"Person","@id":"http:\/\/caviar-de-neuvic.com\/fr\/#\/schema\/person\/89912ad55a5ddd5efeb92f2d32511b03","name":"Laurine Gay","url":"https:\/\/caviar-de-neuvic.com\/fr_ch\/author\/laurine-gaycaviardeneuvic-com\/"}]}},"_links":{"self":[{"href":"https:\/\/caviar-de-neuvic.com\/fr_ch\/wp-json\/wp\/v2\/posts\/20854","targetHints":{"allow":["GET"]}}],"collection":[{"href":"https:\/\/caviar-de-neuvic.com\/fr_ch\/wp-json\/wp\/v2\/posts"}],"about":[{"href":"https:\/\/caviar-de-neuvic.com\/fr_ch\/wp-json\/wp\/v2\/types\/post"}],"author":[{"embeddable":true,"href":"https:\/\/caviar-de-neuvic.com\/fr_ch\/wp-json\/wp\/v2\/users\/11896"}],"replies":[{"embeddable":true,"href":"https:\/\/caviar-de-neuvic.com\/fr_ch\/wp-json\/wp\/v2\/comments?post=20854"}],"version-history":[{"count":0,"href":"https:\/\/caviar-de-neuvic.com\/fr_ch\/wp-json\/wp\/v2\/posts\/20854\/revisions"}],"wp:featuredmedia":[{"embeddable":true,"href":"https:\/\/caviar-de-neuvic.com\/fr_ch\/wp-json\/wp\/v2\/media\/21142"}],"wp:attachment":[{"href":"https:\/\/caviar-de-neuvic.com\/fr_ch\/wp-json\/wp\/v2\/media?parent=20854"}],"wp:term":[{"taxonomy":"category","embeddable":true,"href":"https:\/\/caviar-de-neuvic.com\/fr_ch\/wp-json\/wp\/v2\/categories?post=20854"},{"taxonomy":"post_tag","embeddable":true,"href":"https:\/\/caviar-de-neuvic.com\/fr_ch\/wp-json\/wp\/v2\/tags?post=20854"}],"curies":[{"name":"wp","href":"https:\/\/api.w.org\/{rel}","templated":true}]}}