{"id":20802,"date":"2022-06-10T16:54:33","date_gmt":"2022-06-10T14:54:33","guid":{"rendered":"https:\/\/caviar-de-neuvic.com\/parlons-caviar\/?p=6062"},"modified":"2022-06-10T16:54:33","modified_gmt":"2022-06-10T14:54:33","slug":"fete-des-peres-chez-caviar-de-neuvic","status":"publish","type":"post","link":"https:\/\/caviar-de-neuvic.com\/nl_be\/nos-points-de-vente-tourisme\/fete-des-peres-chez-caviar-de-neuvic\/","title":{"rendered":"F\u00eate des p\u00e8res chez Caviar de Neuvic"},"content":{"rendered":"<h3><b>F\u00caTE DES P\u00c8RES : CHAQUE CAVIAR DEVIENT UNIQUE\u00a0<\/b><\/h3>\n<p><span style=\"font-weight: 400;\">\u00c0\u00a0l\u2019occasion de la f\u00eate des p\u00e8res, c\u00e9l\u00e9br\u00e9e cette ann\u00e9e le dimanche 19 juin, <a href=\"https:\/\/caviar-de-neuvic.com\/nl_be\/\" target=\"_blank\" rel=\"noopener\">Caviar de Neuvic<\/a> vous propose des offres sp\u00e9ciales du 12 au 19 juin. Mais avant de parler cadeaux, revenons sur l\u2019origine et l\u2019histoire de cette c\u00e9l\u00e9bration.<\/span><\/p>\n<h3><b>ORIGINE ET HISTOIRE DE LA F\u00caTE DES P\u00c8RES\u00a0<\/b><\/h3>\n<p><span style=\"font-weight: 400;\"><a href=\"https:\/\/www.geo.fr\/histoire\/comment-est-nee-la-fete-des-peres-205052\" target=\"_blank\" rel=\"noopener\">La f\u00eate des p\u00e8res<\/a> est une f\u00eate catholique, qui prend racine d\u00e8s le Moyen-\u00c2ge, \u00e0 la date du 19 mars, jour de la Saint-Joseph. Par la suite, les Etats-Unis vont populariser et d\u00e9sacraliser cette f\u00eate qui \u00e9tait depuis des si\u00e8cles tr\u00e8s rarement c\u00e9l\u00e9br\u00e9e. En France, la f\u00eate des p\u00e8res est devenue populaire gr\u00e2ce \u00e0 un briquet de la marque Flaminaire et cela permit la reconnaissance officielle de ce jour en 1952. Parmi les pays du monde, les traditions autour de la f\u00eate des p\u00e8res sont variables mais nombreux d\u2019entre eux la c\u00e9l\u00e8bre le 3<\/span><span style=\"font-weight: 400;\">\u00e8me<\/span><span style=\"font-weight: 400;\"> weekend de juin.\u00a0<\/span><\/p>\n<h3><b>UNE ID\u00c9E DE CADEAUX POUR LA F\u00caTE DES P\u00c8RES : UN COFFRET CAVIAR DE NEUVIC\u00a0<\/b><\/h3>\n<p><span style=\"font-weight: 400;\">Vous \u00eates \u00e0 la recherche du pr\u00e9sent parfait pour votre p\u00e8re ? Offrez un cadeau exceptionnel : <a href=\"https:\/\/caviar-de-neuvic.com\/nl_be\/21-coffrets\/\" target=\"_blank\" rel=\"noopener\">nos coffrets Neuvic<\/a>. Un coffret Caviar de Neuvic c\u2019est un cadeau raffin\u00e9, un monde tout entier qui s\u2019ouvre sur l&rsquo;excellence de nos <a href=\"https:\/\/caviar-de-neuvic.com\/nl_be\/13-caviar\/\" target=\"_blank\" rel=\"noopener\">caviars<\/a>, produits de <a href=\"https:\/\/caviar-de-neuvic.com\/nl_be\/66-epicerie-neuvic\/\" target=\"_blank\" rel=\"noopener\">l\u2019\u00e9piceri<\/a>e, <a href=\"https:\/\/caviar-de-neuvic.com\/nl_be\/74-vodka\/\" target=\"_blank\" rel=\"noopener\">vodkas<\/a>\u2026 Le coffret cadeau permet de faire plaisir, et de jouer la carte de l&rsquo;originalit\u00e9. De plus, un coffret Caviar de Neuvic, quel qu\u2019il soit vous permet de d\u00e9guster une panoplie de nos produits. C\u2019est l\u2019astuce pour s\u2019essayer \u00e0 diff\u00e9rents produits de la gamme Neuvic.\u00a0<\/span><\/p>\n\t\t<style>\n\t\t\t.blog_sticker{\n\t\t\t\tmargin-top: 50px !important;\n\t\t\t\tdisplay: flex;\n  \t\t\t\tjustify-content: center;\n\t\t\t\tflex-wrap: wrap;\n\t\t\t}\n\t\t\t.blog_sticker .product-miniature-list.row .span_1_of_3{\n\t\t\t\twidth: 100%!important;\n\t\t\t\tflex: 0 0 100%!important;\n\t\t\t\tmax-width: 400px!important;\n\t\t\t}\n\t\t\t.blog_sticker_right{\n\t\t\t\tmax-width: 400px;\n\t\t\t}\n\t\t\t.product-miniature-list.row {\n\t\t\t\tdisplay: flex;\n\t\t\t\tjustify-content: center;\n\t\t\t\tflex-wrap: wrap;\n\t\t\t}\n\t\t<\/style>\n\t\t<div class=\"blog_sticker d-flex flex-wrap\">\n\t\t\t<div class=\"blog_sticker_left col-sm-12 col-md-6 products-grid\">\n\t\t\t\t<div class=\"product-miniature-list row\">\n\t\t\t\t\t\t\t\t\t<\/div>\n\t\t\t<\/div>\n\t\t\t<div class=\"blog_sticker_right col-sm-12 col-md-6\">\n\t\t\t\t\t\t\t<\/div>\n\t\t<\/div>\n\t\n<h3><b>L\u2019OFFRE AUTOUR DE LA F\u00caTE DES P\u00c8RES<\/b><\/h3>\n<p><span style=\"font-weight: 400;\">Pour ce jour si particulier, Caviar de Neuvic vous propose plusieurs <a href=\"https:\/\/caviar-de-neuvic.com\/nl_be\/44-fete-des-peres\/\" target=\"_blank\" rel=\"noopener\">offres commerciales<\/a> :\u00a0<\/span><\/p>\n<p><a href=\"https:\/\/caviar-de-neuvic.com\/nl_be\/fete-des-peres\/429-coffret-fete-des-peres-100g.html\/\" target=\"_blank\" rel=\"noopener\"><b>Le Coffret grand format<\/b><\/a><span style=\"font-weight: 400;\"> est au prix de 320\u20ac au lieu 377,90\u20ac TTC, il contient :\u00a0<\/span><\/p>\n<ul>\n<li style=\"font-weight: 400;\" aria-level=\"1\"><span style=\"font-weight: 400;\">1 bo\u00eete de 100g de Caviar Osci\u00e8tre Signature\u00a0<\/span><\/li>\n<li style=\"font-weight: 400;\" aria-level=\"1\"><span style=\"font-weight: 400;\">1 bouteille de 50cl de vodka Neuvik<\/span><\/li>\n<li style=\"font-weight: 400;\" aria-level=\"1\"><span style=\"font-weight: 400;\">4 cuill\u00e8res en nacre 9 cm<\/span><\/li>\n<\/ul>\n<p><a href=\"https:\/\/caviar-de-neuvic.com\/nl_be\/fete-des-peres\/428-coffret-fete-des-peres-50g.html\/\" target=\"_blank\" rel=\"noopener\"><b>Le Coffret 50g<\/b><\/a><span style=\"font-weight: 400;\"> est au prix de 140\u20ac au lieu de 169,90\u20ac TTC, il contient :\u00a0<\/span><\/p>\n<ul>\n<li style=\"font-weight: 400;\" aria-level=\"1\"><span style=\"font-weight: 400;\">1 bo\u00eete de 50g de Caviar Osci\u00e8tre Signature\u00a0<\/span><\/li>\n<li style=\"font-weight: 400;\" aria-level=\"1\"><span style=\"font-weight: 400;\">1 mignonnette de 5cl de vodka Neuvik<\/span><\/li>\n<li style=\"font-weight: 400;\" aria-level=\"1\"><span style=\"font-weight: 400;\">2 cuill\u00e8res en nacre 7cm<\/span><\/li>\n<\/ul>\n<p><span style=\"font-weight: 400;\">Attention, cette offre est limit\u00e9e jusqu\u2019au <strong>19 juin 2022<\/strong>.<\/span><\/p>","protected":false},"excerpt":{"rendered":"<p>F\u00caTE DES P\u00c8RES : CHAQUE CAVIAR DEVIENT UNIQUE\u00a0 \u00c0\u00a0l\u2019occasion de la f\u00eate des p\u00e8res, c\u00e9l\u00e9br\u00e9e cette ann\u00e9e le dimanche 19 juin, Caviar de Neuvic vous propose des offres sp\u00e9ciales du 12 au 19 juin. Mais avant de parler cadeaux, revenons sur l\u2019origine et l\u2019histoire de cette c\u00e9l\u00e9bration. ORIGINE ET HISTOIRE DE LA F\u00caTE DES P\u00c8RES\u00a0 [&hellip;]<\/p>\n","protected":false},"author":11896,"featured_media":20975,"comment_status":"open","ping_status":"closed","sticky":false,"template":"","format":"standard","meta":{"_acf_changed":false,"ocean_post_layout":"","ocean_both_sidebars_style":"","ocean_both_sidebars_content_width":0,"ocean_both_sidebars_sidebars_width":0,"ocean_sidebar":"","ocean_second_sidebar":"","ocean_disable_margins":"enable","ocean_add_body_class":"","ocean_shortcode_before_top_bar":"","ocean_shortcode_after_top_bar":"","ocean_shortcode_before_header":"","ocean_shortcode_after_header":"","ocean_has_shortcode":"","ocean_shortcode_after_title":"","ocean_shortcode_before_footer_widgets":"","ocean_shortcode_after_footer_widgets":"","ocean_shortcode_before_footer_bottom":"","ocean_shortcode_after_footer_bottom":"","ocean_display_top_bar":"default","ocean_display_header":"default","ocean_header_style":"","ocean_center_header_left_menu":"","ocean_custom_header_template":"","ocean_custom_logo":0,"ocean_custom_retina_logo":0,"ocean_custom_logo_max_width":0,"ocean_custom_logo_tablet_max_width":0,"ocean_custom_logo_mobile_max_width":0,"ocean_custom_logo_max_height":0,"ocean_custom_logo_tablet_max_height":0,"ocean_custom_logo_mobile_max_height":0,"ocean_header_custom_menu":"","ocean_menu_typo_font_family":"","ocean_menu_typo_font_subset":"","ocean_menu_typo_font_size":0,"ocean_menu_typo_font_size_tablet":0,"ocean_menu_typo_font_size_mobile":0,"ocean_menu_typo_font_size_unit":"px","ocean_menu_typo_font_weight":"","ocean_menu_typo_font_weight_tablet":"","ocean_menu_typo_font_weight_mobile":"","ocean_menu_typo_transform":"","ocean_menu_typo_transform_tablet":"","ocean_menu_typo_transform_mobile":"","ocean_menu_typo_line_height":0,"ocean_menu_typo_line_height_tablet":0,"ocean_menu_typo_line_height_mobile":0,"ocean_menu_typo_line_height_unit":"","ocean_menu_typo_spacing":0,"ocean_menu_typo_spacing_tablet":0,"ocean_menu_typo_spacing_mobile":0,"ocean_menu_typo_spacing_unit":"","ocean_menu_link_color":"","ocean_menu_link_color_hover":"","ocean_menu_link_color_active":"","ocean_menu_link_background":"","ocean_menu_link_hover_background":"","ocean_menu_link_active_background":"","ocean_menu_social_links_bg":"","ocean_menu_social_hover_links_bg":"","ocean_menu_social_links_color":"","ocean_menu_social_hover_links_color":"","ocean_disable_title":"default","ocean_disable_heading":"default","ocean_post_title":"","ocean_post_subheading":"","ocean_post_title_style":"","ocean_post_title_background_color":"","ocean_post_title_background":0,"ocean_post_title_bg_image_position":"","ocean_post_title_bg_image_attachment":"","ocean_post_title_bg_image_repeat":"","ocean_post_title_bg_image_size":"","ocean_post_title_height":0,"ocean_post_title_bg_overlay":0.5,"ocean_post_title_bg_overlay_color":"","ocean_disable_breadcrumbs":"default","ocean_breadcrumbs_color":"","ocean_breadcrumbs_separator_color":"","ocean_breadcrumbs_links_color":"","ocean_breadcrumbs_links_hover_color":"","ocean_display_footer_widgets":"default","ocean_display_footer_bottom":"default","ocean_custom_footer_template":"","omw_enable_modal_window":"enable","ocean_post_oembed":"","ocean_post_self_hosted_media":"","ocean_post_video_embed":"","ocean_link_format":"","ocean_link_format_target":"self","ocean_quote_format":"","ocean_quote_format_link":"post","ocean_gallery_link_images":"on","ocean_gallery_id":[],"footnotes":""},"categories":[286],"tags":[],"class_list":["post-20802","post","type-post","status-publish","format-standard","has-post-thumbnail","hentry","category-nos-points-de-vente-tourisme","entry","has-media","owp-thumbs-layout-vertical","owp-btn-normal","owp-tabs-layout-horizontal","has-no-thumbnails","has-product-nav"],"acf":[],"yoast_head":"<!-- This site is optimized with the Yoast SEO plugin v27.5 - https:\/\/yoast.com\/product\/yoast-seo-wordpress\/ -->\n<title>F\u00eate des p\u00e8res chez Caviar de Neuvic<\/title>\n<meta name=\"description\" content=\"F\u00eate des p\u00e8res chez Caviar de Neuvic. Caviar de Neuvic vous propose des offres sp\u00e9ciales du 12 au 19 juin.\" \/>\n<meta name=\"robots\" content=\"index, follow, max-snippet:-1, max-image-preview:large, max-video-preview:-1\" \/>\n<link rel=\"canonical\" href=\"https:\/\/caviar-de-neuvic.com\/nl_be\/nos-points-de-vente-tourisme\/fete-des-peres-chez-caviar-de-neuvic\/\" \/>\n<meta property=\"og:locale\" content=\"nl_BE\" \/>\n<meta property=\"og:type\" content=\"article\" \/>\n<meta property=\"og:title\" content=\"F\u00eate des p\u00e8res chez Caviar de Neuvic\" \/>\n<meta property=\"og:description\" content=\"F\u00eate des p\u00e8res chez Caviar de Neuvic. Caviar de Neuvic vous propose des offres sp\u00e9ciales du 12 au 19 juin.\" \/>\n<meta property=\"og:url\" content=\"https:\/\/caviar-de-neuvic.com\/nl_be\/nos-points-de-vente-tourisme\/fete-des-peres-chez-caviar-de-neuvic\/\" \/>\n<meta property=\"og:site_name\" content=\"Producteur Fran\u00e7ais De Caviar\" \/>\n<meta property=\"article:published_time\" content=\"2022-06-10T14:54:33+00:00\" \/>\n<meta property=\"og:image\" content=\"https:\/\/caviar-de-neuvic.com\/wp-content\/uploads\/2022\/06\/Sans-titre-4.png\" \/>\n\t<meta property=\"og:image:width\" content=\"1280\" \/>\n\t<meta property=\"og:image:height\" content=\"720\" \/>\n\t<meta property=\"og:image:type\" content=\"image\/png\" \/>\n<meta name=\"author\" content=\"Laurine Gay\" \/>\n<meta name=\"twitter:card\" content=\"summary_large_image\" \/>\n<meta name=\"twitter:label1\" content=\"Geschreven door\" \/>\n\t<meta name=\"twitter:data1\" content=\"Laurine Gay\" \/>\n\t<meta name=\"twitter:label2\" content=\"Geschatte leestijd\" \/>\n\t<meta name=\"twitter:data2\" content=\"3 minuten\" \/>\n<script type=\"application\/ld+json\" class=\"yoast-schema-graph\">{\"@context\":\"https:\\\/\\\/schema.org\",\"@graph\":[{\"@type\":\"Article\",\"@id\":\"https:\\\/\\\/caviar-de-neuvic.com\\\/fr\\\/nos-points-de-vente-tourisme\\\/fete-des-peres-chez-caviar-de-neuvic\\\/#article\",\"isPartOf\":{\"@id\":\"https:\\\/\\\/caviar-de-neuvic.com\\\/fr\\\/nos-points-de-vente-tourisme\\\/fete-des-peres-chez-caviar-de-neuvic\\\/\"},\"author\":{\"name\":\"Laurine Gay\",\"@id\":\"http:\\\/\\\/caviar-de-neuvic.com\\\/fr\\\/#\\\/schema\\\/person\\\/89912ad55a5ddd5efeb92f2d32511b03\"},\"headline\":\"F\u00eate des p\u00e8res chez Caviar de Neuvic\",\"datePublished\":\"2022-06-10T14:54:33+00:00\",\"mainEntityOfPage\":{\"@id\":\"https:\\\/\\\/caviar-de-neuvic.com\\\/fr\\\/nos-points-de-vente-tourisme\\\/fete-des-peres-chez-caviar-de-neuvic\\\/\"},\"wordCount\":405,\"commentCount\":0,\"publisher\":{\"@id\":\"http:\\\/\\\/caviar-de-neuvic.com\\\/fr\\\/#organization\"},\"image\":{\"@id\":\"https:\\\/\\\/caviar-de-neuvic.com\\\/fr\\\/nos-points-de-vente-tourisme\\\/fete-des-peres-chez-caviar-de-neuvic\\\/#primaryimage\"},\"thumbnailUrl\":\"https:\\\/\\\/caviar-de-neuvic.com\\\/wp-content\\\/uploads\\\/2022\\\/06\\\/Sans-titre-4.png\",\"articleSection\":[\"Nos Points de Vente + Tourisme\"],\"inLanguage\":\"nl-BE\",\"potentialAction\":[{\"@type\":\"CommentAction\",\"name\":\"Comment\",\"target\":[\"https:\\\/\\\/caviar-de-neuvic.com\\\/fr\\\/nos-points-de-vente-tourisme\\\/fete-des-peres-chez-caviar-de-neuvic\\\/#respond\"]}]},{\"@type\":\"WebPage\",\"@id\":\"https:\\\/\\\/caviar-de-neuvic.com\\\/fr\\\/nos-points-de-vente-tourisme\\\/fete-des-peres-chez-caviar-de-neuvic\\\/\",\"url\":\"https:\\\/\\\/caviar-de-neuvic.com\\\/fr\\\/nos-points-de-vente-tourisme\\\/fete-des-peres-chez-caviar-de-neuvic\\\/\",\"name\":\"F\u00eate des p\u00e8res chez Caviar de Neuvic\",\"isPartOf\":{\"@id\":\"http:\\\/\\\/caviar-de-neuvic.com\\\/fr\\\/#website\"},\"primaryImageOfPage\":{\"@id\":\"https:\\\/\\\/caviar-de-neuvic.com\\\/fr\\\/nos-points-de-vente-tourisme\\\/fete-des-peres-chez-caviar-de-neuvic\\\/#primaryimage\"},\"image\":{\"@id\":\"https:\\\/\\\/caviar-de-neuvic.com\\\/fr\\\/nos-points-de-vente-tourisme\\\/fete-des-peres-chez-caviar-de-neuvic\\\/#primaryimage\"},\"thumbnailUrl\":\"https:\\\/\\\/caviar-de-neuvic.com\\\/wp-content\\\/uploads\\\/2022\\\/06\\\/Sans-titre-4.png\",\"datePublished\":\"2022-06-10T14:54:33+00:00\",\"description\":\"F\u00eate des p\u00e8res chez Caviar de Neuvic. Caviar de Neuvic vous propose des offres sp\u00e9ciales du 12 au 19 juin.\",\"breadcrumb\":{\"@id\":\"https:\\\/\\\/caviar-de-neuvic.com\\\/fr\\\/nos-points-de-vente-tourisme\\\/fete-des-peres-chez-caviar-de-neuvic\\\/#breadcrumb\"},\"inLanguage\":\"nl-BE\",\"potentialAction\":[{\"@type\":\"ReadAction\",\"target\":[\"https:\\\/\\\/caviar-de-neuvic.com\\\/fr\\\/nos-points-de-vente-tourisme\\\/fete-des-peres-chez-caviar-de-neuvic\\\/\"]}]},{\"@type\":\"ImageObject\",\"inLanguage\":\"nl-BE\",\"@id\":\"https:\\\/\\\/caviar-de-neuvic.com\\\/fr\\\/nos-points-de-vente-tourisme\\\/fete-des-peres-chez-caviar-de-neuvic\\\/#primaryimage\",\"url\":\"https:\\\/\\\/caviar-de-neuvic.com\\\/wp-content\\\/uploads\\\/2022\\\/06\\\/Sans-titre-4.png\",\"contentUrl\":\"https:\\\/\\\/caviar-de-neuvic.com\\\/wp-content\\\/uploads\\\/2022\\\/06\\\/Sans-titre-4.png\",\"width\":1280,\"height\":720,\"caption\":\"F\u00eate des p\u00e8res chez Caviar de Neuvic\"},{\"@type\":\"BreadcrumbList\",\"@id\":\"https:\\\/\\\/caviar-de-neuvic.com\\\/fr\\\/nos-points-de-vente-tourisme\\\/fete-des-peres-chez-caviar-de-neuvic\\\/#breadcrumb\",\"itemListElement\":[{\"@type\":\"ListItem\",\"position\":1,\"name\":\"Caviar de Neuvic\",\"item\":\"https:\\\/\\\/caviar-de-neuvic.com\\\/\"},{\"@type\":\"ListItem\",\"position\":2,\"name\":\"Nos Points de Vente + Tourisme\",\"item\":\"https:\\\/\\\/caviar-de-neuvic.com\\\/fr\\\/category\\\/nos-points-de-vente-tourisme\\\/\"},{\"@type\":\"ListItem\",\"position\":3,\"name\":\"F\u00eate des p\u00e8res chez Caviar de Neuvic\"}]},{\"@type\":\"WebSite\",\"@id\":\"http:\\\/\\\/caviar-de-neuvic.com\\\/fr\\\/#website\",\"url\":\"http:\\\/\\\/caviar-de-neuvic.com\\\/fr\\\/\",\"name\":\"Producteur Fran\u00e7ais De Caviar\",\"description\":\"\",\"publisher\":{\"@id\":\"http:\\\/\\\/caviar-de-neuvic.com\\\/fr\\\/#organization\"},\"potentialAction\":[{\"@type\":\"SearchAction\",\"target\":{\"@type\":\"EntryPoint\",\"urlTemplate\":\"http:\\\/\\\/caviar-de-neuvic.com\\\/fr\\\/?s={search_term_string}\"},\"query-input\":{\"@type\":\"PropertyValueSpecification\",\"valueRequired\":true,\"valueName\":\"search_term_string\"}}],\"inLanguage\":\"nl-BE\"},{\"@type\":\"Organization\",\"@id\":\"http:\\\/\\\/caviar-de-neuvic.com\\\/fr\\\/#organization\",\"name\":\"Producteur Fran\u00e7ais De Caviar\",\"url\":\"http:\\\/\\\/caviar-de-neuvic.com\\\/fr\\\/\",\"logo\":{\"@type\":\"ImageObject\",\"inLanguage\":\"nl-BE\",\"@id\":\"http:\\\/\\\/caviar-de-neuvic.com\\\/fr\\\/#\\\/schema\\\/logo\\\/image\\\/\",\"url\":\"\",\"contentUrl\":\"\",\"caption\":\"Producteur Fran\u00e7ais De Caviar\"},\"image\":{\"@id\":\"http:\\\/\\\/caviar-de-neuvic.com\\\/fr\\\/#\\\/schema\\\/logo\\\/image\\\/\"}},{\"@type\":\"Person\",\"@id\":\"http:\\\/\\\/caviar-de-neuvic.com\\\/fr\\\/#\\\/schema\\\/person\\\/89912ad55a5ddd5efeb92f2d32511b03\",\"name\":\"Laurine Gay\",\"url\":\"https:\\\/\\\/caviar-de-neuvic.com\\\/nl_be\\\/author\\\/laurine-gaycaviardeneuvic-com\\\/\"}]}<\/script>\n<!-- \/ Yoast SEO plugin. -->","yoast_head_json":{"title":"F\u00eate des p\u00e8res chez Caviar de Neuvic","description":"F\u00eate des p\u00e8res chez Caviar de Neuvic. Caviar de Neuvic vous propose des offres sp\u00e9ciales du 12 au 19 juin.","robots":{"index":"index","follow":"follow","max-snippet":"max-snippet:-1","max-image-preview":"max-image-preview:large","max-video-preview":"max-video-preview:-1"},"canonical":"https:\/\/caviar-de-neuvic.com\/nl_be\/nos-points-de-vente-tourisme\/fete-des-peres-chez-caviar-de-neuvic\/","og_locale":"nl_BE","og_type":"article","og_title":"F\u00eate des p\u00e8res chez Caviar de Neuvic","og_description":"F\u00eate des p\u00e8res chez Caviar de Neuvic. Caviar de Neuvic vous propose des offres sp\u00e9ciales du 12 au 19 juin.","og_url":"https:\/\/caviar-de-neuvic.com\/nl_be\/nos-points-de-vente-tourisme\/fete-des-peres-chez-caviar-de-neuvic\/","og_site_name":"Producteur Fran\u00e7ais De Caviar","article_published_time":"2022-06-10T14:54:33+00:00","og_image":[{"width":1280,"height":720,"url":"https:\/\/caviar-de-neuvic.com\/wp-content\/uploads\/2022\/06\/Sans-titre-4.png","type":"image\/png"}],"author":"Laurine Gay","twitter_card":"summary_large_image","twitter_misc":{"Geschreven door":"Laurine Gay","Geschatte leestijd":"3 minuten"},"schema":{"@context":"https:\/\/schema.org","@graph":[{"@type":"Article","@id":"https:\/\/caviar-de-neuvic.com\/fr\/nos-points-de-vente-tourisme\/fete-des-peres-chez-caviar-de-neuvic\/#article","isPartOf":{"@id":"https:\/\/caviar-de-neuvic.com\/fr\/nos-points-de-vente-tourisme\/fete-des-peres-chez-caviar-de-neuvic\/"},"author":{"name":"Laurine Gay","@id":"http:\/\/caviar-de-neuvic.com\/fr\/#\/schema\/person\/89912ad55a5ddd5efeb92f2d32511b03"},"headline":"F\u00eate des p\u00e8res chez Caviar de Neuvic","datePublished":"2022-06-10T14:54:33+00:00","mainEntityOfPage":{"@id":"https:\/\/caviar-de-neuvic.com\/fr\/nos-points-de-vente-tourisme\/fete-des-peres-chez-caviar-de-neuvic\/"},"wordCount":405,"commentCount":0,"publisher":{"@id":"http:\/\/caviar-de-neuvic.com\/fr\/#organization"},"image":{"@id":"https:\/\/caviar-de-neuvic.com\/fr\/nos-points-de-vente-tourisme\/fete-des-peres-chez-caviar-de-neuvic\/#primaryimage"},"thumbnailUrl":"https:\/\/caviar-de-neuvic.com\/wp-content\/uploads\/2022\/06\/Sans-titre-4.png","articleSection":["Nos Points de Vente + Tourisme"],"inLanguage":"nl-BE","potentialAction":[{"@type":"CommentAction","name":"Comment","target":["https:\/\/caviar-de-neuvic.com\/fr\/nos-points-de-vente-tourisme\/fete-des-peres-chez-caviar-de-neuvic\/#respond"]}]},{"@type":"WebPage","@id":"https:\/\/caviar-de-neuvic.com\/fr\/nos-points-de-vente-tourisme\/fete-des-peres-chez-caviar-de-neuvic\/","url":"https:\/\/caviar-de-neuvic.com\/fr\/nos-points-de-vente-tourisme\/fete-des-peres-chez-caviar-de-neuvic\/","name":"F\u00eate des p\u00e8res chez Caviar de Neuvic","isPartOf":{"@id":"http:\/\/caviar-de-neuvic.com\/fr\/#website"},"primaryImageOfPage":{"@id":"https:\/\/caviar-de-neuvic.com\/fr\/nos-points-de-vente-tourisme\/fete-des-peres-chez-caviar-de-neuvic\/#primaryimage"},"image":{"@id":"https:\/\/caviar-de-neuvic.com\/fr\/nos-points-de-vente-tourisme\/fete-des-peres-chez-caviar-de-neuvic\/#primaryimage"},"thumbnailUrl":"https:\/\/caviar-de-neuvic.com\/wp-content\/uploads\/2022\/06\/Sans-titre-4.png","datePublished":"2022-06-10T14:54:33+00:00","description":"F\u00eate des p\u00e8res chez Caviar de Neuvic. Caviar de Neuvic vous propose des offres sp\u00e9ciales du 12 au 19 juin.","breadcrumb":{"@id":"https:\/\/caviar-de-neuvic.com\/fr\/nos-points-de-vente-tourisme\/fete-des-peres-chez-caviar-de-neuvic\/#breadcrumb"},"inLanguage":"nl-BE","potentialAction":[{"@type":"ReadAction","target":["https:\/\/caviar-de-neuvic.com\/fr\/nos-points-de-vente-tourisme\/fete-des-peres-chez-caviar-de-neuvic\/"]}]},{"@type":"ImageObject","inLanguage":"nl-BE","@id":"https:\/\/caviar-de-neuvic.com\/fr\/nos-points-de-vente-tourisme\/fete-des-peres-chez-caviar-de-neuvic\/#primaryimage","url":"https:\/\/caviar-de-neuvic.com\/wp-content\/uploads\/2022\/06\/Sans-titre-4.png","contentUrl":"https:\/\/caviar-de-neuvic.com\/wp-content\/uploads\/2022\/06\/Sans-titre-4.png","width":1280,"height":720,"caption":"F\u00eate des p\u00e8res chez Caviar de Neuvic"},{"@type":"BreadcrumbList","@id":"https:\/\/caviar-de-neuvic.com\/fr\/nos-points-de-vente-tourisme\/fete-des-peres-chez-caviar-de-neuvic\/#breadcrumb","itemListElement":[{"@type":"ListItem","position":1,"name":"Caviar de Neuvic","item":"https:\/\/caviar-de-neuvic.com\/"},{"@type":"ListItem","position":2,"name":"Nos Points de Vente + Tourisme","item":"https:\/\/caviar-de-neuvic.com\/fr\/category\/nos-points-de-vente-tourisme\/"},{"@type":"ListItem","position":3,"name":"F\u00eate des p\u00e8res chez Caviar de Neuvic"}]},{"@type":"WebSite","@id":"http:\/\/caviar-de-neuvic.com\/fr\/#website","url":"http:\/\/caviar-de-neuvic.com\/fr\/","name":"Producteur Fran\u00e7ais De Caviar","description":"","publisher":{"@id":"http:\/\/caviar-de-neuvic.com\/fr\/#organization"},"potentialAction":[{"@type":"SearchAction","target":{"@type":"EntryPoint","urlTemplate":"http:\/\/caviar-de-neuvic.com\/fr\/?s={search_term_string}"},"query-input":{"@type":"PropertyValueSpecification","valueRequired":true,"valueName":"search_term_string"}}],"inLanguage":"nl-BE"},{"@type":"Organization","@id":"http:\/\/caviar-de-neuvic.com\/fr\/#organization","name":"Producteur Fran\u00e7ais De Caviar","url":"http:\/\/caviar-de-neuvic.com\/fr\/","logo":{"@type":"ImageObject","inLanguage":"nl-BE","@id":"http:\/\/caviar-de-neuvic.com\/fr\/#\/schema\/logo\/image\/","url":"","contentUrl":"","caption":"Producteur Fran\u00e7ais De Caviar"},"image":{"@id":"http:\/\/caviar-de-neuvic.com\/fr\/#\/schema\/logo\/image\/"}},{"@type":"Person","@id":"http:\/\/caviar-de-neuvic.com\/fr\/#\/schema\/person\/89912ad55a5ddd5efeb92f2d32511b03","name":"Laurine Gay","url":"https:\/\/caviar-de-neuvic.com\/nl_be\/author\/laurine-gaycaviardeneuvic-com\/"}]}},"_links":{"self":[{"href":"https:\/\/caviar-de-neuvic.com\/nl_be\/wp-json\/wp\/v2\/posts\/20802","targetHints":{"allow":["GET"]}}],"collection":[{"href":"https:\/\/caviar-de-neuvic.com\/nl_be\/wp-json\/wp\/v2\/posts"}],"about":[{"href":"https:\/\/caviar-de-neuvic.com\/nl_be\/wp-json\/wp\/v2\/types\/post"}],"author":[{"embeddable":true,"href":"https:\/\/caviar-de-neuvic.com\/nl_be\/wp-json\/wp\/v2\/users\/11896"}],"replies":[{"embeddable":true,"href":"https:\/\/caviar-de-neuvic.com\/nl_be\/wp-json\/wp\/v2\/comments?post=20802"}],"version-history":[{"count":0,"href":"https:\/\/caviar-de-neuvic.com\/nl_be\/wp-json\/wp\/v2\/posts\/20802\/revisions"}],"wp:featuredmedia":[{"embeddable":true,"href":"https:\/\/caviar-de-neuvic.com\/nl_be\/wp-json\/wp\/v2\/media\/20975"}],"wp:attachment":[{"href":"https:\/\/caviar-de-neuvic.com\/nl_be\/wp-json\/wp\/v2\/media?parent=20802"}],"wp:term":[{"taxonomy":"category","embeddable":true,"href":"https:\/\/caviar-de-neuvic.com\/nl_be\/wp-json\/wp\/v2\/categories?post=20802"},{"taxonomy":"post_tag","embeddable":true,"href":"https:\/\/caviar-de-neuvic.com\/nl_be\/wp-json\/wp\/v2\/tags?post=20802"}],"curies":[{"name":"wp","href":"https:\/\/api.w.org\/{rel}","templated":true}]}}