{"id":20858,"date":"2024-07-01T09:56:27","date_gmt":"2024-07-01T07:56:27","guid":{"rendered":"https:\/\/caviar-de-neuvic.com\/parlons-caviar-old\/?p=7790"},"modified":"2024-07-01T09:56:27","modified_gmt":"2024-07-01T07:56:27","slug":"nouveau-blog-parlons-caviar-by-caviar-de-neuvic","status":"publish","type":"post","link":"https:\/\/caviar-de-neuvic.com\/nl_be\/actualites\/nouveau-blog-parlons-caviar-by-caviar-de-neuvic\/","title":{"rendered":"Nouveau Blog Parlons Caviar by Caviar de Neuvic"},"content":{"rendered":"<h3 style=\"text-align: justify;\"><strong>UN BLOG ENTI\u00c8REMENT PENS\u00c9 ET DESIGN\u00c9 POUR VOUS !\u00a0\u00a0<\/strong><\/h3>\n<p style=\"text-align: justify;\"><span style=\"font-weight: 400;\">Nouveau Blog Parlons Caviar by Caviar de Neuvic. Notre blog \u00ab\u00a0Parlons Caviar\u00a0\u00bb a \u00e9t\u00e9 enti\u00e8rement repens\u00e9 pour offrir une exp\u00e9rience plus attrayante et ergonomique.<\/span><\/p>\n<p style=\"text-align: justify;\"><span style=\"font-weight: 400;\">Dans cet espace revisit\u00e9, d\u00e9couvrez une multitude de conseils sur la d\u00e9gustation du caviar. Des questions telles que \u00ab\u00a0<a href=\"https:\/\/caviar-de-neuvic.com\/nl_be\/parlons-caviar-old\/universducaviar\/comment-deguster-le-caviar\/\">Wat serveert u bij kaviaar?<\/a>\u00ab\u00a0, \u00ab\u00a0<a href=\"https:\/\/caviar-de-neuvic.com\/nl_be\/parlons-caviar-old\/universducaviar\/comment-accompagner-le-caviar\/\">Quel vin accompagne le caviar ?<\/a>\u00a0\u00bb ou encore \u00ab\u00a0<a href=\"https:\/\/caviar-de-neuvic.com\/nl_be\/parlons-caviar-old\/universducaviar\/comment-servir-du-caviar\/\">Comment servir le caviar ?<\/a>\u00a0\u00bb n&rsquo;auront plus de secret pour vous !\u00a0<\/span><\/p>\n<p style=\"text-align: justify;\"><span style=\"font-weight: 400;\">Sur notre nouveau blog \u201c<a href=\"https:\/\/caviar-de-neuvic.com\/nl_be\/parlons-caviar\/\" target=\"_blank\" rel=\"noopener\">Parlons Caviar<\/a>\u201d, vous aurez la possibilit\u00e9 de d\u00e9couvrir l\u2019univers de la marque <a href=\"https:\/\/caviar-de-neuvic.com\/nl_be\/\" target=\"_blank\" rel=\"noopener\">Caviar de Neuvic<\/a>. Vous y trouverez les derni\u00e8res actualit\u00e9s de la marque. Telles que les \u00e9v\u00e9nements \u00e0 venir, les nouveaux produits, ainsi que les informations sur nos boutiques \u00e0 Neuvic, Bordeaux, Lyon et Paris.<\/span><\/p>\n<p style=\"text-align: justify;\"><span style=\"font-weight: 400;\">Envie de <a href=\"https:\/\/caviar-de-neuvic.com\/nl_be\/parlons-caviar\/?c=recettes\" target=\"_blank\" rel=\"noopener\">cuisiner<\/a> des produits d\u2019exception \u00e0 la maison ? Caviar de Neuvic a la solution ! Sur notre nouveau blog nous avons pr\u00e9par\u00e9 pour vous des recettes mettant en valeur nos produits. Elles sont adapt\u00e9es \u00e0 toutes vos envies, des plus simples aux plus \u00e9labor\u00e9es, con\u00e7ues par nos chefs partenaires.<\/span><\/p>\n\t\t<style>\n\t\t\t.blog_sticker{\n\t\t\t\tmargin-top: 50px !important;\n\t\t\t\tdisplay: flex;\n  \t\t\t\tjustify-content: center;\n\t\t\t\tflex-wrap: wrap;\n\t\t\t}\n\t\t\t.blog_sticker .product-miniature-list.row .span_1_of_3{\n\t\t\t\twidth: 100%!important;\n\t\t\t\tflex: 0 0 100%!important;\n\t\t\t\tmax-width: 400px!important;\n\t\t\t}\n\t\t\t.blog_sticker_right{\n\t\t\t\tmax-width: 400px;\n\t\t\t}\n\t\t\t.product-miniature-list.row {\n\t\t\t\tdisplay: flex;\n\t\t\t\tjustify-content: center;\n\t\t\t\tflex-wrap: wrap;\n\t\t\t}\n\t\t<\/style>\n\t\t<div class=\"blog_sticker d-flex flex-wrap\">\n\t\t\t<div class=\"blog_sticker_left col-sm-12 col-md-6 products-grid\">\n\t\t\t\t<div class=\"product-miniature-list row\">\n\t\t\t\t\t\t\t\t\t<\/div>\n\t\t\t<\/div>\n\t\t\t<div class=\"blog_sticker_right col-sm-12 col-md-6\">\n\t\t\t\t\t\t\t<\/div>\n\t\t<\/div>\n\t\n<p style=\"text-align: justify;\"><span style=\"font-weight: 400;\">Enfin, vous aurez la possibilit\u00e9 de retrouver des <a href=\"https:\/\/caviar-de-neuvic.com\/nl_be\/parlons-caviar\/?c=tetes-de-caviar&amp;sc=portrait-de-chefs\" target=\"_blank\" rel=\"noopener\">interviews \u00e9crites<\/a> de chefs audacieux !\u00a0<\/span><\/p>\n<p style=\"text-align: justify;\"><span style=\"font-weight: 400;\">Derni\u00e8re nouveaut\u00e9 : nous avons le plaisir de vous annoncer le lancement de notre tout nouveau podcast, \u00ab\u00a0<a href=\"https:\/\/caviar-de-neuvic.com\/nl_be\/parlons-caviar\/?c=recettes\" target=\"_blank\" rel=\"noopener\">Audace<\/a>\u00ab\u00a0, d\u00e9sormais disponible sur <a href=\"https:\/\/podcasters.spotify.com\/pod\/show\/caviar-de-neuvic\" target=\"_blank\" rel=\"noopener\">Spotify<\/a>.<\/span><\/p>\n<h3 style=\"text-align: justify;\"><strong>\u201cAUDACE\u201d UN PODCAST BY CAVIAR DE NEUVIC\u00a0<\/strong><\/h3>\n<p style=\"text-align: justify;\"><span style=\"font-weight: 400;\">Partez \u00e0 la d\u00e9couverte de chefs engag\u00e9s et audacieux, dont les histoires sont aussi passionnantes qu&rsquo;inspirantes \u00e0 raconter !<\/span><\/p>\n<p style=\"text-align: justify;\"><span style=\"font-weight: 400;\">Audace, c\u2019est l\u2019histoire d\u2019une rencontre de chefs engag\u00e9s et audacieux. Qui par leur cuisine et leur personnalit\u00e9 transcende les fronti\u00e8res de la gastronomie. Brisant les codes \u00e9tablis pour cr\u00e9er des exp\u00e9riences culinaires uniques et authentiques. De la cuisine traditionnelle \u00e0 la cuisine fusion, ces talents nous invitent \u00e0 d\u00e9couvrir un monde o\u00f9 l&rsquo;audace culinaire se conjugue avec l&rsquo;excellence.\u00a0<\/span><\/p>\n<p style=\"text-align: justify;\"><span style=\"font-weight: 400;\">D\u00e9couvrez un nouvel univers \u00e0 chaque \u00e9pisode de notre podcast mensuel. Des histoires captivantes, des exp\u00e9riences palpitantes et des engagements innovants. Au travers de ce podcast l\u2019objectif de Caviar de Neuvic est de mettre en lumi\u00e8re des chefs audacieux qui rel\u00e8vent des d\u00e9fis environnementaux, soci\u00e9taux et de gouvernance, pour informer et inspirer un large public.<\/span><\/p>\n<p style=\"text-align: justify;\"><span style=\"font-weight: 400;\">Ce projet est n\u00e9 de l&rsquo;initiative d&rsquo;Adrien Viller, Chef de projets en Direction Artistique &amp; \u00c9v\u00e9nementiel, et de <a href=\"https:\/\/caviar-de-neuvic.com\/nl_be\/parlons-caviar-old\/collaborateurs\/laurine-gay-chargee-de-communication-et-relations-presse\/\">Laurine Gay<\/a>, Charg\u00e9e de Communication et de Relations Presse, tous deux salari\u00e9s chez Caviar de Neuvic. Ils ont souhait\u00e9 donner la parole aux chefs engag\u00e9s qu&rsquo;ils c\u00f4toient au quotidien. Apr\u00e8s une discussion passionnante avec l&rsquo;un de ces chefs, l&rsquo;id\u00e9e d&rsquo;un podcast a \u00e9merg\u00e9. <\/span><\/p>\n<p style=\"text-align: justify;\"><span style=\"font-weight: 400;\">Pour eux, l&rsquo;objectif \u00e9tait clair : mettre en lumi\u00e8re les chefs qui s&rsquo;investissent profond\u00e9ment dans une cause qui leur tient \u00e0 c\u0153ur, que ce soit un projet, un engagement ou une passion. Ce projet rev\u00eat une grande signification pour eux deux. Car, en effet, \u00a0Caviar de Neuvic incarne elle-m\u00eame un engagement profond envers diverses causes (soci\u00e9tales, environnementales, de gouvernance&#8230;)<\/span><\/p>\n<p><iframe title=\"YouTube video player\" src=\"https:\/\/www.youtube.com\/embed\/VSfk3tWMq7c?si=TTSXEjSOS1eulpzA\" width=\"560\" height=\"315\" frameborder=\"0\" allowfullscreen=\"allowfullscreen\"><\/iframe><\/p>","protected":false},"excerpt":{"rendered":"<p>UN BLOG ENTI\u00c8REMENT PENS\u00c9 ET DESIGN\u00c9 POUR VOUS !\u00a0\u00a0 Nouveau Blog Parlons Caviar by Caviar de Neuvic. Notre blog \u00ab\u00a0Parlons Caviar\u00a0\u00bb a \u00e9t\u00e9 enti\u00e8rement repens\u00e9 pour offrir une exp\u00e9rience plus attrayante et ergonomique. Dans cet espace revisit\u00e9, d\u00e9couvrez une multitude de conseils sur la d\u00e9gustation du caviar. Des questions telles que \u00ab\u00a0Comment d\u00e9guster le caviar [&hellip;]<\/p>\n","protected":false},"author":11896,"featured_media":21156,"comment_status":"open","ping_status":"closed","sticky":false,"template":"","format":"standard","meta":{"_acf_changed":false,"ocean_post_layout":"","ocean_both_sidebars_style":"","ocean_both_sidebars_content_width":0,"ocean_both_sidebars_sidebars_width":0,"ocean_sidebar":"","ocean_second_sidebar":"","ocean_disable_margins":"enable","ocean_add_body_class":"","ocean_shortcode_before_top_bar":"","ocean_shortcode_after_top_bar":"","ocean_shortcode_before_header":"","ocean_shortcode_after_header":"","ocean_has_shortcode":"","ocean_shortcode_after_title":"","ocean_shortcode_before_footer_widgets":"","ocean_shortcode_after_footer_widgets":"","ocean_shortcode_before_footer_bottom":"","ocean_shortcode_after_footer_bottom":"","ocean_display_top_bar":"default","ocean_display_header":"default","ocean_header_style":"","ocean_center_header_left_menu":"","ocean_custom_header_template":"","ocean_custom_logo":0,"ocean_custom_retina_logo":0,"ocean_custom_logo_max_width":0,"ocean_custom_logo_tablet_max_width":0,"ocean_custom_logo_mobile_max_width":0,"ocean_custom_logo_max_height":0,"ocean_custom_logo_tablet_max_height":0,"ocean_custom_logo_mobile_max_height":0,"ocean_header_custom_menu":"","ocean_menu_typo_font_family":"","ocean_menu_typo_font_subset":"","ocean_menu_typo_font_size":0,"ocean_menu_typo_font_size_tablet":0,"ocean_menu_typo_font_size_mobile":0,"ocean_menu_typo_font_size_unit":"px","ocean_menu_typo_font_weight":"","ocean_menu_typo_font_weight_tablet":"","ocean_menu_typo_font_weight_mobile":"","ocean_menu_typo_transform":"","ocean_menu_typo_transform_tablet":"","ocean_menu_typo_transform_mobile":"","ocean_menu_typo_line_height":0,"ocean_menu_typo_line_height_tablet":0,"ocean_menu_typo_line_height_mobile":0,"ocean_menu_typo_line_height_unit":"","ocean_menu_typo_spacing":0,"ocean_menu_typo_spacing_tablet":0,"ocean_menu_typo_spacing_mobile":0,"ocean_menu_typo_spacing_unit":"","ocean_menu_link_color":"","ocean_menu_link_color_hover":"","ocean_menu_link_color_active":"","ocean_menu_link_background":"","ocean_menu_link_hover_background":"","ocean_menu_link_active_background":"","ocean_menu_social_links_bg":"","ocean_menu_social_hover_links_bg":"","ocean_menu_social_links_color":"","ocean_menu_social_hover_links_color":"","ocean_disable_title":"default","ocean_disable_heading":"default","ocean_post_title":"","ocean_post_subheading":"","ocean_post_title_style":"","ocean_post_title_background_color":"","ocean_post_title_background":0,"ocean_post_title_bg_image_position":"","ocean_post_title_bg_image_attachment":"","ocean_post_title_bg_image_repeat":"","ocean_post_title_bg_image_size":"","ocean_post_title_height":0,"ocean_post_title_bg_overlay":0.5,"ocean_post_title_bg_overlay_color":"","ocean_disable_breadcrumbs":"default","ocean_breadcrumbs_color":"","ocean_breadcrumbs_separator_color":"","ocean_breadcrumbs_links_color":"","ocean_breadcrumbs_links_hover_color":"","ocean_display_footer_widgets":"default","ocean_display_footer_bottom":"default","ocean_custom_footer_template":"","omw_enable_modal_window":"enable","ocean_post_oembed":"","ocean_post_self_hosted_media":"","ocean_post_video_embed":"","ocean_link_format":"","ocean_link_format_target":"self","ocean_quote_format":"","ocean_quote_format_link":"post","ocean_gallery_link_images":"on","ocean_gallery_id":[],"footnotes":""},"categories":[300],"tags":[],"class_list":["post-20858","post","type-post","status-publish","format-standard","has-post-thumbnail","hentry","category-actualites","entry","has-media","owp-thumbs-layout-vertical","owp-btn-normal","owp-tabs-layout-horizontal","has-no-thumbnails","has-product-nav"],"acf":[],"yoast_head":"<!-- This site is optimized with the Yoast SEO plugin v27.5 - https:\/\/yoast.com\/product\/yoast-seo-wordpress\/ -->\n<title>Nouveau Blog Parlons Caviar by Caviar de Neuvic - Producteur Fran\u00e7ais De Caviar<\/title>\n<meta name=\"description\" content=\"Nouveau Blog Parlons Caviar by Caviar de Neuvic. Notre blog a \u00e9t\u00e9 repens\u00e9 pour offrir une exp\u00e9rience plus attrayante et ergonomique.\" \/>\n<meta name=\"robots\" content=\"index, follow, max-snippet:-1, max-image-preview:large, max-video-preview:-1\" \/>\n<link rel=\"canonical\" href=\"https:\/\/caviar-de-neuvic.com\/nl_be\/actualites\/nouveau-blog-parlons-caviar-by-caviar-de-neuvic\/\" \/>\n<meta property=\"og:locale\" content=\"nl_BE\" \/>\n<meta property=\"og:type\" content=\"article\" \/>\n<meta property=\"og:title\" content=\"Nouveau Blog Parlons Caviar by Caviar de Neuvic - Producteur Fran\u00e7ais De Caviar\" \/>\n<meta property=\"og:description\" content=\"Nouveau Blog Parlons Caviar by Caviar de Neuvic. Notre blog a \u00e9t\u00e9 repens\u00e9 pour offrir une exp\u00e9rience plus attrayante et ergonomique.\" \/>\n<meta property=\"og:url\" content=\"https:\/\/caviar-de-neuvic.com\/nl_be\/actualites\/nouveau-blog-parlons-caviar-by-caviar-de-neuvic\/\" \/>\n<meta property=\"og:site_name\" content=\"Producteur Fran\u00e7ais De Caviar\" \/>\n<meta property=\"article:published_time\" content=\"2024-07-01T07:56:27+00:00\" \/>\n<meta property=\"og:image\" content=\"https:\/\/caviar-de-neuvic.com\/wp-content\/uploads\/2024\/07\/Capture-decran-2024-07-01-a-09.46.26.jpg\" \/>\n\t<meta property=\"og:image:width\" content=\"1134\" \/>\n\t<meta property=\"og:image:height\" content=\"850\" \/>\n\t<meta property=\"og:image:type\" content=\"image\/jpeg\" \/>\n<meta name=\"author\" content=\"Laurine Gay\" \/>\n<meta name=\"twitter:card\" content=\"summary_large_image\" \/>\n<meta name=\"twitter:label1\" content=\"Geschreven door\" \/>\n\t<meta name=\"twitter:data1\" content=\"Laurine Gay\" \/>\n\t<meta name=\"twitter:label2\" content=\"Geschatte leestijd\" \/>\n\t<meta name=\"twitter:data2\" content=\"3 minuten\" \/>\n<script type=\"application\/ld+json\" class=\"yoast-schema-graph\">{\"@context\":\"https:\\\/\\\/schema.org\",\"@graph\":[{\"@type\":\"Article\",\"@id\":\"https:\\\/\\\/caviar-de-neuvic.com\\\/actualites\\\/nouveau-blog-parlons-caviar-by-caviar-de-neuvic\\\/#article\",\"isPartOf\":{\"@id\":\"https:\\\/\\\/caviar-de-neuvic.com\\\/actualites\\\/nouveau-blog-parlons-caviar-by-caviar-de-neuvic\\\/\"},\"author\":{\"name\":\"Laurine Gay\",\"@id\":\"http:\\\/\\\/caviar-de-neuvic.com\\\/fr\\\/#\\\/schema\\\/person\\\/89912ad55a5ddd5efeb92f2d32511b03\"},\"headline\":\"Nouveau Blog Parlons Caviar by Caviar de Neuvic\",\"datePublished\":\"2024-07-01T07:56:27+00:00\",\"mainEntityOfPage\":{\"@id\":\"https:\\\/\\\/caviar-de-neuvic.com\\\/actualites\\\/nouveau-blog-parlons-caviar-by-caviar-de-neuvic\\\/\"},\"wordCount\":523,\"commentCount\":0,\"publisher\":{\"@id\":\"http:\\\/\\\/caviar-de-neuvic.com\\\/fr\\\/#organization\"},\"image\":{\"@id\":\"https:\\\/\\\/caviar-de-neuvic.com\\\/actualites\\\/nouveau-blog-parlons-caviar-by-caviar-de-neuvic\\\/#primaryimage\"},\"thumbnailUrl\":\"https:\\\/\\\/caviar-de-neuvic.com\\\/wp-content\\\/uploads\\\/2024\\\/07\\\/Capture-decran-2024-07-01-a-09.46.26.jpg\",\"articleSection\":[\"Actualit\u00e9s\"],\"inLanguage\":\"nl-BE\",\"potentialAction\":[{\"@type\":\"CommentAction\",\"name\":\"Comment\",\"target\":[\"https:\\\/\\\/caviar-de-neuvic.com\\\/actualites\\\/nouveau-blog-parlons-caviar-by-caviar-de-neuvic\\\/#respond\"]}]},{\"@type\":\"WebPage\",\"@id\":\"https:\\\/\\\/caviar-de-neuvic.com\\\/actualites\\\/nouveau-blog-parlons-caviar-by-caviar-de-neuvic\\\/\",\"url\":\"https:\\\/\\\/caviar-de-neuvic.com\\\/actualites\\\/nouveau-blog-parlons-caviar-by-caviar-de-neuvic\\\/\",\"name\":\"Nouveau Blog Parlons Caviar by Caviar de Neuvic - Producteur Fran\u00e7ais De Caviar\",\"isPartOf\":{\"@id\":\"http:\\\/\\\/caviar-de-neuvic.com\\\/fr\\\/#website\"},\"primaryImageOfPage\":{\"@id\":\"https:\\\/\\\/caviar-de-neuvic.com\\\/actualites\\\/nouveau-blog-parlons-caviar-by-caviar-de-neuvic\\\/#primaryimage\"},\"image\":{\"@id\":\"https:\\\/\\\/caviar-de-neuvic.com\\\/actualites\\\/nouveau-blog-parlons-caviar-by-caviar-de-neuvic\\\/#primaryimage\"},\"thumbnailUrl\":\"https:\\\/\\\/caviar-de-neuvic.com\\\/wp-content\\\/uploads\\\/2024\\\/07\\\/Capture-decran-2024-07-01-a-09.46.26.jpg\",\"datePublished\":\"2024-07-01T07:56:27+00:00\",\"description\":\"Nouveau Blog Parlons Caviar by Caviar de Neuvic. Notre blog a \u00e9t\u00e9 repens\u00e9 pour offrir une exp\u00e9rience plus attrayante et ergonomique.\",\"breadcrumb\":{\"@id\":\"https:\\\/\\\/caviar-de-neuvic.com\\\/actualites\\\/nouveau-blog-parlons-caviar-by-caviar-de-neuvic\\\/#breadcrumb\"},\"inLanguage\":\"nl-BE\",\"potentialAction\":[{\"@type\":\"ReadAction\",\"target\":[\"https:\\\/\\\/caviar-de-neuvic.com\\\/actualites\\\/nouveau-blog-parlons-caviar-by-caviar-de-neuvic\\\/\"]}]},{\"@type\":\"ImageObject\",\"inLanguage\":\"nl-BE\",\"@id\":\"https:\\\/\\\/caviar-de-neuvic.com\\\/actualites\\\/nouveau-blog-parlons-caviar-by-caviar-de-neuvic\\\/#primaryimage\",\"url\":\"https:\\\/\\\/caviar-de-neuvic.com\\\/wp-content\\\/uploads\\\/2024\\\/07\\\/Capture-decran-2024-07-01-a-09.46.26.jpg\",\"contentUrl\":\"https:\\\/\\\/caviar-de-neuvic.com\\\/wp-content\\\/uploads\\\/2024\\\/07\\\/Capture-decran-2024-07-01-a-09.46.26.jpg\",\"width\":1134,\"height\":850,\"caption\":\"Nouveau Blog Parlons Caviar by Caviar de Neuvic\"},{\"@type\":\"BreadcrumbList\",\"@id\":\"https:\\\/\\\/caviar-de-neuvic.com\\\/actualites\\\/nouveau-blog-parlons-caviar-by-caviar-de-neuvic\\\/#breadcrumb\",\"itemListElement\":[{\"@type\":\"ListItem\",\"position\":1,\"name\":\"Caviar de Neuvic\",\"item\":\"https:\\\/\\\/caviar-de-neuvic.com\\\/\"},{\"@type\":\"ListItem\",\"position\":2,\"name\":\"Nouveau Blog Parlons Caviar by Caviar de Neuvic\"}]},{\"@type\":\"WebSite\",\"@id\":\"http:\\\/\\\/caviar-de-neuvic.com\\\/fr\\\/#website\",\"url\":\"http:\\\/\\\/caviar-de-neuvic.com\\\/fr\\\/\",\"name\":\"Producteur Fran\u00e7ais De Caviar\",\"description\":\"\",\"publisher\":{\"@id\":\"http:\\\/\\\/caviar-de-neuvic.com\\\/fr\\\/#organization\"},\"potentialAction\":[{\"@type\":\"SearchAction\",\"target\":{\"@type\":\"EntryPoint\",\"urlTemplate\":\"http:\\\/\\\/caviar-de-neuvic.com\\\/fr\\\/?s={search_term_string}\"},\"query-input\":{\"@type\":\"PropertyValueSpecification\",\"valueRequired\":true,\"valueName\":\"search_term_string\"}}],\"inLanguage\":\"nl-BE\"},{\"@type\":\"Organization\",\"@id\":\"http:\\\/\\\/caviar-de-neuvic.com\\\/fr\\\/#organization\",\"name\":\"Producteur Fran\u00e7ais De Caviar\",\"url\":\"http:\\\/\\\/caviar-de-neuvic.com\\\/fr\\\/\",\"logo\":{\"@type\":\"ImageObject\",\"inLanguage\":\"nl-BE\",\"@id\":\"http:\\\/\\\/caviar-de-neuvic.com\\\/fr\\\/#\\\/schema\\\/logo\\\/image\\\/\",\"url\":\"\",\"contentUrl\":\"\",\"caption\":\"Producteur Fran\u00e7ais De Caviar\"},\"image\":{\"@id\":\"http:\\\/\\\/caviar-de-neuvic.com\\\/fr\\\/#\\\/schema\\\/logo\\\/image\\\/\"}},{\"@type\":\"Person\",\"@id\":\"http:\\\/\\\/caviar-de-neuvic.com\\\/fr\\\/#\\\/schema\\\/person\\\/89912ad55a5ddd5efeb92f2d32511b03\",\"name\":\"Laurine Gay\",\"url\":\"https:\\\/\\\/caviar-de-neuvic.com\\\/nl_be\\\/author\\\/laurine-gaycaviardeneuvic-com\\\/\"}]}<\/script>\n<!-- \/ Yoast SEO plugin. -->","yoast_head_json":{"title":"Nouveau Blog Parlons Caviar by Caviar de Neuvic - Producteur Fran\u00e7ais De Caviar","description":"Nouveau Blog Parlons Caviar by Caviar de Neuvic. Notre blog a \u00e9t\u00e9 repens\u00e9 pour offrir une exp\u00e9rience plus attrayante et ergonomique.","robots":{"index":"index","follow":"follow","max-snippet":"max-snippet:-1","max-image-preview":"max-image-preview:large","max-video-preview":"max-video-preview:-1"},"canonical":"https:\/\/caviar-de-neuvic.com\/nl_be\/actualites\/nouveau-blog-parlons-caviar-by-caviar-de-neuvic\/","og_locale":"nl_BE","og_type":"article","og_title":"Nouveau Blog Parlons Caviar by Caviar de Neuvic - Producteur Fran\u00e7ais De Caviar","og_description":"Nouveau Blog Parlons Caviar by Caviar de Neuvic. Notre blog a \u00e9t\u00e9 repens\u00e9 pour offrir une exp\u00e9rience plus attrayante et ergonomique.","og_url":"https:\/\/caviar-de-neuvic.com\/nl_be\/actualites\/nouveau-blog-parlons-caviar-by-caviar-de-neuvic\/","og_site_name":"Producteur Fran\u00e7ais De Caviar","article_published_time":"2024-07-01T07:56:27+00:00","og_image":[{"width":1134,"height":850,"url":"https:\/\/caviar-de-neuvic.com\/wp-content\/uploads\/2024\/07\/Capture-decran-2024-07-01-a-09.46.26.jpg","type":"image\/jpeg"}],"author":"Laurine Gay","twitter_card":"summary_large_image","twitter_misc":{"Geschreven door":"Laurine Gay","Geschatte leestijd":"3 minuten"},"schema":{"@context":"https:\/\/schema.org","@graph":[{"@type":"Article","@id":"https:\/\/caviar-de-neuvic.com\/actualites\/nouveau-blog-parlons-caviar-by-caviar-de-neuvic\/#article","isPartOf":{"@id":"https:\/\/caviar-de-neuvic.com\/actualites\/nouveau-blog-parlons-caviar-by-caviar-de-neuvic\/"},"author":{"name":"Laurine Gay","@id":"http:\/\/caviar-de-neuvic.com\/fr\/#\/schema\/person\/89912ad55a5ddd5efeb92f2d32511b03"},"headline":"Nouveau Blog Parlons Caviar by Caviar de Neuvic","datePublished":"2024-07-01T07:56:27+00:00","mainEntityOfPage":{"@id":"https:\/\/caviar-de-neuvic.com\/actualites\/nouveau-blog-parlons-caviar-by-caviar-de-neuvic\/"},"wordCount":523,"commentCount":0,"publisher":{"@id":"http:\/\/caviar-de-neuvic.com\/fr\/#organization"},"image":{"@id":"https:\/\/caviar-de-neuvic.com\/actualites\/nouveau-blog-parlons-caviar-by-caviar-de-neuvic\/#primaryimage"},"thumbnailUrl":"https:\/\/caviar-de-neuvic.com\/wp-content\/uploads\/2024\/07\/Capture-decran-2024-07-01-a-09.46.26.jpg","articleSection":["Actualit\u00e9s"],"inLanguage":"nl-BE","potentialAction":[{"@type":"CommentAction","name":"Comment","target":["https:\/\/caviar-de-neuvic.com\/actualites\/nouveau-blog-parlons-caviar-by-caviar-de-neuvic\/#respond"]}]},{"@type":"WebPage","@id":"https:\/\/caviar-de-neuvic.com\/actualites\/nouveau-blog-parlons-caviar-by-caviar-de-neuvic\/","url":"https:\/\/caviar-de-neuvic.com\/actualites\/nouveau-blog-parlons-caviar-by-caviar-de-neuvic\/","name":"Nouveau Blog Parlons Caviar by Caviar de Neuvic - Producteur Fran\u00e7ais De Caviar","isPartOf":{"@id":"http:\/\/caviar-de-neuvic.com\/fr\/#website"},"primaryImageOfPage":{"@id":"https:\/\/caviar-de-neuvic.com\/actualites\/nouveau-blog-parlons-caviar-by-caviar-de-neuvic\/#primaryimage"},"image":{"@id":"https:\/\/caviar-de-neuvic.com\/actualites\/nouveau-blog-parlons-caviar-by-caviar-de-neuvic\/#primaryimage"},"thumbnailUrl":"https:\/\/caviar-de-neuvic.com\/wp-content\/uploads\/2024\/07\/Capture-decran-2024-07-01-a-09.46.26.jpg","datePublished":"2024-07-01T07:56:27+00:00","description":"Nouveau Blog Parlons Caviar by Caviar de Neuvic. Notre blog a \u00e9t\u00e9 repens\u00e9 pour offrir une exp\u00e9rience plus attrayante et ergonomique.","breadcrumb":{"@id":"https:\/\/caviar-de-neuvic.com\/actualites\/nouveau-blog-parlons-caviar-by-caviar-de-neuvic\/#breadcrumb"},"inLanguage":"nl-BE","potentialAction":[{"@type":"ReadAction","target":["https:\/\/caviar-de-neuvic.com\/actualites\/nouveau-blog-parlons-caviar-by-caviar-de-neuvic\/"]}]},{"@type":"ImageObject","inLanguage":"nl-BE","@id":"https:\/\/caviar-de-neuvic.com\/actualites\/nouveau-blog-parlons-caviar-by-caviar-de-neuvic\/#primaryimage","url":"https:\/\/caviar-de-neuvic.com\/wp-content\/uploads\/2024\/07\/Capture-decran-2024-07-01-a-09.46.26.jpg","contentUrl":"https:\/\/caviar-de-neuvic.com\/wp-content\/uploads\/2024\/07\/Capture-decran-2024-07-01-a-09.46.26.jpg","width":1134,"height":850,"caption":"Nouveau Blog Parlons Caviar by Caviar de Neuvic"},{"@type":"BreadcrumbList","@id":"https:\/\/caviar-de-neuvic.com\/actualites\/nouveau-blog-parlons-caviar-by-caviar-de-neuvic\/#breadcrumb","itemListElement":[{"@type":"ListItem","position":1,"name":"Caviar de Neuvic","item":"https:\/\/caviar-de-neuvic.com\/"},{"@type":"ListItem","position":2,"name":"Nouveau Blog Parlons Caviar by Caviar de Neuvic"}]},{"@type":"WebSite","@id":"http:\/\/caviar-de-neuvic.com\/fr\/#website","url":"http:\/\/caviar-de-neuvic.com\/fr\/","name":"Producteur Fran\u00e7ais De Caviar","description":"","publisher":{"@id":"http:\/\/caviar-de-neuvic.com\/fr\/#organization"},"potentialAction":[{"@type":"SearchAction","target":{"@type":"EntryPoint","urlTemplate":"http:\/\/caviar-de-neuvic.com\/fr\/?s={search_term_string}"},"query-input":{"@type":"PropertyValueSpecification","valueRequired":true,"valueName":"search_term_string"}}],"inLanguage":"nl-BE"},{"@type":"Organization","@id":"http:\/\/caviar-de-neuvic.com\/fr\/#organization","name":"Producteur Fran\u00e7ais De Caviar","url":"http:\/\/caviar-de-neuvic.com\/fr\/","logo":{"@type":"ImageObject","inLanguage":"nl-BE","@id":"http:\/\/caviar-de-neuvic.com\/fr\/#\/schema\/logo\/image\/","url":"","contentUrl":"","caption":"Producteur Fran\u00e7ais De Caviar"},"image":{"@id":"http:\/\/caviar-de-neuvic.com\/fr\/#\/schema\/logo\/image\/"}},{"@type":"Person","@id":"http:\/\/caviar-de-neuvic.com\/fr\/#\/schema\/person\/89912ad55a5ddd5efeb92f2d32511b03","name":"Laurine Gay","url":"https:\/\/caviar-de-neuvic.com\/nl_be\/author\/laurine-gaycaviardeneuvic-com\/"}]}},"_links":{"self":[{"href":"https:\/\/caviar-de-neuvic.com\/nl_be\/wp-json\/wp\/v2\/posts\/20858","targetHints":{"allow":["GET"]}}],"collection":[{"href":"https:\/\/caviar-de-neuvic.com\/nl_be\/wp-json\/wp\/v2\/posts"}],"about":[{"href":"https:\/\/caviar-de-neuvic.com\/nl_be\/wp-json\/wp\/v2\/types\/post"}],"author":[{"embeddable":true,"href":"https:\/\/caviar-de-neuvic.com\/nl_be\/wp-json\/wp\/v2\/users\/11896"}],"replies":[{"embeddable":true,"href":"https:\/\/caviar-de-neuvic.com\/nl_be\/wp-json\/wp\/v2\/comments?post=20858"}],"version-history":[{"count":0,"href":"https:\/\/caviar-de-neuvic.com\/nl_be\/wp-json\/wp\/v2\/posts\/20858\/revisions"}],"wp:featuredmedia":[{"embeddable":true,"href":"https:\/\/caviar-de-neuvic.com\/nl_be\/wp-json\/wp\/v2\/media\/21156"}],"wp:attachment":[{"href":"https:\/\/caviar-de-neuvic.com\/nl_be\/wp-json\/wp\/v2\/media?parent=20858"}],"wp:term":[{"taxonomy":"category","embeddable":true,"href":"https:\/\/caviar-de-neuvic.com\/nl_be\/wp-json\/wp\/v2\/categories?post=20858"},{"taxonomy":"post_tag","embeddable":true,"href":"https:\/\/caviar-de-neuvic.com\/nl_be\/wp-json\/wp\/v2\/tags?post=20858"}],"curies":[{"name":"wp","href":"https:\/\/api.w.org\/{rel}","templated":true}]}}